{"id":3330,"date":"2026-09-01T10:27:40","date_gmt":"2026-09-01T13:27:40","guid":{"rendered":"https:\/\/redeicm.org.br\/stellamaris\/?p=3330"},"modified":"2026-09-01T10:33:20","modified_gmt":"2026-09-01T13:33:20","slug":"2-avaliao-peridica-acompanha-o-desenvolvimento-dos-estudantes-do-4-ao-9-ano","status":"publish","type":"post","link":"https:\/\/redeicm.org.br\/stellamaris\/2-avaliao-peridica-acompanha-o-desenvolvimento-dos-estudantes-do-4-ao-9-ano\/","title":{"rendered":"2\u00aa Avalia\u00e7\u00e3o Peri\u00f3dica acompanha o desenvolvimento dos estudantes do 4\u00ba ao 9\u00ba ano"},"content":{"rendered":"<p><span style=\"font-weight: 400\">Nesta semana, os estudantes do 4\u00ba ao 9\u00ba ano do Ensino Fundamental participaram da 2\u00aa Avalia\u00e7\u00e3o Peri\u00f3dica, realizada em parceria com o Sistema Bernoulli de Ensino.<\/span><\/p>\n<p><span style=\"font-weight: 400\">A avalia\u00e7\u00e3o faz parte do acompanhamento cont\u00ednuo da aprendizagem e representa uma importante ferramenta para compreender o desenvolvimento dos estudantes a partir de dados e evid\u00eancias. Ao utilizar instrumentos padronizados, \u00e9 poss\u00edvel identificar avan\u00e7os, reconhecer pontos fortes e perceber quais habilidades ainda precisam ser fortalecidas em cada turma.<\/span><\/p>\n<p><span style=\"font-weight: 400\">Mais do que verificar resultados, a avalia\u00e7\u00e3o contribui diretamente para o trabalho pedag\u00f3gico. A partir das informa\u00e7\u00f5es obtidas, os professores podem analisar suas pr\u00e1ticas, ajustar estrat\u00e9gias e planejar novas a\u00e7\u00f5es de acordo com as necessidades de aprendizagem dos estudantes.<\/span><\/p>\n<p><span style=\"font-weight: 400\">Esse acompanhamento tamb\u00e9m permite ampliar o olhar sobre a trajet\u00f3ria escolar, fortalecendo o compromisso do Col\u00e9gio Stella Maris com uma educa\u00e7\u00e3o de excel\u00eancia, pautada no acompanhamento individual e coletivo e na constante busca pelo aprimoramento das pr\u00e1ticas pedag\u00f3gicas.<\/span><\/p>\n<p><span style=\"font-weight: 400\">A parceria com o Sistema Bernoulli de Ensino amplia esse processo, oferecendo instrumentos que contribuem para uma an\u00e1lise mais consistente da aprendizagem e para o alinhamento do trabalho desenvolvido no Col\u00e9gio aos desafios educacionais contempor\u00e2neos.<\/span><\/p>\n<p><span style=\"font-weight: 400\">No Stella Maris, cada avalia\u00e7\u00e3o \u00e9 tamb\u00e9m uma oportunidade de aprender, avan\u00e7ar e construir novos caminhos para o desenvolvimento dos nossos estudantes.<\/span><div id='gallery-1' class='gallery galleryid-3330 gallery-columns-3 gallery-size-thumbnail'><figure class='gallery-item'>\n\t\t\t<div class='gallery-icon portrait'>\n\t\t\t\t<a href='https:\/\/redeicm.org.br\/stellamaris\/2-avaliao-peridica-acompanha-o-desenvolvimento-dos-estudantes-do-4-ao-9-ano\/captura-de-tela-2026-09-01-102649\/'><img decoding=\"async\" width=\"150\" height=\"150\" src=\"https:\/\/redeicm.org.br\/stellamaris\/wp-content\/uploads\/sites\/23\/2026\/09\/Captura-de-tela-2026-09-01-102649-150x150.png\" class=\"attachment-thumbnail size-thumbnail\" alt=\"\" \/><\/a>\n\t\t\t<\/div><\/figure><figure class='gallery-item'>\n\t\t\t<div class='gallery-icon portrait'>\n\t\t\t\t<a href='https:\/\/redeicm.org.br\/stellamaris\/2-avaliao-peridica-acompanha-o-desenvolvimento-dos-estudantes-do-4-ao-9-ano\/captura-de-tela-2026-09-01-102624\/'><img decoding=\"async\" width=\"150\" height=\"150\" src=\"https:\/\/redeicm.org.br\/stellamaris\/wp-content\/uploads\/sites\/23\/2026\/09\/Captura-de-tela-2026-09-01-102624-150x150.png\" class=\"attachment-thumbnail size-thumbnail\" alt=\"\" \/><\/a>\n\t\t\t<\/div><\/figure><figure class='gallery-item'>\n\t\t\t<div class='gallery-icon portrait'>\n\t\t\t\t<a href='https:\/\/redeicm.org.br\/stellamaris\/2-avaliao-peridica-acompanha-o-desenvolvimento-dos-estudantes-do-4-ao-9-ano\/captura-de-tela-2026-09-01-102600\/'><img decoding=\"async\" width=\"150\" height=\"150\" src=\"https:\/\/redeicm.org.br\/stellamaris\/wp-content\/uploads\/sites\/23\/2026\/09\/Captura-de-tela-2026-09-01-102600-150x150.png\" class=\"attachment-thumbnail size-thumbnail\" alt=\"\" \/><\/a>\n\t\t\t<\/div><\/figure><figure class='gallery-item'>\n\t\t\t<div class='gallery-icon portrait'>\n\t\t\t\t<a href='https:\/\/redeicm.org.br\/stellamaris\/2-avaliao-peridica-acompanha-o-desenvolvimento-dos-estudantes-do-4-ao-9-ano\/captura-de-tela-2026-09-01-102534\/'><img loading=\"lazy\" decoding=\"async\" width=\"150\" height=\"150\" src=\"https:\/\/redeicm.org.br\/stellamaris\/wp-content\/uploads\/sites\/23\/2026\/09\/Captura-de-tela-2026-09-01-102534-150x150.png\" class=\"attachment-thumbnail size-thumbnail\" alt=\"\" \/><\/a>\n\t\t\t<\/div><\/figure><figure class='gallery-item'>\n\t\t\t<div class='gallery-icon portrait'>\n\t\t\t\t<a href='https:\/\/redeicm.org.br\/stellamaris\/2-avaliao-peridica-acompanha-o-desenvolvimento-dos-estudantes-do-4-ao-9-ano\/captura-de-tela-2026-09-01-102511\/'><img loading=\"lazy\" decoding=\"async\" width=\"150\" height=\"150\" src=\"https:\/\/redeicm.org.br\/stellamaris\/wp-content\/uploads\/sites\/23\/2026\/09\/Captura-de-tela-2026-09-01-102511-150x150.png\" class=\"attachment-thumbnail size-thumbnail\" alt=\"\" \/><\/a>\n\t\t\t<\/div><\/figure><figure class='gallery-item'>\n\t\t\t<div class='gallery-icon portrait'>\n\t\t\t\t<a href='https:\/\/redeicm.org.br\/stellamaris\/2-avaliao-peridica-acompanha-o-desenvolvimento-dos-estudantes-do-4-ao-9-ano\/captura-de-tela-2026-09-01-102443\/'><img loading=\"lazy\" decoding=\"async\" width=\"150\" height=\"150\" src=\"https:\/\/redeicm.org.br\/stellamaris\/wp-content\/uploads\/sites\/23\/2026\/09\/Captura-de-tela-2026-09-01-102443-150x150.png\" class=\"attachment-thumbnail size-thumbnail\" alt=\"\" \/><\/a>\n\t\t\t<\/div><\/figure><figure class='gallery-item'>\n\t\t\t<div class='gallery-icon portrait'>\n\t\t\t\t<a href='https:\/\/redeicm.org.br\/stellamaris\/2-avaliao-peridica-acompanha-o-desenvolvimento-dos-estudantes-do-4-ao-9-ano\/captura-de-tela-2026-09-01-102414\/'><img loading=\"lazy\" decoding=\"async\" width=\"150\" height=\"150\" src=\"https:\/\/redeicm.org.br\/stellamaris\/wp-content\/uploads\/sites\/23\/2026\/09\/Captura-de-tela-2026-09-01-102414-150x150.png\" class=\"attachment-thumbnail size-thumbnail\" alt=\"\" \/><\/a>\n\t\t\t<\/div><\/figure>\n\t\t<\/div>\n<\/p>\n","protected":false},"excerpt":{"rendered":"<p>Nesta semana, os estudantes do 4\u00ba ao 9\u00ba ano do Ensino Fundamental participaram da 2\u00aa Avalia\u00e7\u00e3o Peri\u00f3dica, realizada em parceria com o Sistema Bernoulli de Ensino. A avalia\u00e7\u00e3o faz parte do acompanhamento cont\u00ednuo da aprendizagem e representa uma importante ferramenta para compreender o desenvolvimento dos estudantes a partir de dados e evid\u00eancias. Ao utilizar instrumentos [&hellip;]<\/p>\n","protected":false},"author":62,"featured_media":3337,"comment_status":"open","ping_status":"open","sticky":false,"template":"","format":"standard","meta":{"_acf_changed":false,"footnotes":""},"categories":[15],"tags":[64,70,23],"class_list":["post-3330","post","type-post","status-publish","format-standard","has-post-thumbnail","hentry","category-noticias","tag-desenvolvimento","tag-resultado","tag-stella-maris"],"acf":[],"yoast_head":"<!-- This site is optimized with the Yoast SEO plugin v27.8 - https:\/\/yoast.com\/product\/yoast-seo-wordpress\/ -->\n<title>2\u00aa Avalia\u00e7\u00e3o Peri\u00f3dica acompanha o desenvolvimento dos estudantes do 4\u00ba ao 9\u00ba ano<\/title>\n<meta name=\"robots\" content=\"index, follow, max-snippet:-1, max-image-preview:large, max-video-preview:-1\" \/>\n<link rel=\"canonical\" href=\"https:\/\/redeicm.org.br\/stellamaris\/2-avaliao-peridica-acompanha-o-desenvolvimento-dos-estudantes-do-4-ao-9-ano\/\" \/>\n<meta property=\"og:locale\" content=\"pt_BR\" \/>\n<meta property=\"og:type\" content=\"article\" \/>\n<meta property=\"og:title\" content=\"2\u00aa Avalia\u00e7\u00e3o Peri\u00f3dica acompanha o desenvolvimento dos estudantes do 4\u00ba ao 9\u00ba ano\" \/>\n<meta property=\"og:description\" content=\"Nesta semana, os estudantes do 4\u00ba ao 9\u00ba ano do Ensino Fundamental participaram da 2\u00aa Avalia\u00e7\u00e3o Peri\u00f3dica, realizada em parceria com o Sistema Bernoulli de Ensino. A avalia\u00e7\u00e3o faz parte do acompanhamento cont\u00ednuo da aprendizagem e representa uma importante ferramenta para compreender o desenvolvimento dos estudantes a partir de dados e evid\u00eancias. Ao utilizar instrumentos [&hellip;]\" \/>\n<meta property=\"og:url\" content=\"https:\/\/redeicm.org.br\/stellamaris\/2-avaliao-peridica-acompanha-o-desenvolvimento-dos-estudantes-do-4-ao-9-ano\/\" \/>\n<meta property=\"og:site_name\" content=\"Col\u00e9gio Stella Maris | Rede ICM de educa\u00e7\u00e3o\" \/>\n<meta property=\"article:published_time\" content=\"2026-09-01T13:27:40+00:00\" \/>\n<meta property=\"article:modified_time\" content=\"2026-09-01T13:33:20+00:00\" \/>\n<meta property=\"og:image\" content=\"https:\/\/redeicm.org.br\/stellamaris\/wp-content\/uploads\/sites\/23\/2026\/09\/Captura-de-tela-2026-09-01-102414.png\" \/>\n\t<meta property=\"og:image:width\" content=\"625\" \/>\n\t<meta property=\"og:image:height\" content=\"837\" \/>\n\t<meta property=\"og:image:type\" content=\"image\/png\" \/>\n<meta name=\"author\" content=\"bruna\" \/>\n<meta name=\"twitter:card\" content=\"summary_large_image\" \/>\n<meta name=\"twitter:label1\" content=\"Escrito por\" \/>\n\t<meta name=\"twitter:data1\" content=\"bruna\" \/>\n\t<meta name=\"twitter:label2\" content=\"Est. tempo de leitura\" \/>\n\t<meta name=\"twitter:data2\" content=\"2 minutos\" \/>\n<script type=\"application\/ld+json\" class=\"yoast-schema-graph\">{\"@context\":\"https:\\\/\\\/schema.org\",\"@graph\":[{\"@type\":\"Article\",\"@id\":\"https:\\\/\\\/redeicm.org.br\\\/stellamaris\\\/2-avaliao-peridica-acompanha-o-desenvolvimento-dos-estudantes-do-4-ao-9-ano\\\/#article\",\"isPartOf\":{\"@id\":\"https:\\\/\\\/redeicm.org.br\\\/stellamaris\\\/2-avaliao-peridica-acompanha-o-desenvolvimento-dos-estudantes-do-4-ao-9-ano\\\/\"},\"author\":{\"name\":\"bruna\",\"@id\":\"https:\\\/\\\/redeicm.org.br\\\/stellamaris\\\/#\\\/schema\\\/person\\\/05f8597b67b4ddd8c4edab0b9c6ffd96\"},\"headline\":\"2\u00aa Avalia\u00e7\u00e3o Peri\u00f3dica acompanha o desenvolvimento dos estudantes do 4\u00ba ao 9\u00ba ano\",\"datePublished\":\"2026-09-01T13:27:40+00:00\",\"dateModified\":\"2026-09-01T13:33:20+00:00\",\"mainEntityOfPage\":{\"@id\":\"https:\\\/\\\/redeicm.org.br\\\/stellamaris\\\/2-avaliao-peridica-acompanha-o-desenvolvimento-dos-estudantes-do-4-ao-9-ano\\\/\"},\"wordCount\":243,\"commentCount\":0,\"publisher\":{\"@id\":\"https:\\\/\\\/redeicm.org.br\\\/stellamaris\\\/#organization\"},\"image\":{\"@id\":\"https:\\\/\\\/redeicm.org.br\\\/stellamaris\\\/2-avaliao-peridica-acompanha-o-desenvolvimento-dos-estudantes-do-4-ao-9-ano\\\/#primaryimage\"},\"thumbnailUrl\":\"https:\\\/\\\/redeicm.org.br\\\/stellamaris\\\/wp-content\\\/uploads\\\/sites\\\/23\\\/2026\\\/09\\\/Captura-de-tela-2026-09-01-102414.png\",\"keywords\":[\"Desenvolvimento\",\"Resultado\",\"Stella Maris\"],\"articleSection\":[\"NOT\u00cdCIAS\"],\"inLanguage\":\"pt-BR\",\"potentialAction\":[{\"@type\":\"CommentAction\",\"name\":\"Comment\",\"target\":[\"https:\\\/\\\/redeicm.org.br\\\/stellamaris\\\/2-avaliao-peridica-acompanha-o-desenvolvimento-dos-estudantes-do-4-ao-9-ano\\\/#respond\"]}]},{\"@type\":\"WebPage\",\"@id\":\"https:\\\/\\\/redeicm.org.br\\\/stellamaris\\\/2-avaliao-peridica-acompanha-o-desenvolvimento-dos-estudantes-do-4-ao-9-ano\\\/\",\"url\":\"https:\\\/\\\/redeicm.org.br\\\/stellamaris\\\/2-avaliao-peridica-acompanha-o-desenvolvimento-dos-estudantes-do-4-ao-9-ano\\\/\",\"name\":\"2\u00aa Avalia\u00e7\u00e3o Peri\u00f3dica acompanha o desenvolvimento dos estudantes do 4\u00ba ao 9\u00ba ano\",\"isPartOf\":{\"@id\":\"https:\\\/\\\/redeicm.org.br\\\/stellamaris\\\/#website\"},\"primaryImageOfPage\":{\"@id\":\"https:\\\/\\\/redeicm.org.br\\\/stellamaris\\\/2-avaliao-peridica-acompanha-o-desenvolvimento-dos-estudantes-do-4-ao-9-ano\\\/#primaryimage\"},\"image\":{\"@id\":\"https:\\\/\\\/redeicm.org.br\\\/stellamaris\\\/2-avaliao-peridica-acompanha-o-desenvolvimento-dos-estudantes-do-4-ao-9-ano\\\/#primaryimage\"},\"thumbnailUrl\":\"https:\\\/\\\/redeicm.org.br\\\/stellamaris\\\/wp-content\\\/uploads\\\/sites\\\/23\\\/2026\\\/09\\\/Captura-de-tela-2026-09-01-102414.png\",\"datePublished\":\"2026-09-01T13:27:40+00:00\",\"dateModified\":\"2026-09-01T13:33:20+00:00\",\"breadcrumb\":{\"@id\":\"https:\\\/\\\/redeicm.org.br\\\/stellamaris\\\/2-avaliao-peridica-acompanha-o-desenvolvimento-dos-estudantes-do-4-ao-9-ano\\\/#breadcrumb\"},\"inLanguage\":\"pt-BR\",\"potentialAction\":[{\"@type\":\"ReadAction\",\"target\":[\"https:\\\/\\\/redeicm.org.br\\\/stellamaris\\\/2-avaliao-peridica-acompanha-o-desenvolvimento-dos-estudantes-do-4-ao-9-ano\\\/\"]}]},{\"@type\":\"ImageObject\",\"inLanguage\":\"pt-BR\",\"@id\":\"https:\\\/\\\/redeicm.org.br\\\/stellamaris\\\/2-avaliao-peridica-acompanha-o-desenvolvimento-dos-estudantes-do-4-ao-9-ano\\\/#primaryimage\",\"url\":\"https:\\\/\\\/redeicm.org.br\\\/stellamaris\\\/wp-content\\\/uploads\\\/sites\\\/23\\\/2026\\\/09\\\/Captura-de-tela-2026-09-01-102414.png\",\"contentUrl\":\"https:\\\/\\\/redeicm.org.br\\\/stellamaris\\\/wp-content\\\/uploads\\\/sites\\\/23\\\/2026\\\/09\\\/Captura-de-tela-2026-09-01-102414.png\",\"width\":625,\"height\":837},{\"@type\":\"BreadcrumbList\",\"@id\":\"https:\\\/\\\/redeicm.org.br\\\/stellamaris\\\/2-avaliao-peridica-acompanha-o-desenvolvimento-dos-estudantes-do-4-ao-9-ano\\\/#breadcrumb\",\"itemListElement\":[{\"@type\":\"ListItem\",\"position\":1,\"name\":\"In\u00edcio\",\"item\":\"https:\\\/\\\/redeicm.org.br\\\/stellamaris\\\/\"},{\"@type\":\"ListItem\",\"position\":2,\"name\":\"2\u00aa Avalia\u00e7\u00e3o Peri\u00f3dica acompanha o desenvolvimento dos estudantes do 4\u00ba ao 9\u00ba ano\"}]},{\"@type\":\"WebSite\",\"@id\":\"https:\\\/\\\/redeicm.org.br\\\/stellamaris\\\/#website\",\"url\":\"https:\\\/\\\/redeicm.org.br\\\/stellamaris\\\/\",\"name\":\"Col\u00e9gio Stella Maris | Rede ICM de educa\u00e7\u00e3o\",\"description\":\"\",\"publisher\":{\"@id\":\"https:\\\/\\\/redeicm.org.br\\\/stellamaris\\\/#organization\"},\"potentialAction\":[{\"@type\":\"SearchAction\",\"target\":{\"@type\":\"EntryPoint\",\"urlTemplate\":\"https:\\\/\\\/redeicm.org.br\\\/stellamaris\\\/?s={search_term_string}\"},\"query-input\":{\"@type\":\"PropertyValueSpecification\",\"valueRequired\":true,\"valueName\":\"search_term_string\"}}],\"inLanguage\":\"pt-BR\"},{\"@type\":\"Organization\",\"@id\":\"https:\\\/\\\/redeicm.org.br\\\/stellamaris\\\/#organization\",\"name\":\"Col\u00e9gio Stella Maris | Rede ICM de educa\u00e7\u00e3o\",\"url\":\"https:\\\/\\\/redeicm.org.br\\\/stellamaris\\\/\",\"logo\":{\"@type\":\"ImageObject\",\"inLanguage\":\"pt-BR\",\"@id\":\"https:\\\/\\\/redeicm.org.br\\\/stellamaris\\\/#\\\/schema\\\/logo\\\/image\\\/\",\"url\":\"https:\\\/\\\/redeicm.org.br\\\/stellamaris\\\/wp-content\\\/uploads\\\/sites\\\/23\\\/2024\\\/08\\\/logo-icm-educacao-stella-maris-preferencial-cores.webp\",\"contentUrl\":\"https:\\\/\\\/redeicm.org.br\\\/stellamaris\\\/wp-content\\\/uploads\\\/sites\\\/23\\\/2024\\\/08\\\/logo-icm-educacao-stella-maris-preferencial-cores.webp\",\"width\":493,\"height\":185,\"caption\":\"Col\u00e9gio Stella Maris | Rede ICM de educa\u00e7\u00e3o\"},\"image\":{\"@id\":\"https:\\\/\\\/redeicm.org.br\\\/stellamaris\\\/#\\\/schema\\\/logo\\\/image\\\/\"}},{\"@type\":\"Person\",\"@id\":\"https:\\\/\\\/redeicm.org.br\\\/stellamaris\\\/#\\\/schema\\\/person\\\/05f8597b67b4ddd8c4edab0b9c6ffd96\",\"name\":\"bruna\",\"image\":{\"@type\":\"ImageObject\",\"inLanguage\":\"pt-BR\",\"@id\":\"https:\\\/\\\/secure.gravatar.com\\\/avatar\\\/0823a03d410ecb00f415f661e8f0aeb46ff5d1703dd0678535fa2948de160257?s=96&d=mm&r=g\",\"url\":\"https:\\\/\\\/secure.gravatar.com\\\/avatar\\\/0823a03d410ecb00f415f661e8f0aeb46ff5d1703dd0678535fa2948de160257?s=96&d=mm&r=g\",\"contentUrl\":\"https:\\\/\\\/secure.gravatar.com\\\/avatar\\\/0823a03d410ecb00f415f661e8f0aeb46ff5d1703dd0678535fa2948de160257?s=96&d=mm&r=g\",\"caption\":\"bruna\"},\"url\":\"https:\\\/\\\/redeicm.org.br\\\/stellamaris\\\/author\\\/bruna\\\/\"}]}<\/script>\n<!-- \/ Yoast SEO plugin. -->","yoast_head_json":{"title":"2\u00aa Avalia\u00e7\u00e3o Peri\u00f3dica acompanha o desenvolvimento dos estudantes do 4\u00ba ao 9\u00ba ano","robots":{"index":"index","follow":"follow","max-snippet":"max-snippet:-1","max-image-preview":"max-image-preview:large","max-video-preview":"max-video-preview:-1"},"canonical":"https:\/\/redeicm.org.br\/stellamaris\/2-avaliao-peridica-acompanha-o-desenvolvimento-dos-estudantes-do-4-ao-9-ano\/","og_locale":"pt_BR","og_type":"article","og_title":"2\u00aa Avalia\u00e7\u00e3o Peri\u00f3dica acompanha o desenvolvimento dos estudantes do 4\u00ba ao 9\u00ba ano","og_description":"Nesta semana, os estudantes do 4\u00ba ao 9\u00ba ano do Ensino Fundamental participaram da 2\u00aa Avalia\u00e7\u00e3o Peri\u00f3dica, realizada em parceria com o Sistema Bernoulli de Ensino. A avalia\u00e7\u00e3o faz parte do acompanhamento cont\u00ednuo da aprendizagem e representa uma importante ferramenta para compreender o desenvolvimento dos estudantes a partir de dados e evid\u00eancias. Ao utilizar instrumentos [&hellip;]","og_url":"https:\/\/redeicm.org.br\/stellamaris\/2-avaliao-peridica-acompanha-o-desenvolvimento-dos-estudantes-do-4-ao-9-ano\/","og_site_name":"Col\u00e9gio Stella Maris | Rede ICM de educa\u00e7\u00e3o","article_published_time":"2026-09-01T13:27:40+00:00","article_modified_time":"2026-09-01T13:33:20+00:00","og_image":[{"width":625,"height":837,"url":"https:\/\/redeicm.org.br\/stellamaris\/wp-content\/uploads\/sites\/23\/2026\/09\/Captura-de-tela-2026-09-01-102414.png","type":"image\/png"}],"author":"bruna","twitter_card":"summary_large_image","twitter_misc":{"Escrito por":"bruna","Est. tempo de leitura":"2 minutos"},"schema":{"@context":"https:\/\/schema.org","@graph":[{"@type":"Article","@id":"https:\/\/redeicm.org.br\/stellamaris\/2-avaliao-peridica-acompanha-o-desenvolvimento-dos-estudantes-do-4-ao-9-ano\/#article","isPartOf":{"@id":"https:\/\/redeicm.org.br\/stellamaris\/2-avaliao-peridica-acompanha-o-desenvolvimento-dos-estudantes-do-4-ao-9-ano\/"},"author":{"name":"bruna","@id":"https:\/\/redeicm.org.br\/stellamaris\/#\/schema\/person\/05f8597b67b4ddd8c4edab0b9c6ffd96"},"headline":"2\u00aa Avalia\u00e7\u00e3o Peri\u00f3dica acompanha o desenvolvimento dos estudantes do 4\u00ba ao 9\u00ba ano","datePublished":"2026-09-01T13:27:40+00:00","dateModified":"2026-09-01T13:33:20+00:00","mainEntityOfPage":{"@id":"https:\/\/redeicm.org.br\/stellamaris\/2-avaliao-peridica-acompanha-o-desenvolvimento-dos-estudantes-do-4-ao-9-ano\/"},"wordCount":243,"commentCount":0,"publisher":{"@id":"https:\/\/redeicm.org.br\/stellamaris\/#organization"},"image":{"@id":"https:\/\/redeicm.org.br\/stellamaris\/2-avaliao-peridica-acompanha-o-desenvolvimento-dos-estudantes-do-4-ao-9-ano\/#primaryimage"},"thumbnailUrl":"https:\/\/redeicm.org.br\/stellamaris\/wp-content\/uploads\/sites\/23\/2026\/09\/Captura-de-tela-2026-09-01-102414.png","keywords":["Desenvolvimento","Resultado","Stella Maris"],"articleSection":["NOT\u00cdCIAS"],"inLanguage":"pt-BR","potentialAction":[{"@type":"CommentAction","name":"Comment","target":["https:\/\/redeicm.org.br\/stellamaris\/2-avaliao-peridica-acompanha-o-desenvolvimento-dos-estudantes-do-4-ao-9-ano\/#respond"]}]},{"@type":"WebPage","@id":"https:\/\/redeicm.org.br\/stellamaris\/2-avaliao-peridica-acompanha-o-desenvolvimento-dos-estudantes-do-4-ao-9-ano\/","url":"https:\/\/redeicm.org.br\/stellamaris\/2-avaliao-peridica-acompanha-o-desenvolvimento-dos-estudantes-do-4-ao-9-ano\/","name":"2\u00aa Avalia\u00e7\u00e3o Peri\u00f3dica acompanha o desenvolvimento dos estudantes do 4\u00ba ao 9\u00ba ano","isPartOf":{"@id":"https:\/\/redeicm.org.br\/stellamaris\/#website"},"primaryImageOfPage":{"@id":"https:\/\/redeicm.org.br\/stellamaris\/2-avaliao-peridica-acompanha-o-desenvolvimento-dos-estudantes-do-4-ao-9-ano\/#primaryimage"},"image":{"@id":"https:\/\/redeicm.org.br\/stellamaris\/2-avaliao-peridica-acompanha-o-desenvolvimento-dos-estudantes-do-4-ao-9-ano\/#primaryimage"},"thumbnailUrl":"https:\/\/redeicm.org.br\/stellamaris\/wp-content\/uploads\/sites\/23\/2026\/09\/Captura-de-tela-2026-09-01-102414.png","datePublished":"2026-09-01T13:27:40+00:00","dateModified":"2026-09-01T13:33:20+00:00","breadcrumb":{"@id":"https:\/\/redeicm.org.br\/stellamaris\/2-avaliao-peridica-acompanha-o-desenvolvimento-dos-estudantes-do-4-ao-9-ano\/#breadcrumb"},"inLanguage":"pt-BR","potentialAction":[{"@type":"ReadAction","target":["https:\/\/redeicm.org.br\/stellamaris\/2-avaliao-peridica-acompanha-o-desenvolvimento-dos-estudantes-do-4-ao-9-ano\/"]}]},{"@type":"ImageObject","inLanguage":"pt-BR","@id":"https:\/\/redeicm.org.br\/stellamaris\/2-avaliao-peridica-acompanha-o-desenvolvimento-dos-estudantes-do-4-ao-9-ano\/#primaryimage","url":"https:\/\/redeicm.org.br\/stellamaris\/wp-content\/uploads\/sites\/23\/2026\/09\/Captura-de-tela-2026-09-01-102414.png","contentUrl":"https:\/\/redeicm.org.br\/stellamaris\/wp-content\/uploads\/sites\/23\/2026\/09\/Captura-de-tela-2026-09-01-102414.png","width":625,"height":837},{"@type":"BreadcrumbList","@id":"https:\/\/redeicm.org.br\/stellamaris\/2-avaliao-peridica-acompanha-o-desenvolvimento-dos-estudantes-do-4-ao-9-ano\/#breadcrumb","itemListElement":[{"@type":"ListItem","position":1,"name":"In\u00edcio","item":"https:\/\/redeicm.org.br\/stellamaris\/"},{"@type":"ListItem","position":2,"name":"2\u00aa Avalia\u00e7\u00e3o Peri\u00f3dica acompanha o desenvolvimento dos estudantes do 4\u00ba ao 9\u00ba ano"}]},{"@type":"WebSite","@id":"https:\/\/redeicm.org.br\/stellamaris\/#website","url":"https:\/\/redeicm.org.br\/stellamaris\/","name":"Col\u00e9gio Stella Maris | Rede ICM de educa\u00e7\u00e3o","description":"","publisher":{"@id":"https:\/\/redeicm.org.br\/stellamaris\/#organization"},"potentialAction":[{"@type":"SearchAction","target":{"@type":"EntryPoint","urlTemplate":"https:\/\/redeicm.org.br\/stellamaris\/?s={search_term_string}"},"query-input":{"@type":"PropertyValueSpecification","valueRequired":true,"valueName":"search_term_string"}}],"inLanguage":"pt-BR"},{"@type":"Organization","@id":"https:\/\/redeicm.org.br\/stellamaris\/#organization","name":"Col\u00e9gio Stella Maris | Rede ICM de educa\u00e7\u00e3o","url":"https:\/\/redeicm.org.br\/stellamaris\/","logo":{"@type":"ImageObject","inLanguage":"pt-BR","@id":"https:\/\/redeicm.org.br\/stellamaris\/#\/schema\/logo\/image\/","url":"https:\/\/redeicm.org.br\/stellamaris\/wp-content\/uploads\/sites\/23\/2024\/08\/logo-icm-educacao-stella-maris-preferencial-cores.webp","contentUrl":"https:\/\/redeicm.org.br\/stellamaris\/wp-content\/uploads\/sites\/23\/2024\/08\/logo-icm-educacao-stella-maris-preferencial-cores.webp","width":493,"height":185,"caption":"Col\u00e9gio Stella Maris | Rede ICM de educa\u00e7\u00e3o"},"image":{"@id":"https:\/\/redeicm.org.br\/stellamaris\/#\/schema\/logo\/image\/"}},{"@type":"Person","@id":"https:\/\/redeicm.org.br\/stellamaris\/#\/schema\/person\/05f8597b67b4ddd8c4edab0b9c6ffd96","name":"bruna","image":{"@type":"ImageObject","inLanguage":"pt-BR","@id":"https:\/\/secure.gravatar.com\/avatar\/0823a03d410ecb00f415f661e8f0aeb46ff5d1703dd0678535fa2948de160257?s=96&d=mm&r=g","url":"https:\/\/secure.gravatar.com\/avatar\/0823a03d410ecb00f415f661e8f0aeb46ff5d1703dd0678535fa2948de160257?s=96&d=mm&r=g","contentUrl":"https:\/\/secure.gravatar.com\/avatar\/0823a03d410ecb00f415f661e8f0aeb46ff5d1703dd0678535fa2948de160257?s=96&d=mm&r=g","caption":"bruna"},"url":"https:\/\/redeicm.org.br\/stellamaris\/author\/bruna\/"}]}},"_links":{"self":[{"href":"https:\/\/redeicm.org.br\/stellamaris\/wp-json\/wp\/v2\/posts\/3330","targetHints":{"allow":["GET"]}}],"collection":[{"href":"https:\/\/redeicm.org.br\/stellamaris\/wp-json\/wp\/v2\/posts"}],"about":[{"href":"https:\/\/redeicm.org.br\/stellamaris\/wp-json\/wp\/v2\/types\/post"}],"author":[{"embeddable":true,"href":"https:\/\/redeicm.org.br\/stellamaris\/wp-json\/wp\/v2\/users\/62"}],"replies":[{"embeddable":true,"href":"https:\/\/redeicm.org.br\/stellamaris\/wp-json\/wp\/v2\/comments?post=3330"}],"version-history":[{"count":1,"href":"https:\/\/redeicm.org.br\/stellamaris\/wp-json\/wp\/v2\/posts\/3330\/revisions"}],"predecessor-version":[{"id":3338,"href":"https:\/\/redeicm.org.br\/stellamaris\/wp-json\/wp\/v2\/posts\/3330\/revisions\/3338"}],"wp:featuredmedia":[{"embeddable":true,"href":"https:\/\/redeicm.org.br\/stellamaris\/wp-json\/wp\/v2\/media\/3337"}],"wp:attachment":[{"href":"https:\/\/redeicm.org.br\/stellamaris\/wp-json\/wp\/v2\/media?parent=3330"}],"wp:term":[{"taxonomy":"category","embeddable":true,"href":"https:\/\/redeicm.org.br\/stellamaris\/wp-json\/wp\/v2\/categories?post=3330"},{"taxonomy":"post_tag","embeddable":true,"href":"https:\/\/redeicm.org.br\/stellamaris\/wp-json\/wp\/v2\/tags?post=3330"}],"curies":[{"name":"wp","href":"https:\/\/api.w.org\/{rel}","templated":true}]}}