{"id":2864,"date":"2026-04-23T19:55:03","date_gmt":"2026-04-23T22:55:03","guid":{"rendered":"https:\/\/redeicm.org.br\/stellamaris\/?p=2864"},"modified":"2026-04-23T19:57:09","modified_gmt":"2026-04-23T22:57:09","slug":"tecnologia-e-aprendizagem-aula-interativa-de-geografia-no-6o-ano-potencializa-o-ensino-com-recursos-digitais","status":"publish","type":"post","link":"https:\/\/redeicm.org.br\/stellamaris\/tecnologia-e-aprendizagem-aula-interativa-de-geografia-no-6o-ano-potencializa-o-ensino-com-recursos-digitais\/","title":{"rendered":"Tecnologia e aprendizagem: aula interativa de Geografia no 6\u00ba ano potencializa o ensino com recursos digitais"},"content":{"rendered":"<p><span style=\"font-weight: 400\">Os estudantes do 6\u00ba ano participaram de uma experi\u00eancia de aprendizagem diferenciada durante as aulas de Geografia, explorando as camadas da Terra e as eras geol\u00f3gicas com o apoio de <\/span><b>recursos tecnol\u00f3gicos<\/b><span style=\"font-weight: 400\"> e <\/span><b>plataformas de ensino<\/b><span style=\"font-weight: 400\">.<\/span><\/p>\n<p><span style=\"font-weight: 400\">A atividade, conduzida pela professora N\u00e1dia, transformou a sala de aula em um ambiente investigativo, aproximando teoria e pr\u00e1tica por meio de estrat\u00e9gias pedag\u00f3gicas inovadoras. Com o suporte do material did\u00e1tico e das ferramentas digitais da Plataforma Meu Bernoulli, os alunos puderam aprofundar seus conhecimentos sobre geodiversidade e compreender a import\u00e2ncia da estrutura terrestre para a manuten\u00e7\u00e3o da vida no planeta.<\/span><\/p>\n<p><span style=\"font-weight: 400\">A iniciativa refor\u00e7a o compromisso do col\u00e9gio com uma educa\u00e7\u00e3o de qualidade, que integra tecnologia, metodologias ativas e protagonismo estudantil no processo de ensino-aprendizagem. O uso de <\/span><b>recursos tecnol\u00f3gicos em sala de aula<\/b><span style=\"font-weight: 400\"> tem se mostrado um diferencial importante para tornar o aprendizado mais din\u00e2mico, significativo e conectado com as demandas contempor\u00e2neas.<\/span><\/p>\n<p><span style=\"font-weight: 400\">Al\u00e9m de estimular o pensamento cr\u00edtico e a curiosidade cient\u00edfica, a proposta tamb\u00e9m contribui para o desenvolvimento da autonomia dos estudantes, que assumem um papel ativo na constru\u00e7\u00e3o do pr\u00f3prio conhecimento.<\/span><\/p>\n<p><span style=\"font-weight: 400\">O Col\u00e9gio Stella Maris segue investindo em <\/span><b>plataformas de ensino<\/b><span style=\"font-weight: 400\">, inova\u00e7\u00e3o pedag\u00f3gica e experi\u00eancias educativas que ampliam as possibilidades de aprendizagem, preparando seus alunos para os desafios do mundo atual.<\/span><\/p>\n<div id='gallery-1' class='gallery galleryid-2864 gallery-columns-3 gallery-size-thumbnail'><figure class='gallery-item'>\n\t\t\t<div class='gallery-icon portrait'>\n\t\t\t\t<a href='https:\/\/redeicm.org.br\/stellamaris\/img_6973\/'><img decoding=\"async\" width=\"150\" height=\"150\" src=\"https:\/\/redeicm.org.br\/stellamaris\/wp-content\/uploads\/sites\/23\/2026\/04\/IMG_6973-150x150.jpeg\" class=\"attachment-thumbnail size-thumbnail\" alt=\"\" \/><\/a>\n\t\t\t<\/div><\/figure><figure class='gallery-item'>\n\t\t\t<div class='gallery-icon landscape'>\n\t\t\t\t<a href='https:\/\/redeicm.org.br\/stellamaris\/img_6956\/'><img decoding=\"async\" width=\"150\" height=\"150\" src=\"https:\/\/redeicm.org.br\/stellamaris\/wp-content\/uploads\/sites\/23\/2026\/04\/IMG_6956-150x150.jpeg\" class=\"attachment-thumbnail size-thumbnail\" alt=\"\" \/><\/a>\n\t\t\t<\/div><\/figure><figure class='gallery-item'>\n\t\t\t<div class='gallery-icon portrait'>\n\t\t\t\t<a href='https:\/\/redeicm.org.br\/stellamaris\/img_6958\/'><img decoding=\"async\" width=\"150\" height=\"150\" src=\"https:\/\/redeicm.org.br\/stellamaris\/wp-content\/uploads\/sites\/23\/2026\/04\/IMG_6958-150x150.jpeg\" class=\"attachment-thumbnail size-thumbnail\" alt=\"\" \/><\/a>\n\t\t\t<\/div><\/figure><figure class='gallery-item'>\n\t\t\t<div class='gallery-icon portrait'>\n\t\t\t\t<a href='https:\/\/redeicm.org.br\/stellamaris\/img_6955\/'><img loading=\"lazy\" decoding=\"async\" width=\"150\" height=\"150\" src=\"https:\/\/redeicm.org.br\/stellamaris\/wp-content\/uploads\/sites\/23\/2026\/04\/IMG_6955-150x150.jpeg\" class=\"attachment-thumbnail size-thumbnail\" alt=\"\" \/><\/a>\n\t\t\t<\/div><\/figure><figure class='gallery-item'>\n\t\t\t<div class='gallery-icon landscape'>\n\t\t\t\t<a href='https:\/\/redeicm.org.br\/stellamaris\/01-14\/'><img loading=\"lazy\" decoding=\"async\" width=\"150\" height=\"150\" src=\"https:\/\/redeicm.org.br\/stellamaris\/wp-content\/uploads\/sites\/23\/2026\/04\/01-150x150.jpeg\" class=\"attachment-thumbnail size-thumbnail\" alt=\"\" \/><\/a>\n\t\t\t<\/div><\/figure>\n\t\t<\/div>\n\n","protected":false},"excerpt":{"rendered":"<p>Os estudantes do 6\u00ba ano participaram de uma experi\u00eancia de aprendizagem diferenciada durante as aulas de Geografia, explorando as camadas da Terra e as eras geol\u00f3gicas com o apoio de recursos tecnol\u00f3gicos e plataformas de ensino. A atividade, conduzida pela professora N\u00e1dia, transformou a sala de aula em um ambiente investigativo, aproximando teoria e pr\u00e1tica [&hellip;]<\/p>\n","protected":false},"author":62,"featured_media":2859,"comment_status":"open","ping_status":"open","sticky":false,"template":"","format":"standard","meta":{"_acf_changed":false,"footnotes":""},"categories":[15],"tags":[57,58,23,56],"class_list":["post-2864","post","type-post","status-publish","format-standard","has-post-thumbnail","hentry","category-noticias","tag-conhecimento","tag-pensamento-critico","tag-stella-maris","tag-tecnologia"],"acf":[],"yoast_head":"<!-- This site is optimized with the Yoast SEO plugin v26.3 - https:\/\/yoast.com\/wordpress\/plugins\/seo\/ -->\n<title>Tecnologia e aprendizagem: aula interativa de Geografia no 6\u00ba ano potencializa o ensino com recursos digitais<\/title>\n<meta name=\"robots\" content=\"index, follow, max-snippet:-1, max-image-preview:large, max-video-preview:-1\" \/>\n<link rel=\"canonical\" href=\"https:\/\/redeicm.org.br\/stellamaris\/tecnologia-e-aprendizagem-aula-interativa-de-geografia-no-6o-ano-potencializa-o-ensino-com-recursos-digitais\/\" \/>\n<meta property=\"og:locale\" content=\"pt_BR\" \/>\n<meta property=\"og:type\" content=\"article\" \/>\n<meta property=\"og:title\" content=\"Tecnologia e aprendizagem: aula interativa de Geografia no 6\u00ba ano potencializa o ensino com recursos digitais\" \/>\n<meta property=\"og:description\" content=\"Os estudantes do 6\u00ba ano participaram de uma experi\u00eancia de aprendizagem diferenciada durante as aulas de Geografia, explorando as camadas da Terra e as eras geol\u00f3gicas com o apoio de recursos tecnol\u00f3gicos e plataformas de ensino. A atividade, conduzida pela professora N\u00e1dia, transformou a sala de aula em um ambiente investigativo, aproximando teoria e pr\u00e1tica [&hellip;]\" \/>\n<meta property=\"og:url\" content=\"https:\/\/redeicm.org.br\/stellamaris\/tecnologia-e-aprendizagem-aula-interativa-de-geografia-no-6o-ano-potencializa-o-ensino-com-recursos-digitais\/\" \/>\n<meta property=\"og:site_name\" content=\"Col\u00e9gio Stella Maris | Rede ICM de educa\u00e7\u00e3o\" \/>\n<meta property=\"article:published_time\" content=\"2026-04-23T22:55:03+00:00\" \/>\n<meta property=\"article:modified_time\" content=\"2026-04-23T22:57:09+00:00\" \/>\n<meta property=\"og:image\" content=\"https:\/\/redeicm.org.br\/stellamaris\/wp-content\/uploads\/sites\/23\/2026\/04\/01-scaled.jpeg\" \/>\n\t<meta property=\"og:image:width\" content=\"2560\" \/>\n\t<meta property=\"og:image:height\" content=\"2227\" \/>\n\t<meta property=\"og:image:type\" content=\"image\/jpeg\" \/>\n<meta name=\"author\" content=\"bruna\" \/>\n<meta name=\"twitter:card\" content=\"summary_large_image\" \/>\n<meta name=\"twitter:label1\" content=\"Escrito por\" \/>\n\t<meta name=\"twitter:data1\" content=\"bruna\" \/>\n\t<meta name=\"twitter:label2\" content=\"Est. tempo de leitura\" \/>\n\t<meta name=\"twitter:data2\" content=\"2 minutos\" \/>\n<script type=\"application\/ld+json\" class=\"yoast-schema-graph\">{\"@context\":\"https:\/\/schema.org\",\"@graph\":[{\"@type\":\"Article\",\"@id\":\"https:\/\/redeicm.org.br\/stellamaris\/tecnologia-e-aprendizagem-aula-interativa-de-geografia-no-6o-ano-potencializa-o-ensino-com-recursos-digitais\/#article\",\"isPartOf\":{\"@id\":\"https:\/\/redeicm.org.br\/stellamaris\/tecnologia-e-aprendizagem-aula-interativa-de-geografia-no-6o-ano-potencializa-o-ensino-com-recursos-digitais\/\"},\"author\":{\"name\":\"bruna\",\"@id\":\"https:\/\/redeicm.org.br\/stellamaris\/#\/schema\/person\/05f8597b67b4ddd8c4edab0b9c6ffd96\"},\"headline\":\"Tecnologia e aprendizagem: aula interativa de Geografia no 6\u00ba ano potencializa o ensino com recursos digitais\",\"datePublished\":\"2026-04-23T22:55:03+00:00\",\"dateModified\":\"2026-04-23T22:57:09+00:00\",\"mainEntityOfPage\":{\"@id\":\"https:\/\/redeicm.org.br\/stellamaris\/tecnologia-e-aprendizagem-aula-interativa-de-geografia-no-6o-ano-potencializa-o-ensino-com-recursos-digitais\/\"},\"wordCount\":252,\"commentCount\":0,\"publisher\":{\"@id\":\"https:\/\/redeicm.org.br\/stellamaris\/#organization\"},\"image\":{\"@id\":\"https:\/\/redeicm.org.br\/stellamaris\/tecnologia-e-aprendizagem-aula-interativa-de-geografia-no-6o-ano-potencializa-o-ensino-com-recursos-digitais\/#primaryimage\"},\"thumbnailUrl\":\"https:\/\/redeicm.org.br\/stellamaris\/wp-content\/uploads\/sites\/23\/2026\/04\/01-scaled.jpeg\",\"keywords\":[\"Conhecimento\",\"Pensamento cr\u00edtico\",\"Stella Maris\",\"Tecnologia\"],\"articleSection\":[\"NOT\u00cdCIAS\"],\"inLanguage\":\"pt-BR\",\"potentialAction\":[{\"@type\":\"CommentAction\",\"name\":\"Comment\",\"target\":[\"https:\/\/redeicm.org.br\/stellamaris\/tecnologia-e-aprendizagem-aula-interativa-de-geografia-no-6o-ano-potencializa-o-ensino-com-recursos-digitais\/#respond\"]}]},{\"@type\":\"WebPage\",\"@id\":\"https:\/\/redeicm.org.br\/stellamaris\/tecnologia-e-aprendizagem-aula-interativa-de-geografia-no-6o-ano-potencializa-o-ensino-com-recursos-digitais\/\",\"url\":\"https:\/\/redeicm.org.br\/stellamaris\/tecnologia-e-aprendizagem-aula-interativa-de-geografia-no-6o-ano-potencializa-o-ensino-com-recursos-digitais\/\",\"name\":\"Tecnologia e aprendizagem: aula interativa de Geografia no 6\u00ba ano potencializa o ensino com recursos digitais\",\"isPartOf\":{\"@id\":\"https:\/\/redeicm.org.br\/stellamaris\/#website\"},\"primaryImageOfPage\":{\"@id\":\"https:\/\/redeicm.org.br\/stellamaris\/tecnologia-e-aprendizagem-aula-interativa-de-geografia-no-6o-ano-potencializa-o-ensino-com-recursos-digitais\/#primaryimage\"},\"image\":{\"@id\":\"https:\/\/redeicm.org.br\/stellamaris\/tecnologia-e-aprendizagem-aula-interativa-de-geografia-no-6o-ano-potencializa-o-ensino-com-recursos-digitais\/#primaryimage\"},\"thumbnailUrl\":\"https:\/\/redeicm.org.br\/stellamaris\/wp-content\/uploads\/sites\/23\/2026\/04\/01-scaled.jpeg\",\"datePublished\":\"2026-04-23T22:55:03+00:00\",\"dateModified\":\"2026-04-23T22:57:09+00:00\",\"breadcrumb\":{\"@id\":\"https:\/\/redeicm.org.br\/stellamaris\/tecnologia-e-aprendizagem-aula-interativa-de-geografia-no-6o-ano-potencializa-o-ensino-com-recursos-digitais\/#breadcrumb\"},\"inLanguage\":\"pt-BR\",\"potentialAction\":[{\"@type\":\"ReadAction\",\"target\":[\"https:\/\/redeicm.org.br\/stellamaris\/tecnologia-e-aprendizagem-aula-interativa-de-geografia-no-6o-ano-potencializa-o-ensino-com-recursos-digitais\/\"]}]},{\"@type\":\"ImageObject\",\"inLanguage\":\"pt-BR\",\"@id\":\"https:\/\/redeicm.org.br\/stellamaris\/tecnologia-e-aprendizagem-aula-interativa-de-geografia-no-6o-ano-potencializa-o-ensino-com-recursos-digitais\/#primaryimage\",\"url\":\"https:\/\/redeicm.org.br\/stellamaris\/wp-content\/uploads\/sites\/23\/2026\/04\/01-scaled.jpeg\",\"contentUrl\":\"https:\/\/redeicm.org.br\/stellamaris\/wp-content\/uploads\/sites\/23\/2026\/04\/01-scaled.jpeg\",\"width\":2560,\"height\":2227},{\"@type\":\"BreadcrumbList\",\"@id\":\"https:\/\/redeicm.org.br\/stellamaris\/tecnologia-e-aprendizagem-aula-interativa-de-geografia-no-6o-ano-potencializa-o-ensino-com-recursos-digitais\/#breadcrumb\",\"itemListElement\":[{\"@type\":\"ListItem\",\"position\":1,\"name\":\"In\u00edcio\",\"item\":\"https:\/\/redeicm.org.br\/stellamaris\/\"},{\"@type\":\"ListItem\",\"position\":2,\"name\":\"Tecnologia e aprendizagem: aula interativa de Geografia no 6\u00ba ano potencializa o ensino com recursos digitais\"}]},{\"@type\":\"WebSite\",\"@id\":\"https:\/\/redeicm.org.br\/stellamaris\/#website\",\"url\":\"https:\/\/redeicm.org.br\/stellamaris\/\",\"name\":\"Col\u00e9gio Stella Maris | Rede ICM de educa\u00e7\u00e3o\",\"description\":\"\",\"publisher\":{\"@id\":\"https:\/\/redeicm.org.br\/stellamaris\/#organization\"},\"potentialAction\":[{\"@type\":\"SearchAction\",\"target\":{\"@type\":\"EntryPoint\",\"urlTemplate\":\"https:\/\/redeicm.org.br\/stellamaris\/?s={search_term_string}\"},\"query-input\":{\"@type\":\"PropertyValueSpecification\",\"valueRequired\":true,\"valueName\":\"search_term_string\"}}],\"inLanguage\":\"pt-BR\"},{\"@type\":\"Organization\",\"@id\":\"https:\/\/redeicm.org.br\/stellamaris\/#organization\",\"name\":\"Col\u00e9gio Stella Maris | Rede ICM de educa\u00e7\u00e3o\",\"url\":\"https:\/\/redeicm.org.br\/stellamaris\/\",\"logo\":{\"@type\":\"ImageObject\",\"inLanguage\":\"pt-BR\",\"@id\":\"https:\/\/redeicm.org.br\/stellamaris\/#\/schema\/logo\/image\/\",\"url\":\"https:\/\/redeicm.org.br\/stellamaris\/wp-content\/uploads\/sites\/23\/2024\/08\/logo-icm-educacao-stella-maris-preferencial-cores.webp\",\"contentUrl\":\"https:\/\/redeicm.org.br\/stellamaris\/wp-content\/uploads\/sites\/23\/2024\/08\/logo-icm-educacao-stella-maris-preferencial-cores.webp\",\"width\":493,\"height\":185,\"caption\":\"Col\u00e9gio Stella Maris | Rede ICM de educa\u00e7\u00e3o\"},\"image\":{\"@id\":\"https:\/\/redeicm.org.br\/stellamaris\/#\/schema\/logo\/image\/\"}},{\"@type\":\"Person\",\"@id\":\"https:\/\/redeicm.org.br\/stellamaris\/#\/schema\/person\/05f8597b67b4ddd8c4edab0b9c6ffd96\",\"name\":\"bruna\",\"image\":{\"@type\":\"ImageObject\",\"inLanguage\":\"pt-BR\",\"@id\":\"https:\/\/redeicm.org.br\/stellamaris\/#\/schema\/person\/image\/\",\"url\":\"https:\/\/secure.gravatar.com\/avatar\/0823a03d410ecb00f415f661e8f0aeb46ff5d1703dd0678535fa2948de160257?s=96&d=mm&r=g\",\"contentUrl\":\"https:\/\/secure.gravatar.com\/avatar\/0823a03d410ecb00f415f661e8f0aeb46ff5d1703dd0678535fa2948de160257?s=96&d=mm&r=g\",\"caption\":\"bruna\"},\"url\":\"https:\/\/redeicm.org.br\/stellamaris\/author\/bruna\/\"}]}<\/script>\n<!-- \/ Yoast SEO plugin. -->","yoast_head_json":{"title":"Tecnologia e aprendizagem: aula interativa de Geografia no 6\u00ba ano potencializa o ensino com recursos digitais","robots":{"index":"index","follow":"follow","max-snippet":"max-snippet:-1","max-image-preview":"max-image-preview:large","max-video-preview":"max-video-preview:-1"},"canonical":"https:\/\/redeicm.org.br\/stellamaris\/tecnologia-e-aprendizagem-aula-interativa-de-geografia-no-6o-ano-potencializa-o-ensino-com-recursos-digitais\/","og_locale":"pt_BR","og_type":"article","og_title":"Tecnologia e aprendizagem: aula interativa de Geografia no 6\u00ba ano potencializa o ensino com recursos digitais","og_description":"Os estudantes do 6\u00ba ano participaram de uma experi\u00eancia de aprendizagem diferenciada durante as aulas de Geografia, explorando as camadas da Terra e as eras geol\u00f3gicas com o apoio de recursos tecnol\u00f3gicos e plataformas de ensino. A atividade, conduzida pela professora N\u00e1dia, transformou a sala de aula em um ambiente investigativo, aproximando teoria e pr\u00e1tica [&hellip;]","og_url":"https:\/\/redeicm.org.br\/stellamaris\/tecnologia-e-aprendizagem-aula-interativa-de-geografia-no-6o-ano-potencializa-o-ensino-com-recursos-digitais\/","og_site_name":"Col\u00e9gio Stella Maris | Rede ICM de educa\u00e7\u00e3o","article_published_time":"2026-04-23T22:55:03+00:00","article_modified_time":"2026-04-23T22:57:09+00:00","og_image":[{"width":2560,"height":2227,"url":"https:\/\/redeicm.org.br\/stellamaris\/wp-content\/uploads\/sites\/23\/2026\/04\/01-scaled.jpeg","type":"image\/jpeg"}],"author":"bruna","twitter_card":"summary_large_image","twitter_misc":{"Escrito por":"bruna","Est. tempo de leitura":"2 minutos"},"schema":{"@context":"https:\/\/schema.org","@graph":[{"@type":"Article","@id":"https:\/\/redeicm.org.br\/stellamaris\/tecnologia-e-aprendizagem-aula-interativa-de-geografia-no-6o-ano-potencializa-o-ensino-com-recursos-digitais\/#article","isPartOf":{"@id":"https:\/\/redeicm.org.br\/stellamaris\/tecnologia-e-aprendizagem-aula-interativa-de-geografia-no-6o-ano-potencializa-o-ensino-com-recursos-digitais\/"},"author":{"name":"bruna","@id":"https:\/\/redeicm.org.br\/stellamaris\/#\/schema\/person\/05f8597b67b4ddd8c4edab0b9c6ffd96"},"headline":"Tecnologia e aprendizagem: aula interativa de Geografia no 6\u00ba ano potencializa o ensino com recursos digitais","datePublished":"2026-04-23T22:55:03+00:00","dateModified":"2026-04-23T22:57:09+00:00","mainEntityOfPage":{"@id":"https:\/\/redeicm.org.br\/stellamaris\/tecnologia-e-aprendizagem-aula-interativa-de-geografia-no-6o-ano-potencializa-o-ensino-com-recursos-digitais\/"},"wordCount":252,"commentCount":0,"publisher":{"@id":"https:\/\/redeicm.org.br\/stellamaris\/#organization"},"image":{"@id":"https:\/\/redeicm.org.br\/stellamaris\/tecnologia-e-aprendizagem-aula-interativa-de-geografia-no-6o-ano-potencializa-o-ensino-com-recursos-digitais\/#primaryimage"},"thumbnailUrl":"https:\/\/redeicm.org.br\/stellamaris\/wp-content\/uploads\/sites\/23\/2026\/04\/01-scaled.jpeg","keywords":["Conhecimento","Pensamento cr\u00edtico","Stella Maris","Tecnologia"],"articleSection":["NOT\u00cdCIAS"],"inLanguage":"pt-BR","potentialAction":[{"@type":"CommentAction","name":"Comment","target":["https:\/\/redeicm.org.br\/stellamaris\/tecnologia-e-aprendizagem-aula-interativa-de-geografia-no-6o-ano-potencializa-o-ensino-com-recursos-digitais\/#respond"]}]},{"@type":"WebPage","@id":"https:\/\/redeicm.org.br\/stellamaris\/tecnologia-e-aprendizagem-aula-interativa-de-geografia-no-6o-ano-potencializa-o-ensino-com-recursos-digitais\/","url":"https:\/\/redeicm.org.br\/stellamaris\/tecnologia-e-aprendizagem-aula-interativa-de-geografia-no-6o-ano-potencializa-o-ensino-com-recursos-digitais\/","name":"Tecnologia e aprendizagem: aula interativa de Geografia no 6\u00ba ano potencializa o ensino com recursos digitais","isPartOf":{"@id":"https:\/\/redeicm.org.br\/stellamaris\/#website"},"primaryImageOfPage":{"@id":"https:\/\/redeicm.org.br\/stellamaris\/tecnologia-e-aprendizagem-aula-interativa-de-geografia-no-6o-ano-potencializa-o-ensino-com-recursos-digitais\/#primaryimage"},"image":{"@id":"https:\/\/redeicm.org.br\/stellamaris\/tecnologia-e-aprendizagem-aula-interativa-de-geografia-no-6o-ano-potencializa-o-ensino-com-recursos-digitais\/#primaryimage"},"thumbnailUrl":"https:\/\/redeicm.org.br\/stellamaris\/wp-content\/uploads\/sites\/23\/2026\/04\/01-scaled.jpeg","datePublished":"2026-04-23T22:55:03+00:00","dateModified":"2026-04-23T22:57:09+00:00","breadcrumb":{"@id":"https:\/\/redeicm.org.br\/stellamaris\/tecnologia-e-aprendizagem-aula-interativa-de-geografia-no-6o-ano-potencializa-o-ensino-com-recursos-digitais\/#breadcrumb"},"inLanguage":"pt-BR","potentialAction":[{"@type":"ReadAction","target":["https:\/\/redeicm.org.br\/stellamaris\/tecnologia-e-aprendizagem-aula-interativa-de-geografia-no-6o-ano-potencializa-o-ensino-com-recursos-digitais\/"]}]},{"@type":"ImageObject","inLanguage":"pt-BR","@id":"https:\/\/redeicm.org.br\/stellamaris\/tecnologia-e-aprendizagem-aula-interativa-de-geografia-no-6o-ano-potencializa-o-ensino-com-recursos-digitais\/#primaryimage","url":"https:\/\/redeicm.org.br\/stellamaris\/wp-content\/uploads\/sites\/23\/2026\/04\/01-scaled.jpeg","contentUrl":"https:\/\/redeicm.org.br\/stellamaris\/wp-content\/uploads\/sites\/23\/2026\/04\/01-scaled.jpeg","width":2560,"height":2227},{"@type":"BreadcrumbList","@id":"https:\/\/redeicm.org.br\/stellamaris\/tecnologia-e-aprendizagem-aula-interativa-de-geografia-no-6o-ano-potencializa-o-ensino-com-recursos-digitais\/#breadcrumb","itemListElement":[{"@type":"ListItem","position":1,"name":"In\u00edcio","item":"https:\/\/redeicm.org.br\/stellamaris\/"},{"@type":"ListItem","position":2,"name":"Tecnologia e aprendizagem: aula interativa de Geografia no 6\u00ba ano potencializa o ensino com recursos digitais"}]},{"@type":"WebSite","@id":"https:\/\/redeicm.org.br\/stellamaris\/#website","url":"https:\/\/redeicm.org.br\/stellamaris\/","name":"Col\u00e9gio Stella Maris | Rede ICM de educa\u00e7\u00e3o","description":"","publisher":{"@id":"https:\/\/redeicm.org.br\/stellamaris\/#organization"},"potentialAction":[{"@type":"SearchAction","target":{"@type":"EntryPoint","urlTemplate":"https:\/\/redeicm.org.br\/stellamaris\/?s={search_term_string}"},"query-input":{"@type":"PropertyValueSpecification","valueRequired":true,"valueName":"search_term_string"}}],"inLanguage":"pt-BR"},{"@type":"Organization","@id":"https:\/\/redeicm.org.br\/stellamaris\/#organization","name":"Col\u00e9gio Stella Maris | Rede ICM de educa\u00e7\u00e3o","url":"https:\/\/redeicm.org.br\/stellamaris\/","logo":{"@type":"ImageObject","inLanguage":"pt-BR","@id":"https:\/\/redeicm.org.br\/stellamaris\/#\/schema\/logo\/image\/","url":"https:\/\/redeicm.org.br\/stellamaris\/wp-content\/uploads\/sites\/23\/2024\/08\/logo-icm-educacao-stella-maris-preferencial-cores.webp","contentUrl":"https:\/\/redeicm.org.br\/stellamaris\/wp-content\/uploads\/sites\/23\/2024\/08\/logo-icm-educacao-stella-maris-preferencial-cores.webp","width":493,"height":185,"caption":"Col\u00e9gio Stella Maris | Rede ICM de educa\u00e7\u00e3o"},"image":{"@id":"https:\/\/redeicm.org.br\/stellamaris\/#\/schema\/logo\/image\/"}},{"@type":"Person","@id":"https:\/\/redeicm.org.br\/stellamaris\/#\/schema\/person\/05f8597b67b4ddd8c4edab0b9c6ffd96","name":"bruna","image":{"@type":"ImageObject","inLanguage":"pt-BR","@id":"https:\/\/redeicm.org.br\/stellamaris\/#\/schema\/person\/image\/","url":"https:\/\/secure.gravatar.com\/avatar\/0823a03d410ecb00f415f661e8f0aeb46ff5d1703dd0678535fa2948de160257?s=96&d=mm&r=g","contentUrl":"https:\/\/secure.gravatar.com\/avatar\/0823a03d410ecb00f415f661e8f0aeb46ff5d1703dd0678535fa2948de160257?s=96&d=mm&r=g","caption":"bruna"},"url":"https:\/\/redeicm.org.br\/stellamaris\/author\/bruna\/"}]}},"_links":{"self":[{"href":"https:\/\/redeicm.org.br\/stellamaris\/wp-json\/wp\/v2\/posts\/2864","targetHints":{"allow":["GET"]}}],"collection":[{"href":"https:\/\/redeicm.org.br\/stellamaris\/wp-json\/wp\/v2\/posts"}],"about":[{"href":"https:\/\/redeicm.org.br\/stellamaris\/wp-json\/wp\/v2\/types\/post"}],"author":[{"embeddable":true,"href":"https:\/\/redeicm.org.br\/stellamaris\/wp-json\/wp\/v2\/users\/62"}],"replies":[{"embeddable":true,"href":"https:\/\/redeicm.org.br\/stellamaris\/wp-json\/wp\/v2\/comments?post=2864"}],"version-history":[{"count":2,"href":"https:\/\/redeicm.org.br\/stellamaris\/wp-json\/wp\/v2\/posts\/2864\/revisions"}],"predecessor-version":[{"id":2866,"href":"https:\/\/redeicm.org.br\/stellamaris\/wp-json\/wp\/v2\/posts\/2864\/revisions\/2866"}],"wp:featuredmedia":[{"embeddable":true,"href":"https:\/\/redeicm.org.br\/stellamaris\/wp-json\/wp\/v2\/media\/2859"}],"wp:attachment":[{"href":"https:\/\/redeicm.org.br\/stellamaris\/wp-json\/wp\/v2\/media?parent=2864"}],"wp:term":[{"taxonomy":"category","embeddable":true,"href":"https:\/\/redeicm.org.br\/stellamaris\/wp-json\/wp\/v2\/categories?post=2864"},{"taxonomy":"post_tag","embeddable":true,"href":"https:\/\/redeicm.org.br\/stellamaris\/wp-json\/wp\/v2\/tags?post=2864"}],"curies":[{"name":"wp","href":"https:\/\/api.w.org\/{rel}","templated":true}]}}