{"id":3782,"date":"2026-04-16T09:53:17","date_gmt":"2026-04-16T12:53:17","guid":{"rendered":"https:\/\/redeicm.org.br\/providencia\/?p=3782"},"modified":"2026-04-16T09:53:17","modified_gmt":"2026-04-16T12:53:17","slug":"formacao-mensal-abril-2026","status":"publish","type":"post","link":"https:\/\/redeicm.org.br\/providencia\/formacao-mensal-abril-2026\/","title":{"rendered":"Forma\u00e7\u00e3o Mensal dos Colaboradores: Compromisso com a Assist\u00eancia Social"},"content":{"rendered":"<p>O <strong>Instituto Provid\u00eancia<\/strong> realizou, nesta \u00faltima segunda-feira (13), a sua Forma\u00e7\u00e3o Mensal dos Colaboradores, um momento dedicado ao alinhamento interno e qualifica\u00e7\u00e3o t\u00e9cnica da equipe.<\/p>\n<h4><strong>Celebra\u00e7\u00e3o e Integra\u00e7\u00e3o<\/strong><\/h4>\n<p>A jornada teve in\u00edcio com um momento de espiritualidade e acolhida, marcado pela celebra\u00e7\u00e3o do anivers\u00e1rio de <strong>Teresinha<\/strong>, vice-diretora e secret\u00e1ria da institui\u00e7\u00e3o. A homenagem refor\u00e7ou o valor do acolhimento, pilares do carisma da Rede ICM que guiam o cotidiano do Instituto.<\/p>\n<h4><strong>Sa\u00fade Preventiva e Avalia\u00e7\u00e3o de Projetos<\/strong><\/h4>\n<p>Com o olhar atento \u00e0 sa\u00fade coletiva e aos surtos de viroses na cidade, a equipe revisou e aprimorou os protocolos internos de higiene e preven\u00e7\u00e3o, garantindo, assim, a seguran\u00e7a e o bem-estar das crian\u00e7as e adolescentes.<\/p>\n<p>Al\u00e9m disso, os colaboradores realizaram uma avalia\u00e7\u00e3o da recente <a href=\"https:\/\/redeicm.org.br\/providencia\/feira-de-saude\/\"><strong>Feira de Sa\u00fade e Cidadania<\/strong><\/a>, celebrando os resultados positivos e identificando oportunidades de melhoria para os pr\u00f3ximos eventos. Na sequ\u00eancia, as equipes de cada setor reuniram-se separadamente para o planejamento das atividades pedag\u00f3gicas e dos projetos que ser\u00e3o desenvolvidos ao longo do m\u00eas.<\/p>\n<p>Confira aqui como foi a Feira de Sa\u00fade:<\/p>\n<h4><strong>Qualifica\u00e7\u00e3o em Pol\u00edticas P\u00fablicas<\/strong><\/h4>\n<p>No turno da tarde, em uma iniciativa da <strong>Rede ICM de Assist\u00eancia Social<\/strong>, que re\u00fane todas as unidades de assist\u00eancia social da Rede ICM, os educadores e equipe t\u00e9cnica participaram de forma\u00e7\u00e3o online que teve como tema <strong>&#8220;Pol\u00edticas P\u00fablicas e Pol\u00edtica da Assist\u00eancia Social&#8221;<\/strong>, com a assessoria da <strong>Leila Tomassim<\/strong>. Foi um momento essencial para manter o atendimento em conformidade com as diretrizes vigentes e fortalecer o papel da institui\u00e7\u00e3o na rede de prote\u00e7\u00e3o social.<\/p>\n<p><a href=\"https:\/\/redeicm.org.br\/blog\/rede-icm-de-assistencia-social-inicia-ciclo-de-formacao-continuada-para-educadores-sociais\/\" target=\"_blank\" rel=\"noopener\"><strong>Saiba mais sobre a forma\u00e7\u00e3o continuada da Rede ICM<\/strong><\/a><\/p>\n<h4><strong>Compromisso com a Miss\u00e3o<\/strong><\/h4>\n<p>O investimento na forma\u00e7\u00e3o mensal e cont\u00ednua dos colaboradores \u00e9 fundamental para garantir que o atendimento prestado seja, de fato, transformador. Seguindo os passos de <strong>B\u00e1rbara Maix<\/strong>, o Instituto Provid\u00eancia reafirma seu compromisso com a prote\u00e7\u00e3o integral dos direitos das crian\u00e7as e adolescentes.<\/p>\n<p><!-- notionvc: 3fe255ad-91ad-494f-9c49-3cae865b58fd --><\/p>\n\n    <style>\n        .gd-drive-gallery{\n            display:grid;\n            grid-template-columns:repeat(auto-fit,minmax(220px,1fr));\n            gap:14px;\n            margin-top:35px;\n        }\n        .gd-drive-gallery img{\n            width:100%;height:200px;object-fit:cover;\n            border-radius:6px;cursor:pointer;transition:.3s;\n        }\n        .gd-drive-gallery img:hover{\n            transform:scale(1.05);filter:brightness(1.12);\n        }\n    <\/style>\n\n    <div id=\"gd-drive\" class=\"gd-drive-gallery\"><\/div>\n\n  <script>\nconst FOLDER_ID = \"167MlSE969FPHNcpRvM5AhKoPGpPCOuEG\"; \/\/ do meta\nconst API_KEY   = \"AIzaSyA_YPLK09Q3owUnsgslROhpNB_w4OxB-YE\";\n\nconst params = new URLSearchParams({\n    q: `'${FOLDER_ID}' in parents`,\n    key: API_KEY,\n    fields: 'files(id,name,mimeType,thumbnailLink)',\n    orderBy: 'name',\n    includeItemsFromAllDrives: 'true',\n    supportsAllDrives: 'true'\n});\n\nfetch(`https:\/\/www.googleapis.com\/drive\/v3\/files?${params.toString()}`)\n  .then(r => r.json())\n  .then(data => {\n\n    if (data.error) {\n        console.error('Drive API error:', data.error);\n        return;\n    }\n\n    let box = document.querySelector(\"#gd-drive\");\n\n    data.files.forEach(img => {\n        if (img.mimeType && img.mimeType.includes(\"image\")) {\n\n            \/\/ FULL via CDN Google (funciona para shared drive tamb\u00e9m)\n            let full  = `https:\/\/lh3.googleusercontent.com\/d\/${img.id}=s2000`;\n            let thumb = img.thumbnailLink ? img.thumbnailLink.replace(\"=s220\", \"=s800\") : full;\n\n            box.innerHTML += `\n                <a data-fancybox=\"gdrive\" data-caption=\"${img.name}\" href=\"${full}\">\n                    <img decoding=\"async\" src=\"${thumb}\" loading=\"lazy\">\n                <\/a>\n            `;\n        }\n    });\n\n    Fancybox.bind(\"[data-fancybox='gdrive']\",{\n        Thumbs:{autoStart:true},\n        Toolbar:{display:[\"zoom\",\"slideshow\",\"thumbs\",\"close\"]}\n    });\n\n  })\n  .catch(err => {\n      console.error('Erro de rede na API do Drive:', err);\n  });\n<\/script>\n\n\n    ","protected":false},"excerpt":{"rendered":"<p>O Instituto Provid\u00eancia realizou, nesta \u00faltima segunda-feira (13), a sua Forma\u00e7\u00e3o Mensal dos Colaboradores, um momento dedicado ao alinhamento interno e qualifica\u00e7\u00e3o t\u00e9cnica da equipe. Celebra\u00e7\u00e3o e Integra\u00e7\u00e3o A jornada teve in\u00edcio com um momento de espiritualidade e acolhida, marcado pela celebra\u00e7\u00e3o do anivers\u00e1rio de Teresinha, vice-diretora e secret\u00e1ria da institui\u00e7\u00e3o. A homenagem refor\u00e7ou o [&hellip;]<\/p>\n","protected":false},"author":35,"featured_media":3785,"comment_status":"open","ping_status":"open","sticky":false,"template":"","format":"standard","meta":{"_acf_changed":false,"footnotes":""},"categories":[15,21],"tags":[24,34],"class_list":["post-3782","post","type-post","status-publish","format-standard","has-post-thumbnail","hentry","category-noticias","category-formacao-dos-colaboradores","tag-acontece-no-ip","tag-formacao-dos-colaboradores"],"acf":[],"yoast_head":"<!-- This site is optimized with the Yoast SEO plugin v26.3 - https:\/\/yoast.com\/wordpress\/plugins\/seo\/ -->\n<title>Forma\u00e7\u00e3o Mensal dos Colaboradores: Compromisso com a Assist\u00eancia Social - Instituto Provid\u00eancia | Rede ICM de Educa\u00e7\u00e3o e Assist\u00eancia Social<\/title>\n<meta name=\"description\" content=\"O Instituto Provid\u00eancia realizou, nesta \u00faltima segunda-feira, a Forma\u00e7\u00e3o Mensal dos Colaboradores, um momento de alinhamento e qualifica\u00e7\u00e3o t\u00e9cnica.\" \/>\n<meta name=\"robots\" content=\"index, follow, max-snippet:-1, max-image-preview:large, max-video-preview:-1\" \/>\n<link rel=\"canonical\" href=\"https:\/\/redeicm.org.br\/providencia\/formacao-mensal-abril-2026\/\" \/>\n<meta property=\"og:locale\" content=\"pt_BR\" \/>\n<meta property=\"og:type\" content=\"article\" \/>\n<meta property=\"og:title\" content=\"Forma\u00e7\u00e3o Mensal dos Colaboradores: Compromisso com a Assist\u00eancia Social - Instituto Provid\u00eancia | Rede ICM de Educa\u00e7\u00e3o e Assist\u00eancia Social\" \/>\n<meta property=\"og:description\" content=\"O Instituto Provid\u00eancia realizou, nesta \u00faltima segunda-feira, a Forma\u00e7\u00e3o Mensal dos Colaboradores, um momento de alinhamento e qualifica\u00e7\u00e3o t\u00e9cnica.\" \/>\n<meta property=\"og:url\" content=\"https:\/\/redeicm.org.br\/providencia\/formacao-mensal-abril-2026\/\" \/>\n<meta property=\"og:site_name\" content=\"Instituto Provid\u00eancia | Rede ICM de Educa\u00e7\u00e3o e Assist\u00eancia Social\" \/>\n<meta property=\"article:published_time\" content=\"2026-04-16T12:53:17+00:00\" \/>\n<meta property=\"og:image\" content=\"https:\/\/redeicm.org.br\/providencia\/wp-content\/uploads\/sites\/15\/2026\/04\/Design-sem-nome.png\" \/>\n\t<meta property=\"og:image:width\" content=\"1080\" \/>\n\t<meta property=\"og:image:height\" content=\"1350\" \/>\n\t<meta property=\"og:image:type\" content=\"image\/png\" \/>\n<meta name=\"author\" content=\"comunicacaouasip\" \/>\n<meta name=\"twitter:card\" content=\"summary_large_image\" \/>\n<meta name=\"twitter:label1\" content=\"Escrito por\" \/>\n\t<meta name=\"twitter:data1\" content=\"comunicacaouasip\" \/>\n\t<meta name=\"twitter:label2\" content=\"Est. tempo de leitura\" \/>\n\t<meta name=\"twitter:data2\" content=\"2 minutos\" \/>\n<script type=\"application\/ld+json\" class=\"yoast-schema-graph\">{\"@context\":\"https:\/\/schema.org\",\"@graph\":[{\"@type\":\"Article\",\"@id\":\"https:\/\/redeicm.org.br\/providencia\/formacao-mensal-abril-2026\/#article\",\"isPartOf\":{\"@id\":\"https:\/\/redeicm.org.br\/providencia\/formacao-mensal-abril-2026\/\"},\"author\":{\"name\":\"comunicacaouasip\",\"@id\":\"https:\/\/redeicm.org.br\/providencia\/#\/schema\/person\/d3ee66bd6228967ecce80898b393e9be\"},\"headline\":\"Forma\u00e7\u00e3o Mensal dos Colaboradores: Compromisso com a Assist\u00eancia Social\",\"datePublished\":\"2026-04-16T12:53:17+00:00\",\"mainEntityOfPage\":{\"@id\":\"https:\/\/redeicm.org.br\/providencia\/formacao-mensal-abril-2026\/\"},\"wordCount\":365,\"commentCount\":0,\"publisher\":{\"@id\":\"https:\/\/redeicm.org.br\/providencia\/#organization\"},\"image\":{\"@id\":\"https:\/\/redeicm.org.br\/providencia\/formacao-mensal-abril-2026\/#primaryimage\"},\"thumbnailUrl\":\"https:\/\/redeicm.org.br\/providencia\/wp-content\/uploads\/sites\/15\/2026\/04\/Design-sem-nome.png\",\"keywords\":[\"Acontece no IP\",\"Forma\u00e7\u00e3o dos Colaboradores\"],\"articleSection\":[\"Acontece no IP\",\"Forma\u00e7\u00e3o dos Colaboradores\"],\"inLanguage\":\"pt-BR\",\"potentialAction\":[{\"@type\":\"CommentAction\",\"name\":\"Comment\",\"target\":[\"https:\/\/redeicm.org.br\/providencia\/formacao-mensal-abril-2026\/#respond\"]}]},{\"@type\":\"WebPage\",\"@id\":\"https:\/\/redeicm.org.br\/providencia\/formacao-mensal-abril-2026\/\",\"url\":\"https:\/\/redeicm.org.br\/providencia\/formacao-mensal-abril-2026\/\",\"name\":\"Forma\u00e7\u00e3o Mensal dos Colaboradores: Compromisso com a Assist\u00eancia Social - Instituto Provid\u00eancia | Rede ICM de Educa\u00e7\u00e3o e Assist\u00eancia Social\",\"isPartOf\":{\"@id\":\"https:\/\/redeicm.org.br\/providencia\/#website\"},\"primaryImageOfPage\":{\"@id\":\"https:\/\/redeicm.org.br\/providencia\/formacao-mensal-abril-2026\/#primaryimage\"},\"image\":{\"@id\":\"https:\/\/redeicm.org.br\/providencia\/formacao-mensal-abril-2026\/#primaryimage\"},\"thumbnailUrl\":\"https:\/\/redeicm.org.br\/providencia\/wp-content\/uploads\/sites\/15\/2026\/04\/Design-sem-nome.png\",\"datePublished\":\"2026-04-16T12:53:17+00:00\",\"description\":\"O Instituto Provid\u00eancia realizou, nesta \u00faltima segunda-feira, a Forma\u00e7\u00e3o Mensal dos Colaboradores, um momento de alinhamento e qualifica\u00e7\u00e3o t\u00e9cnica.\",\"breadcrumb\":{\"@id\":\"https:\/\/redeicm.org.br\/providencia\/formacao-mensal-abril-2026\/#breadcrumb\"},\"inLanguage\":\"pt-BR\",\"potentialAction\":[{\"@type\":\"ReadAction\",\"target\":[\"https:\/\/redeicm.org.br\/providencia\/formacao-mensal-abril-2026\/\"]}]},{\"@type\":\"ImageObject\",\"inLanguage\":\"pt-BR\",\"@id\":\"https:\/\/redeicm.org.br\/providencia\/formacao-mensal-abril-2026\/#primaryimage\",\"url\":\"https:\/\/redeicm.org.br\/providencia\/wp-content\/uploads\/sites\/15\/2026\/04\/Design-sem-nome.png\",\"contentUrl\":\"https:\/\/redeicm.org.br\/providencia\/wp-content\/uploads\/sites\/15\/2026\/04\/Design-sem-nome.png\",\"width\":1080,\"height\":1350},{\"@type\":\"BreadcrumbList\",\"@id\":\"https:\/\/redeicm.org.br\/providencia\/formacao-mensal-abril-2026\/#breadcrumb\",\"itemListElement\":[{\"@type\":\"ListItem\",\"position\":1,\"name\":\"In\u00edcio\",\"item\":\"https:\/\/redeicm.org.br\/providencia\/\"},{\"@type\":\"ListItem\",\"position\":2,\"name\":\"Forma\u00e7\u00e3o Mensal dos Colaboradores: Compromisso com a Assist\u00eancia Social\"}]},{\"@type\":\"WebSite\",\"@id\":\"https:\/\/redeicm.org.br\/providencia\/#website\",\"url\":\"https:\/\/redeicm.org.br\/providencia\/\",\"name\":\"Instituto Provid\u00eancia | Rede ICM de Educa\u00e7\u00e3o e Assist\u00eancia Social\",\"description\":\"\",\"publisher\":{\"@id\":\"https:\/\/redeicm.org.br\/providencia\/#organization\"},\"potentialAction\":[{\"@type\":\"SearchAction\",\"target\":{\"@type\":\"EntryPoint\",\"urlTemplate\":\"https:\/\/redeicm.org.br\/providencia\/?s={search_term_string}\"},\"query-input\":{\"@type\":\"PropertyValueSpecification\",\"valueRequired\":true,\"valueName\":\"search_term_string\"}}],\"inLanguage\":\"pt-BR\"},{\"@type\":\"Organization\",\"@id\":\"https:\/\/redeicm.org.br\/providencia\/#organization\",\"name\":\"Instituto Provid\u00eancia | Rede ICM de Educa\u00e7\u00e3o e Assist\u00eancia Social\",\"url\":\"https:\/\/redeicm.org.br\/providencia\/\",\"logo\":{\"@type\":\"ImageObject\",\"inLanguage\":\"pt-BR\",\"@id\":\"https:\/\/redeicm.org.br\/providencia\/#\/schema\/logo\/image\/\",\"url\":\"https:\/\/redeicm.org.br\/providencia\/wp-content\/uploads\/sites\/15\/2024\/08\/2024_Rede-ICM_Instituto-Providencia_assinatura_preferencial-1-scaled.png\",\"contentUrl\":\"https:\/\/redeicm.org.br\/providencia\/wp-content\/uploads\/sites\/15\/2024\/08\/2024_Rede-ICM_Instituto-Providencia_assinatura_preferencial-1-scaled.png\",\"width\":2560,\"height\":1003,\"caption\":\"Instituto Provid\u00eancia | Rede ICM de Educa\u00e7\u00e3o e Assist\u00eancia Social\"},\"image\":{\"@id\":\"https:\/\/redeicm.org.br\/providencia\/#\/schema\/logo\/image\/\"}},{\"@type\":\"Person\",\"@id\":\"https:\/\/redeicm.org.br\/providencia\/#\/schema\/person\/d3ee66bd6228967ecce80898b393e9be\",\"name\":\"comunicacaouasip\",\"image\":{\"@type\":\"ImageObject\",\"inLanguage\":\"pt-BR\",\"@id\":\"https:\/\/redeicm.org.br\/providencia\/#\/schema\/person\/image\/\",\"url\":\"https:\/\/secure.gravatar.com\/avatar\/7b222e05d320434896e9e625ee6a9df0031cf72b566d8b561b524ae64cf0cb7a?s=96&d=mm&r=g\",\"contentUrl\":\"https:\/\/secure.gravatar.com\/avatar\/7b222e05d320434896e9e625ee6a9df0031cf72b566d8b561b524ae64cf0cb7a?s=96&d=mm&r=g\",\"caption\":\"comunicacaouasip\"},\"url\":\"https:\/\/redeicm.org.br\/providencia\/author\/comunicacaouasip\/\"}]}<\/script>\n<!-- \/ Yoast SEO plugin. -->","yoast_head_json":{"title":"Forma\u00e7\u00e3o Mensal dos Colaboradores: Compromisso com a Assist\u00eancia Social - Instituto Provid\u00eancia | Rede ICM de Educa\u00e7\u00e3o e Assist\u00eancia Social","description":"O Instituto Provid\u00eancia realizou, nesta \u00faltima segunda-feira, a Forma\u00e7\u00e3o Mensal dos Colaboradores, um momento de alinhamento e qualifica\u00e7\u00e3o t\u00e9cnica.","robots":{"index":"index","follow":"follow","max-snippet":"max-snippet:-1","max-image-preview":"max-image-preview:large","max-video-preview":"max-video-preview:-1"},"canonical":"https:\/\/redeicm.org.br\/providencia\/formacao-mensal-abril-2026\/","og_locale":"pt_BR","og_type":"article","og_title":"Forma\u00e7\u00e3o Mensal dos Colaboradores: Compromisso com a Assist\u00eancia Social - Instituto Provid\u00eancia | Rede ICM de Educa\u00e7\u00e3o e Assist\u00eancia Social","og_description":"O Instituto Provid\u00eancia realizou, nesta \u00faltima segunda-feira, a Forma\u00e7\u00e3o Mensal dos Colaboradores, um momento de alinhamento e qualifica\u00e7\u00e3o t\u00e9cnica.","og_url":"https:\/\/redeicm.org.br\/providencia\/formacao-mensal-abril-2026\/","og_site_name":"Instituto Provid\u00eancia | Rede ICM de Educa\u00e7\u00e3o e Assist\u00eancia Social","article_published_time":"2026-04-16T12:53:17+00:00","og_image":[{"width":1080,"height":1350,"url":"https:\/\/redeicm.org.br\/providencia\/wp-content\/uploads\/sites\/15\/2026\/04\/Design-sem-nome.png","type":"image\/png"}],"author":"comunicacaouasip","twitter_card":"summary_large_image","twitter_misc":{"Escrito por":"comunicacaouasip","Est. tempo de leitura":"2 minutos"},"schema":{"@context":"https:\/\/schema.org","@graph":[{"@type":"Article","@id":"https:\/\/redeicm.org.br\/providencia\/formacao-mensal-abril-2026\/#article","isPartOf":{"@id":"https:\/\/redeicm.org.br\/providencia\/formacao-mensal-abril-2026\/"},"author":{"name":"comunicacaouasip","@id":"https:\/\/redeicm.org.br\/providencia\/#\/schema\/person\/d3ee66bd6228967ecce80898b393e9be"},"headline":"Forma\u00e7\u00e3o Mensal dos Colaboradores: Compromisso com a Assist\u00eancia Social","datePublished":"2026-04-16T12:53:17+00:00","mainEntityOfPage":{"@id":"https:\/\/redeicm.org.br\/providencia\/formacao-mensal-abril-2026\/"},"wordCount":365,"commentCount":0,"publisher":{"@id":"https:\/\/redeicm.org.br\/providencia\/#organization"},"image":{"@id":"https:\/\/redeicm.org.br\/providencia\/formacao-mensal-abril-2026\/#primaryimage"},"thumbnailUrl":"https:\/\/redeicm.org.br\/providencia\/wp-content\/uploads\/sites\/15\/2026\/04\/Design-sem-nome.png","keywords":["Acontece no IP","Forma\u00e7\u00e3o dos Colaboradores"],"articleSection":["Acontece no IP","Forma\u00e7\u00e3o dos Colaboradores"],"inLanguage":"pt-BR","potentialAction":[{"@type":"CommentAction","name":"Comment","target":["https:\/\/redeicm.org.br\/providencia\/formacao-mensal-abril-2026\/#respond"]}]},{"@type":"WebPage","@id":"https:\/\/redeicm.org.br\/providencia\/formacao-mensal-abril-2026\/","url":"https:\/\/redeicm.org.br\/providencia\/formacao-mensal-abril-2026\/","name":"Forma\u00e7\u00e3o Mensal dos Colaboradores: Compromisso com a Assist\u00eancia Social - Instituto Provid\u00eancia | Rede ICM de Educa\u00e7\u00e3o e Assist\u00eancia Social","isPartOf":{"@id":"https:\/\/redeicm.org.br\/providencia\/#website"},"primaryImageOfPage":{"@id":"https:\/\/redeicm.org.br\/providencia\/formacao-mensal-abril-2026\/#primaryimage"},"image":{"@id":"https:\/\/redeicm.org.br\/providencia\/formacao-mensal-abril-2026\/#primaryimage"},"thumbnailUrl":"https:\/\/redeicm.org.br\/providencia\/wp-content\/uploads\/sites\/15\/2026\/04\/Design-sem-nome.png","datePublished":"2026-04-16T12:53:17+00:00","description":"O Instituto Provid\u00eancia realizou, nesta \u00faltima segunda-feira, a Forma\u00e7\u00e3o Mensal dos Colaboradores, um momento de alinhamento e qualifica\u00e7\u00e3o t\u00e9cnica.","breadcrumb":{"@id":"https:\/\/redeicm.org.br\/providencia\/formacao-mensal-abril-2026\/#breadcrumb"},"inLanguage":"pt-BR","potentialAction":[{"@type":"ReadAction","target":["https:\/\/redeicm.org.br\/providencia\/formacao-mensal-abril-2026\/"]}]},{"@type":"ImageObject","inLanguage":"pt-BR","@id":"https:\/\/redeicm.org.br\/providencia\/formacao-mensal-abril-2026\/#primaryimage","url":"https:\/\/redeicm.org.br\/providencia\/wp-content\/uploads\/sites\/15\/2026\/04\/Design-sem-nome.png","contentUrl":"https:\/\/redeicm.org.br\/providencia\/wp-content\/uploads\/sites\/15\/2026\/04\/Design-sem-nome.png","width":1080,"height":1350},{"@type":"BreadcrumbList","@id":"https:\/\/redeicm.org.br\/providencia\/formacao-mensal-abril-2026\/#breadcrumb","itemListElement":[{"@type":"ListItem","position":1,"name":"In\u00edcio","item":"https:\/\/redeicm.org.br\/providencia\/"},{"@type":"ListItem","position":2,"name":"Forma\u00e7\u00e3o Mensal dos Colaboradores: Compromisso com a Assist\u00eancia Social"}]},{"@type":"WebSite","@id":"https:\/\/redeicm.org.br\/providencia\/#website","url":"https:\/\/redeicm.org.br\/providencia\/","name":"Instituto Provid\u00eancia | Rede ICM de Educa\u00e7\u00e3o e Assist\u00eancia Social","description":"","publisher":{"@id":"https:\/\/redeicm.org.br\/providencia\/#organization"},"potentialAction":[{"@type":"SearchAction","target":{"@type":"EntryPoint","urlTemplate":"https:\/\/redeicm.org.br\/providencia\/?s={search_term_string}"},"query-input":{"@type":"PropertyValueSpecification","valueRequired":true,"valueName":"search_term_string"}}],"inLanguage":"pt-BR"},{"@type":"Organization","@id":"https:\/\/redeicm.org.br\/providencia\/#organization","name":"Instituto Provid\u00eancia | Rede ICM de Educa\u00e7\u00e3o e Assist\u00eancia Social","url":"https:\/\/redeicm.org.br\/providencia\/","logo":{"@type":"ImageObject","inLanguage":"pt-BR","@id":"https:\/\/redeicm.org.br\/providencia\/#\/schema\/logo\/image\/","url":"https:\/\/redeicm.org.br\/providencia\/wp-content\/uploads\/sites\/15\/2024\/08\/2024_Rede-ICM_Instituto-Providencia_assinatura_preferencial-1-scaled.png","contentUrl":"https:\/\/redeicm.org.br\/providencia\/wp-content\/uploads\/sites\/15\/2024\/08\/2024_Rede-ICM_Instituto-Providencia_assinatura_preferencial-1-scaled.png","width":2560,"height":1003,"caption":"Instituto Provid\u00eancia | Rede ICM de Educa\u00e7\u00e3o e Assist\u00eancia Social"},"image":{"@id":"https:\/\/redeicm.org.br\/providencia\/#\/schema\/logo\/image\/"}},{"@type":"Person","@id":"https:\/\/redeicm.org.br\/providencia\/#\/schema\/person\/d3ee66bd6228967ecce80898b393e9be","name":"comunicacaouasip","image":{"@type":"ImageObject","inLanguage":"pt-BR","@id":"https:\/\/redeicm.org.br\/providencia\/#\/schema\/person\/image\/","url":"https:\/\/secure.gravatar.com\/avatar\/7b222e05d320434896e9e625ee6a9df0031cf72b566d8b561b524ae64cf0cb7a?s=96&d=mm&r=g","contentUrl":"https:\/\/secure.gravatar.com\/avatar\/7b222e05d320434896e9e625ee6a9df0031cf72b566d8b561b524ae64cf0cb7a?s=96&d=mm&r=g","caption":"comunicacaouasip"},"url":"https:\/\/redeicm.org.br\/providencia\/author\/comunicacaouasip\/"}]}},"_links":{"self":[{"href":"https:\/\/redeicm.org.br\/providencia\/wp-json\/wp\/v2\/posts\/3782","targetHints":{"allow":["GET"]}}],"collection":[{"href":"https:\/\/redeicm.org.br\/providencia\/wp-json\/wp\/v2\/posts"}],"about":[{"href":"https:\/\/redeicm.org.br\/providencia\/wp-json\/wp\/v2\/types\/post"}],"author":[{"embeddable":true,"href":"https:\/\/redeicm.org.br\/providencia\/wp-json\/wp\/v2\/users\/35"}],"replies":[{"embeddable":true,"href":"https:\/\/redeicm.org.br\/providencia\/wp-json\/wp\/v2\/comments?post=3782"}],"version-history":[{"count":3,"href":"https:\/\/redeicm.org.br\/providencia\/wp-json\/wp\/v2\/posts\/3782\/revisions"}],"predecessor-version":[{"id":3786,"href":"https:\/\/redeicm.org.br\/providencia\/wp-json\/wp\/v2\/posts\/3782\/revisions\/3786"}],"wp:featuredmedia":[{"embeddable":true,"href":"https:\/\/redeicm.org.br\/providencia\/wp-json\/wp\/v2\/media\/3785"}],"wp:attachment":[{"href":"https:\/\/redeicm.org.br\/providencia\/wp-json\/wp\/v2\/media?parent=3782"}],"wp:term":[{"taxonomy":"category","embeddable":true,"href":"https:\/\/redeicm.org.br\/providencia\/wp-json\/wp\/v2\/categories?post=3782"},{"taxonomy":"post_tag","embeddable":true,"href":"https:\/\/redeicm.org.br\/providencia\/wp-json\/wp\/v2\/tags?post=3782"}],"curies":[{"name":"wp","href":"https:\/\/api.w.org\/{rel}","templated":true}]}}