{"id":4098,"date":"2026-08-31T09:14:01","date_gmt":"2026-08-31T12:14:01","guid":{"rendered":"https:\/\/redeicm.org.br\/pioxii\/?p=4098"},"modified":"2026-08-31T09:14:01","modified_gmt":"2026-08-31T12:14:01","slug":"circuito-da-educacao-infantil-2","status":"publish","type":"post","link":"https:\/\/redeicm.org.br\/pioxii\/circuito-da-educacao-infantil-2\/","title":{"rendered":"Circuito da Educa\u00e7\u00e3o Infantil"},"content":{"rendered":"<h1>Circo dos Movimentos promove manh\u00e3 de divers\u00e3o, intera\u00e7\u00e3o e aprendizagem na Educa\u00e7\u00e3o Infantil<\/h1>\n<p class=\"isSelectedEnd\">A Escola Pio XII realizou, neste s\u00e1bado, o Circuito da Educa\u00e7\u00e3o Infantil &#8211; Circo dos Movimentos, proporcionando \u00e0s crian\u00e7as e suas fam\u00edlias uma manh\u00e3 repleta de alegria, descobertas, brincadeiras e experi\u00eancias corporais.<\/p>\n<p class=\"isSelectedEnd\">Inspirado nas artes circenses, o circuito foi planejado com o objetivo de promover a intera\u00e7\u00e3o entre crian\u00e7as e fam\u00edlias por meio de experi\u00eancias que valorizam os movimentos, os gestos, a express\u00e3o e a criatividade, em sintonia com o Campo de Experi\u00eancia \u201cCorpo, Gestos e Movimentos\u201d, da Base Nacional Comum Curricular (BNCC).<\/p>\n<p class=\"isSelectedEnd\">Logo na chegada, as crian\u00e7as receberam o Passaporte do Pequeno Artista e foram convidadas a entrar no clima do circo. Ao longo da manh\u00e3, participaram, junto aos pais e respons\u00e1veis, de diferentes atividades e desafios que estimularam a coordena\u00e7\u00e3o motora, o equil\u00edbrio, a concentra\u00e7\u00e3o, a criatividade e a express\u00e3o corporal.<\/p>\n<p class=\"isSelectedEnd\">Em cada oficina, os pequenos artistas e seus familiares puderam experimentar novas possibilidades de movimento e intera\u00e7\u00e3o, transformando a escola em um verdadeiro picadeiro de aprendizagens. Mais do que realizar atividades, o circuito proporcionou momentos de conviv\u00eancia, afeto, divers\u00e3o e fortalecimento dos v\u00ednculos entre fam\u00edlia e escola.<\/p>\n<p class=\"isSelectedEnd\">A participa\u00e7\u00e3o dos pais e respons\u00e1veis tornou a experi\u00eancia ainda mais especial. Com entusiasmo e disposi\u00e7\u00e3o para brincar, eles entraram em cena ao lado das crian\u00e7as, mostrando que, na inf\u00e2ncia, aprender tamb\u00e9m significa experimentar, movimentar-se, imaginar e compartilhar momentos com quem amamos.<\/p>\n<p class=\"isSelectedEnd\">A Escola Pio XII agradece a todas as fam\u00edlias que participaram do Circo dos Movimentos e contribu\u00edram para tornar essa manh\u00e3 t\u00e3o significativa e inesquec\u00edvel.<\/p>\n<p>&nbsp;<\/p>\n<div id='gallery-1' class='gallery galleryid-4098 gallery-columns-8 gallery-size-thumbnail'><figure class='gallery-item'>\n\t\t\t<div class='gallery-icon landscape'>\n\t\t\t\t<a href='https:\/\/redeicm.org.br\/pioxii\/circuito-da-educacao-infantil-2\/image00001-56\/'><img decoding=\"async\" width=\"150\" height=\"150\" src=\"https:\/\/redeicm.org.br\/pioxii\/wp-content\/uploads\/sites\/2\/2026\/08\/Image00001-3-150x150.jpg\" class=\"attachment-thumbnail size-thumbnail\" alt=\"\" \/><\/a>\n\t\t\t<\/div><\/figure><figure class='gallery-item'>\n\t\t\t<div class='gallery-icon landscape'>\n\t\t\t\t<a href='https:\/\/redeicm.org.br\/pioxii\/circuito-da-educacao-infantil-2\/image00002-54\/'><img decoding=\"async\" width=\"150\" height=\"150\" src=\"https:\/\/redeicm.org.br\/pioxii\/wp-content\/uploads\/sites\/2\/2026\/08\/Image00002-3-150x150.jpg\" class=\"attachment-thumbnail size-thumbnail\" alt=\"\" \/><\/a>\n\t\t\t<\/div><\/figure><figure class='gallery-item'>\n\t\t\t<div class='gallery-icon landscape'>\n\t\t\t\t<a href='https:\/\/redeicm.org.br\/pioxii\/circuito-da-educacao-infantil-2\/image00003-53\/'><img decoding=\"async\" width=\"150\" height=\"150\" src=\"https:\/\/redeicm.org.br\/pioxii\/wp-content\/uploads\/sites\/2\/2026\/08\/Image00003-3-150x150.jpg\" class=\"attachment-thumbnail size-thumbnail\" alt=\"\" \/><\/a>\n\t\t\t<\/div><\/figure><figure class='gallery-item'>\n\t\t\t<div class='gallery-icon landscape'>\n\t\t\t\t<a href='https:\/\/redeicm.org.br\/pioxii\/circuito-da-educacao-infantil-2\/image00004-55\/'><img loading=\"lazy\" decoding=\"async\" width=\"150\" height=\"150\" src=\"https:\/\/redeicm.org.br\/pioxii\/wp-content\/uploads\/sites\/2\/2026\/08\/Image00004-3-150x150.jpg\" class=\"attachment-thumbnail size-thumbnail\" alt=\"\" \/><\/a>\n\t\t\t<\/div><\/figure><figure class='gallery-item'>\n\t\t\t<div class='gallery-icon landscape'>\n\t\t\t\t<a href='https:\/\/redeicm.org.br\/pioxii\/circuito-da-educacao-infantil-2\/image00005-45\/'><img loading=\"lazy\" decoding=\"async\" width=\"150\" height=\"150\" src=\"https:\/\/redeicm.org.br\/pioxii\/wp-content\/uploads\/sites\/2\/2026\/08\/Image00005-3-150x150.jpg\" class=\"attachment-thumbnail size-thumbnail\" alt=\"\" \/><\/a>\n\t\t\t<\/div><\/figure><figure class='gallery-item'>\n\t\t\t<div class='gallery-icon landscape'>\n\t\t\t\t<a href='https:\/\/redeicm.org.br\/pioxii\/circuito-da-educacao-infantil-2\/image00006-45\/'><img loading=\"lazy\" decoding=\"async\" width=\"150\" height=\"150\" src=\"https:\/\/redeicm.org.br\/pioxii\/wp-content\/uploads\/sites\/2\/2026\/08\/Image00006-3-150x150.jpg\" class=\"attachment-thumbnail size-thumbnail\" alt=\"\" \/><\/a>\n\t\t\t<\/div><\/figure><figure class='gallery-item'>\n\t\t\t<div class='gallery-icon landscape'>\n\t\t\t\t<a href='https:\/\/redeicm.org.br\/pioxii\/circuito-da-educacao-infantil-2\/image00007-42\/'><img loading=\"lazy\" decoding=\"async\" width=\"150\" height=\"150\" src=\"https:\/\/redeicm.org.br\/pioxii\/wp-content\/uploads\/sites\/2\/2026\/08\/Image00007-3-150x150.jpg\" class=\"attachment-thumbnail size-thumbnail\" alt=\"\" \/><\/a>\n\t\t\t<\/div><\/figure><figure class='gallery-item'>\n\t\t\t<div class='gallery-icon landscape'>\n\t\t\t\t<a href='https:\/\/redeicm.org.br\/pioxii\/circuito-da-educacao-infantil-2\/image00008-40\/'><img loading=\"lazy\" decoding=\"async\" width=\"150\" height=\"150\" src=\"https:\/\/redeicm.org.br\/pioxii\/wp-content\/uploads\/sites\/2\/2026\/08\/Image00008-3-150x150.jpg\" class=\"attachment-thumbnail size-thumbnail\" alt=\"\" \/><\/a>\n\t\t\t<\/div><\/figure><figure class='gallery-item'>\n\t\t\t<div class='gallery-icon landscape'>\n\t\t\t\t<a href='https:\/\/redeicm.org.br\/pioxii\/circuito-da-educacao-infantil-2\/image00009-43\/'><img loading=\"lazy\" decoding=\"async\" width=\"150\" height=\"150\" src=\"https:\/\/redeicm.org.br\/pioxii\/wp-content\/uploads\/sites\/2\/2026\/08\/Image00009-3-150x150.jpg\" class=\"attachment-thumbnail size-thumbnail\" alt=\"\" \/><\/a>\n\t\t\t<\/div><\/figure><figure class='gallery-item'>\n\t\t\t<div class='gallery-icon landscape'>\n\t\t\t\t<a href='https:\/\/redeicm.org.br\/pioxii\/circuito-da-educacao-infantil-2\/image00010-41\/'><img loading=\"lazy\" decoding=\"async\" width=\"150\" height=\"150\" src=\"https:\/\/redeicm.org.br\/pioxii\/wp-content\/uploads\/sites\/2\/2026\/08\/Image00010-3-150x150.jpg\" class=\"attachment-thumbnail size-thumbnail\" alt=\"\" \/><\/a>\n\t\t\t<\/div><\/figure><figure class='gallery-item'>\n\t\t\t<div class='gallery-icon landscape'>\n\t\t\t\t<a href='https:\/\/redeicm.org.br\/pioxii\/circuito-da-educacao-infantil-2\/image00012-39\/'><img loading=\"lazy\" decoding=\"async\" width=\"150\" height=\"150\" src=\"https:\/\/redeicm.org.br\/pioxii\/wp-content\/uploads\/sites\/2\/2026\/08\/Image00012-3-150x150.jpg\" class=\"attachment-thumbnail size-thumbnail\" alt=\"\" \/><\/a>\n\t\t\t<\/div><\/figure><figure class='gallery-item'>\n\t\t\t<div class='gallery-icon landscape'>\n\t\t\t\t<a href='https:\/\/redeicm.org.br\/pioxii\/circuito-da-educacao-infantil-2\/image00013-40\/'><img loading=\"lazy\" decoding=\"async\" width=\"150\" height=\"150\" src=\"https:\/\/redeicm.org.br\/pioxii\/wp-content\/uploads\/sites\/2\/2026\/08\/Image00013-3-150x150.jpg\" class=\"attachment-thumbnail size-thumbnail\" alt=\"\" \/><\/a>\n\t\t\t<\/div><\/figure><figure class='gallery-item'>\n\t\t\t<div class='gallery-icon landscape'>\n\t\t\t\t<a href='https:\/\/redeicm.org.br\/pioxii\/circuito-da-educacao-infantil-2\/image00014-42\/'><img loading=\"lazy\" decoding=\"async\" width=\"150\" height=\"150\" src=\"https:\/\/redeicm.org.br\/pioxii\/wp-content\/uploads\/sites\/2\/2026\/08\/Image00014-3-150x150.jpg\" class=\"attachment-thumbnail size-thumbnail\" alt=\"\" \/><\/a>\n\t\t\t<\/div><\/figure><figure class='gallery-item'>\n\t\t\t<div class='gallery-icon landscape'>\n\t\t\t\t<a href='https:\/\/redeicm.org.br\/pioxii\/circuito-da-educacao-infantil-2\/image00015-36\/'><img loading=\"lazy\" decoding=\"async\" width=\"150\" height=\"150\" src=\"https:\/\/redeicm.org.br\/pioxii\/wp-content\/uploads\/sites\/2\/2026\/08\/Image00015-3-150x150.jpg\" class=\"attachment-thumbnail size-thumbnail\" alt=\"\" \/><\/a>\n\t\t\t<\/div><\/figure><figure class='gallery-item'>\n\t\t\t<div class='gallery-icon landscape'>\n\t\t\t\t<a href='https:\/\/redeicm.org.br\/pioxii\/circuito-da-educacao-infantil-2\/image00016-39\/'><img loading=\"lazy\" decoding=\"async\" width=\"150\" height=\"150\" src=\"https:\/\/redeicm.org.br\/pioxii\/wp-content\/uploads\/sites\/2\/2026\/08\/Image00016-3-150x150.jpg\" class=\"attachment-thumbnail size-thumbnail\" alt=\"\" \/><\/a>\n\t\t\t<\/div><\/figure><figure class='gallery-item'>\n\t\t\t<div class='gallery-icon landscape'>\n\t\t\t\t<a href='https:\/\/redeicm.org.br\/pioxii\/circuito-da-educacao-infantil-2\/image00017-37\/'><img loading=\"lazy\" decoding=\"async\" width=\"150\" height=\"150\" src=\"https:\/\/redeicm.org.br\/pioxii\/wp-content\/uploads\/sites\/2\/2026\/08\/Image00017-3-150x150.jpg\" class=\"attachment-thumbnail size-thumbnail\" alt=\"\" \/><\/a>\n\t\t\t<\/div><\/figure><figure class='gallery-item'>\n\t\t\t<div class='gallery-icon landscape'>\n\t\t\t\t<a href='https:\/\/redeicm.org.br\/pioxii\/circuito-da-educacao-infantil-2\/image00018-31\/'><img loading=\"lazy\" decoding=\"async\" width=\"150\" height=\"150\" src=\"https:\/\/redeicm.org.br\/pioxii\/wp-content\/uploads\/sites\/2\/2026\/08\/Image00018-3-150x150.jpg\" class=\"attachment-thumbnail size-thumbnail\" alt=\"\" \/><\/a>\n\t\t\t<\/div><\/figure><figure class='gallery-item'>\n\t\t\t<div class='gallery-icon landscape'>\n\t\t\t\t<a href='https:\/\/redeicm.org.br\/pioxii\/circuito-da-educacao-infantil-2\/image00020-32\/'><img loading=\"lazy\" decoding=\"async\" width=\"150\" height=\"150\" src=\"https:\/\/redeicm.org.br\/pioxii\/wp-content\/uploads\/sites\/2\/2026\/08\/Image00020-3-150x150.jpg\" class=\"attachment-thumbnail size-thumbnail\" alt=\"\" \/><\/a>\n\t\t\t<\/div><\/figure><figure class='gallery-item'>\n\t\t\t<div class='gallery-icon landscape'>\n\t\t\t\t<a href='https:\/\/redeicm.org.br\/pioxii\/circuito-da-educacao-infantil-2\/image00021-31\/'><img loading=\"lazy\" decoding=\"async\" width=\"150\" height=\"150\" src=\"https:\/\/redeicm.org.br\/pioxii\/wp-content\/uploads\/sites\/2\/2026\/08\/Image00021-3-150x150.jpg\" class=\"attachment-thumbnail size-thumbnail\" alt=\"\" \/><\/a>\n\t\t\t<\/div><\/figure><figure class='gallery-item'>\n\t\t\t<div class='gallery-icon landscape'>\n\t\t\t\t<a href='https:\/\/redeicm.org.br\/pioxii\/circuito-da-educacao-infantil-2\/image00022-28\/'><img loading=\"lazy\" decoding=\"async\" width=\"150\" height=\"150\" src=\"https:\/\/redeicm.org.br\/pioxii\/wp-content\/uploads\/sites\/2\/2026\/08\/Image00022-2-150x150.jpg\" class=\"attachment-thumbnail size-thumbnail\" alt=\"\" \/><\/a>\n\t\t\t<\/div><\/figure><figure class='gallery-item'>\n\t\t\t<div class='gallery-icon landscape'>\n\t\t\t\t<a href='https:\/\/redeicm.org.br\/pioxii\/circuito-da-educacao-infantil-2\/image00023-27\/'><img loading=\"lazy\" decoding=\"async\" width=\"150\" height=\"150\" src=\"https:\/\/redeicm.org.br\/pioxii\/wp-content\/uploads\/sites\/2\/2026\/08\/Image00023-1-150x150.jpg\" class=\"attachment-thumbnail size-thumbnail\" alt=\"\" \/><\/a>\n\t\t\t<\/div><\/figure><figure class='gallery-item'>\n\t\t\t<div class='gallery-icon landscape'>\n\t\t\t\t<a href='https:\/\/redeicm.org.br\/pioxii\/circuito-da-educacao-infantil-2\/image00024-24\/'><img loading=\"lazy\" decoding=\"async\" width=\"150\" height=\"150\" src=\"https:\/\/redeicm.org.br\/pioxii\/wp-content\/uploads\/sites\/2\/2026\/08\/Image00024-1-150x150.jpg\" class=\"attachment-thumbnail size-thumbnail\" alt=\"\" \/><\/a>\n\t\t\t<\/div><\/figure><figure class='gallery-item'>\n\t\t\t<div class='gallery-icon landscape'>\n\t\t\t\t<a href='https:\/\/redeicm.org.br\/pioxii\/circuito-da-educacao-infantil-2\/image00025-26\/'><img loading=\"lazy\" decoding=\"async\" width=\"150\" height=\"150\" src=\"https:\/\/redeicm.org.br\/pioxii\/wp-content\/uploads\/sites\/2\/2026\/08\/Image00025-1-150x150.jpg\" class=\"attachment-thumbnail size-thumbnail\" alt=\"\" \/><\/a>\n\t\t\t<\/div><\/figure><figure class='gallery-item'>\n\t\t\t<div class='gallery-icon portrait'>\n\t\t\t\t<a href='https:\/\/redeicm.org.br\/pioxii\/circuito-da-educacao-infantil-2\/image00026-24\/'><img loading=\"lazy\" decoding=\"async\" width=\"150\" height=\"150\" src=\"https:\/\/redeicm.org.br\/pioxii\/wp-content\/uploads\/sites\/2\/2026\/08\/Image00026-1-150x150.jpg\" class=\"attachment-thumbnail size-thumbnail\" alt=\"\" \/><\/a>\n\t\t\t<\/div><\/figure><figure class='gallery-item'>\n\t\t\t<div class='gallery-icon portrait'>\n\t\t\t\t<a href='https:\/\/redeicm.org.br\/pioxii\/circuito-da-educacao-infantil-2\/image00027-24\/'><img loading=\"lazy\" decoding=\"async\" width=\"150\" height=\"150\" src=\"https:\/\/redeicm.org.br\/pioxii\/wp-content\/uploads\/sites\/2\/2026\/08\/Image00027-1-150x150.jpg\" class=\"attachment-thumbnail size-thumbnail\" alt=\"\" \/><\/a>\n\t\t\t<\/div><\/figure><figure class='gallery-item'>\n\t\t\t<div class='gallery-icon portrait'>\n\t\t\t\t<a href='https:\/\/redeicm.org.br\/pioxii\/circuito-da-educacao-infantil-2\/image00030-22\/'><img loading=\"lazy\" decoding=\"async\" width=\"150\" height=\"150\" src=\"https:\/\/redeicm.org.br\/pioxii\/wp-content\/uploads\/sites\/2\/2026\/08\/Image00030-150x150.jpg\" class=\"attachment-thumbnail size-thumbnail\" alt=\"\" \/><\/a>\n\t\t\t<\/div><\/figure><figure class='gallery-item'>\n\t\t\t<div class='gallery-icon landscape'>\n\t\t\t\t<a href='https:\/\/redeicm.org.br\/pioxii\/circuito-da-educacao-infantil-2\/image00032-19\/'><img loading=\"lazy\" decoding=\"async\" width=\"150\" height=\"150\" src=\"https:\/\/redeicm.org.br\/pioxii\/wp-content\/uploads\/sites\/2\/2026\/08\/Image00032-150x150.jpg\" class=\"attachment-thumbnail size-thumbnail\" alt=\"\" \/><\/a>\n\t\t\t<\/div><\/figure><figure class='gallery-item'>\n\t\t\t<div class='gallery-icon landscape'>\n\t\t\t\t<a href='https:\/\/redeicm.org.br\/pioxii\/circuito-da-educacao-infantil-2\/image00037-15\/'><img loading=\"lazy\" decoding=\"async\" width=\"150\" height=\"150\" src=\"https:\/\/redeicm.org.br\/pioxii\/wp-content\/uploads\/sites\/2\/2026\/08\/Image00037-150x150.jpg\" class=\"attachment-thumbnail size-thumbnail\" alt=\"\" \/><\/a>\n\t\t\t<\/div><\/figure><figure class='gallery-item'>\n\t\t\t<div class='gallery-icon portrait'>\n\t\t\t\t<a href='https:\/\/redeicm.org.br\/pioxii\/circuito-da-educacao-infantil-2\/image00039-14\/'><img loading=\"lazy\" decoding=\"async\" width=\"150\" height=\"150\" src=\"https:\/\/redeicm.org.br\/pioxii\/wp-content\/uploads\/sites\/2\/2026\/08\/Image00039-150x150.jpg\" class=\"attachment-thumbnail size-thumbnail\" alt=\"\" \/><\/a>\n\t\t\t<\/div><\/figure><figure class='gallery-item'>\n\t\t\t<div class='gallery-icon portrait'>\n\t\t\t\t<a href='https:\/\/redeicm.org.br\/pioxii\/circuito-da-educacao-infantil-2\/image00040-16\/'><img loading=\"lazy\" decoding=\"async\" width=\"150\" height=\"150\" src=\"https:\/\/redeicm.org.br\/pioxii\/wp-content\/uploads\/sites\/2\/2026\/08\/Image00040-150x150.jpg\" class=\"attachment-thumbnail size-thumbnail\" alt=\"\" \/><\/a>\n\t\t\t<\/div><\/figure><figure class='gallery-item'>\n\t\t\t<div class='gallery-icon portrait'>\n\t\t\t\t<a href='https:\/\/redeicm.org.br\/pioxii\/circuito-da-educacao-infantil-2\/image00041-13\/'><img loading=\"lazy\" decoding=\"async\" width=\"150\" height=\"150\" src=\"https:\/\/redeicm.org.br\/pioxii\/wp-content\/uploads\/sites\/2\/2026\/08\/Image00041-150x150.jpg\" class=\"attachment-thumbnail size-thumbnail\" alt=\"\" \/><\/a>\n\t\t\t<\/div><\/figure><figure class='gallery-item'>\n\t\t\t<div class='gallery-icon portrait'>\n\t\t\t\t<a href='https:\/\/redeicm.org.br\/pioxii\/circuito-da-educacao-infantil-2\/image00042-11\/'><img loading=\"lazy\" decoding=\"async\" width=\"150\" height=\"150\" src=\"https:\/\/redeicm.org.br\/pioxii\/wp-content\/uploads\/sites\/2\/2026\/08\/Image00042-150x150.jpg\" class=\"attachment-thumbnail size-thumbnail\" alt=\"\" \/><\/a>\n\t\t\t<\/div><\/figure><figure class='gallery-item'>\n\t\t\t<div class='gallery-icon portrait'>\n\t\t\t\t<a href='https:\/\/redeicm.org.br\/pioxii\/circuito-da-educacao-infantil-2\/image00044-12\/'><img loading=\"lazy\" decoding=\"async\" width=\"150\" height=\"150\" src=\"https:\/\/redeicm.org.br\/pioxii\/wp-content\/uploads\/sites\/2\/2026\/08\/Image00044-150x150.jpg\" class=\"attachment-thumbnail size-thumbnail\" alt=\"\" \/><\/a>\n\t\t\t<\/div><\/figure><figure class='gallery-item'>\n\t\t\t<div class='gallery-icon landscape'>\n\t\t\t\t<a href='https:\/\/redeicm.org.br\/pioxii\/circuito-da-educacao-infantil-2\/image00045-11\/'><img loading=\"lazy\" decoding=\"async\" width=\"150\" height=\"150\" src=\"https:\/\/redeicm.org.br\/pioxii\/wp-content\/uploads\/sites\/2\/2026\/08\/Image00045-150x150.jpg\" class=\"attachment-thumbnail size-thumbnail\" alt=\"\" \/><\/a>\n\t\t\t<\/div><\/figure><figure class='gallery-item'>\n\t\t\t<div class='gallery-icon landscape'>\n\t\t\t\t<a href='https:\/\/redeicm.org.br\/pioxii\/circuito-da-educacao-infantil-2\/image00046-12\/'><img loading=\"lazy\" decoding=\"async\" width=\"150\" height=\"150\" src=\"https:\/\/redeicm.org.br\/pioxii\/wp-content\/uploads\/sites\/2\/2026\/08\/Image00046-150x150.jpg\" class=\"attachment-thumbnail size-thumbnail\" alt=\"\" \/><\/a>\n\t\t\t<\/div><\/figure><figure class='gallery-item'>\n\t\t\t<div class='gallery-icon landscape'>\n\t\t\t\t<a href='https:\/\/redeicm.org.br\/pioxii\/circuito-da-educacao-infantil-2\/image00048-12\/'><img loading=\"lazy\" decoding=\"async\" width=\"150\" height=\"150\" src=\"https:\/\/redeicm.org.br\/pioxii\/wp-content\/uploads\/sites\/2\/2026\/08\/Image00048-150x150.jpg\" class=\"attachment-thumbnail size-thumbnail\" alt=\"\" \/><\/a>\n\t\t\t<\/div><\/figure><figure class='gallery-item'>\n\t\t\t<div class='gallery-icon portrait'>\n\t\t\t\t<a href='https:\/\/redeicm.org.br\/pioxii\/circuito-da-educacao-infantil-2\/image00049-11\/'><img loading=\"lazy\" decoding=\"async\" width=\"150\" height=\"150\" src=\"https:\/\/redeicm.org.br\/pioxii\/wp-content\/uploads\/sites\/2\/2026\/08\/Image00049-150x150.jpg\" class=\"attachment-thumbnail size-thumbnail\" alt=\"\" \/><\/a>\n\t\t\t<\/div><\/figure><figure class='gallery-item'>\n\t\t\t<div class='gallery-icon portrait'>\n\t\t\t\t<a href='https:\/\/redeicm.org.br\/pioxii\/circuito-da-educacao-infantil-2\/image00051-7\/'><img loading=\"lazy\" decoding=\"async\" width=\"150\" height=\"150\" src=\"https:\/\/redeicm.org.br\/pioxii\/wp-content\/uploads\/sites\/2\/2026\/08\/Image00051-150x150.jpg\" class=\"attachment-thumbnail size-thumbnail\" alt=\"\" \/><\/a>\n\t\t\t<\/div><\/figure><figure class='gallery-item'>\n\t\t\t<div class='gallery-icon portrait'>\n\t\t\t\t<a href='https:\/\/redeicm.org.br\/pioxii\/circuito-da-educacao-infantil-2\/image00052-7\/'><img loading=\"lazy\" decoding=\"async\" width=\"150\" height=\"150\" src=\"https:\/\/redeicm.org.br\/pioxii\/wp-content\/uploads\/sites\/2\/2026\/08\/Image00052-150x150.jpg\" class=\"attachment-thumbnail size-thumbnail\" alt=\"\" \/><\/a>\n\t\t\t<\/div><\/figure><figure class='gallery-item'>\n\t\t\t<div class='gallery-icon portrait'>\n\t\t\t\t<a href='https:\/\/redeicm.org.br\/pioxii\/circuito-da-educacao-infantil-2\/image00053-7\/'><img loading=\"lazy\" decoding=\"async\" width=\"150\" height=\"150\" src=\"https:\/\/redeicm.org.br\/pioxii\/wp-content\/uploads\/sites\/2\/2026\/08\/Image00053-150x150.jpg\" class=\"attachment-thumbnail size-thumbnail\" alt=\"\" \/><\/a>\n\t\t\t<\/div><\/figure><figure class='gallery-item'>\n\t\t\t<div class='gallery-icon portrait'>\n\t\t\t\t<a href='https:\/\/redeicm.org.br\/pioxii\/circuito-da-educacao-infantil-2\/image00054-7\/'><img loading=\"lazy\" decoding=\"async\" width=\"150\" height=\"150\" src=\"https:\/\/redeicm.org.br\/pioxii\/wp-content\/uploads\/sites\/2\/2026\/08\/Image00054-150x150.jpg\" class=\"attachment-thumbnail size-thumbnail\" alt=\"\" \/><\/a>\n\t\t\t<\/div><\/figure><figure class='gallery-item'>\n\t\t\t<div class='gallery-icon portrait'>\n\t\t\t\t<a href='https:\/\/redeicm.org.br\/pioxii\/circuito-da-educacao-infantil-2\/image00055-8\/'><img loading=\"lazy\" decoding=\"async\" width=\"150\" height=\"150\" src=\"https:\/\/redeicm.org.br\/pioxii\/wp-content\/uploads\/sites\/2\/2026\/08\/Image00055-150x150.jpg\" class=\"attachment-thumbnail size-thumbnail\" alt=\"\" \/><\/a>\n\t\t\t<\/div><\/figure><figure class='gallery-item'>\n\t\t\t<div class='gallery-icon portrait'>\n\t\t\t\t<a href='https:\/\/redeicm.org.br\/pioxii\/circuito-da-educacao-infantil-2\/image00056-7\/'><img loading=\"lazy\" decoding=\"async\" width=\"150\" height=\"150\" src=\"https:\/\/redeicm.org.br\/pioxii\/wp-content\/uploads\/sites\/2\/2026\/08\/Image00056-150x150.jpg\" class=\"attachment-thumbnail size-thumbnail\" alt=\"\" \/><\/a>\n\t\t\t<\/div><\/figure><figure class='gallery-item'>\n\t\t\t<div class='gallery-icon portrait'>\n\t\t\t\t<a href='https:\/\/redeicm.org.br\/pioxii\/circuito-da-educacao-infantil-2\/image00059-7\/'><img loading=\"lazy\" decoding=\"async\" width=\"150\" height=\"150\" src=\"https:\/\/redeicm.org.br\/pioxii\/wp-content\/uploads\/sites\/2\/2026\/08\/Image00059-150x150.jpg\" class=\"attachment-thumbnail size-thumbnail\" alt=\"\" \/><\/a>\n\t\t\t<\/div><\/figure><figure class='gallery-item'>\n\t\t\t<div class='gallery-icon portrait'>\n\t\t\t\t<a href='https:\/\/redeicm.org.br\/pioxii\/circuito-da-educacao-infantil-2\/image00060-6\/'><img loading=\"lazy\" decoding=\"async\" width=\"150\" height=\"150\" src=\"https:\/\/redeicm.org.br\/pioxii\/wp-content\/uploads\/sites\/2\/2026\/08\/Image00060-150x150.jpg\" class=\"attachment-thumbnail size-thumbnail\" alt=\"\" \/><\/a>\n\t\t\t<\/div><\/figure><figure class='gallery-item'>\n\t\t\t<div class='gallery-icon portrait'>\n\t\t\t\t<a href='https:\/\/redeicm.org.br\/pioxii\/circuito-da-educacao-infantil-2\/image00062-6\/'><img loading=\"lazy\" decoding=\"async\" width=\"150\" height=\"150\" src=\"https:\/\/redeicm.org.br\/pioxii\/wp-content\/uploads\/sites\/2\/2026\/08\/Image00062-150x150.jpg\" class=\"attachment-thumbnail size-thumbnail\" alt=\"\" \/><\/a>\n\t\t\t<\/div><\/figure><figure class='gallery-item'>\n\t\t\t<div class='gallery-icon portrait'>\n\t\t\t\t<a href='https:\/\/redeicm.org.br\/pioxii\/circuito-da-educacao-infantil-2\/image00063-6\/'><img loading=\"lazy\" decoding=\"async\" width=\"150\" height=\"150\" src=\"https:\/\/redeicm.org.br\/pioxii\/wp-content\/uploads\/sites\/2\/2026\/08\/Image00063-150x150.jpg\" class=\"attachment-thumbnail size-thumbnail\" alt=\"\" \/><\/a>\n\t\t\t<\/div><\/figure><figure class='gallery-item'>\n\t\t\t<div class='gallery-icon portrait'>\n\t\t\t\t<a href='https:\/\/redeicm.org.br\/pioxii\/circuito-da-educacao-infantil-2\/image00064-4\/'><img loading=\"lazy\" decoding=\"async\" width=\"150\" height=\"150\" src=\"https:\/\/redeicm.org.br\/pioxii\/wp-content\/uploads\/sites\/2\/2026\/08\/Image00064-150x150.jpg\" class=\"attachment-thumbnail size-thumbnail\" alt=\"\" \/><\/a>\n\t\t\t<\/div><\/figure><figure class='gallery-item'>\n\t\t\t<div class='gallery-icon portrait'>\n\t\t\t\t<a href='https:\/\/redeicm.org.br\/pioxii\/circuito-da-educacao-infantil-2\/image00065-6\/'><img loading=\"lazy\" decoding=\"async\" width=\"150\" height=\"150\" src=\"https:\/\/redeicm.org.br\/pioxii\/wp-content\/uploads\/sites\/2\/2026\/08\/Image00065-150x150.jpg\" class=\"attachment-thumbnail size-thumbnail\" alt=\"\" \/><\/a>\n\t\t\t<\/div><\/figure><figure class='gallery-item'>\n\t\t\t<div class='gallery-icon portrait'>\n\t\t\t\t<a href='https:\/\/redeicm.org.br\/pioxii\/circuito-da-educacao-infantil-2\/image00066-4\/'><img loading=\"lazy\" decoding=\"async\" width=\"150\" height=\"150\" src=\"https:\/\/redeicm.org.br\/pioxii\/wp-content\/uploads\/sites\/2\/2026\/08\/Image00066-150x150.jpg\" class=\"attachment-thumbnail size-thumbnail\" alt=\"\" \/><\/a>\n\t\t\t<\/div><\/figure><figure class='gallery-item'>\n\t\t\t<div class='gallery-icon portrait'>\n\t\t\t\t<a href='https:\/\/redeicm.org.br\/pioxii\/circuito-da-educacao-infantil-2\/image00067-6\/'><img loading=\"lazy\" decoding=\"async\" width=\"150\" height=\"150\" src=\"https:\/\/redeicm.org.br\/pioxii\/wp-content\/uploads\/sites\/2\/2026\/08\/Image00067-150x150.jpg\" class=\"attachment-thumbnail size-thumbnail\" alt=\"\" \/><\/a>\n\t\t\t<\/div><\/figure><figure class='gallery-item'>\n\t\t\t<div class='gallery-icon portrait'>\n\t\t\t\t<a href='https:\/\/redeicm.org.br\/pioxii\/circuito-da-educacao-infantil-2\/image00068-6\/'><img loading=\"lazy\" decoding=\"async\" width=\"150\" height=\"150\" src=\"https:\/\/redeicm.org.br\/pioxii\/wp-content\/uploads\/sites\/2\/2026\/08\/Image00068-150x150.jpg\" class=\"attachment-thumbnail size-thumbnail\" alt=\"\" \/><\/a>\n\t\t\t<\/div><\/figure><figure class='gallery-item'>\n\t\t\t<div class='gallery-icon portrait'>\n\t\t\t\t<a href='https:\/\/redeicm.org.br\/pioxii\/circuito-da-educacao-infantil-2\/image00069-6\/'><img loading=\"lazy\" decoding=\"async\" width=\"150\" height=\"150\" src=\"https:\/\/redeicm.org.br\/pioxii\/wp-content\/uploads\/sites\/2\/2026\/08\/Image00069-150x150.jpg\" class=\"attachment-thumbnail size-thumbnail\" alt=\"\" \/><\/a>\n\t\t\t<\/div><\/figure><figure class='gallery-item'>\n\t\t\t<div class='gallery-icon landscape'>\n\t\t\t\t<a href='https:\/\/redeicm.org.br\/pioxii\/circuito-da-educacao-infantil-2\/image00070-5\/'><img loading=\"lazy\" decoding=\"async\" width=\"150\" height=\"150\" src=\"https:\/\/redeicm.org.br\/pioxii\/wp-content\/uploads\/sites\/2\/2026\/08\/Image00070-e1788178416129-150x150.jpg\" class=\"attachment-thumbnail size-thumbnail\" alt=\"\" srcset=\"https:\/\/redeicm.org.br\/pioxii\/wp-content\/uploads\/sites\/2\/2026\/08\/Image00070-e1788178416129-150x150.jpg 150w, https:\/\/redeicm.org.br\/pioxii\/wp-content\/uploads\/sites\/2\/2026\/08\/Image00070-e1788178416129-300x300.jpg 300w, https:\/\/redeicm.org.br\/pioxii\/wp-content\/uploads\/sites\/2\/2026\/08\/Image00070-e1788178416129-400x400.jpg 400w\" sizes=\"(max-width: 150px) 100vw, 150px\" \/><\/a>\n\t\t\t<\/div><\/figure><figure class='gallery-item'>\n\t\t\t<div class='gallery-icon portrait'>\n\t\t\t\t<a href='https:\/\/redeicm.org.br\/pioxii\/circuito-da-educacao-infantil-2\/image00071-5\/'><img loading=\"lazy\" decoding=\"async\" width=\"150\" height=\"150\" src=\"https:\/\/redeicm.org.br\/pioxii\/wp-content\/uploads\/sites\/2\/2026\/08\/Image00071-150x150.jpg\" class=\"attachment-thumbnail size-thumbnail\" alt=\"\" \/><\/a>\n\t\t\t<\/div><\/figure><figure class='gallery-item'>\n\t\t\t<div class='gallery-icon portrait'>\n\t\t\t\t<a href='https:\/\/redeicm.org.br\/pioxii\/circuito-da-educacao-infantil-2\/image00072-4\/'><img loading=\"lazy\" decoding=\"async\" width=\"150\" height=\"150\" src=\"https:\/\/redeicm.org.br\/pioxii\/wp-content\/uploads\/sites\/2\/2026\/08\/Image00072-150x150.jpg\" class=\"attachment-thumbnail size-thumbnail\" alt=\"\" \/><\/a>\n\t\t\t<\/div><\/figure><figure class='gallery-item'>\n\t\t\t<div class='gallery-icon portrait'>\n\t\t\t\t<a href='https:\/\/redeicm.org.br\/pioxii\/circuito-da-educacao-infantil-2\/image00073-3\/'><img loading=\"lazy\" decoding=\"async\" width=\"150\" height=\"150\" src=\"https:\/\/redeicm.org.br\/pioxii\/wp-content\/uploads\/sites\/2\/2026\/08\/Image00073-150x150.jpg\" class=\"attachment-thumbnail size-thumbnail\" alt=\"\" \/><\/a>\n\t\t\t<\/div><\/figure><figure class='gallery-item'>\n\t\t\t<div class='gallery-icon portrait'>\n\t\t\t\t<a href='https:\/\/redeicm.org.br\/pioxii\/circuito-da-educacao-infantil-2\/image00074-3\/'><img loading=\"lazy\" decoding=\"async\" width=\"150\" height=\"150\" src=\"https:\/\/redeicm.org.br\/pioxii\/wp-content\/uploads\/sites\/2\/2026\/08\/Image00074-150x150.jpg\" class=\"attachment-thumbnail size-thumbnail\" alt=\"\" \/><\/a>\n\t\t\t<\/div><\/figure><figure class='gallery-item'>\n\t\t\t<div class='gallery-icon portrait'>\n\t\t\t\t<a href='https:\/\/redeicm.org.br\/pioxii\/circuito-da-educacao-infantil-2\/image00075-4\/'><img loading=\"lazy\" decoding=\"async\" width=\"150\" height=\"150\" src=\"https:\/\/redeicm.org.br\/pioxii\/wp-content\/uploads\/sites\/2\/2026\/08\/Image00075-150x150.jpg\" class=\"attachment-thumbnail size-thumbnail\" alt=\"\" \/><\/a>\n\t\t\t<\/div><\/figure><figure class='gallery-item'>\n\t\t\t<div class='gallery-icon portrait'>\n\t\t\t\t<a href='https:\/\/redeicm.org.br\/pioxii\/circuito-da-educacao-infantil-2\/image00076-4\/'><img loading=\"lazy\" decoding=\"async\" width=\"150\" height=\"150\" src=\"https:\/\/redeicm.org.br\/pioxii\/wp-content\/uploads\/sites\/2\/2026\/08\/Image00076-150x150.jpg\" class=\"attachment-thumbnail size-thumbnail\" alt=\"\" \/><\/a>\n\t\t\t<\/div><\/figure><figure class='gallery-item'>\n\t\t\t<div class='gallery-icon portrait'>\n\t\t\t\t<a href='https:\/\/redeicm.org.br\/pioxii\/circuito-da-educacao-infantil-2\/image00077-4\/'><img loading=\"lazy\" decoding=\"async\" width=\"150\" height=\"150\" src=\"https:\/\/redeicm.org.br\/pioxii\/wp-content\/uploads\/sites\/2\/2026\/08\/Image00077-150x150.jpg\" class=\"attachment-thumbnail size-thumbnail\" alt=\"\" \/><\/a>\n\t\t\t<\/div><\/figure><figure class='gallery-item'>\n\t\t\t<div class='gallery-icon portrait'>\n\t\t\t\t<a href='https:\/\/redeicm.org.br\/pioxii\/circuito-da-educacao-infantil-2\/image00078-4\/'><img loading=\"lazy\" decoding=\"async\" width=\"150\" height=\"150\" src=\"https:\/\/redeicm.org.br\/pioxii\/wp-content\/uploads\/sites\/2\/2026\/08\/Image00078-150x150.jpg\" class=\"attachment-thumbnail size-thumbnail\" alt=\"\" \/><\/a>\n\t\t\t<\/div><\/figure><figure class='gallery-item'>\n\t\t\t<div class='gallery-icon portrait'>\n\t\t\t\t<a href='https:\/\/redeicm.org.br\/pioxii\/circuito-da-educacao-infantil-2\/image00079-2\/'><img loading=\"lazy\" decoding=\"async\" width=\"150\" height=\"150\" src=\"https:\/\/redeicm.org.br\/pioxii\/wp-content\/uploads\/sites\/2\/2026\/08\/Image00079-150x150.jpg\" class=\"attachment-thumbnail size-thumbnail\" alt=\"\" \/><\/a>\n\t\t\t<\/div><\/figure><figure class='gallery-item'>\n\t\t\t<div class='gallery-icon portrait'>\n\t\t\t\t<a href='https:\/\/redeicm.org.br\/pioxii\/circuito-da-educacao-infantil-2\/image00080-3\/'><img loading=\"lazy\" decoding=\"async\" width=\"150\" height=\"150\" src=\"https:\/\/redeicm.org.br\/pioxii\/wp-content\/uploads\/sites\/2\/2026\/08\/Image00080-150x150.jpg\" class=\"attachment-thumbnail size-thumbnail\" alt=\"\" \/><\/a>\n\t\t\t<\/div><\/figure><figure class='gallery-item'>\n\t\t\t<div class='gallery-icon portrait'>\n\t\t\t\t<a href='https:\/\/redeicm.org.br\/pioxii\/circuito-da-educacao-infantil-2\/image00081-5\/'><img loading=\"lazy\" decoding=\"async\" width=\"150\" height=\"150\" src=\"https:\/\/redeicm.org.br\/pioxii\/wp-content\/uploads\/sites\/2\/2026\/08\/Image00081-150x150.jpg\" class=\"attachment-thumbnail size-thumbnail\" alt=\"\" \/><\/a>\n\t\t\t<\/div><\/figure>\n\t\t<\/div>\n\n<p>&nbsp;<\/p>\n","protected":false},"excerpt":{"rendered":"<p>Circo dos Movimentos promove manh\u00e3 de divers\u00e3o, intera\u00e7\u00e3o e aprendizagem na Educa\u00e7\u00e3o Infantil A Escola Pio XII realizou, neste s\u00e1bado, o Circuito da Educa\u00e7\u00e3o Infantil &#8211; Circo dos Movimentos, proporcionando \u00e0s crian\u00e7as e suas fam\u00edlias uma manh\u00e3 repleta de alegria, descobertas, brincadeiras e experi\u00eancias corporais. Inspirado nas artes circenses, o circuito foi planejado com o [&hellip;]<\/p>\n","protected":false},"author":28,"featured_media":4152,"comment_status":"open","ping_status":"open","sticky":false,"template":"","format":"standard","meta":{"_acf_changed":false,"footnotes":""},"categories":[14],"tags":[36],"class_list":["post-4098","post","type-post","status-publish","format-standard","has-post-thumbnail","hentry","category-ultimas-noticias","tag-circo-educacaoinfantil"],"acf":[],"yoast_head":"<!-- This site is optimized with the Yoast SEO plugin v27.8 - https:\/\/yoast.com\/product\/yoast-seo-wordpress\/ -->\n<title>Circuito da Educa\u00e7\u00e3o Infantil - Escola Pio XII | Rede ICM de educa\u00e7\u00e3o<\/title>\n<meta name=\"robots\" content=\"index, follow, max-snippet:-1, max-image-preview:large, max-video-preview:-1\" \/>\n<link rel=\"canonical\" href=\"https:\/\/redeicm.org.br\/pioxii\/circuito-da-educacao-infantil-2\/\" \/>\n<meta property=\"og:locale\" content=\"pt_BR\" \/>\n<meta property=\"og:type\" content=\"article\" \/>\n<meta property=\"og:title\" content=\"Circuito da Educa\u00e7\u00e3o Infantil - Escola Pio XII | Rede ICM de educa\u00e7\u00e3o\" \/>\n<meta property=\"og:description\" content=\"Circo dos Movimentos promove manh\u00e3 de divers\u00e3o, intera\u00e7\u00e3o e aprendizagem na Educa\u00e7\u00e3o Infantil A Escola Pio XII realizou, neste s\u00e1bado, o Circuito da Educa\u00e7\u00e3o Infantil &#8211; Circo dos Movimentos, proporcionando \u00e0s crian\u00e7as e suas fam\u00edlias uma manh\u00e3 repleta de alegria, descobertas, brincadeiras e experi\u00eancias corporais. Inspirado nas artes circenses, o circuito foi planejado com o [&hellip;]\" \/>\n<meta property=\"og:url\" content=\"https:\/\/redeicm.org.br\/pioxii\/circuito-da-educacao-infantil-2\/\" \/>\n<meta property=\"og:site_name\" content=\"Escola Pio XII | Rede ICM de educa\u00e7\u00e3o\" \/>\n<meta property=\"article:published_time\" content=\"2026-08-31T12:14:01+00:00\" \/>\n<meta property=\"og:image\" content=\"https:\/\/redeicm.org.br\/pioxii\/wp-content\/uploads\/sites\/2\/2026\/08\/Image00070-e1788178416129.jpg\" \/>\n\t<meta property=\"og:image:width\" content=\"576\" \/>\n\t<meta property=\"og:image:height\" content=\"470\" \/>\n\t<meta property=\"og:image:type\" content=\"image\/jpeg\" \/>\n<meta name=\"author\" content=\"guilhermemoreira\" \/>\n<meta name=\"twitter:card\" content=\"summary_large_image\" \/>\n<meta name=\"twitter:label1\" content=\"Escrito por\" \/>\n\t<meta name=\"twitter:data1\" content=\"guilhermemoreira\" \/>\n\t<meta name=\"twitter:label2\" content=\"Est. tempo de leitura\" \/>\n\t<meta name=\"twitter:data2\" content=\"2 minutos\" \/>\n<script type=\"application\/ld+json\" class=\"yoast-schema-graph\">{\"@context\":\"https:\\\/\\\/schema.org\",\"@graph\":[{\"@type\":\"Article\",\"@id\":\"https:\\\/\\\/redeicm.org.br\\\/pioxii\\\/circuito-da-educacao-infantil-2\\\/#article\",\"isPartOf\":{\"@id\":\"https:\\\/\\\/redeicm.org.br\\\/pioxii\\\/circuito-da-educacao-infantil-2\\\/\"},\"author\":{\"name\":\"guilhermemoreira\",\"@id\":\"https:\\\/\\\/redeicm.org.br\\\/pioxii\\\/#\\\/schema\\\/person\\\/c9c41f8887da439d683ccc144988619a\"},\"headline\":\"Circuito da Educa\u00e7\u00e3o Infantil\",\"datePublished\":\"2026-08-31T12:14:01+00:00\",\"mainEntityOfPage\":{\"@id\":\"https:\\\/\\\/redeicm.org.br\\\/pioxii\\\/circuito-da-educacao-infantil-2\\\/\"},\"wordCount\":306,\"commentCount\":0,\"publisher\":{\"@id\":\"https:\\\/\\\/redeicm.org.br\\\/pioxii\\\/#organization\"},\"image\":{\"@id\":\"https:\\\/\\\/redeicm.org.br\\\/pioxii\\\/circuito-da-educacao-infantil-2\\\/#primaryimage\"},\"thumbnailUrl\":\"https:\\\/\\\/redeicm.org.br\\\/pioxii\\\/wp-content\\\/uploads\\\/sites\\\/2\\\/2026\\\/08\\\/Image00070-e1788178416129.jpg\",\"keywords\":[\"#circo #educa\u00e7\u00e3oinfantil\"],\"articleSection\":[\"\u00daLTIMAS NOT\u00cdCIAS\"],\"inLanguage\":\"pt-BR\",\"potentialAction\":[{\"@type\":\"CommentAction\",\"name\":\"Comment\",\"target\":[\"https:\\\/\\\/redeicm.org.br\\\/pioxii\\\/circuito-da-educacao-infantil-2\\\/#respond\"]}]},{\"@type\":\"WebPage\",\"@id\":\"https:\\\/\\\/redeicm.org.br\\\/pioxii\\\/circuito-da-educacao-infantil-2\\\/\",\"url\":\"https:\\\/\\\/redeicm.org.br\\\/pioxii\\\/circuito-da-educacao-infantil-2\\\/\",\"name\":\"Circuito da Educa\u00e7\u00e3o Infantil - Escola Pio XII | Rede ICM de educa\u00e7\u00e3o\",\"isPartOf\":{\"@id\":\"https:\\\/\\\/redeicm.org.br\\\/pioxii\\\/#website\"},\"primaryImageOfPage\":{\"@id\":\"https:\\\/\\\/redeicm.org.br\\\/pioxii\\\/circuito-da-educacao-infantil-2\\\/#primaryimage\"},\"image\":{\"@id\":\"https:\\\/\\\/redeicm.org.br\\\/pioxii\\\/circuito-da-educacao-infantil-2\\\/#primaryimage\"},\"thumbnailUrl\":\"https:\\\/\\\/redeicm.org.br\\\/pioxii\\\/wp-content\\\/uploads\\\/sites\\\/2\\\/2026\\\/08\\\/Image00070-e1788178416129.jpg\",\"datePublished\":\"2026-08-31T12:14:01+00:00\",\"breadcrumb\":{\"@id\":\"https:\\\/\\\/redeicm.org.br\\\/pioxii\\\/circuito-da-educacao-infantil-2\\\/#breadcrumb\"},\"inLanguage\":\"pt-BR\",\"potentialAction\":[{\"@type\":\"ReadAction\",\"target\":[\"https:\\\/\\\/redeicm.org.br\\\/pioxii\\\/circuito-da-educacao-infantil-2\\\/\"]}]},{\"@type\":\"ImageObject\",\"inLanguage\":\"pt-BR\",\"@id\":\"https:\\\/\\\/redeicm.org.br\\\/pioxii\\\/circuito-da-educacao-infantil-2\\\/#primaryimage\",\"url\":\"https:\\\/\\\/redeicm.org.br\\\/pioxii\\\/wp-content\\\/uploads\\\/sites\\\/2\\\/2026\\\/08\\\/Image00070-e1788178416129.jpg\",\"contentUrl\":\"https:\\\/\\\/redeicm.org.br\\\/pioxii\\\/wp-content\\\/uploads\\\/sites\\\/2\\\/2026\\\/08\\\/Image00070-e1788178416129.jpg\",\"width\":576,\"height\":470},{\"@type\":\"BreadcrumbList\",\"@id\":\"https:\\\/\\\/redeicm.org.br\\\/pioxii\\\/circuito-da-educacao-infantil-2\\\/#breadcrumb\",\"itemListElement\":[{\"@type\":\"ListItem\",\"position\":1,\"name\":\"In\u00edcio\",\"item\":\"https:\\\/\\\/redeicm.org.br\\\/pioxii\\\/\"},{\"@type\":\"ListItem\",\"position\":2,\"name\":\"Circuito da Educa\u00e7\u00e3o Infantil\"}]},{\"@type\":\"WebSite\",\"@id\":\"https:\\\/\\\/redeicm.org.br\\\/pioxii\\\/#website\",\"url\":\"https:\\\/\\\/redeicm.org.br\\\/pioxii\\\/\",\"name\":\"Escola Pio XII | Rede ICM de educa\u00e7\u00e3o\",\"description\":\"\",\"publisher\":{\"@id\":\"https:\\\/\\\/redeicm.org.br\\\/pioxii\\\/#organization\"},\"potentialAction\":[{\"@type\":\"SearchAction\",\"target\":{\"@type\":\"EntryPoint\",\"urlTemplate\":\"https:\\\/\\\/redeicm.org.br\\\/pioxii\\\/?s={search_term_string}\"},\"query-input\":{\"@type\":\"PropertyValueSpecification\",\"valueRequired\":true,\"valueName\":\"search_term_string\"}}],\"inLanguage\":\"pt-BR\"},{\"@type\":\"Organization\",\"@id\":\"https:\\\/\\\/redeicm.org.br\\\/pioxii\\\/#organization\",\"name\":\"Escola Pio XII | Rede ICM de educa\u00e7\u00e3o\",\"url\":\"https:\\\/\\\/redeicm.org.br\\\/pioxii\\\/\",\"logo\":{\"@type\":\"ImageObject\",\"inLanguage\":\"pt-BR\",\"@id\":\"https:\\\/\\\/redeicm.org.br\\\/pioxii\\\/#\\\/schema\\\/logo\\\/image\\\/\",\"url\":\"https:\\\/\\\/redeicm.org.br\\\/pioxii\\\/wp-content\\\/uploads\\\/sites\\\/2\\\/2024\\\/07\\\/logo-pio-xii.png\",\"contentUrl\":\"https:\\\/\\\/redeicm.org.br\\\/pioxii\\\/wp-content\\\/uploads\\\/sites\\\/2\\\/2024\\\/07\\\/logo-pio-xii.png\",\"width\":184,\"height\":75,\"caption\":\"Escola Pio XII | Rede ICM de educa\u00e7\u00e3o\"},\"image\":{\"@id\":\"https:\\\/\\\/redeicm.org.br\\\/pioxii\\\/#\\\/schema\\\/logo\\\/image\\\/\"}},{\"@type\":\"Person\",\"@id\":\"https:\\\/\\\/redeicm.org.br\\\/pioxii\\\/#\\\/schema\\\/person\\\/c9c41f8887da439d683ccc144988619a\",\"name\":\"guilhermemoreira\",\"image\":{\"@type\":\"ImageObject\",\"inLanguage\":\"pt-BR\",\"@id\":\"https:\\\/\\\/secure.gravatar.com\\\/avatar\\\/9d1273a2ad793286b49e0127b799269bd16af77eb5c1cfbe66317d955d89ecf6?s=96&d=mm&r=g\",\"url\":\"https:\\\/\\\/secure.gravatar.com\\\/avatar\\\/9d1273a2ad793286b49e0127b799269bd16af77eb5c1cfbe66317d955d89ecf6?s=96&d=mm&r=g\",\"contentUrl\":\"https:\\\/\\\/secure.gravatar.com\\\/avatar\\\/9d1273a2ad793286b49e0127b799269bd16af77eb5c1cfbe66317d955d89ecf6?s=96&d=mm&r=g\",\"caption\":\"guilhermemoreira\"},\"url\":\"https:\\\/\\\/redeicm.org.br\\\/pioxii\\\/author\\\/guilhermemoreira\\\/\"}]}<\/script>\n<!-- \/ Yoast SEO plugin. -->","yoast_head_json":{"title":"Circuito da Educa\u00e7\u00e3o Infantil - Escola Pio XII | Rede ICM de educa\u00e7\u00e3o","robots":{"index":"index","follow":"follow","max-snippet":"max-snippet:-1","max-image-preview":"max-image-preview:large","max-video-preview":"max-video-preview:-1"},"canonical":"https:\/\/redeicm.org.br\/pioxii\/circuito-da-educacao-infantil-2\/","og_locale":"pt_BR","og_type":"article","og_title":"Circuito da Educa\u00e7\u00e3o Infantil - Escola Pio XII | Rede ICM de educa\u00e7\u00e3o","og_description":"Circo dos Movimentos promove manh\u00e3 de divers\u00e3o, intera\u00e7\u00e3o e aprendizagem na Educa\u00e7\u00e3o Infantil A Escola Pio XII realizou, neste s\u00e1bado, o Circuito da Educa\u00e7\u00e3o Infantil &#8211; Circo dos Movimentos, proporcionando \u00e0s crian\u00e7as e suas fam\u00edlias uma manh\u00e3 repleta de alegria, descobertas, brincadeiras e experi\u00eancias corporais. Inspirado nas artes circenses, o circuito foi planejado com o [&hellip;]","og_url":"https:\/\/redeicm.org.br\/pioxii\/circuito-da-educacao-infantil-2\/","og_site_name":"Escola Pio XII | Rede ICM de educa\u00e7\u00e3o","article_published_time":"2026-08-31T12:14:01+00:00","og_image":[{"width":576,"height":470,"url":"https:\/\/redeicm.org.br\/pioxii\/wp-content\/uploads\/sites\/2\/2026\/08\/Image00070-e1788178416129.jpg","type":"image\/jpeg"}],"author":"guilhermemoreira","twitter_card":"summary_large_image","twitter_misc":{"Escrito por":"guilhermemoreira","Est. tempo de leitura":"2 minutos"},"schema":{"@context":"https:\/\/schema.org","@graph":[{"@type":"Article","@id":"https:\/\/redeicm.org.br\/pioxii\/circuito-da-educacao-infantil-2\/#article","isPartOf":{"@id":"https:\/\/redeicm.org.br\/pioxii\/circuito-da-educacao-infantil-2\/"},"author":{"name":"guilhermemoreira","@id":"https:\/\/redeicm.org.br\/pioxii\/#\/schema\/person\/c9c41f8887da439d683ccc144988619a"},"headline":"Circuito da Educa\u00e7\u00e3o Infantil","datePublished":"2026-08-31T12:14:01+00:00","mainEntityOfPage":{"@id":"https:\/\/redeicm.org.br\/pioxii\/circuito-da-educacao-infantil-2\/"},"wordCount":306,"commentCount":0,"publisher":{"@id":"https:\/\/redeicm.org.br\/pioxii\/#organization"},"image":{"@id":"https:\/\/redeicm.org.br\/pioxii\/circuito-da-educacao-infantil-2\/#primaryimage"},"thumbnailUrl":"https:\/\/redeicm.org.br\/pioxii\/wp-content\/uploads\/sites\/2\/2026\/08\/Image00070-e1788178416129.jpg","keywords":["#circo #educa\u00e7\u00e3oinfantil"],"articleSection":["\u00daLTIMAS NOT\u00cdCIAS"],"inLanguage":"pt-BR","potentialAction":[{"@type":"CommentAction","name":"Comment","target":["https:\/\/redeicm.org.br\/pioxii\/circuito-da-educacao-infantil-2\/#respond"]}]},{"@type":"WebPage","@id":"https:\/\/redeicm.org.br\/pioxii\/circuito-da-educacao-infantil-2\/","url":"https:\/\/redeicm.org.br\/pioxii\/circuito-da-educacao-infantil-2\/","name":"Circuito da Educa\u00e7\u00e3o Infantil - Escola Pio XII | Rede ICM de educa\u00e7\u00e3o","isPartOf":{"@id":"https:\/\/redeicm.org.br\/pioxii\/#website"},"primaryImageOfPage":{"@id":"https:\/\/redeicm.org.br\/pioxii\/circuito-da-educacao-infantil-2\/#primaryimage"},"image":{"@id":"https:\/\/redeicm.org.br\/pioxii\/circuito-da-educacao-infantil-2\/#primaryimage"},"thumbnailUrl":"https:\/\/redeicm.org.br\/pioxii\/wp-content\/uploads\/sites\/2\/2026\/08\/Image00070-e1788178416129.jpg","datePublished":"2026-08-31T12:14:01+00:00","breadcrumb":{"@id":"https:\/\/redeicm.org.br\/pioxii\/circuito-da-educacao-infantil-2\/#breadcrumb"},"inLanguage":"pt-BR","potentialAction":[{"@type":"ReadAction","target":["https:\/\/redeicm.org.br\/pioxii\/circuito-da-educacao-infantil-2\/"]}]},{"@type":"ImageObject","inLanguage":"pt-BR","@id":"https:\/\/redeicm.org.br\/pioxii\/circuito-da-educacao-infantil-2\/#primaryimage","url":"https:\/\/redeicm.org.br\/pioxii\/wp-content\/uploads\/sites\/2\/2026\/08\/Image00070-e1788178416129.jpg","contentUrl":"https:\/\/redeicm.org.br\/pioxii\/wp-content\/uploads\/sites\/2\/2026\/08\/Image00070-e1788178416129.jpg","width":576,"height":470},{"@type":"BreadcrumbList","@id":"https:\/\/redeicm.org.br\/pioxii\/circuito-da-educacao-infantil-2\/#breadcrumb","itemListElement":[{"@type":"ListItem","position":1,"name":"In\u00edcio","item":"https:\/\/redeicm.org.br\/pioxii\/"},{"@type":"ListItem","position":2,"name":"Circuito da Educa\u00e7\u00e3o Infantil"}]},{"@type":"WebSite","@id":"https:\/\/redeicm.org.br\/pioxii\/#website","url":"https:\/\/redeicm.org.br\/pioxii\/","name":"Escola Pio XII | Rede ICM de educa\u00e7\u00e3o","description":"","publisher":{"@id":"https:\/\/redeicm.org.br\/pioxii\/#organization"},"potentialAction":[{"@type":"SearchAction","target":{"@type":"EntryPoint","urlTemplate":"https:\/\/redeicm.org.br\/pioxii\/?s={search_term_string}"},"query-input":{"@type":"PropertyValueSpecification","valueRequired":true,"valueName":"search_term_string"}}],"inLanguage":"pt-BR"},{"@type":"Organization","@id":"https:\/\/redeicm.org.br\/pioxii\/#organization","name":"Escola Pio XII | Rede ICM de educa\u00e7\u00e3o","url":"https:\/\/redeicm.org.br\/pioxii\/","logo":{"@type":"ImageObject","inLanguage":"pt-BR","@id":"https:\/\/redeicm.org.br\/pioxii\/#\/schema\/logo\/image\/","url":"https:\/\/redeicm.org.br\/pioxii\/wp-content\/uploads\/sites\/2\/2024\/07\/logo-pio-xii.png","contentUrl":"https:\/\/redeicm.org.br\/pioxii\/wp-content\/uploads\/sites\/2\/2024\/07\/logo-pio-xii.png","width":184,"height":75,"caption":"Escola Pio XII | Rede ICM de educa\u00e7\u00e3o"},"image":{"@id":"https:\/\/redeicm.org.br\/pioxii\/#\/schema\/logo\/image\/"}},{"@type":"Person","@id":"https:\/\/redeicm.org.br\/pioxii\/#\/schema\/person\/c9c41f8887da439d683ccc144988619a","name":"guilhermemoreira","image":{"@type":"ImageObject","inLanguage":"pt-BR","@id":"https:\/\/secure.gravatar.com\/avatar\/9d1273a2ad793286b49e0127b799269bd16af77eb5c1cfbe66317d955d89ecf6?s=96&d=mm&r=g","url":"https:\/\/secure.gravatar.com\/avatar\/9d1273a2ad793286b49e0127b799269bd16af77eb5c1cfbe66317d955d89ecf6?s=96&d=mm&r=g","contentUrl":"https:\/\/secure.gravatar.com\/avatar\/9d1273a2ad793286b49e0127b799269bd16af77eb5c1cfbe66317d955d89ecf6?s=96&d=mm&r=g","caption":"guilhermemoreira"},"url":"https:\/\/redeicm.org.br\/pioxii\/author\/guilhermemoreira\/"}]}},"_links":{"self":[{"href":"https:\/\/redeicm.org.br\/pioxii\/wp-json\/wp\/v2\/posts\/4098","targetHints":{"allow":["GET"]}}],"collection":[{"href":"https:\/\/redeicm.org.br\/pioxii\/wp-json\/wp\/v2\/posts"}],"about":[{"href":"https:\/\/redeicm.org.br\/pioxii\/wp-json\/wp\/v2\/types\/post"}],"author":[{"embeddable":true,"href":"https:\/\/redeicm.org.br\/pioxii\/wp-json\/wp\/v2\/users\/28"}],"replies":[{"embeddable":true,"href":"https:\/\/redeicm.org.br\/pioxii\/wp-json\/wp\/v2\/comments?post=4098"}],"version-history":[{"count":1,"href":"https:\/\/redeicm.org.br\/pioxii\/wp-json\/wp\/v2\/posts\/4098\/revisions"}],"predecessor-version":[{"id":4164,"href":"https:\/\/redeicm.org.br\/pioxii\/wp-json\/wp\/v2\/posts\/4098\/revisions\/4164"}],"wp:featuredmedia":[{"embeddable":true,"href":"https:\/\/redeicm.org.br\/pioxii\/wp-json\/wp\/v2\/media\/4152"}],"wp:attachment":[{"href":"https:\/\/redeicm.org.br\/pioxii\/wp-json\/wp\/v2\/media?parent=4098"}],"wp:term":[{"taxonomy":"category","embeddable":true,"href":"https:\/\/redeicm.org.br\/pioxii\/wp-json\/wp\/v2\/categories?post=4098"},{"taxonomy":"post_tag","embeddable":true,"href":"https:\/\/redeicm.org.br\/pioxii\/wp-json\/wp\/v2\/tags?post=4098"}],"curies":[{"name":"wp","href":"https:\/\/api.w.org\/{rel}","templated":true}]}}