{"id":4068,"date":"2026-08-26T18:12:24","date_gmt":"2026-08-26T21:12:24","guid":{"rendered":"https:\/\/redeicm.org.br\/pioxii\/?p=4068"},"modified":"2026-08-26T18:12:24","modified_gmt":"2026-08-26T21:12:24","slug":"quando-a-historia-ganha-vida","status":"publish","type":"post","link":"https:\/\/redeicm.org.br\/pioxii\/quando-a-historia-ganha-vida\/","title":{"rendered":"Quando a Hist\u00f3ria ganha vida!"},"content":{"rendered":"<p style=\"text-align: center\"><strong>Hist\u00f3ria em Cena: alunos do 7\u00ba ano transformam o estudo dos Estados Unidos em experi\u00eancia de aprendizagem<\/strong><\/p>\n<p>Neste trimestre, o estudo da Hist\u00f3ria dos Estados Unidos ultrapassou os conte\u00fados trabalhados em sala de aula. Por meio de representa\u00e7\u00f5es teatrais, os alunos do 7\u00ba ano transformaram conhecimentos hist\u00f3ricos em experi\u00eancias de aprendizagem, articulando pesquisa, criatividade, express\u00e3o e trabalho em equipe.<\/p>\n<p>As apresenta\u00e7\u00f5es exploraram diferentes aspectos da forma\u00e7\u00e3o e da expans\u00e3o dos EUA, como os s\u00edmbolos nacionais, a vida social no per\u00edodo colonial, a intoler\u00e2ncia religiosa e o movimento de ca\u00e7a \u00e0s bruxas. Al\u00e9m disso, os estudantes problematizaram o apagamento da hist\u00f3ria dos povos ind\u00edgenas, realizando uma an\u00e1lise cr\u00edtica da Marcha para o Oeste e da atua\u00e7\u00e3o dos Pais Peregrinos. Assim, cada grupo encontrou uma maneira singular de dar vida aos acontecimentos hist\u00f3ricos e estabelecer rela\u00e7\u00f5es entre passado e presente.<\/p>\n<p>A proposta tamb\u00e9m favoreceu o protagonismo dos estudantes na constru\u00e7\u00e3o do conhecimento, contribuindo para o desenvolvimento da comunica\u00e7\u00e3o, da criatividade, da colabora\u00e7\u00e3o e do olhar cr\u00edtico sobre os processos hist\u00f3ricos e as diferentes narrativas que os constituem.<\/p>\n<p>&nbsp;<\/p>\n<div id='gallery-1' class='gallery galleryid-4068 gallery-columns-8 gallery-size-thumbnail'><figure class='gallery-item'>\n\t\t\t<div class='gallery-icon landscape'>\n\t\t\t\t<a href='https:\/\/redeicm.org.br\/pioxii\/quando-a-historia-ganha-vida\/image00016-38\/'><img decoding=\"async\" width=\"150\" height=\"150\" src=\"https:\/\/redeicm.org.br\/pioxii\/wp-content\/uploads\/sites\/2\/2026\/08\/Image00016-2-150x150.jpg\" class=\"attachment-thumbnail size-thumbnail\" alt=\"\" \/><\/a>\n\t\t\t<\/div><\/figure><figure class='gallery-item'>\n\t\t\t<div class='gallery-icon landscape'>\n\t\t\t\t<a href='https:\/\/redeicm.org.br\/pioxii\/quando-a-historia-ganha-vida\/image00015-35\/'><img decoding=\"async\" width=\"150\" height=\"150\" src=\"https:\/\/redeicm.org.br\/pioxii\/wp-content\/uploads\/sites\/2\/2026\/08\/Image00015-2-150x150.jpg\" class=\"attachment-thumbnail size-thumbnail\" alt=\"\" \/><\/a>\n\t\t\t<\/div><\/figure><figure class='gallery-item'>\n\t\t\t<div class='gallery-icon landscape'>\n\t\t\t\t<a href='https:\/\/redeicm.org.br\/pioxii\/quando-a-historia-ganha-vida\/image00008-39\/'><img decoding=\"async\" width=\"150\" height=\"150\" src=\"https:\/\/redeicm.org.br\/pioxii\/wp-content\/uploads\/sites\/2\/2026\/08\/Image00008-2-150x150.jpg\" class=\"attachment-thumbnail size-thumbnail\" alt=\"\" \/><\/a>\n\t\t\t<\/div><\/figure><figure class='gallery-item'>\n\t\t\t<div class='gallery-icon landscape'>\n\t\t\t\t<a href='https:\/\/redeicm.org.br\/pioxii\/quando-a-historia-ganha-vida\/image00027-23\/'><img loading=\"lazy\" decoding=\"async\" width=\"150\" height=\"150\" src=\"https:\/\/redeicm.org.br\/pioxii\/wp-content\/uploads\/sites\/2\/2026\/08\/Image00027-150x150.jpg\" class=\"attachment-thumbnail size-thumbnail\" alt=\"\" \/><\/a>\n\t\t\t<\/div><\/figure><figure class='gallery-item'>\n\t\t\t<div class='gallery-icon landscape'>\n\t\t\t\t<a href='https:\/\/redeicm.org.br\/pioxii\/quando-a-historia-ganha-vida\/image00001-55\/'><img loading=\"lazy\" decoding=\"async\" width=\"150\" height=\"150\" src=\"https:\/\/redeicm.org.br\/pioxii\/wp-content\/uploads\/sites\/2\/2026\/08\/Image00001-2-150x150.jpg\" class=\"attachment-thumbnail size-thumbnail\" alt=\"\" \/><\/a>\n\t\t\t<\/div><\/figure><figure class='gallery-item'>\n\t\t\t<div class='gallery-icon landscape'>\n\t\t\t\t<a href='https:\/\/redeicm.org.br\/pioxii\/quando-a-historia-ganha-vida\/image00002-53\/'><img loading=\"lazy\" decoding=\"async\" width=\"150\" height=\"150\" src=\"https:\/\/redeicm.org.br\/pioxii\/wp-content\/uploads\/sites\/2\/2026\/08\/Image00002-2-150x150.jpg\" class=\"attachment-thumbnail size-thumbnail\" alt=\"\" \/><\/a>\n\t\t\t<\/div><\/figure><figure class='gallery-item'>\n\t\t\t<div class='gallery-icon landscape'>\n\t\t\t\t<a href='https:\/\/redeicm.org.br\/pioxii\/quando-a-historia-ganha-vida\/image00003-52\/'><img loading=\"lazy\" decoding=\"async\" width=\"150\" height=\"150\" src=\"https:\/\/redeicm.org.br\/pioxii\/wp-content\/uploads\/sites\/2\/2026\/08\/Image00003-2-150x150.jpg\" class=\"attachment-thumbnail size-thumbnail\" alt=\"\" \/><\/a>\n\t\t\t<\/div><\/figure><figure class='gallery-item'>\n\t\t\t<div class='gallery-icon landscape'>\n\t\t\t\t<a href='https:\/\/redeicm.org.br\/pioxii\/quando-a-historia-ganha-vida\/image00004-54\/'><img loading=\"lazy\" decoding=\"async\" width=\"150\" height=\"150\" src=\"https:\/\/redeicm.org.br\/pioxii\/wp-content\/uploads\/sites\/2\/2026\/08\/Image00004-2-150x150.jpg\" class=\"attachment-thumbnail size-thumbnail\" alt=\"\" \/><\/a>\n\t\t\t<\/div><\/figure><figure class='gallery-item'>\n\t\t\t<div class='gallery-icon landscape'>\n\t\t\t\t<a href='https:\/\/redeicm.org.br\/pioxii\/quando-a-historia-ganha-vida\/image00005-44\/'><img loading=\"lazy\" decoding=\"async\" width=\"150\" height=\"150\" src=\"https:\/\/redeicm.org.br\/pioxii\/wp-content\/uploads\/sites\/2\/2026\/08\/Image00005-2-150x150.jpg\" class=\"attachment-thumbnail size-thumbnail\" alt=\"\" \/><\/a>\n\t\t\t<\/div><\/figure><figure class='gallery-item'>\n\t\t\t<div class='gallery-icon landscape'>\n\t\t\t\t<a href='https:\/\/redeicm.org.br\/pioxii\/quando-a-historia-ganha-vida\/image00006-44\/'><img loading=\"lazy\" decoding=\"async\" width=\"150\" height=\"150\" src=\"https:\/\/redeicm.org.br\/pioxii\/wp-content\/uploads\/sites\/2\/2026\/08\/Image00006-2-150x150.jpg\" class=\"attachment-thumbnail size-thumbnail\" alt=\"\" \/><\/a>\n\t\t\t<\/div><\/figure><figure class='gallery-item'>\n\t\t\t<div class='gallery-icon landscape'>\n\t\t\t\t<a href='https:\/\/redeicm.org.br\/pioxii\/quando-a-historia-ganha-vida\/image00007-41\/'><img loading=\"lazy\" decoding=\"async\" width=\"150\" height=\"150\" src=\"https:\/\/redeicm.org.br\/pioxii\/wp-content\/uploads\/sites\/2\/2026\/08\/Image00007-2-150x150.jpg\" class=\"attachment-thumbnail size-thumbnail\" alt=\"\" \/><\/a>\n\t\t\t<\/div><\/figure><figure class='gallery-item'>\n\t\t\t<div class='gallery-icon landscape'>\n\t\t\t\t<a href='https:\/\/redeicm.org.br\/pioxii\/quando-a-historia-ganha-vida\/image00009-42\/'><img loading=\"lazy\" decoding=\"async\" width=\"150\" height=\"150\" src=\"https:\/\/redeicm.org.br\/pioxii\/wp-content\/uploads\/sites\/2\/2026\/08\/Image00009-2-150x150.jpg\" class=\"attachment-thumbnail size-thumbnail\" alt=\"\" \/><\/a>\n\t\t\t<\/div><\/figure><figure class='gallery-item'>\n\t\t\t<div class='gallery-icon landscape'>\n\t\t\t\t<a href='https:\/\/redeicm.org.br\/pioxii\/quando-a-historia-ganha-vida\/image00010-40\/'><img loading=\"lazy\" decoding=\"async\" width=\"150\" height=\"150\" src=\"https:\/\/redeicm.org.br\/pioxii\/wp-content\/uploads\/sites\/2\/2026\/08\/Image00010-2-150x150.jpg\" class=\"attachment-thumbnail size-thumbnail\" alt=\"\" \/><\/a>\n\t\t\t<\/div><\/figure><figure class='gallery-item'>\n\t\t\t<div class='gallery-icon landscape'>\n\t\t\t\t<a href='https:\/\/redeicm.org.br\/pioxii\/quando-a-historia-ganha-vida\/image00011-36\/'><img loading=\"lazy\" decoding=\"async\" width=\"150\" height=\"150\" src=\"https:\/\/redeicm.org.br\/pioxii\/wp-content\/uploads\/sites\/2\/2026\/08\/Image00011-2-150x150.jpg\" class=\"attachment-thumbnail size-thumbnail\" alt=\"\" \/><\/a>\n\t\t\t<\/div><\/figure><figure class='gallery-item'>\n\t\t\t<div class='gallery-icon landscape'>\n\t\t\t\t<a href='https:\/\/redeicm.org.br\/pioxii\/quando-a-historia-ganha-vida\/image00012-38\/'><img loading=\"lazy\" decoding=\"async\" width=\"150\" height=\"150\" src=\"https:\/\/redeicm.org.br\/pioxii\/wp-content\/uploads\/sites\/2\/2026\/08\/Image00012-2-150x150.jpg\" class=\"attachment-thumbnail size-thumbnail\" alt=\"\" \/><\/a>\n\t\t\t<\/div><\/figure><figure class='gallery-item'>\n\t\t\t<div class='gallery-icon landscape'>\n\t\t\t\t<a href='https:\/\/redeicm.org.br\/pioxii\/quando-a-historia-ganha-vida\/image00013-39\/'><img loading=\"lazy\" decoding=\"async\" width=\"150\" height=\"150\" src=\"https:\/\/redeicm.org.br\/pioxii\/wp-content\/uploads\/sites\/2\/2026\/08\/Image00013-2-150x150.jpg\" class=\"attachment-thumbnail size-thumbnail\" alt=\"\" \/><\/a>\n\t\t\t<\/div><\/figure><figure class='gallery-item'>\n\t\t\t<div class='gallery-icon landscape'>\n\t\t\t\t<a href='https:\/\/redeicm.org.br\/pioxii\/quando-a-historia-ganha-vida\/image00019-32\/'><img loading=\"lazy\" decoding=\"async\" width=\"150\" height=\"150\" src=\"https:\/\/redeicm.org.br\/pioxii\/wp-content\/uploads\/sites\/2\/2026\/08\/Image00019-2-150x150.jpg\" class=\"attachment-thumbnail size-thumbnail\" alt=\"\" \/><\/a>\n\t\t\t<\/div><\/figure><figure class='gallery-item'>\n\t\t\t<div class='gallery-icon landscape'>\n\t\t\t\t<a href='https:\/\/redeicm.org.br\/pioxii\/quando-a-historia-ganha-vida\/image00020-31\/'><img loading=\"lazy\" decoding=\"async\" width=\"150\" height=\"150\" src=\"https:\/\/redeicm.org.br\/pioxii\/wp-content\/uploads\/sites\/2\/2026\/08\/Image00020-2-150x150.jpg\" class=\"attachment-thumbnail size-thumbnail\" alt=\"\" \/><\/a>\n\t\t\t<\/div><\/figure><figure class='gallery-item'>\n\t\t\t<div class='gallery-icon landscape'>\n\t\t\t\t<a href='https:\/\/redeicm.org.br\/pioxii\/quando-a-historia-ganha-vida\/image00021-30\/'><img loading=\"lazy\" decoding=\"async\" width=\"150\" height=\"150\" src=\"https:\/\/redeicm.org.br\/pioxii\/wp-content\/uploads\/sites\/2\/2026\/08\/Image00021-2-150x150.jpg\" class=\"attachment-thumbnail size-thumbnail\" alt=\"\" \/><\/a>\n\t\t\t<\/div><\/figure><figure class='gallery-item'>\n\t\t\t<div class='gallery-icon landscape'>\n\t\t\t\t<a href='https:\/\/redeicm.org.br\/pioxii\/quando-a-historia-ganha-vida\/image00022-27\/'><img loading=\"lazy\" decoding=\"async\" width=\"150\" height=\"150\" src=\"https:\/\/redeicm.org.br\/pioxii\/wp-content\/uploads\/sites\/2\/2026\/08\/Image00022-1-150x150.jpg\" class=\"attachment-thumbnail size-thumbnail\" alt=\"\" \/><\/a>\n\t\t\t<\/div><\/figure><figure class='gallery-item'>\n\t\t\t<div class='gallery-icon landscape'>\n\t\t\t\t<a href='https:\/\/redeicm.org.br\/pioxii\/quando-a-historia-ganha-vida\/image00023-26\/'><img loading=\"lazy\" decoding=\"async\" width=\"150\" height=\"150\" src=\"https:\/\/redeicm.org.br\/pioxii\/wp-content\/uploads\/sites\/2\/2026\/08\/Image00023-150x150.jpg\" class=\"attachment-thumbnail size-thumbnail\" alt=\"\" \/><\/a>\n\t\t\t<\/div><\/figure><figure class='gallery-item'>\n\t\t\t<div class='gallery-icon landscape'>\n\t\t\t\t<a href='https:\/\/redeicm.org.br\/pioxii\/quando-a-historia-ganha-vida\/image00024-23\/'><img loading=\"lazy\" decoding=\"async\" width=\"150\" height=\"150\" src=\"https:\/\/redeicm.org.br\/pioxii\/wp-content\/uploads\/sites\/2\/2026\/08\/Image00024-150x150.jpg\" class=\"attachment-thumbnail size-thumbnail\" alt=\"\" \/><\/a>\n\t\t\t<\/div><\/figure><figure class='gallery-item'>\n\t\t\t<div class='gallery-icon landscape'>\n\t\t\t\t<a href='https:\/\/redeicm.org.br\/pioxii\/quando-a-historia-ganha-vida\/image00025-25\/'><img loading=\"lazy\" decoding=\"async\" width=\"150\" height=\"150\" src=\"https:\/\/redeicm.org.br\/pioxii\/wp-content\/uploads\/sites\/2\/2026\/08\/Image00025-150x150.jpg\" class=\"attachment-thumbnail size-thumbnail\" alt=\"\" \/><\/a>\n\t\t\t<\/div><\/figure><figure class='gallery-item'>\n\t\t\t<div class='gallery-icon landscape'>\n\t\t\t\t<a href='https:\/\/redeicm.org.br\/pioxii\/quando-a-historia-ganha-vida\/image00026-23\/'><img loading=\"lazy\" decoding=\"async\" width=\"150\" height=\"150\" src=\"https:\/\/redeicm.org.br\/pioxii\/wp-content\/uploads\/sites\/2\/2026\/08\/Image00026-150x150.jpg\" class=\"attachment-thumbnail size-thumbnail\" alt=\"\" \/><\/a>\n\t\t\t<\/div><\/figure><figure class='gallery-item'>\n\t\t\t<div class='gallery-icon landscape'>\n\t\t\t\t<a href='https:\/\/redeicm.org.br\/pioxii\/quando-a-historia-ganha-vida\/image00028-24\/'><img loading=\"lazy\" decoding=\"async\" width=\"150\" height=\"150\" src=\"https:\/\/redeicm.org.br\/pioxii\/wp-content\/uploads\/sites\/2\/2026\/08\/Image00028-150x150.jpg\" class=\"attachment-thumbnail size-thumbnail\" alt=\"\" \/><\/a>\n\t\t\t<\/div><\/figure>\n\t\t<\/div>\n\n","protected":false},"excerpt":{"rendered":"<p>Hist\u00f3ria em Cena: alunos do 7\u00ba ano transformam o estudo dos Estados Unidos em experi\u00eancia de aprendizagem Neste trimestre, o estudo da Hist\u00f3ria dos Estados Unidos ultrapassou os conte\u00fados trabalhados em sala de aula. Por meio de representa\u00e7\u00f5es teatrais, os alunos do 7\u00ba ano transformaram conhecimentos hist\u00f3ricos em experi\u00eancias de aprendizagem, articulando pesquisa, criatividade, express\u00e3o [&hellip;]<\/p>\n","protected":false},"author":28,"featured_media":4096,"comment_status":"open","ping_status":"open","sticky":false,"template":"","format":"standard","meta":{"_acf_changed":false,"footnotes":""},"categories":[14],"tags":[],"class_list":["post-4068","post","type-post","status-publish","format-standard","has-post-thumbnail","hentry","category-ultimas-noticias"],"acf":[],"yoast_head":"<!-- This site is optimized with the Yoast SEO plugin v27.8 - https:\/\/yoast.com\/product\/yoast-seo-wordpress\/ -->\n<title>Quando a Hist\u00f3ria ganha vida! - Escola Pio XII | Rede ICM de educa\u00e7\u00e3o<\/title>\n<meta name=\"robots\" content=\"index, follow, max-snippet:-1, max-image-preview:large, max-video-preview:-1\" \/>\n<link rel=\"canonical\" href=\"https:\/\/redeicm.org.br\/pioxii\/quando-a-historia-ganha-vida\/\" \/>\n<meta property=\"og:locale\" content=\"pt_BR\" \/>\n<meta property=\"og:type\" content=\"article\" \/>\n<meta property=\"og:title\" content=\"Quando a Hist\u00f3ria ganha vida! - Escola Pio XII | Rede ICM de educa\u00e7\u00e3o\" \/>\n<meta property=\"og:description\" content=\"Hist\u00f3ria em Cena: alunos do 7\u00ba ano transformam o estudo dos Estados Unidos em experi\u00eancia de aprendizagem Neste trimestre, o estudo da Hist\u00f3ria dos Estados Unidos ultrapassou os conte\u00fados trabalhados em sala de aula. Por meio de representa\u00e7\u00f5es teatrais, os alunos do 7\u00ba ano transformaram conhecimentos hist\u00f3ricos em experi\u00eancias de aprendizagem, articulando pesquisa, criatividade, express\u00e3o [&hellip;]\" \/>\n<meta property=\"og:url\" content=\"https:\/\/redeicm.org.br\/pioxii\/quando-a-historia-ganha-vida\/\" \/>\n<meta property=\"og:site_name\" content=\"Escola Pio XII | Rede ICM de educa\u00e7\u00e3o\" \/>\n<meta property=\"article:published_time\" content=\"2026-08-26T21:12:24+00:00\" \/>\n<meta property=\"og:image\" content=\"https:\/\/redeicm.org.br\/pioxii\/wp-content\/uploads\/sites\/2\/2026\/08\/Image00028.jpg\" \/>\n\t<meta property=\"og:image:width\" content=\"1280\" \/>\n\t<meta property=\"og:image:height\" content=\"853\" \/>\n\t<meta property=\"og:image:type\" content=\"image\/jpeg\" \/>\n<meta name=\"author\" content=\"guilhermemoreira\" \/>\n<meta name=\"twitter:card\" content=\"summary_large_image\" \/>\n<meta name=\"twitter:label1\" content=\"Escrito por\" \/>\n\t<meta name=\"twitter:data1\" content=\"guilhermemoreira\" \/>\n\t<meta name=\"twitter:label2\" content=\"Est. tempo de leitura\" \/>\n\t<meta name=\"twitter:data2\" content=\"2 minutos\" \/>\n<script type=\"application\/ld+json\" class=\"yoast-schema-graph\">{\"@context\":\"https:\\\/\\\/schema.org\",\"@graph\":[{\"@type\":\"Article\",\"@id\":\"https:\\\/\\\/redeicm.org.br\\\/pioxii\\\/quando-a-historia-ganha-vida\\\/#article\",\"isPartOf\":{\"@id\":\"https:\\\/\\\/redeicm.org.br\\\/pioxii\\\/quando-a-historia-ganha-vida\\\/\"},\"author\":{\"name\":\"guilhermemoreira\",\"@id\":\"https:\\\/\\\/redeicm.org.br\\\/pioxii\\\/#\\\/schema\\\/person\\\/c9c41f8887da439d683ccc144988619a\"},\"headline\":\"Quando a Hist\u00f3ria ganha vida!\",\"datePublished\":\"2026-08-26T21:12:24+00:00\",\"mainEntityOfPage\":{\"@id\":\"https:\\\/\\\/redeicm.org.br\\\/pioxii\\\/quando-a-historia-ganha-vida\\\/\"},\"wordCount\":212,\"commentCount\":0,\"publisher\":{\"@id\":\"https:\\\/\\\/redeicm.org.br\\\/pioxii\\\/#organization\"},\"image\":{\"@id\":\"https:\\\/\\\/redeicm.org.br\\\/pioxii\\\/quando-a-historia-ganha-vida\\\/#primaryimage\"},\"thumbnailUrl\":\"https:\\\/\\\/redeicm.org.br\\\/pioxii\\\/wp-content\\\/uploads\\\/sites\\\/2\\\/2026\\\/08\\\/Image00028.jpg\",\"articleSection\":[\"\u00daLTIMAS NOT\u00cdCIAS\"],\"inLanguage\":\"pt-BR\",\"potentialAction\":[{\"@type\":\"CommentAction\",\"name\":\"Comment\",\"target\":[\"https:\\\/\\\/redeicm.org.br\\\/pioxii\\\/quando-a-historia-ganha-vida\\\/#respond\"]}]},{\"@type\":\"WebPage\",\"@id\":\"https:\\\/\\\/redeicm.org.br\\\/pioxii\\\/quando-a-historia-ganha-vida\\\/\",\"url\":\"https:\\\/\\\/redeicm.org.br\\\/pioxii\\\/quando-a-historia-ganha-vida\\\/\",\"name\":\"Quando a Hist\u00f3ria ganha vida! - Escola Pio XII | Rede ICM de educa\u00e7\u00e3o\",\"isPartOf\":{\"@id\":\"https:\\\/\\\/redeicm.org.br\\\/pioxii\\\/#website\"},\"primaryImageOfPage\":{\"@id\":\"https:\\\/\\\/redeicm.org.br\\\/pioxii\\\/quando-a-historia-ganha-vida\\\/#primaryimage\"},\"image\":{\"@id\":\"https:\\\/\\\/redeicm.org.br\\\/pioxii\\\/quando-a-historia-ganha-vida\\\/#primaryimage\"},\"thumbnailUrl\":\"https:\\\/\\\/redeicm.org.br\\\/pioxii\\\/wp-content\\\/uploads\\\/sites\\\/2\\\/2026\\\/08\\\/Image00028.jpg\",\"datePublished\":\"2026-08-26T21:12:24+00:00\",\"breadcrumb\":{\"@id\":\"https:\\\/\\\/redeicm.org.br\\\/pioxii\\\/quando-a-historia-ganha-vida\\\/#breadcrumb\"},\"inLanguage\":\"pt-BR\",\"potentialAction\":[{\"@type\":\"ReadAction\",\"target\":[\"https:\\\/\\\/redeicm.org.br\\\/pioxii\\\/quando-a-historia-ganha-vida\\\/\"]}]},{\"@type\":\"ImageObject\",\"inLanguage\":\"pt-BR\",\"@id\":\"https:\\\/\\\/redeicm.org.br\\\/pioxii\\\/quando-a-historia-ganha-vida\\\/#primaryimage\",\"url\":\"https:\\\/\\\/redeicm.org.br\\\/pioxii\\\/wp-content\\\/uploads\\\/sites\\\/2\\\/2026\\\/08\\\/Image00028.jpg\",\"contentUrl\":\"https:\\\/\\\/redeicm.org.br\\\/pioxii\\\/wp-content\\\/uploads\\\/sites\\\/2\\\/2026\\\/08\\\/Image00028.jpg\",\"width\":1280,\"height\":853},{\"@type\":\"BreadcrumbList\",\"@id\":\"https:\\\/\\\/redeicm.org.br\\\/pioxii\\\/quando-a-historia-ganha-vida\\\/#breadcrumb\",\"itemListElement\":[{\"@type\":\"ListItem\",\"position\":1,\"name\":\"In\u00edcio\",\"item\":\"https:\\\/\\\/redeicm.org.br\\\/pioxii\\\/\"},{\"@type\":\"ListItem\",\"position\":2,\"name\":\"Quando a Hist\u00f3ria ganha vida!\"}]},{\"@type\":\"WebSite\",\"@id\":\"https:\\\/\\\/redeicm.org.br\\\/pioxii\\\/#website\",\"url\":\"https:\\\/\\\/redeicm.org.br\\\/pioxii\\\/\",\"name\":\"Escola Pio XII | Rede ICM de educa\u00e7\u00e3o\",\"description\":\"\",\"publisher\":{\"@id\":\"https:\\\/\\\/redeicm.org.br\\\/pioxii\\\/#organization\"},\"potentialAction\":[{\"@type\":\"SearchAction\",\"target\":{\"@type\":\"EntryPoint\",\"urlTemplate\":\"https:\\\/\\\/redeicm.org.br\\\/pioxii\\\/?s={search_term_string}\"},\"query-input\":{\"@type\":\"PropertyValueSpecification\",\"valueRequired\":true,\"valueName\":\"search_term_string\"}}],\"inLanguage\":\"pt-BR\"},{\"@type\":\"Organization\",\"@id\":\"https:\\\/\\\/redeicm.org.br\\\/pioxii\\\/#organization\",\"name\":\"Escola Pio XII | Rede ICM de educa\u00e7\u00e3o\",\"url\":\"https:\\\/\\\/redeicm.org.br\\\/pioxii\\\/\",\"logo\":{\"@type\":\"ImageObject\",\"inLanguage\":\"pt-BR\",\"@id\":\"https:\\\/\\\/redeicm.org.br\\\/pioxii\\\/#\\\/schema\\\/logo\\\/image\\\/\",\"url\":\"https:\\\/\\\/redeicm.org.br\\\/pioxii\\\/wp-content\\\/uploads\\\/sites\\\/2\\\/2024\\\/07\\\/logo-pio-xii.png\",\"contentUrl\":\"https:\\\/\\\/redeicm.org.br\\\/pioxii\\\/wp-content\\\/uploads\\\/sites\\\/2\\\/2024\\\/07\\\/logo-pio-xii.png\",\"width\":184,\"height\":75,\"caption\":\"Escola Pio XII | Rede ICM de educa\u00e7\u00e3o\"},\"image\":{\"@id\":\"https:\\\/\\\/redeicm.org.br\\\/pioxii\\\/#\\\/schema\\\/logo\\\/image\\\/\"}},{\"@type\":\"Person\",\"@id\":\"https:\\\/\\\/redeicm.org.br\\\/pioxii\\\/#\\\/schema\\\/person\\\/c9c41f8887da439d683ccc144988619a\",\"name\":\"guilhermemoreira\",\"image\":{\"@type\":\"ImageObject\",\"inLanguage\":\"pt-BR\",\"@id\":\"https:\\\/\\\/secure.gravatar.com\\\/avatar\\\/9d1273a2ad793286b49e0127b799269bd16af77eb5c1cfbe66317d955d89ecf6?s=96&d=mm&r=g\",\"url\":\"https:\\\/\\\/secure.gravatar.com\\\/avatar\\\/9d1273a2ad793286b49e0127b799269bd16af77eb5c1cfbe66317d955d89ecf6?s=96&d=mm&r=g\",\"contentUrl\":\"https:\\\/\\\/secure.gravatar.com\\\/avatar\\\/9d1273a2ad793286b49e0127b799269bd16af77eb5c1cfbe66317d955d89ecf6?s=96&d=mm&r=g\",\"caption\":\"guilhermemoreira\"},\"url\":\"https:\\\/\\\/redeicm.org.br\\\/pioxii\\\/author\\\/guilhermemoreira\\\/\"}]}<\/script>\n<!-- \/ Yoast SEO plugin. -->","yoast_head_json":{"title":"Quando a Hist\u00f3ria ganha vida! - Escola Pio XII | Rede ICM de educa\u00e7\u00e3o","robots":{"index":"index","follow":"follow","max-snippet":"max-snippet:-1","max-image-preview":"max-image-preview:large","max-video-preview":"max-video-preview:-1"},"canonical":"https:\/\/redeicm.org.br\/pioxii\/quando-a-historia-ganha-vida\/","og_locale":"pt_BR","og_type":"article","og_title":"Quando a Hist\u00f3ria ganha vida! - Escola Pio XII | Rede ICM de educa\u00e7\u00e3o","og_description":"Hist\u00f3ria em Cena: alunos do 7\u00ba ano transformam o estudo dos Estados Unidos em experi\u00eancia de aprendizagem Neste trimestre, o estudo da Hist\u00f3ria dos Estados Unidos ultrapassou os conte\u00fados trabalhados em sala de aula. Por meio de representa\u00e7\u00f5es teatrais, os alunos do 7\u00ba ano transformaram conhecimentos hist\u00f3ricos em experi\u00eancias de aprendizagem, articulando pesquisa, criatividade, express\u00e3o [&hellip;]","og_url":"https:\/\/redeicm.org.br\/pioxii\/quando-a-historia-ganha-vida\/","og_site_name":"Escola Pio XII | Rede ICM de educa\u00e7\u00e3o","article_published_time":"2026-08-26T21:12:24+00:00","og_image":[{"width":1280,"height":853,"url":"https:\/\/redeicm.org.br\/pioxii\/wp-content\/uploads\/sites\/2\/2026\/08\/Image00028.jpg","type":"image\/jpeg"}],"author":"guilhermemoreira","twitter_card":"summary_large_image","twitter_misc":{"Escrito por":"guilhermemoreira","Est. tempo de leitura":"2 minutos"},"schema":{"@context":"https:\/\/schema.org","@graph":[{"@type":"Article","@id":"https:\/\/redeicm.org.br\/pioxii\/quando-a-historia-ganha-vida\/#article","isPartOf":{"@id":"https:\/\/redeicm.org.br\/pioxii\/quando-a-historia-ganha-vida\/"},"author":{"name":"guilhermemoreira","@id":"https:\/\/redeicm.org.br\/pioxii\/#\/schema\/person\/c9c41f8887da439d683ccc144988619a"},"headline":"Quando a Hist\u00f3ria ganha vida!","datePublished":"2026-08-26T21:12:24+00:00","mainEntityOfPage":{"@id":"https:\/\/redeicm.org.br\/pioxii\/quando-a-historia-ganha-vida\/"},"wordCount":212,"commentCount":0,"publisher":{"@id":"https:\/\/redeicm.org.br\/pioxii\/#organization"},"image":{"@id":"https:\/\/redeicm.org.br\/pioxii\/quando-a-historia-ganha-vida\/#primaryimage"},"thumbnailUrl":"https:\/\/redeicm.org.br\/pioxii\/wp-content\/uploads\/sites\/2\/2026\/08\/Image00028.jpg","articleSection":["\u00daLTIMAS NOT\u00cdCIAS"],"inLanguage":"pt-BR","potentialAction":[{"@type":"CommentAction","name":"Comment","target":["https:\/\/redeicm.org.br\/pioxii\/quando-a-historia-ganha-vida\/#respond"]}]},{"@type":"WebPage","@id":"https:\/\/redeicm.org.br\/pioxii\/quando-a-historia-ganha-vida\/","url":"https:\/\/redeicm.org.br\/pioxii\/quando-a-historia-ganha-vida\/","name":"Quando a Hist\u00f3ria ganha vida! - Escola Pio XII | Rede ICM de educa\u00e7\u00e3o","isPartOf":{"@id":"https:\/\/redeicm.org.br\/pioxii\/#website"},"primaryImageOfPage":{"@id":"https:\/\/redeicm.org.br\/pioxii\/quando-a-historia-ganha-vida\/#primaryimage"},"image":{"@id":"https:\/\/redeicm.org.br\/pioxii\/quando-a-historia-ganha-vida\/#primaryimage"},"thumbnailUrl":"https:\/\/redeicm.org.br\/pioxii\/wp-content\/uploads\/sites\/2\/2026\/08\/Image00028.jpg","datePublished":"2026-08-26T21:12:24+00:00","breadcrumb":{"@id":"https:\/\/redeicm.org.br\/pioxii\/quando-a-historia-ganha-vida\/#breadcrumb"},"inLanguage":"pt-BR","potentialAction":[{"@type":"ReadAction","target":["https:\/\/redeicm.org.br\/pioxii\/quando-a-historia-ganha-vida\/"]}]},{"@type":"ImageObject","inLanguage":"pt-BR","@id":"https:\/\/redeicm.org.br\/pioxii\/quando-a-historia-ganha-vida\/#primaryimage","url":"https:\/\/redeicm.org.br\/pioxii\/wp-content\/uploads\/sites\/2\/2026\/08\/Image00028.jpg","contentUrl":"https:\/\/redeicm.org.br\/pioxii\/wp-content\/uploads\/sites\/2\/2026\/08\/Image00028.jpg","width":1280,"height":853},{"@type":"BreadcrumbList","@id":"https:\/\/redeicm.org.br\/pioxii\/quando-a-historia-ganha-vida\/#breadcrumb","itemListElement":[{"@type":"ListItem","position":1,"name":"In\u00edcio","item":"https:\/\/redeicm.org.br\/pioxii\/"},{"@type":"ListItem","position":2,"name":"Quando a Hist\u00f3ria ganha vida!"}]},{"@type":"WebSite","@id":"https:\/\/redeicm.org.br\/pioxii\/#website","url":"https:\/\/redeicm.org.br\/pioxii\/","name":"Escola Pio XII | Rede ICM de educa\u00e7\u00e3o","description":"","publisher":{"@id":"https:\/\/redeicm.org.br\/pioxii\/#organization"},"potentialAction":[{"@type":"SearchAction","target":{"@type":"EntryPoint","urlTemplate":"https:\/\/redeicm.org.br\/pioxii\/?s={search_term_string}"},"query-input":{"@type":"PropertyValueSpecification","valueRequired":true,"valueName":"search_term_string"}}],"inLanguage":"pt-BR"},{"@type":"Organization","@id":"https:\/\/redeicm.org.br\/pioxii\/#organization","name":"Escola Pio XII | Rede ICM de educa\u00e7\u00e3o","url":"https:\/\/redeicm.org.br\/pioxii\/","logo":{"@type":"ImageObject","inLanguage":"pt-BR","@id":"https:\/\/redeicm.org.br\/pioxii\/#\/schema\/logo\/image\/","url":"https:\/\/redeicm.org.br\/pioxii\/wp-content\/uploads\/sites\/2\/2024\/07\/logo-pio-xii.png","contentUrl":"https:\/\/redeicm.org.br\/pioxii\/wp-content\/uploads\/sites\/2\/2024\/07\/logo-pio-xii.png","width":184,"height":75,"caption":"Escola Pio XII | Rede ICM de educa\u00e7\u00e3o"},"image":{"@id":"https:\/\/redeicm.org.br\/pioxii\/#\/schema\/logo\/image\/"}},{"@type":"Person","@id":"https:\/\/redeicm.org.br\/pioxii\/#\/schema\/person\/c9c41f8887da439d683ccc144988619a","name":"guilhermemoreira","image":{"@type":"ImageObject","inLanguage":"pt-BR","@id":"https:\/\/secure.gravatar.com\/avatar\/9d1273a2ad793286b49e0127b799269bd16af77eb5c1cfbe66317d955d89ecf6?s=96&d=mm&r=g","url":"https:\/\/secure.gravatar.com\/avatar\/9d1273a2ad793286b49e0127b799269bd16af77eb5c1cfbe66317d955d89ecf6?s=96&d=mm&r=g","contentUrl":"https:\/\/secure.gravatar.com\/avatar\/9d1273a2ad793286b49e0127b799269bd16af77eb5c1cfbe66317d955d89ecf6?s=96&d=mm&r=g","caption":"guilhermemoreira"},"url":"https:\/\/redeicm.org.br\/pioxii\/author\/guilhermemoreira\/"}]}},"_links":{"self":[{"href":"https:\/\/redeicm.org.br\/pioxii\/wp-json\/wp\/v2\/posts\/4068","targetHints":{"allow":["GET"]}}],"collection":[{"href":"https:\/\/redeicm.org.br\/pioxii\/wp-json\/wp\/v2\/posts"}],"about":[{"href":"https:\/\/redeicm.org.br\/pioxii\/wp-json\/wp\/v2\/types\/post"}],"author":[{"embeddable":true,"href":"https:\/\/redeicm.org.br\/pioxii\/wp-json\/wp\/v2\/users\/28"}],"replies":[{"embeddable":true,"href":"https:\/\/redeicm.org.br\/pioxii\/wp-json\/wp\/v2\/comments?post=4068"}],"version-history":[{"count":1,"href":"https:\/\/redeicm.org.br\/pioxii\/wp-json\/wp\/v2\/posts\/4068\/revisions"}],"predecessor-version":[{"id":4097,"href":"https:\/\/redeicm.org.br\/pioxii\/wp-json\/wp\/v2\/posts\/4068\/revisions\/4097"}],"wp:featuredmedia":[{"embeddable":true,"href":"https:\/\/redeicm.org.br\/pioxii\/wp-json\/wp\/v2\/media\/4096"}],"wp:attachment":[{"href":"https:\/\/redeicm.org.br\/pioxii\/wp-json\/wp\/v2\/media?parent=4068"}],"wp:term":[{"taxonomy":"category","embeddable":true,"href":"https:\/\/redeicm.org.br\/pioxii\/wp-json\/wp\/v2\/categories?post=4068"},{"taxonomy":"post_tag","embeddable":true,"href":"https:\/\/redeicm.org.br\/pioxii\/wp-json\/wp\/v2\/tags?post=4068"}],"curies":[{"name":"wp","href":"https:\/\/api.w.org\/{rel}","templated":true}]}}