{"id":3422,"date":"2026-02-13T17:39:22","date_gmt":"2026-02-13T20:39:22","guid":{"rendered":"https:\/\/redeicm.org.br\/maededeus\/?p=3422"},"modified":"2026-02-13T17:39:22","modified_gmt":"2026-02-13T20:39:22","slug":"jornada-pedagogica-2026-preparar-para-educar-com-sentido","status":"publish","type":"post","link":"https:\/\/redeicm.org.br\/maededeus\/jornada-pedagogica-2026-preparar-para-educar-com-sentido\/","title":{"rendered":"Jornada Pedag\u00f3gica 2026: Preparar para educar com sentido"},"content":{"rendered":"<p>Entre os dias 9 e 13\/2, o Col\u00e9gio M\u00e3e de Deus realizou a Jornada Pedag\u00f3gica 2026, um tempo especial de prepara\u00e7\u00e3o para o in\u00edcio do ano letivo, marcado pela acolhida dos educadores, espiritualidade, planejamento pedag\u00f3gico, palestras e momentos formativos. A semana foi vivida como um espa\u00e7o de escuta, troca de conhecimentos e fortalecimento da miss\u00e3o que orienta a nossa pr\u00e1tica educativa.<\/p>\n<p>A abertura da Jornada foi dedicada \u00e0 acolhida dos educadores, com um convite a assumirem, mais uma vez, o chamado de serem sal e luz na vida dos estudantes e da comunidade escolar. O momento refor\u00e7ou o sentido vocacional do educar e a import\u00e2ncia do compromisso di\u00e1rio com uma educa\u00e7\u00e3o humana, \u00e9tica e transformadora.<\/p>\n<p>Um destaque da programa\u00e7\u00e3o foi a forma\u00e7\u00e3o dos novos educadores, que contou com a apresenta\u00e7\u00e3o do carisma da fundadora, a B\u00e1rbara Maix, aprofundando a identidade e os valores que sustentam a miss\u00e3o da Rede ICM. O encontro favoreceu a integra\u00e7\u00e3o dos novos professores e colaboradores, fortalecendo o sentimento de pertencimento e unidade.<\/p>\n<p>A Coordena\u00e7\u00e3o de Pastoral tamb\u00e9m apresentou a Campanha da Fraternidade 2026 \u2013 \u201cEle veio morar entre n\u00f3s\u201d, que, neste ano, convida \u00e0 reflex\u00e3o sobre a moradia digna para todos. A proposta provoca a comunidade educativa a reconhecer Cristo em cada irm\u00e3o e irm\u00e3, especialmente nas pessoas em situa\u00e7\u00e3o de vulnerabilidade, e a transformar a f\u00e9 em atitudes concretas de cuidado e compromisso. A campanha ser\u00e1 norteadora do ano letivo, inspirando os educadores a levarem essa reflex\u00e3o para a sala de aula e a cultivarem, junto aos estudantes, um olhar atento e solid\u00e1rio para com o pr\u00f3ximo.<\/p>\n<p>A programa\u00e7\u00e3o formativa contou ainda com a palestra \u201cDe Pr\u00f4 pra Pr\u00f4: como a Neuroci\u00eancia vem transformando a Educa\u00e7\u00e3o?\u201d, ministrada pela neurocientista e professora Carla Tieppo. O encontro promoveu reflex\u00f5es sobre os impactos da neuroci\u00eancia nos processos de ensino e aprendizagem, ampliando o olhar sobre as pr\u00e1ticas pedag\u00f3gicas e os desafios da educa\u00e7\u00e3o contempor\u00e2nea.<\/p>\n<p>Outro momento importante da semana foi a consultoria do Sistema de Ensino Poliedro, com a professora Bruna Paula, que abordou a metodologia das Rotinas de Pensamento e apresentou orienta\u00e7\u00f5es sobre o uso do sistema, contribuindo para o aprimoramento das pr\u00e1ticas pedag\u00f3gicas e do planejamento escolar.<\/p>\n<p>A Jornada Pedag\u00f3gica 2026 reafirmou o compromisso do Col\u00e9gio M\u00e3e de Deus com uma forma\u00e7\u00e3o integral, que une conhecimento, espiritualidade e miss\u00e3o, preparando os educadores para um novo ano letivo vivido com sentido, responsabilidade e esperan\u00e7a.<\/p>\n<p>&nbsp;<\/p>\n","protected":false},"excerpt":{"rendered":"<p>Entre os dias 9 e 13\/2, o Col\u00e9gio M\u00e3e de Deus realizou a Jornada Pedag\u00f3gica 2026, um tempo especial de prepara\u00e7\u00e3o para o in\u00edcio do ano letivo, marcado pela acolhida dos educadores, espiritualidade, planejamento pedag\u00f3gico, palestras e momentos formativos. A semana foi vivida como um espa\u00e7o de escuta, troca de conhecimentos e fortalecimento da miss\u00e3o [&hellip;]<\/p>\n","protected":false},"author":63,"featured_media":3423,"comment_status":"open","ping_status":"open","sticky":false,"template":"","format":"standard","meta":{"_acf_changed":false,"footnotes":""},"categories":[1],"tags":[],"class_list":["post-3422","post","type-post","status-publish","format-standard","has-post-thumbnail","hentry","category-sem-categoria"],"acf":[],"yoast_head":"<!-- This site is optimized with the Yoast SEO plugin v26.3 - https:\/\/yoast.com\/wordpress\/plugins\/seo\/ -->\n<title>Jornada Pedag\u00f3gica 2026: Preparar para educar com sentido - Col\u00e9gio M\u00e3e de Deus | Rede ICM de educa\u00e7\u00e3o<\/title>\n<meta name=\"robots\" content=\"index, follow, max-snippet:-1, max-image-preview:large, max-video-preview:-1\" \/>\n<link rel=\"canonical\" href=\"https:\/\/redeicm.org.br\/maededeus\/jornada-pedagogica-2026-preparar-para-educar-com-sentido\/\" \/>\n<meta property=\"og:locale\" content=\"pt_BR\" \/>\n<meta property=\"og:type\" content=\"article\" \/>\n<meta property=\"og:title\" content=\"Jornada Pedag\u00f3gica 2026: Preparar para educar com sentido - Col\u00e9gio M\u00e3e de Deus | Rede ICM de educa\u00e7\u00e3o\" \/>\n<meta property=\"og:description\" content=\"Entre os dias 9 e 13\/2, o Col\u00e9gio M\u00e3e de Deus realizou a Jornada Pedag\u00f3gica 2026, um tempo especial de prepara\u00e7\u00e3o para o in\u00edcio do ano letivo, marcado pela acolhida dos educadores, espiritualidade, planejamento pedag\u00f3gico, palestras e momentos formativos. A semana foi vivida como um espa\u00e7o de escuta, troca de conhecimentos e fortalecimento da miss\u00e3o [&hellip;]\" \/>\n<meta property=\"og:url\" content=\"https:\/\/redeicm.org.br\/maededeus\/jornada-pedagogica-2026-preparar-para-educar-com-sentido\/\" \/>\n<meta property=\"og:site_name\" content=\"Col\u00e9gio M\u00e3e de Deus | Rede ICM de educa\u00e7\u00e3o\" \/>\n<meta property=\"article:published_time\" content=\"2026-02-13T20:39:22+00:00\" \/>\n<meta property=\"og:image\" content=\"https:\/\/redeicm.org.br\/maededeus\/wp-content\/uploads\/sites\/8\/2026\/02\/633789439_1599079257781994_1465591997333944985_n.jpg\" \/>\n\t<meta property=\"og:image:width\" content=\"2048\" \/>\n\t<meta property=\"og:image:height\" content=\"1535\" \/>\n\t<meta property=\"og:image:type\" content=\"image\/jpeg\" \/>\n<meta name=\"author\" content=\"helena\" \/>\n<meta name=\"twitter:card\" content=\"summary_large_image\" \/>\n<meta name=\"twitter:label1\" content=\"Escrito por\" \/>\n\t<meta name=\"twitter:data1\" content=\"helena\" \/>\n\t<meta name=\"twitter:label2\" content=\"Est. tempo de leitura\" \/>\n\t<meta name=\"twitter:data2\" content=\"3 minutos\" \/>\n<script type=\"application\/ld+json\" class=\"yoast-schema-graph\">{\"@context\":\"https:\/\/schema.org\",\"@graph\":[{\"@type\":\"Article\",\"@id\":\"https:\/\/redeicm.org.br\/maededeus\/jornada-pedagogica-2026-preparar-para-educar-com-sentido\/#article\",\"isPartOf\":{\"@id\":\"https:\/\/redeicm.org.br\/maededeus\/jornada-pedagogica-2026-preparar-para-educar-com-sentido\/\"},\"author\":{\"name\":\"helena\",\"@id\":\"https:\/\/redeicm.org.br\/maededeus\/#\/schema\/person\/7b59334fff3e13c1151f78efa6894108\"},\"headline\":\"Jornada Pedag\u00f3gica 2026: Preparar para educar com sentido\",\"datePublished\":\"2026-02-13T20:39:22+00:00\",\"mainEntityOfPage\":{\"@id\":\"https:\/\/redeicm.org.br\/maededeus\/jornada-pedagogica-2026-preparar-para-educar-com-sentido\/\"},\"wordCount\":445,\"commentCount\":0,\"publisher\":{\"@id\":\"https:\/\/redeicm.org.br\/maededeus\/#organization\"},\"image\":{\"@id\":\"https:\/\/redeicm.org.br\/maededeus\/jornada-pedagogica-2026-preparar-para-educar-com-sentido\/#primaryimage\"},\"thumbnailUrl\":\"https:\/\/redeicm.org.br\/maededeus\/wp-content\/uploads\/sites\/8\/2026\/02\/633789439_1599079257781994_1465591997333944985_n.jpg\",\"inLanguage\":\"pt-BR\",\"potentialAction\":[{\"@type\":\"CommentAction\",\"name\":\"Comment\",\"target\":[\"https:\/\/redeicm.org.br\/maededeus\/jornada-pedagogica-2026-preparar-para-educar-com-sentido\/#respond\"]}]},{\"@type\":\"WebPage\",\"@id\":\"https:\/\/redeicm.org.br\/maededeus\/jornada-pedagogica-2026-preparar-para-educar-com-sentido\/\",\"url\":\"https:\/\/redeicm.org.br\/maededeus\/jornada-pedagogica-2026-preparar-para-educar-com-sentido\/\",\"name\":\"Jornada Pedag\u00f3gica 2026: Preparar para educar com sentido - Col\u00e9gio M\u00e3e de Deus | Rede ICM de educa\u00e7\u00e3o\",\"isPartOf\":{\"@id\":\"https:\/\/redeicm.org.br\/maededeus\/#website\"},\"primaryImageOfPage\":{\"@id\":\"https:\/\/redeicm.org.br\/maededeus\/jornada-pedagogica-2026-preparar-para-educar-com-sentido\/#primaryimage\"},\"image\":{\"@id\":\"https:\/\/redeicm.org.br\/maededeus\/jornada-pedagogica-2026-preparar-para-educar-com-sentido\/#primaryimage\"},\"thumbnailUrl\":\"https:\/\/redeicm.org.br\/maededeus\/wp-content\/uploads\/sites\/8\/2026\/02\/633789439_1599079257781994_1465591997333944985_n.jpg\",\"datePublished\":\"2026-02-13T20:39:22+00:00\",\"breadcrumb\":{\"@id\":\"https:\/\/redeicm.org.br\/maededeus\/jornada-pedagogica-2026-preparar-para-educar-com-sentido\/#breadcrumb\"},\"inLanguage\":\"pt-BR\",\"potentialAction\":[{\"@type\":\"ReadAction\",\"target\":[\"https:\/\/redeicm.org.br\/maededeus\/jornada-pedagogica-2026-preparar-para-educar-com-sentido\/\"]}]},{\"@type\":\"ImageObject\",\"inLanguage\":\"pt-BR\",\"@id\":\"https:\/\/redeicm.org.br\/maededeus\/jornada-pedagogica-2026-preparar-para-educar-com-sentido\/#primaryimage\",\"url\":\"https:\/\/redeicm.org.br\/maededeus\/wp-content\/uploads\/sites\/8\/2026\/02\/633789439_1599079257781994_1465591997333944985_n.jpg\",\"contentUrl\":\"https:\/\/redeicm.org.br\/maededeus\/wp-content\/uploads\/sites\/8\/2026\/02\/633789439_1599079257781994_1465591997333944985_n.jpg\",\"width\":2048,\"height\":1535},{\"@type\":\"BreadcrumbList\",\"@id\":\"https:\/\/redeicm.org.br\/maededeus\/jornada-pedagogica-2026-preparar-para-educar-com-sentido\/#breadcrumb\",\"itemListElement\":[{\"@type\":\"ListItem\",\"position\":1,\"name\":\"In\u00edcio\",\"item\":\"https:\/\/redeicm.org.br\/maededeus\/\"},{\"@type\":\"ListItem\",\"position\":2,\"name\":\"Jornada Pedag\u00f3gica 2026: Preparar para educar com sentido\"}]},{\"@type\":\"WebSite\",\"@id\":\"https:\/\/redeicm.org.br\/maededeus\/#website\",\"url\":\"https:\/\/redeicm.org.br\/maededeus\/\",\"name\":\"Col\u00e9gio M\u00e3e de Deus | Rede ICM de educa\u00e7\u00e3o\",\"description\":\"\",\"publisher\":{\"@id\":\"https:\/\/redeicm.org.br\/maededeus\/#organization\"},\"potentialAction\":[{\"@type\":\"SearchAction\",\"target\":{\"@type\":\"EntryPoint\",\"urlTemplate\":\"https:\/\/redeicm.org.br\/maededeus\/?s={search_term_string}\"},\"query-input\":{\"@type\":\"PropertyValueSpecification\",\"valueRequired\":true,\"valueName\":\"search_term_string\"}}],\"inLanguage\":\"pt-BR\"},{\"@type\":\"Organization\",\"@id\":\"https:\/\/redeicm.org.br\/maededeus\/#organization\",\"name\":\"Col\u00e9gio M\u00e3e de Deus | Rede ICM de educa\u00e7\u00e3o\",\"url\":\"https:\/\/redeicm.org.br\/maededeus\/\",\"logo\":{\"@type\":\"ImageObject\",\"inLanguage\":\"pt-BR\",\"@id\":\"https:\/\/redeicm.org.br\/maededeus\/#\/schema\/logo\/image\/\",\"url\":\"https:\/\/redeicm.org.br\/maededeus\/wp-content\/uploads\/sites\/8\/2024\/08\/icm_educacao_mae_de_deus_preferencial_coares.webp\",\"contentUrl\":\"https:\/\/redeicm.org.br\/maededeus\/wp-content\/uploads\/sites\/8\/2024\/08\/icm_educacao_mae_de_deus_preferencial_coares.webp\",\"width\":493,\"height\":185,\"caption\":\"Col\u00e9gio M\u00e3e de Deus | Rede ICM de educa\u00e7\u00e3o\"},\"image\":{\"@id\":\"https:\/\/redeicm.org.br\/maededeus\/#\/schema\/logo\/image\/\"}},{\"@type\":\"Person\",\"@id\":\"https:\/\/redeicm.org.br\/maededeus\/#\/schema\/person\/7b59334fff3e13c1151f78efa6894108\",\"name\":\"helena\",\"image\":{\"@type\":\"ImageObject\",\"inLanguage\":\"pt-BR\",\"@id\":\"https:\/\/redeicm.org.br\/maededeus\/#\/schema\/person\/image\/\",\"url\":\"https:\/\/secure.gravatar.com\/avatar\/6d1ae766be001a6f2a332e3a64e672d5a7a0f8415f09b19614059bc46f1ee413?s=96&d=mm&r=g\",\"contentUrl\":\"https:\/\/secure.gravatar.com\/avatar\/6d1ae766be001a6f2a332e3a64e672d5a7a0f8415f09b19614059bc46f1ee413?s=96&d=mm&r=g\",\"caption\":\"helena\"},\"url\":\"https:\/\/redeicm.org.br\/maededeus\/author\/helena\/\"}]}<\/script>\n<!-- \/ Yoast SEO plugin. -->","yoast_head_json":{"title":"Jornada Pedag\u00f3gica 2026: Preparar para educar com sentido - Col\u00e9gio M\u00e3e de Deus | Rede ICM de educa\u00e7\u00e3o","robots":{"index":"index","follow":"follow","max-snippet":"max-snippet:-1","max-image-preview":"max-image-preview:large","max-video-preview":"max-video-preview:-1"},"canonical":"https:\/\/redeicm.org.br\/maededeus\/jornada-pedagogica-2026-preparar-para-educar-com-sentido\/","og_locale":"pt_BR","og_type":"article","og_title":"Jornada Pedag\u00f3gica 2026: Preparar para educar com sentido - Col\u00e9gio M\u00e3e de Deus | Rede ICM de educa\u00e7\u00e3o","og_description":"Entre os dias 9 e 13\/2, o Col\u00e9gio M\u00e3e de Deus realizou a Jornada Pedag\u00f3gica 2026, um tempo especial de prepara\u00e7\u00e3o para o in\u00edcio do ano letivo, marcado pela acolhida dos educadores, espiritualidade, planejamento pedag\u00f3gico, palestras e momentos formativos. A semana foi vivida como um espa\u00e7o de escuta, troca de conhecimentos e fortalecimento da miss\u00e3o [&hellip;]","og_url":"https:\/\/redeicm.org.br\/maededeus\/jornada-pedagogica-2026-preparar-para-educar-com-sentido\/","og_site_name":"Col\u00e9gio M\u00e3e de Deus | Rede ICM de educa\u00e7\u00e3o","article_published_time":"2026-02-13T20:39:22+00:00","og_image":[{"width":2048,"height":1535,"url":"https:\/\/redeicm.org.br\/maededeus\/wp-content\/uploads\/sites\/8\/2026\/02\/633789439_1599079257781994_1465591997333944985_n.jpg","type":"image\/jpeg"}],"author":"helena","twitter_card":"summary_large_image","twitter_misc":{"Escrito por":"helena","Est. tempo de leitura":"3 minutos"},"schema":{"@context":"https:\/\/schema.org","@graph":[{"@type":"Article","@id":"https:\/\/redeicm.org.br\/maededeus\/jornada-pedagogica-2026-preparar-para-educar-com-sentido\/#article","isPartOf":{"@id":"https:\/\/redeicm.org.br\/maededeus\/jornada-pedagogica-2026-preparar-para-educar-com-sentido\/"},"author":{"name":"helena","@id":"https:\/\/redeicm.org.br\/maededeus\/#\/schema\/person\/7b59334fff3e13c1151f78efa6894108"},"headline":"Jornada Pedag\u00f3gica 2026: Preparar para educar com sentido","datePublished":"2026-02-13T20:39:22+00:00","mainEntityOfPage":{"@id":"https:\/\/redeicm.org.br\/maededeus\/jornada-pedagogica-2026-preparar-para-educar-com-sentido\/"},"wordCount":445,"commentCount":0,"publisher":{"@id":"https:\/\/redeicm.org.br\/maededeus\/#organization"},"image":{"@id":"https:\/\/redeicm.org.br\/maededeus\/jornada-pedagogica-2026-preparar-para-educar-com-sentido\/#primaryimage"},"thumbnailUrl":"https:\/\/redeicm.org.br\/maededeus\/wp-content\/uploads\/sites\/8\/2026\/02\/633789439_1599079257781994_1465591997333944985_n.jpg","inLanguage":"pt-BR","potentialAction":[{"@type":"CommentAction","name":"Comment","target":["https:\/\/redeicm.org.br\/maededeus\/jornada-pedagogica-2026-preparar-para-educar-com-sentido\/#respond"]}]},{"@type":"WebPage","@id":"https:\/\/redeicm.org.br\/maededeus\/jornada-pedagogica-2026-preparar-para-educar-com-sentido\/","url":"https:\/\/redeicm.org.br\/maededeus\/jornada-pedagogica-2026-preparar-para-educar-com-sentido\/","name":"Jornada Pedag\u00f3gica 2026: Preparar para educar com sentido - Col\u00e9gio M\u00e3e de Deus | Rede ICM de educa\u00e7\u00e3o","isPartOf":{"@id":"https:\/\/redeicm.org.br\/maededeus\/#website"},"primaryImageOfPage":{"@id":"https:\/\/redeicm.org.br\/maededeus\/jornada-pedagogica-2026-preparar-para-educar-com-sentido\/#primaryimage"},"image":{"@id":"https:\/\/redeicm.org.br\/maededeus\/jornada-pedagogica-2026-preparar-para-educar-com-sentido\/#primaryimage"},"thumbnailUrl":"https:\/\/redeicm.org.br\/maededeus\/wp-content\/uploads\/sites\/8\/2026\/02\/633789439_1599079257781994_1465591997333944985_n.jpg","datePublished":"2026-02-13T20:39:22+00:00","breadcrumb":{"@id":"https:\/\/redeicm.org.br\/maededeus\/jornada-pedagogica-2026-preparar-para-educar-com-sentido\/#breadcrumb"},"inLanguage":"pt-BR","potentialAction":[{"@type":"ReadAction","target":["https:\/\/redeicm.org.br\/maededeus\/jornada-pedagogica-2026-preparar-para-educar-com-sentido\/"]}]},{"@type":"ImageObject","inLanguage":"pt-BR","@id":"https:\/\/redeicm.org.br\/maededeus\/jornada-pedagogica-2026-preparar-para-educar-com-sentido\/#primaryimage","url":"https:\/\/redeicm.org.br\/maededeus\/wp-content\/uploads\/sites\/8\/2026\/02\/633789439_1599079257781994_1465591997333944985_n.jpg","contentUrl":"https:\/\/redeicm.org.br\/maededeus\/wp-content\/uploads\/sites\/8\/2026\/02\/633789439_1599079257781994_1465591997333944985_n.jpg","width":2048,"height":1535},{"@type":"BreadcrumbList","@id":"https:\/\/redeicm.org.br\/maededeus\/jornada-pedagogica-2026-preparar-para-educar-com-sentido\/#breadcrumb","itemListElement":[{"@type":"ListItem","position":1,"name":"In\u00edcio","item":"https:\/\/redeicm.org.br\/maededeus\/"},{"@type":"ListItem","position":2,"name":"Jornada Pedag\u00f3gica 2026: Preparar para educar com sentido"}]},{"@type":"WebSite","@id":"https:\/\/redeicm.org.br\/maededeus\/#website","url":"https:\/\/redeicm.org.br\/maededeus\/","name":"Col\u00e9gio M\u00e3e de Deus | Rede ICM de educa\u00e7\u00e3o","description":"","publisher":{"@id":"https:\/\/redeicm.org.br\/maededeus\/#organization"},"potentialAction":[{"@type":"SearchAction","target":{"@type":"EntryPoint","urlTemplate":"https:\/\/redeicm.org.br\/maededeus\/?s={search_term_string}"},"query-input":{"@type":"PropertyValueSpecification","valueRequired":true,"valueName":"search_term_string"}}],"inLanguage":"pt-BR"},{"@type":"Organization","@id":"https:\/\/redeicm.org.br\/maededeus\/#organization","name":"Col\u00e9gio M\u00e3e de Deus | Rede ICM de educa\u00e7\u00e3o","url":"https:\/\/redeicm.org.br\/maededeus\/","logo":{"@type":"ImageObject","inLanguage":"pt-BR","@id":"https:\/\/redeicm.org.br\/maededeus\/#\/schema\/logo\/image\/","url":"https:\/\/redeicm.org.br\/maededeus\/wp-content\/uploads\/sites\/8\/2024\/08\/icm_educacao_mae_de_deus_preferencial_coares.webp","contentUrl":"https:\/\/redeicm.org.br\/maededeus\/wp-content\/uploads\/sites\/8\/2024\/08\/icm_educacao_mae_de_deus_preferencial_coares.webp","width":493,"height":185,"caption":"Col\u00e9gio M\u00e3e de Deus | Rede ICM de educa\u00e7\u00e3o"},"image":{"@id":"https:\/\/redeicm.org.br\/maededeus\/#\/schema\/logo\/image\/"}},{"@type":"Person","@id":"https:\/\/redeicm.org.br\/maededeus\/#\/schema\/person\/7b59334fff3e13c1151f78efa6894108","name":"helena","image":{"@type":"ImageObject","inLanguage":"pt-BR","@id":"https:\/\/redeicm.org.br\/maededeus\/#\/schema\/person\/image\/","url":"https:\/\/secure.gravatar.com\/avatar\/6d1ae766be001a6f2a332e3a64e672d5a7a0f8415f09b19614059bc46f1ee413?s=96&d=mm&r=g","contentUrl":"https:\/\/secure.gravatar.com\/avatar\/6d1ae766be001a6f2a332e3a64e672d5a7a0f8415f09b19614059bc46f1ee413?s=96&d=mm&r=g","caption":"helena"},"url":"https:\/\/redeicm.org.br\/maededeus\/author\/helena\/"}]}},"_links":{"self":[{"href":"https:\/\/redeicm.org.br\/maededeus\/wp-json\/wp\/v2\/posts\/3422","targetHints":{"allow":["GET"]}}],"collection":[{"href":"https:\/\/redeicm.org.br\/maededeus\/wp-json\/wp\/v2\/posts"}],"about":[{"href":"https:\/\/redeicm.org.br\/maededeus\/wp-json\/wp\/v2\/types\/post"}],"author":[{"embeddable":true,"href":"https:\/\/redeicm.org.br\/maededeus\/wp-json\/wp\/v2\/users\/63"}],"replies":[{"embeddable":true,"href":"https:\/\/redeicm.org.br\/maededeus\/wp-json\/wp\/v2\/comments?post=3422"}],"version-history":[{"count":2,"href":"https:\/\/redeicm.org.br\/maededeus\/wp-json\/wp\/v2\/posts\/3422\/revisions"}],"predecessor-version":[{"id":3425,"href":"https:\/\/redeicm.org.br\/maededeus\/wp-json\/wp\/v2\/posts\/3422\/revisions\/3425"}],"wp:featuredmedia":[{"embeddable":true,"href":"https:\/\/redeicm.org.br\/maededeus\/wp-json\/wp\/v2\/media\/3423"}],"wp:attachment":[{"href":"https:\/\/redeicm.org.br\/maededeus\/wp-json\/wp\/v2\/media?parent=3422"}],"wp:term":[{"taxonomy":"category","embeddable":true,"href":"https:\/\/redeicm.org.br\/maededeus\/wp-json\/wp\/v2\/categories?post=3422"},{"taxonomy":"post_tag","embeddable":true,"href":"https:\/\/redeicm.org.br\/maededeus\/wp-json\/wp\/v2\/tags?post=3422"}],"curies":[{"name":"wp","href":"https:\/\/api.w.org\/{rel}","templated":true}]}}