{"id":3385,"date":"2024-06-17T14:50:15","date_gmt":"2024-06-17T17:50:15","guid":{"rendered":"https:\/\/redeicm.org.br\/maededeus\/passeio-ciclistico-solidario-2024\/"},"modified":"2024-06-17T14:50:15","modified_gmt":"2024-06-17T17:50:15","slug":"passeio-ciclistico-solidario-2024","status":"publish","type":"post","link":"https:\/\/redeicm.org.br\/maededeus\/passeio-ciclistico-solidario-2024\/","title":{"rendered":"Passeio Cicl\u00edstico Solid\u00e1rio 2024"},"content":{"rendered":"<div class=\"xdj266r x11i5rnm xat24cr x1mh8g0r x1vvkbs x126k92a\">\n<div dir=\"auto\">\n<p>Em abril, nossa comunidade se uniu em uma incr\u00edvel pedalada por uma causa nobre durante o Passeio Cicl\u00edstico Solid\u00e1rio do Col\u00e9gio M\u00e3e de Deus! Foi um dia de muita divers\u00e3o, uni\u00e3o e solidariedade, repleto de momentos inesquec\u00edveis.<\/p>\n<p>A pr\u00e1tica do esporte, como a pedalada, n\u00e3o apenas promove a sa\u00fade f\u00edsica e o bem-estar, mas tamb\u00e9m fortalece os la\u00e7os comunit\u00e1rios e incentiva a colabora\u00e7\u00e3o entre as pessoas. O Passeio Cicl\u00edstico Solid\u00e1rio mostrou a import\u00e2ncia de unir esfor\u00e7os em prol de um bem maior, destacando o poder transformador do esporte aliado \u00e0 solidariedade.<\/p>\n<p>NosSa comunidade escolar estava plenamente engajada, com alunos, pais, professores e colaboradores participando ativamente e demonstrando um esp\u00edrito de coopera\u00e7\u00e3o exemplar. A energia positiva e o entusiasmo de todos foram contagiantes, tornando o evento um verdadeiro sucesso.<\/p>\n<p>Agradecemos a todos que se envolveram e fizeram parte deste evento t\u00e3o especial. Sua presen\u00e7a e apoio foram essenciais para o sucesso desta iniciativa, que certamente deixar\u00e1 uma marca duradoura em todos os participantes e benefici\u00e1rios. Juntos, mostramos que a uni\u00e3o e a solidariedade podem fazer a diferen\u00e7a!<\/p>\n<\/div>\n<\/div>\n<div dir=\"auto\"><\/div>\n<div dir=\"auto\">\n\n<\/div>\n","protected":false},"excerpt":{"rendered":"<p>Em abril, nossa comunidade se uniu em uma incr\u00edvel pedalada por uma causa nobre durante o Passeio Cicl\u00edstico Solid\u00e1rio do Col\u00e9gio M\u00e3e de Deus! Foi um dia de muita divers\u00e3o, uni\u00e3o e solidariedade, repleto de momentos inesquec\u00edveis. A pr\u00e1tica do esporte, como a pedalada, n\u00e3o apenas promove a sa\u00fade f\u00edsica e o bem-estar, mas tamb\u00e9m [&hellip;]<\/p>\n","protected":false},"author":1,"featured_media":0,"comment_status":"closed","ping_status":"open","sticky":false,"template":"","format":"standard","meta":{"_acf_changed":false,"footnotes":""},"categories":[14],"tags":[],"class_list":["post-3385","post","type-post","status-publish","format-standard","hentry","category-noticias"],"acf":[],"yoast_head":"<!-- This site is optimized with the Yoast SEO plugin v26.3 - https:\/\/yoast.com\/wordpress\/plugins\/seo\/ -->\n<title>Passeio Cicl\u00edstico Solid\u00e1rio 2024 - Col\u00e9gio M\u00e3e de Deus | Rede ICM de educa\u00e7\u00e3o<\/title>\n<meta name=\"robots\" content=\"index, follow, max-snippet:-1, max-image-preview:large, max-video-preview:-1\" \/>\n<link rel=\"canonical\" href=\"https:\/\/redeicm.org.br\/maededeus\/passeio-ciclistico-solidario-2024\/\" \/>\n<meta property=\"og:locale\" content=\"pt_BR\" \/>\n<meta property=\"og:type\" content=\"article\" \/>\n<meta property=\"og:title\" content=\"Passeio Cicl\u00edstico Solid\u00e1rio 2024 - Col\u00e9gio M\u00e3e de Deus | Rede ICM de educa\u00e7\u00e3o\" \/>\n<meta property=\"og:description\" content=\"Em abril, nossa comunidade se uniu em uma incr\u00edvel pedalada por uma causa nobre durante o Passeio Cicl\u00edstico Solid\u00e1rio do Col\u00e9gio M\u00e3e de Deus! Foi um dia de muita divers\u00e3o, uni\u00e3o e solidariedade, repleto de momentos inesquec\u00edveis. A pr\u00e1tica do esporte, como a pedalada, n\u00e3o apenas promove a sa\u00fade f\u00edsica e o bem-estar, mas tamb\u00e9m [&hellip;]\" \/>\n<meta property=\"og:url\" content=\"https:\/\/redeicm.org.br\/maededeus\/passeio-ciclistico-solidario-2024\/\" \/>\n<meta property=\"og:site_name\" content=\"Col\u00e9gio M\u00e3e de Deus | Rede ICM de educa\u00e7\u00e3o\" \/>\n<meta property=\"article:published_time\" content=\"2024-06-17T17:50:15+00:00\" \/>\n<meta name=\"author\" content=\"ond@web\" \/>\n<meta name=\"twitter:card\" content=\"summary_large_image\" \/>\n<meta name=\"twitter:label1\" content=\"Escrito por\" \/>\n\t<meta name=\"twitter:data1\" content=\"ond@web\" \/>\n\t<meta name=\"twitter:label2\" content=\"Est. tempo de leitura\" \/>\n\t<meta name=\"twitter:data2\" content=\"1 minuto\" \/>\n<script type=\"application\/ld+json\" class=\"yoast-schema-graph\">{\"@context\":\"https:\/\/schema.org\",\"@graph\":[{\"@type\":\"Article\",\"@id\":\"https:\/\/redeicm.org.br\/maededeus\/passeio-ciclistico-solidario-2024\/#article\",\"isPartOf\":{\"@id\":\"https:\/\/redeicm.org.br\/maededeus\/passeio-ciclistico-solidario-2024\/\"},\"author\":{\"name\":\"ond@web\",\"@id\":\"https:\/\/redeicm.org.br\/maededeus\/#\/schema\/person\/a38dce2d2e752de68b1a37e503550f9f\"},\"headline\":\"Passeio Cicl\u00edstico Solid\u00e1rio 2024\",\"datePublished\":\"2024-06-17T17:50:15+00:00\",\"mainEntityOfPage\":{\"@id\":\"https:\/\/redeicm.org.br\/maededeus\/passeio-ciclistico-solidario-2024\/\"},\"wordCount\":211,\"publisher\":{\"@id\":\"https:\/\/redeicm.org.br\/maededeus\/#organization\"},\"articleSection\":[\"NOT\u00cdCIAS\"],\"inLanguage\":\"pt-BR\"},{\"@type\":\"WebPage\",\"@id\":\"https:\/\/redeicm.org.br\/maededeus\/passeio-ciclistico-solidario-2024\/\",\"url\":\"https:\/\/redeicm.org.br\/maededeus\/passeio-ciclistico-solidario-2024\/\",\"name\":\"Passeio Cicl\u00edstico Solid\u00e1rio 2024 - Col\u00e9gio M\u00e3e de Deus | Rede ICM de educa\u00e7\u00e3o\",\"isPartOf\":{\"@id\":\"https:\/\/redeicm.org.br\/maededeus\/#website\"},\"datePublished\":\"2024-06-17T17:50:15+00:00\",\"breadcrumb\":{\"@id\":\"https:\/\/redeicm.org.br\/maededeus\/passeio-ciclistico-solidario-2024\/#breadcrumb\"},\"inLanguage\":\"pt-BR\",\"potentialAction\":[{\"@type\":\"ReadAction\",\"target\":[\"https:\/\/redeicm.org.br\/maededeus\/passeio-ciclistico-solidario-2024\/\"]}]},{\"@type\":\"BreadcrumbList\",\"@id\":\"https:\/\/redeicm.org.br\/maededeus\/passeio-ciclistico-solidario-2024\/#breadcrumb\",\"itemListElement\":[{\"@type\":\"ListItem\",\"position\":1,\"name\":\"In\u00edcio\",\"item\":\"https:\/\/redeicm.org.br\/maededeus\/\"},{\"@type\":\"ListItem\",\"position\":2,\"name\":\"Passeio Cicl\u00edstico Solid\u00e1rio 2024\"}]},{\"@type\":\"WebSite\",\"@id\":\"https:\/\/redeicm.org.br\/maededeus\/#website\",\"url\":\"https:\/\/redeicm.org.br\/maededeus\/\",\"name\":\"Col\u00e9gio M\u00e3e de Deus | Rede ICM de educa\u00e7\u00e3o\",\"description\":\"\",\"publisher\":{\"@id\":\"https:\/\/redeicm.org.br\/maededeus\/#organization\"},\"potentialAction\":[{\"@type\":\"SearchAction\",\"target\":{\"@type\":\"EntryPoint\",\"urlTemplate\":\"https:\/\/redeicm.org.br\/maededeus\/?s={search_term_string}\"},\"query-input\":{\"@type\":\"PropertyValueSpecification\",\"valueRequired\":true,\"valueName\":\"search_term_string\"}}],\"inLanguage\":\"pt-BR\"},{\"@type\":\"Organization\",\"@id\":\"https:\/\/redeicm.org.br\/maededeus\/#organization\",\"name\":\"Col\u00e9gio M\u00e3e de Deus | Rede ICM de educa\u00e7\u00e3o\",\"url\":\"https:\/\/redeicm.org.br\/maededeus\/\",\"logo\":{\"@type\":\"ImageObject\",\"inLanguage\":\"pt-BR\",\"@id\":\"https:\/\/redeicm.org.br\/maededeus\/#\/schema\/logo\/image\/\",\"url\":\"https:\/\/redeicm.org.br\/maededeus\/wp-content\/uploads\/sites\/8\/2024\/08\/icm_educacao_mae_de_deus_preferencial_coares.webp\",\"contentUrl\":\"https:\/\/redeicm.org.br\/maededeus\/wp-content\/uploads\/sites\/8\/2024\/08\/icm_educacao_mae_de_deus_preferencial_coares.webp\",\"width\":493,\"height\":185,\"caption\":\"Col\u00e9gio M\u00e3e de Deus | Rede ICM de educa\u00e7\u00e3o\"},\"image\":{\"@id\":\"https:\/\/redeicm.org.br\/maededeus\/#\/schema\/logo\/image\/\"}},{\"@type\":\"Person\",\"@id\":\"https:\/\/redeicm.org.br\/maededeus\/#\/schema\/person\/a38dce2d2e752de68b1a37e503550f9f\",\"name\":\"ond@web\",\"image\":{\"@type\":\"ImageObject\",\"inLanguage\":\"pt-BR\",\"@id\":\"https:\/\/redeicm.org.br\/maededeus\/#\/schema\/person\/image\/\",\"url\":\"https:\/\/secure.gravatar.com\/avatar\/648e68d5f292ea4161a120b2eb1efb8606ed8b74cf3530230d8e9a1421746261?s=96&d=mm&r=g\",\"contentUrl\":\"https:\/\/secure.gravatar.com\/avatar\/648e68d5f292ea4161a120b2eb1efb8606ed8b74cf3530230d8e9a1421746261?s=96&d=mm&r=g\",\"caption\":\"ond@web\"},\"sameAs\":[\"https:\/\/redeicm.org.br\"],\"url\":\"https:\/\/redeicm.org.br\/maededeus\/author\/ondweb\/\"}]}<\/script>\n<!-- \/ Yoast SEO plugin. -->","yoast_head_json":{"title":"Passeio Cicl\u00edstico Solid\u00e1rio 2024 - Col\u00e9gio M\u00e3e de Deus | Rede ICM de educa\u00e7\u00e3o","robots":{"index":"index","follow":"follow","max-snippet":"max-snippet:-1","max-image-preview":"max-image-preview:large","max-video-preview":"max-video-preview:-1"},"canonical":"https:\/\/redeicm.org.br\/maededeus\/passeio-ciclistico-solidario-2024\/","og_locale":"pt_BR","og_type":"article","og_title":"Passeio Cicl\u00edstico Solid\u00e1rio 2024 - Col\u00e9gio M\u00e3e de Deus | Rede ICM de educa\u00e7\u00e3o","og_description":"Em abril, nossa comunidade se uniu em uma incr\u00edvel pedalada por uma causa nobre durante o Passeio Cicl\u00edstico Solid\u00e1rio do Col\u00e9gio M\u00e3e de Deus! Foi um dia de muita divers\u00e3o, uni\u00e3o e solidariedade, repleto de momentos inesquec\u00edveis. A pr\u00e1tica do esporte, como a pedalada, n\u00e3o apenas promove a sa\u00fade f\u00edsica e o bem-estar, mas tamb\u00e9m [&hellip;]","og_url":"https:\/\/redeicm.org.br\/maededeus\/passeio-ciclistico-solidario-2024\/","og_site_name":"Col\u00e9gio M\u00e3e de Deus | Rede ICM de educa\u00e7\u00e3o","article_published_time":"2024-06-17T17:50:15+00:00","author":"ond@web","twitter_card":"summary_large_image","twitter_misc":{"Escrito por":"ond@web","Est. tempo de leitura":"1 minuto"},"schema":{"@context":"https:\/\/schema.org","@graph":[{"@type":"Article","@id":"https:\/\/redeicm.org.br\/maededeus\/passeio-ciclistico-solidario-2024\/#article","isPartOf":{"@id":"https:\/\/redeicm.org.br\/maededeus\/passeio-ciclistico-solidario-2024\/"},"author":{"name":"ond@web","@id":"https:\/\/redeicm.org.br\/maededeus\/#\/schema\/person\/a38dce2d2e752de68b1a37e503550f9f"},"headline":"Passeio Cicl\u00edstico Solid\u00e1rio 2024","datePublished":"2024-06-17T17:50:15+00:00","mainEntityOfPage":{"@id":"https:\/\/redeicm.org.br\/maededeus\/passeio-ciclistico-solidario-2024\/"},"wordCount":211,"publisher":{"@id":"https:\/\/redeicm.org.br\/maededeus\/#organization"},"articleSection":["NOT\u00cdCIAS"],"inLanguage":"pt-BR"},{"@type":"WebPage","@id":"https:\/\/redeicm.org.br\/maededeus\/passeio-ciclistico-solidario-2024\/","url":"https:\/\/redeicm.org.br\/maededeus\/passeio-ciclistico-solidario-2024\/","name":"Passeio Cicl\u00edstico Solid\u00e1rio 2024 - Col\u00e9gio M\u00e3e de Deus | Rede ICM de educa\u00e7\u00e3o","isPartOf":{"@id":"https:\/\/redeicm.org.br\/maededeus\/#website"},"datePublished":"2024-06-17T17:50:15+00:00","breadcrumb":{"@id":"https:\/\/redeicm.org.br\/maededeus\/passeio-ciclistico-solidario-2024\/#breadcrumb"},"inLanguage":"pt-BR","potentialAction":[{"@type":"ReadAction","target":["https:\/\/redeicm.org.br\/maededeus\/passeio-ciclistico-solidario-2024\/"]}]},{"@type":"BreadcrumbList","@id":"https:\/\/redeicm.org.br\/maededeus\/passeio-ciclistico-solidario-2024\/#breadcrumb","itemListElement":[{"@type":"ListItem","position":1,"name":"In\u00edcio","item":"https:\/\/redeicm.org.br\/maededeus\/"},{"@type":"ListItem","position":2,"name":"Passeio Cicl\u00edstico Solid\u00e1rio 2024"}]},{"@type":"WebSite","@id":"https:\/\/redeicm.org.br\/maededeus\/#website","url":"https:\/\/redeicm.org.br\/maededeus\/","name":"Col\u00e9gio M\u00e3e de Deus | Rede ICM de educa\u00e7\u00e3o","description":"","publisher":{"@id":"https:\/\/redeicm.org.br\/maededeus\/#organization"},"potentialAction":[{"@type":"SearchAction","target":{"@type":"EntryPoint","urlTemplate":"https:\/\/redeicm.org.br\/maededeus\/?s={search_term_string}"},"query-input":{"@type":"PropertyValueSpecification","valueRequired":true,"valueName":"search_term_string"}}],"inLanguage":"pt-BR"},{"@type":"Organization","@id":"https:\/\/redeicm.org.br\/maededeus\/#organization","name":"Col\u00e9gio M\u00e3e de Deus | Rede ICM de educa\u00e7\u00e3o","url":"https:\/\/redeicm.org.br\/maededeus\/","logo":{"@type":"ImageObject","inLanguage":"pt-BR","@id":"https:\/\/redeicm.org.br\/maededeus\/#\/schema\/logo\/image\/","url":"https:\/\/redeicm.org.br\/maededeus\/wp-content\/uploads\/sites\/8\/2024\/08\/icm_educacao_mae_de_deus_preferencial_coares.webp","contentUrl":"https:\/\/redeicm.org.br\/maededeus\/wp-content\/uploads\/sites\/8\/2024\/08\/icm_educacao_mae_de_deus_preferencial_coares.webp","width":493,"height":185,"caption":"Col\u00e9gio M\u00e3e de Deus | Rede ICM de educa\u00e7\u00e3o"},"image":{"@id":"https:\/\/redeicm.org.br\/maededeus\/#\/schema\/logo\/image\/"}},{"@type":"Person","@id":"https:\/\/redeicm.org.br\/maededeus\/#\/schema\/person\/a38dce2d2e752de68b1a37e503550f9f","name":"ond@web","image":{"@type":"ImageObject","inLanguage":"pt-BR","@id":"https:\/\/redeicm.org.br\/maededeus\/#\/schema\/person\/image\/","url":"https:\/\/secure.gravatar.com\/avatar\/648e68d5f292ea4161a120b2eb1efb8606ed8b74cf3530230d8e9a1421746261?s=96&d=mm&r=g","contentUrl":"https:\/\/secure.gravatar.com\/avatar\/648e68d5f292ea4161a120b2eb1efb8606ed8b74cf3530230d8e9a1421746261?s=96&d=mm&r=g","caption":"ond@web"},"sameAs":["https:\/\/redeicm.org.br"],"url":"https:\/\/redeicm.org.br\/maededeus\/author\/ondweb\/"}]}},"_links":{"self":[{"href":"https:\/\/redeicm.org.br\/maededeus\/wp-json\/wp\/v2\/posts\/3385","targetHints":{"allow":["GET"]}}],"collection":[{"href":"https:\/\/redeicm.org.br\/maededeus\/wp-json\/wp\/v2\/posts"}],"about":[{"href":"https:\/\/redeicm.org.br\/maededeus\/wp-json\/wp\/v2\/types\/post"}],"author":[{"embeddable":true,"href":"https:\/\/redeicm.org.br\/maededeus\/wp-json\/wp\/v2\/users\/1"}],"replies":[{"embeddable":true,"href":"https:\/\/redeicm.org.br\/maededeus\/wp-json\/wp\/v2\/comments?post=3385"}],"version-history":[{"count":0,"href":"https:\/\/redeicm.org.br\/maededeus\/wp-json\/wp\/v2\/posts\/3385\/revisions"}],"wp:attachment":[{"href":"https:\/\/redeicm.org.br\/maededeus\/wp-json\/wp\/v2\/media?parent=3385"}],"wp:term":[{"taxonomy":"category","embeddable":true,"href":"https:\/\/redeicm.org.br\/maededeus\/wp-json\/wp\/v2\/categories?post=3385"},{"taxonomy":"post_tag","embeddable":true,"href":"https:\/\/redeicm.org.br\/maededeus\/wp-json\/wp\/v2\/tags?post=3385"}],"curies":[{"name":"wp","href":"https:\/\/api.w.org\/{rel}","templated":true}]}}