{"id":3325,"date":"2023-11-07T19:05:48","date_gmt":"2023-11-07T22:05:48","guid":{"rendered":"https:\/\/redeicm.org.br\/maededeus\/md-fashion-desfile-literario\/"},"modified":"2023-11-07T19:05:48","modified_gmt":"2023-11-07T22:05:48","slug":"md-fashion-desfile-literario","status":"publish","type":"post","link":"https:\/\/redeicm.org.br\/maededeus\/md-fashion-desfile-literario\/","title":{"rendered":"MD Fashion: Desfile Liter\u00e1rio"},"content":{"rendered":"<p>Os alunos do 8\u00ba e 9\u00ba Ano do Ensino Fundamental, mostraram sua criatividade e paix\u00e3o pela leitura no desfile do MD Fashion. Inspirados pelos livros que leram, os estudantes deram vida \u00e0s p\u00e1ginas de seus livros favoritos de uma maneira muito legal!<\/p>\n<p>Os alunos escolheram um livro e desfilaram representando os personagens. Os espectadores foram levados a uma jornada pelos universos liter\u00e1rios, enquanto os seus colegas desfilavam com confian\u00e7a e entusiasmo.<\/p>\n<p>As passarelas ganharam vida com personagens m\u00e1gicos, her\u00f3is destemidos, mundos imagin\u00e1rios e aventuras emocionantes, tudo gra\u00e7as \u00e0 imagina\u00e7\u00e3o e dedica\u00e7\u00e3o dos nossos estudantes.<\/p>\n<p>O evento n\u00e3o apenas destacou a import\u00e2ncia da leitura, mas tamb\u00e9m mostrou como os livros podem inspirar a criatividade e a imagina\u00e7\u00e3o. Parab\u00e9ns aos alunos pelo desempenho no MD Fashion!<\/p>\n\n","protected":false},"excerpt":{"rendered":"<p>Os alunos do 8\u00ba e 9\u00ba Ano do Ensino Fundamental, mostraram sua criatividade e paix\u00e3o pela leitura no desfile do MD Fashion. Inspirados pelos livros que leram, os estudantes deram vida \u00e0s p\u00e1ginas de seus livros favoritos de uma maneira muito legal! Os alunos escolheram um livro e desfilaram representando os personagens. Os espectadores foram [&hellip;]<\/p>\n","protected":false},"author":1,"featured_media":3326,"comment_status":"closed","ping_status":"open","sticky":false,"template":"","format":"standard","meta":{"_acf_changed":false,"footnotes":""},"categories":[14],"tags":[],"class_list":["post-3325","post","type-post","status-publish","format-standard","has-post-thumbnail","hentry","category-noticias"],"acf":[],"yoast_head":"<!-- This site is optimized with the Yoast SEO plugin v26.3 - https:\/\/yoast.com\/wordpress\/plugins\/seo\/ -->\n<title>MD Fashion: Desfile Liter\u00e1rio - Col\u00e9gio M\u00e3e de Deus | Rede ICM de educa\u00e7\u00e3o<\/title>\n<meta name=\"robots\" content=\"index, follow, max-snippet:-1, max-image-preview:large, max-video-preview:-1\" \/>\n<link rel=\"canonical\" href=\"https:\/\/redeicm.org.br\/maededeus\/md-fashion-desfile-literario\/\" \/>\n<meta property=\"og:locale\" content=\"pt_BR\" \/>\n<meta property=\"og:type\" content=\"article\" \/>\n<meta property=\"og:title\" content=\"MD Fashion: Desfile Liter\u00e1rio - Col\u00e9gio M\u00e3e de Deus | Rede ICM de educa\u00e7\u00e3o\" \/>\n<meta property=\"og:description\" content=\"Os alunos do 8\u00ba e 9\u00ba Ano do Ensino Fundamental, mostraram sua criatividade e paix\u00e3o pela leitura no desfile do MD Fashion. Inspirados pelos livros que leram, os estudantes deram vida \u00e0s p\u00e1ginas de seus livros favoritos de uma maneira muito legal! Os alunos escolheram um livro e desfilaram representando os personagens. Os espectadores foram [&hellip;]\" \/>\n<meta property=\"og:url\" content=\"https:\/\/redeicm.org.br\/maededeus\/md-fashion-desfile-literario\/\" \/>\n<meta property=\"og:site_name\" content=\"Col\u00e9gio M\u00e3e de Deus | Rede ICM de educa\u00e7\u00e3o\" \/>\n<meta property=\"article:published_time\" content=\"2023-11-07T22:05:48+00:00\" \/>\n<meta property=\"og:image\" content=\"https:\/\/redeicm.org.br\/maededeus\/wp-content\/uploads\/sites\/8\/site\/\/1\/CAPAS-PARA-O-SITE-2023-11-07T160409.448.jpg\" \/>\n\t<meta property=\"og:image:width\" content=\"940\" \/>\n\t<meta property=\"og:image:height\" content=\"650\" \/>\n\t<meta property=\"og:image:type\" content=\"image\/jpeg\" \/>\n<meta name=\"author\" content=\"ond@web\" \/>\n<meta name=\"twitter:card\" content=\"summary_large_image\" \/>\n<meta name=\"twitter:label1\" content=\"Escrito por\" \/>\n\t<meta name=\"twitter:data1\" content=\"ond@web\" \/>\n\t<meta name=\"twitter:label2\" content=\"Est. tempo de leitura\" \/>\n\t<meta name=\"twitter:data2\" content=\"1 minuto\" \/>\n<script type=\"application\/ld+json\" class=\"yoast-schema-graph\">{\"@context\":\"https:\/\/schema.org\",\"@graph\":[{\"@type\":\"Article\",\"@id\":\"https:\/\/redeicm.org.br\/maededeus\/md-fashion-desfile-literario\/#article\",\"isPartOf\":{\"@id\":\"https:\/\/redeicm.org.br\/maededeus\/md-fashion-desfile-literario\/\"},\"author\":{\"name\":\"ond@web\",\"@id\":\"https:\/\/redeicm.org.br\/maededeus\/#\/schema\/person\/a38dce2d2e752de68b1a37e503550f9f\"},\"headline\":\"MD Fashion: Desfile Liter\u00e1rio\",\"datePublished\":\"2023-11-07T22:05:48+00:00\",\"mainEntityOfPage\":{\"@id\":\"https:\/\/redeicm.org.br\/maededeus\/md-fashion-desfile-literario\/\"},\"wordCount\":145,\"publisher\":{\"@id\":\"https:\/\/redeicm.org.br\/maededeus\/#organization\"},\"image\":{\"@id\":\"https:\/\/redeicm.org.br\/maededeus\/md-fashion-desfile-literario\/#primaryimage\"},\"thumbnailUrl\":\"https:\/\/redeicm.org.br\/maededeus\/wp-content\/uploads\/sites\/8\/site\/\/1\/CAPAS-PARA-O-SITE-2023-11-07T160409.448.jpg\",\"articleSection\":[\"NOT\u00cdCIAS\"],\"inLanguage\":\"pt-BR\"},{\"@type\":\"WebPage\",\"@id\":\"https:\/\/redeicm.org.br\/maededeus\/md-fashion-desfile-literario\/\",\"url\":\"https:\/\/redeicm.org.br\/maededeus\/md-fashion-desfile-literario\/\",\"name\":\"MD Fashion: Desfile Liter\u00e1rio - Col\u00e9gio M\u00e3e de Deus | Rede ICM de educa\u00e7\u00e3o\",\"isPartOf\":{\"@id\":\"https:\/\/redeicm.org.br\/maededeus\/#website\"},\"primaryImageOfPage\":{\"@id\":\"https:\/\/redeicm.org.br\/maededeus\/md-fashion-desfile-literario\/#primaryimage\"},\"image\":{\"@id\":\"https:\/\/redeicm.org.br\/maededeus\/md-fashion-desfile-literario\/#primaryimage\"},\"thumbnailUrl\":\"https:\/\/redeicm.org.br\/maededeus\/wp-content\/uploads\/sites\/8\/site\/\/1\/CAPAS-PARA-O-SITE-2023-11-07T160409.448.jpg\",\"datePublished\":\"2023-11-07T22:05:48+00:00\",\"breadcrumb\":{\"@id\":\"https:\/\/redeicm.org.br\/maededeus\/md-fashion-desfile-literario\/#breadcrumb\"},\"inLanguage\":\"pt-BR\",\"potentialAction\":[{\"@type\":\"ReadAction\",\"target\":[\"https:\/\/redeicm.org.br\/maededeus\/md-fashion-desfile-literario\/\"]}]},{\"@type\":\"ImageObject\",\"inLanguage\":\"pt-BR\",\"@id\":\"https:\/\/redeicm.org.br\/maededeus\/md-fashion-desfile-literario\/#primaryimage\",\"url\":\"https:\/\/redeicm.org.br\/maededeus\/wp-content\/uploads\/sites\/8\/site\/\/1\/CAPAS-PARA-O-SITE-2023-11-07T160409.448.jpg\",\"contentUrl\":\"https:\/\/redeicm.org.br\/maededeus\/wp-content\/uploads\/sites\/8\/site\/\/1\/CAPAS-PARA-O-SITE-2023-11-07T160409.448.jpg\",\"width\":940,\"height\":650},{\"@type\":\"BreadcrumbList\",\"@id\":\"https:\/\/redeicm.org.br\/maededeus\/md-fashion-desfile-literario\/#breadcrumb\",\"itemListElement\":[{\"@type\":\"ListItem\",\"position\":1,\"name\":\"In\u00edcio\",\"item\":\"https:\/\/redeicm.org.br\/maededeus\/\"},{\"@type\":\"ListItem\",\"position\":2,\"name\":\"MD Fashion: Desfile Liter\u00e1rio\"}]},{\"@type\":\"WebSite\",\"@id\":\"https:\/\/redeicm.org.br\/maededeus\/#website\",\"url\":\"https:\/\/redeicm.org.br\/maededeus\/\",\"name\":\"Col\u00e9gio M\u00e3e de Deus | Rede ICM de educa\u00e7\u00e3o\",\"description\":\"\",\"publisher\":{\"@id\":\"https:\/\/redeicm.org.br\/maededeus\/#organization\"},\"potentialAction\":[{\"@type\":\"SearchAction\",\"target\":{\"@type\":\"EntryPoint\",\"urlTemplate\":\"https:\/\/redeicm.org.br\/maededeus\/?s={search_term_string}\"},\"query-input\":{\"@type\":\"PropertyValueSpecification\",\"valueRequired\":true,\"valueName\":\"search_term_string\"}}],\"inLanguage\":\"pt-BR\"},{\"@type\":\"Organization\",\"@id\":\"https:\/\/redeicm.org.br\/maededeus\/#organization\",\"name\":\"Col\u00e9gio M\u00e3e de Deus | Rede ICM de educa\u00e7\u00e3o\",\"url\":\"https:\/\/redeicm.org.br\/maededeus\/\",\"logo\":{\"@type\":\"ImageObject\",\"inLanguage\":\"pt-BR\",\"@id\":\"https:\/\/redeicm.org.br\/maededeus\/#\/schema\/logo\/image\/\",\"url\":\"https:\/\/redeicm.org.br\/maededeus\/wp-content\/uploads\/sites\/8\/2024\/08\/icm_educacao_mae_de_deus_preferencial_coares.webp\",\"contentUrl\":\"https:\/\/redeicm.org.br\/maededeus\/wp-content\/uploads\/sites\/8\/2024\/08\/icm_educacao_mae_de_deus_preferencial_coares.webp\",\"width\":493,\"height\":185,\"caption\":\"Col\u00e9gio M\u00e3e de Deus | Rede ICM de educa\u00e7\u00e3o\"},\"image\":{\"@id\":\"https:\/\/redeicm.org.br\/maededeus\/#\/schema\/logo\/image\/\"}},{\"@type\":\"Person\",\"@id\":\"https:\/\/redeicm.org.br\/maededeus\/#\/schema\/person\/a38dce2d2e752de68b1a37e503550f9f\",\"name\":\"ond@web\",\"image\":{\"@type\":\"ImageObject\",\"inLanguage\":\"pt-BR\",\"@id\":\"https:\/\/redeicm.org.br\/maededeus\/#\/schema\/person\/image\/\",\"url\":\"https:\/\/secure.gravatar.com\/avatar\/648e68d5f292ea4161a120b2eb1efb8606ed8b74cf3530230d8e9a1421746261?s=96&d=mm&r=g\",\"contentUrl\":\"https:\/\/secure.gravatar.com\/avatar\/648e68d5f292ea4161a120b2eb1efb8606ed8b74cf3530230d8e9a1421746261?s=96&d=mm&r=g\",\"caption\":\"ond@web\"},\"sameAs\":[\"https:\/\/redeicm.org.br\"],\"url\":\"https:\/\/redeicm.org.br\/maededeus\/author\/ondweb\/\"}]}<\/script>\n<!-- \/ Yoast SEO plugin. -->","yoast_head_json":{"title":"MD Fashion: Desfile Liter\u00e1rio - Col\u00e9gio M\u00e3e de Deus | Rede ICM de educa\u00e7\u00e3o","robots":{"index":"index","follow":"follow","max-snippet":"max-snippet:-1","max-image-preview":"max-image-preview:large","max-video-preview":"max-video-preview:-1"},"canonical":"https:\/\/redeicm.org.br\/maededeus\/md-fashion-desfile-literario\/","og_locale":"pt_BR","og_type":"article","og_title":"MD Fashion: Desfile Liter\u00e1rio - Col\u00e9gio M\u00e3e de Deus | Rede ICM de educa\u00e7\u00e3o","og_description":"Os alunos do 8\u00ba e 9\u00ba Ano do Ensino Fundamental, mostraram sua criatividade e paix\u00e3o pela leitura no desfile do MD Fashion. Inspirados pelos livros que leram, os estudantes deram vida \u00e0s p\u00e1ginas de seus livros favoritos de uma maneira muito legal! Os alunos escolheram um livro e desfilaram representando os personagens. Os espectadores foram [&hellip;]","og_url":"https:\/\/redeicm.org.br\/maededeus\/md-fashion-desfile-literario\/","og_site_name":"Col\u00e9gio M\u00e3e de Deus | Rede ICM de educa\u00e7\u00e3o","article_published_time":"2023-11-07T22:05:48+00:00","og_image":[{"width":940,"height":650,"url":"https:\/\/redeicm.org.br\/maededeus\/wp-content\/uploads\/sites\/8\/site\/\/1\/CAPAS-PARA-O-SITE-2023-11-07T160409.448.jpg","type":"image\/jpeg"}],"author":"ond@web","twitter_card":"summary_large_image","twitter_misc":{"Escrito por":"ond@web","Est. tempo de leitura":"1 minuto"},"schema":{"@context":"https:\/\/schema.org","@graph":[{"@type":"Article","@id":"https:\/\/redeicm.org.br\/maededeus\/md-fashion-desfile-literario\/#article","isPartOf":{"@id":"https:\/\/redeicm.org.br\/maededeus\/md-fashion-desfile-literario\/"},"author":{"name":"ond@web","@id":"https:\/\/redeicm.org.br\/maededeus\/#\/schema\/person\/a38dce2d2e752de68b1a37e503550f9f"},"headline":"MD Fashion: Desfile Liter\u00e1rio","datePublished":"2023-11-07T22:05:48+00:00","mainEntityOfPage":{"@id":"https:\/\/redeicm.org.br\/maededeus\/md-fashion-desfile-literario\/"},"wordCount":145,"publisher":{"@id":"https:\/\/redeicm.org.br\/maededeus\/#organization"},"image":{"@id":"https:\/\/redeicm.org.br\/maededeus\/md-fashion-desfile-literario\/#primaryimage"},"thumbnailUrl":"https:\/\/redeicm.org.br\/maededeus\/wp-content\/uploads\/sites\/8\/site\/\/1\/CAPAS-PARA-O-SITE-2023-11-07T160409.448.jpg","articleSection":["NOT\u00cdCIAS"],"inLanguage":"pt-BR"},{"@type":"WebPage","@id":"https:\/\/redeicm.org.br\/maededeus\/md-fashion-desfile-literario\/","url":"https:\/\/redeicm.org.br\/maededeus\/md-fashion-desfile-literario\/","name":"MD Fashion: Desfile Liter\u00e1rio - Col\u00e9gio M\u00e3e de Deus | Rede ICM de educa\u00e7\u00e3o","isPartOf":{"@id":"https:\/\/redeicm.org.br\/maededeus\/#website"},"primaryImageOfPage":{"@id":"https:\/\/redeicm.org.br\/maededeus\/md-fashion-desfile-literario\/#primaryimage"},"image":{"@id":"https:\/\/redeicm.org.br\/maededeus\/md-fashion-desfile-literario\/#primaryimage"},"thumbnailUrl":"https:\/\/redeicm.org.br\/maededeus\/wp-content\/uploads\/sites\/8\/site\/\/1\/CAPAS-PARA-O-SITE-2023-11-07T160409.448.jpg","datePublished":"2023-11-07T22:05:48+00:00","breadcrumb":{"@id":"https:\/\/redeicm.org.br\/maededeus\/md-fashion-desfile-literario\/#breadcrumb"},"inLanguage":"pt-BR","potentialAction":[{"@type":"ReadAction","target":["https:\/\/redeicm.org.br\/maededeus\/md-fashion-desfile-literario\/"]}]},{"@type":"ImageObject","inLanguage":"pt-BR","@id":"https:\/\/redeicm.org.br\/maededeus\/md-fashion-desfile-literario\/#primaryimage","url":"https:\/\/redeicm.org.br\/maededeus\/wp-content\/uploads\/sites\/8\/site\/\/1\/CAPAS-PARA-O-SITE-2023-11-07T160409.448.jpg","contentUrl":"https:\/\/redeicm.org.br\/maededeus\/wp-content\/uploads\/sites\/8\/site\/\/1\/CAPAS-PARA-O-SITE-2023-11-07T160409.448.jpg","width":940,"height":650},{"@type":"BreadcrumbList","@id":"https:\/\/redeicm.org.br\/maededeus\/md-fashion-desfile-literario\/#breadcrumb","itemListElement":[{"@type":"ListItem","position":1,"name":"In\u00edcio","item":"https:\/\/redeicm.org.br\/maededeus\/"},{"@type":"ListItem","position":2,"name":"MD Fashion: Desfile Liter\u00e1rio"}]},{"@type":"WebSite","@id":"https:\/\/redeicm.org.br\/maededeus\/#website","url":"https:\/\/redeicm.org.br\/maededeus\/","name":"Col\u00e9gio M\u00e3e de Deus | Rede ICM de educa\u00e7\u00e3o","description":"","publisher":{"@id":"https:\/\/redeicm.org.br\/maededeus\/#organization"},"potentialAction":[{"@type":"SearchAction","target":{"@type":"EntryPoint","urlTemplate":"https:\/\/redeicm.org.br\/maededeus\/?s={search_term_string}"},"query-input":{"@type":"PropertyValueSpecification","valueRequired":true,"valueName":"search_term_string"}}],"inLanguage":"pt-BR"},{"@type":"Organization","@id":"https:\/\/redeicm.org.br\/maededeus\/#organization","name":"Col\u00e9gio M\u00e3e de Deus | Rede ICM de educa\u00e7\u00e3o","url":"https:\/\/redeicm.org.br\/maededeus\/","logo":{"@type":"ImageObject","inLanguage":"pt-BR","@id":"https:\/\/redeicm.org.br\/maededeus\/#\/schema\/logo\/image\/","url":"https:\/\/redeicm.org.br\/maededeus\/wp-content\/uploads\/sites\/8\/2024\/08\/icm_educacao_mae_de_deus_preferencial_coares.webp","contentUrl":"https:\/\/redeicm.org.br\/maededeus\/wp-content\/uploads\/sites\/8\/2024\/08\/icm_educacao_mae_de_deus_preferencial_coares.webp","width":493,"height":185,"caption":"Col\u00e9gio M\u00e3e de Deus | Rede ICM de educa\u00e7\u00e3o"},"image":{"@id":"https:\/\/redeicm.org.br\/maededeus\/#\/schema\/logo\/image\/"}},{"@type":"Person","@id":"https:\/\/redeicm.org.br\/maededeus\/#\/schema\/person\/a38dce2d2e752de68b1a37e503550f9f","name":"ond@web","image":{"@type":"ImageObject","inLanguage":"pt-BR","@id":"https:\/\/redeicm.org.br\/maededeus\/#\/schema\/person\/image\/","url":"https:\/\/secure.gravatar.com\/avatar\/648e68d5f292ea4161a120b2eb1efb8606ed8b74cf3530230d8e9a1421746261?s=96&d=mm&r=g","contentUrl":"https:\/\/secure.gravatar.com\/avatar\/648e68d5f292ea4161a120b2eb1efb8606ed8b74cf3530230d8e9a1421746261?s=96&d=mm&r=g","caption":"ond@web"},"sameAs":["https:\/\/redeicm.org.br"],"url":"https:\/\/redeicm.org.br\/maededeus\/author\/ondweb\/"}]}},"_links":{"self":[{"href":"https:\/\/redeicm.org.br\/maededeus\/wp-json\/wp\/v2\/posts\/3325","targetHints":{"allow":["GET"]}}],"collection":[{"href":"https:\/\/redeicm.org.br\/maededeus\/wp-json\/wp\/v2\/posts"}],"about":[{"href":"https:\/\/redeicm.org.br\/maededeus\/wp-json\/wp\/v2\/types\/post"}],"author":[{"embeddable":true,"href":"https:\/\/redeicm.org.br\/maededeus\/wp-json\/wp\/v2\/users\/1"}],"replies":[{"embeddable":true,"href":"https:\/\/redeicm.org.br\/maededeus\/wp-json\/wp\/v2\/comments?post=3325"}],"version-history":[{"count":0,"href":"https:\/\/redeicm.org.br\/maededeus\/wp-json\/wp\/v2\/posts\/3325\/revisions"}],"wp:featuredmedia":[{"embeddable":true,"href":"https:\/\/redeicm.org.br\/maededeus\/wp-json\/wp\/v2\/media\/3326"}],"wp:attachment":[{"href":"https:\/\/redeicm.org.br\/maededeus\/wp-json\/wp\/v2\/media?parent=3325"}],"wp:term":[{"taxonomy":"category","embeddable":true,"href":"https:\/\/redeicm.org.br\/maededeus\/wp-json\/wp\/v2\/categories?post=3325"},{"taxonomy":"post_tag","embeddable":true,"href":"https:\/\/redeicm.org.br\/maededeus\/wp-json\/wp\/v2\/tags?post=3325"}],"curies":[{"name":"wp","href":"https:\/\/api.w.org\/{rel}","templated":true}]}}