{"id":3287,"date":"2023-09-27T17:08:59","date_gmt":"2023-09-27T20:08:59","guid":{"rendered":"https:\/\/redeicm.org.br\/maededeus\/contacao-de-historia-no-programa-bilingue-2o-ano\/"},"modified":"2023-09-27T17:08:59","modified_gmt":"2023-09-27T20:08:59","slug":"contacao-de-historia-no-programa-bilingue-2o-ano","status":"publish","type":"post","link":"https:\/\/redeicm.org.br\/maededeus\/contacao-de-historia-no-programa-bilingue-2o-ano\/","title":{"rendered":"Conta\u00e7\u00e3o de hist\u00f3ria no Programa Bil\u00edngue &#8211; 2\u00ba Ano"},"content":{"rendered":"<p>A biblioteca Monteiro Lobato, em colabora\u00e7\u00e3o com o Programa Bil\u00edngue, apresenta com orgulho o projeto \u201cAventuras de Leitura em L\u00edngua Inglesa\u201d.<\/p>\n<p>Tudo come\u00e7a em nossa aconchegante biblioteca, onde alunos e teachers se re\u00fanem em roda para ouvir hist\u00f3rias encantadoras. O poder de contar hist\u00f3rias nos transporta para terras distantes, desperta a curiosidade e uma paix\u00e3o pela leitura que dura para toda vida.<\/p>\n<p>Mas n\u00e3o \u00e9 s\u00f3 isso! As estantes da nossa biblioteca est\u00e3o com uma cole\u00e7\u00e3o totalmente nova de livros em ingl\u00eas. Dos contos cl\u00e1ssicos \u00e0s aventuras contempor\u00e2neas, temos algo para cada jovem leitor descobrir e adorar.<\/p>\n<p>Ap\u00f3s a conta\u00e7\u00e3o da hist\u00f3ria selecionada pelos teachers, cada aluno \u00e9 convidado a selecionar um livro da nossa convidativa cesta de livros e embarcar em sua pr\u00f3pria jornada de leitura.<\/p>\n<p>No Col\u00e9gio M\u00e3e de Deus, acreditamos na magia das palavras e no poder das hist\u00f3rias para unir todos n\u00f3s.<\/p>\n\n<p>&nbsp;<\/p>\n","protected":false},"excerpt":{"rendered":"<p>A biblioteca Monteiro Lobato, em colabora\u00e7\u00e3o com o Programa Bil\u00edngue, apresenta com orgulho o projeto \u201cAventuras de Leitura em L\u00edngua Inglesa\u201d. Tudo come\u00e7a em nossa aconchegante biblioteca, onde alunos e teachers se re\u00fanem em roda para ouvir hist\u00f3rias encantadoras. O poder de contar hist\u00f3rias nos transporta para terras distantes, desperta a curiosidade e uma paix\u00e3o [&hellip;]<\/p>\n","protected":false},"author":1,"featured_media":3288,"comment_status":"closed","ping_status":"open","sticky":false,"template":"","format":"standard","meta":{"_acf_changed":false,"footnotes":""},"categories":[14],"tags":[],"class_list":["post-3287","post","type-post","status-publish","format-standard","has-post-thumbnail","hentry","category-noticias"],"acf":[],"yoast_head":"<!-- This site is optimized with the Yoast SEO plugin v26.3 - https:\/\/yoast.com\/wordpress\/plugins\/seo\/ -->\n<title>Conta\u00e7\u00e3o de hist\u00f3ria no Programa Bil\u00edngue - 2\u00ba Ano - Col\u00e9gio M\u00e3e de Deus | Rede ICM de educa\u00e7\u00e3o<\/title>\n<meta name=\"robots\" content=\"index, follow, max-snippet:-1, max-image-preview:large, max-video-preview:-1\" \/>\n<link rel=\"canonical\" href=\"https:\/\/redeicm.org.br\/maededeus\/contacao-de-historia-no-programa-bilingue-2o-ano\/\" \/>\n<meta property=\"og:locale\" content=\"pt_BR\" \/>\n<meta property=\"og:type\" content=\"article\" \/>\n<meta property=\"og:title\" content=\"Conta\u00e7\u00e3o de hist\u00f3ria no Programa Bil\u00edngue - 2\u00ba Ano - Col\u00e9gio M\u00e3e de Deus | Rede ICM de educa\u00e7\u00e3o\" \/>\n<meta property=\"og:description\" content=\"A biblioteca Monteiro Lobato, em colabora\u00e7\u00e3o com o Programa Bil\u00edngue, apresenta com orgulho o projeto \u201cAventuras de Leitura em L\u00edngua Inglesa\u201d. Tudo come\u00e7a em nossa aconchegante biblioteca, onde alunos e teachers se re\u00fanem em roda para ouvir hist\u00f3rias encantadoras. O poder de contar hist\u00f3rias nos transporta para terras distantes, desperta a curiosidade e uma paix\u00e3o [&hellip;]\" \/>\n<meta property=\"og:url\" content=\"https:\/\/redeicm.org.br\/maededeus\/contacao-de-historia-no-programa-bilingue-2o-ano\/\" \/>\n<meta property=\"og:site_name\" content=\"Col\u00e9gio M\u00e3e de Deus | Rede ICM de educa\u00e7\u00e3o\" \/>\n<meta property=\"article:published_time\" content=\"2023-09-27T20:08:59+00:00\" \/>\n<meta property=\"og:image\" content=\"https:\/\/redeicm.org.br\/maededeus\/wp-content\/uploads\/sites\/8\/site\/\/1\/CAPAS-PARA-O-SITE-2023-09-27T140747.669.jpg\" \/>\n\t<meta property=\"og:image:width\" content=\"940\" \/>\n\t<meta property=\"og:image:height\" content=\"650\" \/>\n\t<meta property=\"og:image:type\" content=\"image\/jpeg\" \/>\n<meta name=\"author\" content=\"ond@web\" \/>\n<meta name=\"twitter:card\" content=\"summary_large_image\" \/>\n<meta name=\"twitter:label1\" content=\"Escrito por\" \/>\n\t<meta name=\"twitter:data1\" content=\"ond@web\" \/>\n\t<meta name=\"twitter:label2\" content=\"Est. tempo de leitura\" \/>\n\t<meta name=\"twitter:data2\" content=\"1 minuto\" \/>\n<script type=\"application\/ld+json\" class=\"yoast-schema-graph\">{\"@context\":\"https:\/\/schema.org\",\"@graph\":[{\"@type\":\"Article\",\"@id\":\"https:\/\/redeicm.org.br\/maededeus\/contacao-de-historia-no-programa-bilingue-2o-ano\/#article\",\"isPartOf\":{\"@id\":\"https:\/\/redeicm.org.br\/maededeus\/contacao-de-historia-no-programa-bilingue-2o-ano\/\"},\"author\":{\"name\":\"ond@web\",\"@id\":\"https:\/\/redeicm.org.br\/maededeus\/#\/schema\/person\/a38dce2d2e752de68b1a37e503550f9f\"},\"headline\":\"Conta\u00e7\u00e3o de hist\u00f3ria no Programa Bil\u00edngue &#8211; 2\u00ba Ano\",\"datePublished\":\"2023-09-27T20:08:59+00:00\",\"mainEntityOfPage\":{\"@id\":\"https:\/\/redeicm.org.br\/maededeus\/contacao-de-historia-no-programa-bilingue-2o-ano\/\"},\"wordCount\":182,\"publisher\":{\"@id\":\"https:\/\/redeicm.org.br\/maededeus\/#organization\"},\"image\":{\"@id\":\"https:\/\/redeicm.org.br\/maededeus\/contacao-de-historia-no-programa-bilingue-2o-ano\/#primaryimage\"},\"thumbnailUrl\":\"https:\/\/redeicm.org.br\/maededeus\/wp-content\/uploads\/sites\/8\/site\/\/1\/CAPAS-PARA-O-SITE-2023-09-27T140747.669.jpg\",\"articleSection\":[\"NOT\u00cdCIAS\"],\"inLanguage\":\"pt-BR\"},{\"@type\":\"WebPage\",\"@id\":\"https:\/\/redeicm.org.br\/maededeus\/contacao-de-historia-no-programa-bilingue-2o-ano\/\",\"url\":\"https:\/\/redeicm.org.br\/maededeus\/contacao-de-historia-no-programa-bilingue-2o-ano\/\",\"name\":\"Conta\u00e7\u00e3o de hist\u00f3ria no Programa Bil\u00edngue - 2\u00ba Ano - Col\u00e9gio M\u00e3e de Deus | Rede ICM de educa\u00e7\u00e3o\",\"isPartOf\":{\"@id\":\"https:\/\/redeicm.org.br\/maededeus\/#website\"},\"primaryImageOfPage\":{\"@id\":\"https:\/\/redeicm.org.br\/maededeus\/contacao-de-historia-no-programa-bilingue-2o-ano\/#primaryimage\"},\"image\":{\"@id\":\"https:\/\/redeicm.org.br\/maededeus\/contacao-de-historia-no-programa-bilingue-2o-ano\/#primaryimage\"},\"thumbnailUrl\":\"https:\/\/redeicm.org.br\/maededeus\/wp-content\/uploads\/sites\/8\/site\/\/1\/CAPAS-PARA-O-SITE-2023-09-27T140747.669.jpg\",\"datePublished\":\"2023-09-27T20:08:59+00:00\",\"breadcrumb\":{\"@id\":\"https:\/\/redeicm.org.br\/maededeus\/contacao-de-historia-no-programa-bilingue-2o-ano\/#breadcrumb\"},\"inLanguage\":\"pt-BR\",\"potentialAction\":[{\"@type\":\"ReadAction\",\"target\":[\"https:\/\/redeicm.org.br\/maededeus\/contacao-de-historia-no-programa-bilingue-2o-ano\/\"]}]},{\"@type\":\"ImageObject\",\"inLanguage\":\"pt-BR\",\"@id\":\"https:\/\/redeicm.org.br\/maededeus\/contacao-de-historia-no-programa-bilingue-2o-ano\/#primaryimage\",\"url\":\"https:\/\/redeicm.org.br\/maededeus\/wp-content\/uploads\/sites\/8\/site\/\/1\/CAPAS-PARA-O-SITE-2023-09-27T140747.669.jpg\",\"contentUrl\":\"https:\/\/redeicm.org.br\/maededeus\/wp-content\/uploads\/sites\/8\/site\/\/1\/CAPAS-PARA-O-SITE-2023-09-27T140747.669.jpg\",\"width\":940,\"height\":650},{\"@type\":\"BreadcrumbList\",\"@id\":\"https:\/\/redeicm.org.br\/maededeus\/contacao-de-historia-no-programa-bilingue-2o-ano\/#breadcrumb\",\"itemListElement\":[{\"@type\":\"ListItem\",\"position\":1,\"name\":\"In\u00edcio\",\"item\":\"https:\/\/redeicm.org.br\/maededeus\/\"},{\"@type\":\"ListItem\",\"position\":2,\"name\":\"Conta\u00e7\u00e3o de hist\u00f3ria no Programa Bil\u00edngue &#8211; 2\u00ba Ano\"}]},{\"@type\":\"WebSite\",\"@id\":\"https:\/\/redeicm.org.br\/maededeus\/#website\",\"url\":\"https:\/\/redeicm.org.br\/maededeus\/\",\"name\":\"Col\u00e9gio M\u00e3e de Deus | Rede ICM de educa\u00e7\u00e3o\",\"description\":\"\",\"publisher\":{\"@id\":\"https:\/\/redeicm.org.br\/maededeus\/#organization\"},\"potentialAction\":[{\"@type\":\"SearchAction\",\"target\":{\"@type\":\"EntryPoint\",\"urlTemplate\":\"https:\/\/redeicm.org.br\/maededeus\/?s={search_term_string}\"},\"query-input\":{\"@type\":\"PropertyValueSpecification\",\"valueRequired\":true,\"valueName\":\"search_term_string\"}}],\"inLanguage\":\"pt-BR\"},{\"@type\":\"Organization\",\"@id\":\"https:\/\/redeicm.org.br\/maededeus\/#organization\",\"name\":\"Col\u00e9gio M\u00e3e de Deus | Rede ICM de educa\u00e7\u00e3o\",\"url\":\"https:\/\/redeicm.org.br\/maededeus\/\",\"logo\":{\"@type\":\"ImageObject\",\"inLanguage\":\"pt-BR\",\"@id\":\"https:\/\/redeicm.org.br\/maededeus\/#\/schema\/logo\/image\/\",\"url\":\"https:\/\/redeicm.org.br\/maededeus\/wp-content\/uploads\/sites\/8\/2024\/08\/icm_educacao_mae_de_deus_preferencial_coares.webp\",\"contentUrl\":\"https:\/\/redeicm.org.br\/maededeus\/wp-content\/uploads\/sites\/8\/2024\/08\/icm_educacao_mae_de_deus_preferencial_coares.webp\",\"width\":493,\"height\":185,\"caption\":\"Col\u00e9gio M\u00e3e de Deus | Rede ICM de educa\u00e7\u00e3o\"},\"image\":{\"@id\":\"https:\/\/redeicm.org.br\/maededeus\/#\/schema\/logo\/image\/\"}},{\"@type\":\"Person\",\"@id\":\"https:\/\/redeicm.org.br\/maededeus\/#\/schema\/person\/a38dce2d2e752de68b1a37e503550f9f\",\"name\":\"ond@web\",\"image\":{\"@type\":\"ImageObject\",\"inLanguage\":\"pt-BR\",\"@id\":\"https:\/\/redeicm.org.br\/maededeus\/#\/schema\/person\/image\/\",\"url\":\"https:\/\/secure.gravatar.com\/avatar\/648e68d5f292ea4161a120b2eb1efb8606ed8b74cf3530230d8e9a1421746261?s=96&d=mm&r=g\",\"contentUrl\":\"https:\/\/secure.gravatar.com\/avatar\/648e68d5f292ea4161a120b2eb1efb8606ed8b74cf3530230d8e9a1421746261?s=96&d=mm&r=g\",\"caption\":\"ond@web\"},\"sameAs\":[\"https:\/\/redeicm.org.br\"],\"url\":\"https:\/\/redeicm.org.br\/maededeus\/author\/ondweb\/\"}]}<\/script>\n<!-- \/ Yoast SEO plugin. -->","yoast_head_json":{"title":"Conta\u00e7\u00e3o de hist\u00f3ria no Programa Bil\u00edngue - 2\u00ba Ano - Col\u00e9gio M\u00e3e de Deus | Rede ICM de educa\u00e7\u00e3o","robots":{"index":"index","follow":"follow","max-snippet":"max-snippet:-1","max-image-preview":"max-image-preview:large","max-video-preview":"max-video-preview:-1"},"canonical":"https:\/\/redeicm.org.br\/maededeus\/contacao-de-historia-no-programa-bilingue-2o-ano\/","og_locale":"pt_BR","og_type":"article","og_title":"Conta\u00e7\u00e3o de hist\u00f3ria no Programa Bil\u00edngue - 2\u00ba Ano - Col\u00e9gio M\u00e3e de Deus | Rede ICM de educa\u00e7\u00e3o","og_description":"A biblioteca Monteiro Lobato, em colabora\u00e7\u00e3o com o Programa Bil\u00edngue, apresenta com orgulho o projeto \u201cAventuras de Leitura em L\u00edngua Inglesa\u201d. Tudo come\u00e7a em nossa aconchegante biblioteca, onde alunos e teachers se re\u00fanem em roda para ouvir hist\u00f3rias encantadoras. O poder de contar hist\u00f3rias nos transporta para terras distantes, desperta a curiosidade e uma paix\u00e3o [&hellip;]","og_url":"https:\/\/redeicm.org.br\/maededeus\/contacao-de-historia-no-programa-bilingue-2o-ano\/","og_site_name":"Col\u00e9gio M\u00e3e de Deus | Rede ICM de educa\u00e7\u00e3o","article_published_time":"2023-09-27T20:08:59+00:00","og_image":[{"width":940,"height":650,"url":"https:\/\/redeicm.org.br\/maededeus\/wp-content\/uploads\/sites\/8\/site\/\/1\/CAPAS-PARA-O-SITE-2023-09-27T140747.669.jpg","type":"image\/jpeg"}],"author":"ond@web","twitter_card":"summary_large_image","twitter_misc":{"Escrito por":"ond@web","Est. tempo de leitura":"1 minuto"},"schema":{"@context":"https:\/\/schema.org","@graph":[{"@type":"Article","@id":"https:\/\/redeicm.org.br\/maededeus\/contacao-de-historia-no-programa-bilingue-2o-ano\/#article","isPartOf":{"@id":"https:\/\/redeicm.org.br\/maededeus\/contacao-de-historia-no-programa-bilingue-2o-ano\/"},"author":{"name":"ond@web","@id":"https:\/\/redeicm.org.br\/maededeus\/#\/schema\/person\/a38dce2d2e752de68b1a37e503550f9f"},"headline":"Conta\u00e7\u00e3o de hist\u00f3ria no Programa Bil\u00edngue &#8211; 2\u00ba Ano","datePublished":"2023-09-27T20:08:59+00:00","mainEntityOfPage":{"@id":"https:\/\/redeicm.org.br\/maededeus\/contacao-de-historia-no-programa-bilingue-2o-ano\/"},"wordCount":182,"publisher":{"@id":"https:\/\/redeicm.org.br\/maededeus\/#organization"},"image":{"@id":"https:\/\/redeicm.org.br\/maededeus\/contacao-de-historia-no-programa-bilingue-2o-ano\/#primaryimage"},"thumbnailUrl":"https:\/\/redeicm.org.br\/maededeus\/wp-content\/uploads\/sites\/8\/site\/\/1\/CAPAS-PARA-O-SITE-2023-09-27T140747.669.jpg","articleSection":["NOT\u00cdCIAS"],"inLanguage":"pt-BR"},{"@type":"WebPage","@id":"https:\/\/redeicm.org.br\/maededeus\/contacao-de-historia-no-programa-bilingue-2o-ano\/","url":"https:\/\/redeicm.org.br\/maededeus\/contacao-de-historia-no-programa-bilingue-2o-ano\/","name":"Conta\u00e7\u00e3o de hist\u00f3ria no Programa Bil\u00edngue - 2\u00ba Ano - Col\u00e9gio M\u00e3e de Deus | Rede ICM de educa\u00e7\u00e3o","isPartOf":{"@id":"https:\/\/redeicm.org.br\/maededeus\/#website"},"primaryImageOfPage":{"@id":"https:\/\/redeicm.org.br\/maededeus\/contacao-de-historia-no-programa-bilingue-2o-ano\/#primaryimage"},"image":{"@id":"https:\/\/redeicm.org.br\/maededeus\/contacao-de-historia-no-programa-bilingue-2o-ano\/#primaryimage"},"thumbnailUrl":"https:\/\/redeicm.org.br\/maededeus\/wp-content\/uploads\/sites\/8\/site\/\/1\/CAPAS-PARA-O-SITE-2023-09-27T140747.669.jpg","datePublished":"2023-09-27T20:08:59+00:00","breadcrumb":{"@id":"https:\/\/redeicm.org.br\/maededeus\/contacao-de-historia-no-programa-bilingue-2o-ano\/#breadcrumb"},"inLanguage":"pt-BR","potentialAction":[{"@type":"ReadAction","target":["https:\/\/redeicm.org.br\/maededeus\/contacao-de-historia-no-programa-bilingue-2o-ano\/"]}]},{"@type":"ImageObject","inLanguage":"pt-BR","@id":"https:\/\/redeicm.org.br\/maededeus\/contacao-de-historia-no-programa-bilingue-2o-ano\/#primaryimage","url":"https:\/\/redeicm.org.br\/maededeus\/wp-content\/uploads\/sites\/8\/site\/\/1\/CAPAS-PARA-O-SITE-2023-09-27T140747.669.jpg","contentUrl":"https:\/\/redeicm.org.br\/maededeus\/wp-content\/uploads\/sites\/8\/site\/\/1\/CAPAS-PARA-O-SITE-2023-09-27T140747.669.jpg","width":940,"height":650},{"@type":"BreadcrumbList","@id":"https:\/\/redeicm.org.br\/maededeus\/contacao-de-historia-no-programa-bilingue-2o-ano\/#breadcrumb","itemListElement":[{"@type":"ListItem","position":1,"name":"In\u00edcio","item":"https:\/\/redeicm.org.br\/maededeus\/"},{"@type":"ListItem","position":2,"name":"Conta\u00e7\u00e3o de hist\u00f3ria no Programa Bil\u00edngue &#8211; 2\u00ba Ano"}]},{"@type":"WebSite","@id":"https:\/\/redeicm.org.br\/maededeus\/#website","url":"https:\/\/redeicm.org.br\/maededeus\/","name":"Col\u00e9gio M\u00e3e de Deus | Rede ICM de educa\u00e7\u00e3o","description":"","publisher":{"@id":"https:\/\/redeicm.org.br\/maededeus\/#organization"},"potentialAction":[{"@type":"SearchAction","target":{"@type":"EntryPoint","urlTemplate":"https:\/\/redeicm.org.br\/maededeus\/?s={search_term_string}"},"query-input":{"@type":"PropertyValueSpecification","valueRequired":true,"valueName":"search_term_string"}}],"inLanguage":"pt-BR"},{"@type":"Organization","@id":"https:\/\/redeicm.org.br\/maededeus\/#organization","name":"Col\u00e9gio M\u00e3e de Deus | Rede ICM de educa\u00e7\u00e3o","url":"https:\/\/redeicm.org.br\/maededeus\/","logo":{"@type":"ImageObject","inLanguage":"pt-BR","@id":"https:\/\/redeicm.org.br\/maededeus\/#\/schema\/logo\/image\/","url":"https:\/\/redeicm.org.br\/maededeus\/wp-content\/uploads\/sites\/8\/2024\/08\/icm_educacao_mae_de_deus_preferencial_coares.webp","contentUrl":"https:\/\/redeicm.org.br\/maededeus\/wp-content\/uploads\/sites\/8\/2024\/08\/icm_educacao_mae_de_deus_preferencial_coares.webp","width":493,"height":185,"caption":"Col\u00e9gio M\u00e3e de Deus | Rede ICM de educa\u00e7\u00e3o"},"image":{"@id":"https:\/\/redeicm.org.br\/maededeus\/#\/schema\/logo\/image\/"}},{"@type":"Person","@id":"https:\/\/redeicm.org.br\/maededeus\/#\/schema\/person\/a38dce2d2e752de68b1a37e503550f9f","name":"ond@web","image":{"@type":"ImageObject","inLanguage":"pt-BR","@id":"https:\/\/redeicm.org.br\/maededeus\/#\/schema\/person\/image\/","url":"https:\/\/secure.gravatar.com\/avatar\/648e68d5f292ea4161a120b2eb1efb8606ed8b74cf3530230d8e9a1421746261?s=96&d=mm&r=g","contentUrl":"https:\/\/secure.gravatar.com\/avatar\/648e68d5f292ea4161a120b2eb1efb8606ed8b74cf3530230d8e9a1421746261?s=96&d=mm&r=g","caption":"ond@web"},"sameAs":["https:\/\/redeicm.org.br"],"url":"https:\/\/redeicm.org.br\/maededeus\/author\/ondweb\/"}]}},"_links":{"self":[{"href":"https:\/\/redeicm.org.br\/maededeus\/wp-json\/wp\/v2\/posts\/3287","targetHints":{"allow":["GET"]}}],"collection":[{"href":"https:\/\/redeicm.org.br\/maededeus\/wp-json\/wp\/v2\/posts"}],"about":[{"href":"https:\/\/redeicm.org.br\/maededeus\/wp-json\/wp\/v2\/types\/post"}],"author":[{"embeddable":true,"href":"https:\/\/redeicm.org.br\/maededeus\/wp-json\/wp\/v2\/users\/1"}],"replies":[{"embeddable":true,"href":"https:\/\/redeicm.org.br\/maededeus\/wp-json\/wp\/v2\/comments?post=3287"}],"version-history":[{"count":0,"href":"https:\/\/redeicm.org.br\/maededeus\/wp-json\/wp\/v2\/posts\/3287\/revisions"}],"wp:featuredmedia":[{"embeddable":true,"href":"https:\/\/redeicm.org.br\/maededeus\/wp-json\/wp\/v2\/media\/3288"}],"wp:attachment":[{"href":"https:\/\/redeicm.org.br\/maededeus\/wp-json\/wp\/v2\/media?parent=3287"}],"wp:term":[{"taxonomy":"category","embeddable":true,"href":"https:\/\/redeicm.org.br\/maededeus\/wp-json\/wp\/v2\/categories?post=3287"},{"taxonomy":"post_tag","embeddable":true,"href":"https:\/\/redeicm.org.br\/maededeus\/wp-json\/wp\/v2\/tags?post=3287"}],"curies":[{"name":"wp","href":"https:\/\/api.w.org\/{rel}","templated":true}]}}