{"id":3082,"date":"2023-03-29T16:48:51","date_gmt":"2023-03-29T19:48:51","guid":{"rendered":"https:\/\/redeicm.org.br\/maededeus\/canguru-de-matematica-5o-ao-8o-ano\/"},"modified":"2023-03-29T16:48:51","modified_gmt":"2023-03-29T19:48:51","slug":"canguru-de-matematica-5o-ao-8o-ano","status":"publish","type":"post","link":"https:\/\/redeicm.org.br\/maededeus\/canguru-de-matematica-5o-ao-8o-ano\/","title":{"rendered":"Canguru de Matem\u00e1tica &#8211; 5\u00ba ao 8\u00ba Ano"},"content":{"rendered":"<p>A maior competi\u00e7\u00e3o de Matem\u00e1tica do mundo!<\/p>\n<p>No dia 16 de mar\u00e7o, as turmas do 5\u00ba ao 8\u00ba Ano do Ensino Fundamental participaram do Concurso Canguru de Matem\u00e1tica Brasil de 2023.<\/p>\n<p>Saiba mais sobre o Concurso:<\/p>\n<p>O Canguru de Matem\u00e1tica \u00e9 uma competi\u00e7\u00e3o anual internacional destinada aos alunos;<\/p>\n<p>A competi\u00e7\u00e3o teve origem na Fran\u00e7a e \u00e9 administrada globalmente pela Associa\u00e7\u00e3o Canguru sem Fronteiras (Association Kangourou sans Fronti\u00e8res &#8211; AKSF);<\/p>\n<p>O Concurso Canguru de Matem\u00e1tica \u00e9 a maior competi\u00e7\u00e3o de Matem\u00e1tica do mundo, com mais de 6 milh\u00f5es de participantes por ano nos mais de 80 pa\u00edses.<\/p>\n<p>Objetivos:<\/p>\n<p>Ampliar e incentivar o desenvolvimento dos conhecimentos matem\u00e1ticos;<\/p>\n<p>Contribuir para a melhoria do ensino de Matem\u00e1tica em todos os n\u00edveis da Educa\u00e7\u00e3o B\u00e1sica;<\/p>\n<p>Favorecer o estudo de maneira interessante e contextualizada, aproximando os alunos do universo da Matem\u00e1tica;<\/p>\n<p>Estimular a capacidade dos alunos de obter prazer e satisfa\u00e7\u00e3o intelectual na resolu\u00e7\u00e3o de problemas de Matem\u00e1tica pura ou aplicada.<\/p>\n\n","protected":false},"excerpt":{"rendered":"<p>A maior competi\u00e7\u00e3o de Matem\u00e1tica do mundo! No dia 16 de mar\u00e7o, as turmas do 5\u00ba ao 8\u00ba Ano do Ensino Fundamental participaram do Concurso Canguru de Matem\u00e1tica Brasil de 2023. Saiba mais sobre o Concurso: O Canguru de Matem\u00e1tica \u00e9 uma competi\u00e7\u00e3o anual internacional destinada aos alunos; A competi\u00e7\u00e3o teve origem na Fran\u00e7a e [&hellip;]<\/p>\n","protected":false},"author":1,"featured_media":3083,"comment_status":"closed","ping_status":"open","sticky":false,"template":"","format":"standard","meta":{"_acf_changed":false,"footnotes":""},"categories":[14],"tags":[],"class_list":["post-3082","post","type-post","status-publish","format-standard","has-post-thumbnail","hentry","category-noticias"],"acf":[],"yoast_head":"<!-- This site is optimized with the Yoast SEO plugin v26.3 - https:\/\/yoast.com\/wordpress\/plugins\/seo\/ -->\n<title>Canguru de Matem\u00e1tica - 5\u00ba ao 8\u00ba Ano - Col\u00e9gio M\u00e3e de Deus | Rede ICM de educa\u00e7\u00e3o<\/title>\n<meta name=\"robots\" content=\"index, follow, max-snippet:-1, max-image-preview:large, max-video-preview:-1\" \/>\n<link rel=\"canonical\" href=\"https:\/\/redeicm.org.br\/maededeus\/canguru-de-matematica-5o-ao-8o-ano\/\" \/>\n<meta property=\"og:locale\" content=\"pt_BR\" \/>\n<meta property=\"og:type\" content=\"article\" \/>\n<meta property=\"og:title\" content=\"Canguru de Matem\u00e1tica - 5\u00ba ao 8\u00ba Ano - Col\u00e9gio M\u00e3e de Deus | Rede ICM de educa\u00e7\u00e3o\" \/>\n<meta property=\"og:description\" content=\"A maior competi\u00e7\u00e3o de Matem\u00e1tica do mundo! No dia 16 de mar\u00e7o, as turmas do 5\u00ba ao 8\u00ba Ano do Ensino Fundamental participaram do Concurso Canguru de Matem\u00e1tica Brasil de 2023. Saiba mais sobre o Concurso: O Canguru de Matem\u00e1tica \u00e9 uma competi\u00e7\u00e3o anual internacional destinada aos alunos; A competi\u00e7\u00e3o teve origem na Fran\u00e7a e [&hellip;]\" \/>\n<meta property=\"og:url\" content=\"https:\/\/redeicm.org.br\/maededeus\/canguru-de-matematica-5o-ao-8o-ano\/\" \/>\n<meta property=\"og:site_name\" content=\"Col\u00e9gio M\u00e3e de Deus | Rede ICM de educa\u00e7\u00e3o\" \/>\n<meta property=\"article:published_time\" content=\"2023-03-29T19:48:51+00:00\" \/>\n<meta property=\"og:image\" content=\"https:\/\/redeicm.org.br\/maededeus\/wp-content\/uploads\/sites\/8\/site\/\/1\/CAPAS-PARA-O-SITE-2023-03-29T134907.300.png\" \/>\n\t<meta property=\"og:image:width\" content=\"940\" \/>\n\t<meta property=\"og:image:height\" content=\"650\" \/>\n\t<meta property=\"og:image:type\" content=\"image\/png\" \/>\n<meta name=\"author\" content=\"ond@web\" \/>\n<meta name=\"twitter:card\" content=\"summary_large_image\" \/>\n<meta name=\"twitter:label1\" content=\"Escrito por\" \/>\n\t<meta name=\"twitter:data1\" content=\"ond@web\" \/>\n\t<meta name=\"twitter:label2\" content=\"Est. tempo de leitura\" \/>\n\t<meta name=\"twitter:data2\" content=\"1 minuto\" \/>\n<script type=\"application\/ld+json\" class=\"yoast-schema-graph\">{\"@context\":\"https:\/\/schema.org\",\"@graph\":[{\"@type\":\"Article\",\"@id\":\"https:\/\/redeicm.org.br\/maededeus\/canguru-de-matematica-5o-ao-8o-ano\/#article\",\"isPartOf\":{\"@id\":\"https:\/\/redeicm.org.br\/maededeus\/canguru-de-matematica-5o-ao-8o-ano\/\"},\"author\":{\"name\":\"ond@web\",\"@id\":\"https:\/\/redeicm.org.br\/maededeus\/#\/schema\/person\/a38dce2d2e752de68b1a37e503550f9f\"},\"headline\":\"Canguru de Matem\u00e1tica &#8211; 5\u00ba ao 8\u00ba Ano\",\"datePublished\":\"2023-03-29T19:48:51+00:00\",\"mainEntityOfPage\":{\"@id\":\"https:\/\/redeicm.org.br\/maededeus\/canguru-de-matematica-5o-ao-8o-ano\/\"},\"wordCount\":181,\"publisher\":{\"@id\":\"https:\/\/redeicm.org.br\/maededeus\/#organization\"},\"image\":{\"@id\":\"https:\/\/redeicm.org.br\/maededeus\/canguru-de-matematica-5o-ao-8o-ano\/#primaryimage\"},\"thumbnailUrl\":\"https:\/\/redeicm.org.br\/maededeus\/wp-content\/uploads\/sites\/8\/site\/\/1\/CAPAS-PARA-O-SITE-2023-03-29T134907.300.png\",\"articleSection\":[\"NOT\u00cdCIAS\"],\"inLanguage\":\"pt-BR\"},{\"@type\":\"WebPage\",\"@id\":\"https:\/\/redeicm.org.br\/maededeus\/canguru-de-matematica-5o-ao-8o-ano\/\",\"url\":\"https:\/\/redeicm.org.br\/maededeus\/canguru-de-matematica-5o-ao-8o-ano\/\",\"name\":\"Canguru de Matem\u00e1tica - 5\u00ba ao 8\u00ba Ano - Col\u00e9gio M\u00e3e de Deus | Rede ICM de educa\u00e7\u00e3o\",\"isPartOf\":{\"@id\":\"https:\/\/redeicm.org.br\/maededeus\/#website\"},\"primaryImageOfPage\":{\"@id\":\"https:\/\/redeicm.org.br\/maededeus\/canguru-de-matematica-5o-ao-8o-ano\/#primaryimage\"},\"image\":{\"@id\":\"https:\/\/redeicm.org.br\/maededeus\/canguru-de-matematica-5o-ao-8o-ano\/#primaryimage\"},\"thumbnailUrl\":\"https:\/\/redeicm.org.br\/maededeus\/wp-content\/uploads\/sites\/8\/site\/\/1\/CAPAS-PARA-O-SITE-2023-03-29T134907.300.png\",\"datePublished\":\"2023-03-29T19:48:51+00:00\",\"breadcrumb\":{\"@id\":\"https:\/\/redeicm.org.br\/maededeus\/canguru-de-matematica-5o-ao-8o-ano\/#breadcrumb\"},\"inLanguage\":\"pt-BR\",\"potentialAction\":[{\"@type\":\"ReadAction\",\"target\":[\"https:\/\/redeicm.org.br\/maededeus\/canguru-de-matematica-5o-ao-8o-ano\/\"]}]},{\"@type\":\"ImageObject\",\"inLanguage\":\"pt-BR\",\"@id\":\"https:\/\/redeicm.org.br\/maededeus\/canguru-de-matematica-5o-ao-8o-ano\/#primaryimage\",\"url\":\"https:\/\/redeicm.org.br\/maededeus\/wp-content\/uploads\/sites\/8\/site\/\/1\/CAPAS-PARA-O-SITE-2023-03-29T134907.300.png\",\"contentUrl\":\"https:\/\/redeicm.org.br\/maededeus\/wp-content\/uploads\/sites\/8\/site\/\/1\/CAPAS-PARA-O-SITE-2023-03-29T134907.300.png\",\"width\":940,\"height\":650},{\"@type\":\"BreadcrumbList\",\"@id\":\"https:\/\/redeicm.org.br\/maededeus\/canguru-de-matematica-5o-ao-8o-ano\/#breadcrumb\",\"itemListElement\":[{\"@type\":\"ListItem\",\"position\":1,\"name\":\"In\u00edcio\",\"item\":\"https:\/\/redeicm.org.br\/maededeus\/\"},{\"@type\":\"ListItem\",\"position\":2,\"name\":\"Canguru de Matem\u00e1tica &#8211; 5\u00ba ao 8\u00ba Ano\"}]},{\"@type\":\"WebSite\",\"@id\":\"https:\/\/redeicm.org.br\/maededeus\/#website\",\"url\":\"https:\/\/redeicm.org.br\/maededeus\/\",\"name\":\"Col\u00e9gio M\u00e3e de Deus | Rede ICM de educa\u00e7\u00e3o\",\"description\":\"\",\"publisher\":{\"@id\":\"https:\/\/redeicm.org.br\/maededeus\/#organization\"},\"potentialAction\":[{\"@type\":\"SearchAction\",\"target\":{\"@type\":\"EntryPoint\",\"urlTemplate\":\"https:\/\/redeicm.org.br\/maededeus\/?s={search_term_string}\"},\"query-input\":{\"@type\":\"PropertyValueSpecification\",\"valueRequired\":true,\"valueName\":\"search_term_string\"}}],\"inLanguage\":\"pt-BR\"},{\"@type\":\"Organization\",\"@id\":\"https:\/\/redeicm.org.br\/maededeus\/#organization\",\"name\":\"Col\u00e9gio M\u00e3e de Deus | Rede ICM de educa\u00e7\u00e3o\",\"url\":\"https:\/\/redeicm.org.br\/maededeus\/\",\"logo\":{\"@type\":\"ImageObject\",\"inLanguage\":\"pt-BR\",\"@id\":\"https:\/\/redeicm.org.br\/maededeus\/#\/schema\/logo\/image\/\",\"url\":\"https:\/\/redeicm.org.br\/maededeus\/wp-content\/uploads\/sites\/8\/2024\/08\/icm_educacao_mae_de_deus_preferencial_coares.webp\",\"contentUrl\":\"https:\/\/redeicm.org.br\/maededeus\/wp-content\/uploads\/sites\/8\/2024\/08\/icm_educacao_mae_de_deus_preferencial_coares.webp\",\"width\":493,\"height\":185,\"caption\":\"Col\u00e9gio M\u00e3e de Deus | Rede ICM de educa\u00e7\u00e3o\"},\"image\":{\"@id\":\"https:\/\/redeicm.org.br\/maededeus\/#\/schema\/logo\/image\/\"}},{\"@type\":\"Person\",\"@id\":\"https:\/\/redeicm.org.br\/maededeus\/#\/schema\/person\/a38dce2d2e752de68b1a37e503550f9f\",\"name\":\"ond@web\",\"image\":{\"@type\":\"ImageObject\",\"inLanguage\":\"pt-BR\",\"@id\":\"https:\/\/redeicm.org.br\/maededeus\/#\/schema\/person\/image\/\",\"url\":\"https:\/\/secure.gravatar.com\/avatar\/648e68d5f292ea4161a120b2eb1efb8606ed8b74cf3530230d8e9a1421746261?s=96&d=mm&r=g\",\"contentUrl\":\"https:\/\/secure.gravatar.com\/avatar\/648e68d5f292ea4161a120b2eb1efb8606ed8b74cf3530230d8e9a1421746261?s=96&d=mm&r=g\",\"caption\":\"ond@web\"},\"sameAs\":[\"https:\/\/redeicm.org.br\"],\"url\":\"https:\/\/redeicm.org.br\/maededeus\/author\/ondweb\/\"}]}<\/script>\n<!-- \/ Yoast SEO plugin. -->","yoast_head_json":{"title":"Canguru de Matem\u00e1tica - 5\u00ba ao 8\u00ba Ano - Col\u00e9gio M\u00e3e de Deus | Rede ICM de educa\u00e7\u00e3o","robots":{"index":"index","follow":"follow","max-snippet":"max-snippet:-1","max-image-preview":"max-image-preview:large","max-video-preview":"max-video-preview:-1"},"canonical":"https:\/\/redeicm.org.br\/maededeus\/canguru-de-matematica-5o-ao-8o-ano\/","og_locale":"pt_BR","og_type":"article","og_title":"Canguru de Matem\u00e1tica - 5\u00ba ao 8\u00ba Ano - Col\u00e9gio M\u00e3e de Deus | Rede ICM de educa\u00e7\u00e3o","og_description":"A maior competi\u00e7\u00e3o de Matem\u00e1tica do mundo! No dia 16 de mar\u00e7o, as turmas do 5\u00ba ao 8\u00ba Ano do Ensino Fundamental participaram do Concurso Canguru de Matem\u00e1tica Brasil de 2023. Saiba mais sobre o Concurso: O Canguru de Matem\u00e1tica \u00e9 uma competi\u00e7\u00e3o anual internacional destinada aos alunos; A competi\u00e7\u00e3o teve origem na Fran\u00e7a e [&hellip;]","og_url":"https:\/\/redeicm.org.br\/maededeus\/canguru-de-matematica-5o-ao-8o-ano\/","og_site_name":"Col\u00e9gio M\u00e3e de Deus | Rede ICM de educa\u00e7\u00e3o","article_published_time":"2023-03-29T19:48:51+00:00","og_image":[{"width":940,"height":650,"url":"https:\/\/redeicm.org.br\/maededeus\/wp-content\/uploads\/sites\/8\/site\/\/1\/CAPAS-PARA-O-SITE-2023-03-29T134907.300.png","type":"image\/png"}],"author":"ond@web","twitter_card":"summary_large_image","twitter_misc":{"Escrito por":"ond@web","Est. tempo de leitura":"1 minuto"},"schema":{"@context":"https:\/\/schema.org","@graph":[{"@type":"Article","@id":"https:\/\/redeicm.org.br\/maededeus\/canguru-de-matematica-5o-ao-8o-ano\/#article","isPartOf":{"@id":"https:\/\/redeicm.org.br\/maededeus\/canguru-de-matematica-5o-ao-8o-ano\/"},"author":{"name":"ond@web","@id":"https:\/\/redeicm.org.br\/maededeus\/#\/schema\/person\/a38dce2d2e752de68b1a37e503550f9f"},"headline":"Canguru de Matem\u00e1tica &#8211; 5\u00ba ao 8\u00ba Ano","datePublished":"2023-03-29T19:48:51+00:00","mainEntityOfPage":{"@id":"https:\/\/redeicm.org.br\/maededeus\/canguru-de-matematica-5o-ao-8o-ano\/"},"wordCount":181,"publisher":{"@id":"https:\/\/redeicm.org.br\/maededeus\/#organization"},"image":{"@id":"https:\/\/redeicm.org.br\/maededeus\/canguru-de-matematica-5o-ao-8o-ano\/#primaryimage"},"thumbnailUrl":"https:\/\/redeicm.org.br\/maededeus\/wp-content\/uploads\/sites\/8\/site\/\/1\/CAPAS-PARA-O-SITE-2023-03-29T134907.300.png","articleSection":["NOT\u00cdCIAS"],"inLanguage":"pt-BR"},{"@type":"WebPage","@id":"https:\/\/redeicm.org.br\/maededeus\/canguru-de-matematica-5o-ao-8o-ano\/","url":"https:\/\/redeicm.org.br\/maededeus\/canguru-de-matematica-5o-ao-8o-ano\/","name":"Canguru de Matem\u00e1tica - 5\u00ba ao 8\u00ba Ano - Col\u00e9gio M\u00e3e de Deus | Rede ICM de educa\u00e7\u00e3o","isPartOf":{"@id":"https:\/\/redeicm.org.br\/maededeus\/#website"},"primaryImageOfPage":{"@id":"https:\/\/redeicm.org.br\/maededeus\/canguru-de-matematica-5o-ao-8o-ano\/#primaryimage"},"image":{"@id":"https:\/\/redeicm.org.br\/maededeus\/canguru-de-matematica-5o-ao-8o-ano\/#primaryimage"},"thumbnailUrl":"https:\/\/redeicm.org.br\/maededeus\/wp-content\/uploads\/sites\/8\/site\/\/1\/CAPAS-PARA-O-SITE-2023-03-29T134907.300.png","datePublished":"2023-03-29T19:48:51+00:00","breadcrumb":{"@id":"https:\/\/redeicm.org.br\/maededeus\/canguru-de-matematica-5o-ao-8o-ano\/#breadcrumb"},"inLanguage":"pt-BR","potentialAction":[{"@type":"ReadAction","target":["https:\/\/redeicm.org.br\/maededeus\/canguru-de-matematica-5o-ao-8o-ano\/"]}]},{"@type":"ImageObject","inLanguage":"pt-BR","@id":"https:\/\/redeicm.org.br\/maededeus\/canguru-de-matematica-5o-ao-8o-ano\/#primaryimage","url":"https:\/\/redeicm.org.br\/maededeus\/wp-content\/uploads\/sites\/8\/site\/\/1\/CAPAS-PARA-O-SITE-2023-03-29T134907.300.png","contentUrl":"https:\/\/redeicm.org.br\/maededeus\/wp-content\/uploads\/sites\/8\/site\/\/1\/CAPAS-PARA-O-SITE-2023-03-29T134907.300.png","width":940,"height":650},{"@type":"BreadcrumbList","@id":"https:\/\/redeicm.org.br\/maededeus\/canguru-de-matematica-5o-ao-8o-ano\/#breadcrumb","itemListElement":[{"@type":"ListItem","position":1,"name":"In\u00edcio","item":"https:\/\/redeicm.org.br\/maededeus\/"},{"@type":"ListItem","position":2,"name":"Canguru de Matem\u00e1tica &#8211; 5\u00ba ao 8\u00ba Ano"}]},{"@type":"WebSite","@id":"https:\/\/redeicm.org.br\/maededeus\/#website","url":"https:\/\/redeicm.org.br\/maededeus\/","name":"Col\u00e9gio M\u00e3e de Deus | Rede ICM de educa\u00e7\u00e3o","description":"","publisher":{"@id":"https:\/\/redeicm.org.br\/maededeus\/#organization"},"potentialAction":[{"@type":"SearchAction","target":{"@type":"EntryPoint","urlTemplate":"https:\/\/redeicm.org.br\/maededeus\/?s={search_term_string}"},"query-input":{"@type":"PropertyValueSpecification","valueRequired":true,"valueName":"search_term_string"}}],"inLanguage":"pt-BR"},{"@type":"Organization","@id":"https:\/\/redeicm.org.br\/maededeus\/#organization","name":"Col\u00e9gio M\u00e3e de Deus | Rede ICM de educa\u00e7\u00e3o","url":"https:\/\/redeicm.org.br\/maededeus\/","logo":{"@type":"ImageObject","inLanguage":"pt-BR","@id":"https:\/\/redeicm.org.br\/maededeus\/#\/schema\/logo\/image\/","url":"https:\/\/redeicm.org.br\/maededeus\/wp-content\/uploads\/sites\/8\/2024\/08\/icm_educacao_mae_de_deus_preferencial_coares.webp","contentUrl":"https:\/\/redeicm.org.br\/maededeus\/wp-content\/uploads\/sites\/8\/2024\/08\/icm_educacao_mae_de_deus_preferencial_coares.webp","width":493,"height":185,"caption":"Col\u00e9gio M\u00e3e de Deus | Rede ICM de educa\u00e7\u00e3o"},"image":{"@id":"https:\/\/redeicm.org.br\/maededeus\/#\/schema\/logo\/image\/"}},{"@type":"Person","@id":"https:\/\/redeicm.org.br\/maededeus\/#\/schema\/person\/a38dce2d2e752de68b1a37e503550f9f","name":"ond@web","image":{"@type":"ImageObject","inLanguage":"pt-BR","@id":"https:\/\/redeicm.org.br\/maededeus\/#\/schema\/person\/image\/","url":"https:\/\/secure.gravatar.com\/avatar\/648e68d5f292ea4161a120b2eb1efb8606ed8b74cf3530230d8e9a1421746261?s=96&d=mm&r=g","contentUrl":"https:\/\/secure.gravatar.com\/avatar\/648e68d5f292ea4161a120b2eb1efb8606ed8b74cf3530230d8e9a1421746261?s=96&d=mm&r=g","caption":"ond@web"},"sameAs":["https:\/\/redeicm.org.br"],"url":"https:\/\/redeicm.org.br\/maededeus\/author\/ondweb\/"}]}},"_links":{"self":[{"href":"https:\/\/redeicm.org.br\/maededeus\/wp-json\/wp\/v2\/posts\/3082","targetHints":{"allow":["GET"]}}],"collection":[{"href":"https:\/\/redeicm.org.br\/maededeus\/wp-json\/wp\/v2\/posts"}],"about":[{"href":"https:\/\/redeicm.org.br\/maededeus\/wp-json\/wp\/v2\/types\/post"}],"author":[{"embeddable":true,"href":"https:\/\/redeicm.org.br\/maededeus\/wp-json\/wp\/v2\/users\/1"}],"replies":[{"embeddable":true,"href":"https:\/\/redeicm.org.br\/maededeus\/wp-json\/wp\/v2\/comments?post=3082"}],"version-history":[{"count":0,"href":"https:\/\/redeicm.org.br\/maededeus\/wp-json\/wp\/v2\/posts\/3082\/revisions"}],"wp:featuredmedia":[{"embeddable":true,"href":"https:\/\/redeicm.org.br\/maededeus\/wp-json\/wp\/v2\/media\/3083"}],"wp:attachment":[{"href":"https:\/\/redeicm.org.br\/maededeus\/wp-json\/wp\/v2\/media?parent=3082"}],"wp:term":[{"taxonomy":"category","embeddable":true,"href":"https:\/\/redeicm.org.br\/maededeus\/wp-json\/wp\/v2\/categories?post=3082"},{"taxonomy":"post_tag","embeddable":true,"href":"https:\/\/redeicm.org.br\/maededeus\/wp-json\/wp\/v2\/tags?post=3082"}],"curies":[{"name":"wp","href":"https:\/\/api.w.org\/{rel}","templated":true}]}}