{"id":12645,"date":"2024-03-14T14:56:18","date_gmt":"2024-03-14T17:56:18","guid":{"rendered":"https:\/\/redeicm.org.br\/madreimilda\/lideres-de-turma-2024\/"},"modified":"2024-03-14T14:56:18","modified_gmt":"2024-03-14T17:56:18","slug":"lideres-de-turma-2024","status":"publish","type":"post","link":"https:\/\/redeicm.org.br\/madreimilda\/lideres-de-turma-2024\/","title":{"rendered":"L\u00edderes de Turma &#8211; 2024"},"content":{"rendered":"<p>Conhe\u00e7a os L\u00edderes de Turma 2024 do Col\u00e9gio Madre Imilda!<\/p>\n<p>\u00c9 com grande satisfa\u00e7\u00e3o que apresentamos os L\u00edderes de Turma para o ano de 2024. Estes jovens exemplares foram selecionados n\u00e3o apenas por seu desempenho acad\u00eamico, mas tamb\u00e9m por sua capacidade de lideran\u00e7a, empatia e comprometimento com a comunidade escolar.<\/p>\n<p>Cada um deles representa n\u00e3o apenas sua turma, mas tamb\u00e9m os valores e princ\u00edpios que defendemos aqui no Col\u00e9gio Madre Imilda. S\u00e3o estudantes dedicados, prontos para inspirar e colaborar para o sucesso de todos.<\/p>\n<p>L\u00edderes:<\/p>\n<p>61- Isadora Clunc Mapelli e Caio Scariot<\/p>\n<p>62- Gabriel Torbitz de Almeida e Rafaela Rech Soldatelli<\/p>\n<p>63- Rafaela da Silva Somensi e Miguel Vigan\u00f3 Boeira<\/p>\n<p>64- Carolina Rech e LucasBresolin<\/p>\n<p>71- Giovana Savaris Molossi e Pedro Lozano Boni<\/p>\n<p>72- Mariana Filippo de Camargo e Enzo Emanuel Ara\u00fajo<\/p>\n<p>73- Vithor Gabriel Degregori e Rafaela Rocha Pedroso<\/p>\n<p>81- Bianca Toigo de Campos e Augusto Pauletti de Oliveira<\/p>\n<p>82- Sophia Dambros da Silva e Lorenzo Comerlato Pauletti<\/p>\n<p>91- Cecilia Mincato Audibert e Pietro Correa Os\u00f3rio<\/p>\n<p>92- Ana Clara de Almeida Sirena e Henrique Vergani Rech<\/p>\n<p>101- Maria Gabriela Formolo Giacomelli e Arthur Bennert<\/p>\n<p>102- Juliano Novello e Carolina Marchioretto Marques<\/p>\n<p>201- Mariana Fenner de Oliveira e J\u00falio Cesar Krewer<\/p>\n<p>301- Ingrid Lorenzet e Matheus Andreazza Porch<\/p>\n<p>Parab\u00e9ns aos L\u00edderes de Turma 2024 e desejamos a todos um ano repleto de conquistas e aprendizado!<\/p>\n<p>Confira as fotos agora mesmo:<\/p>\n\n","protected":false},"excerpt":{"rendered":"<p>Conhe\u00e7a os L\u00edderes de Turma 2024 do Col\u00e9gio Madre Imilda! \u00c9 com grande satisfa\u00e7\u00e3o que apresentamos os L\u00edderes de Turma para o ano de 2024. Estes jovens exemplares foram selecionados n\u00e3o apenas por seu desempenho acad\u00eamico, mas tamb\u00e9m por sua capacidade de lideran\u00e7a, empatia e comprometimento com a comunidade escolar. Cada um deles representa n\u00e3o [&hellip;]<\/p>\n","protected":false},"author":47,"featured_media":12358,"comment_status":"closed","ping_status":"closed","sticky":false,"template":"","format":"standard","meta":{"_acf_changed":false,"footnotes":""},"categories":[16],"tags":[],"class_list":["post-12645","post","type-post","status-publish","format-standard","has-post-thumbnail","hentry","category-atividades-pedagogicas"],"acf":[],"yoast_head":"<!-- This site is optimized with the Yoast SEO plugin v26.3 - https:\/\/yoast.com\/wordpress\/plugins\/seo\/ -->\n<title>L\u00edderes de Turma - 2024 - Col\u00e9gio Madre Imilda | Rede ICM de educa\u00e7\u00e3o<\/title>\n<meta name=\"robots\" content=\"index, follow, max-snippet:-1, max-image-preview:large, max-video-preview:-1\" \/>\n<link rel=\"canonical\" href=\"https:\/\/redeicm.org.br\/madreimilda\/lideres-de-turma-2024\/\" \/>\n<meta property=\"og:locale\" content=\"pt_BR\" \/>\n<meta property=\"og:type\" content=\"article\" \/>\n<meta property=\"og:title\" content=\"L\u00edderes de Turma - 2024 - Col\u00e9gio Madre Imilda | Rede ICM de educa\u00e7\u00e3o\" \/>\n<meta property=\"og:description\" content=\"Conhe\u00e7a os L\u00edderes de Turma 2024 do Col\u00e9gio Madre Imilda! \u00c9 com grande satisfa\u00e7\u00e3o que apresentamos os L\u00edderes de Turma para o ano de 2024. Estes jovens exemplares foram selecionados n\u00e3o apenas por seu desempenho acad\u00eamico, mas tamb\u00e9m por sua capacidade de lideran\u00e7a, empatia e comprometimento com a comunidade escolar. Cada um deles representa n\u00e3o [&hellip;]\" \/>\n<meta property=\"og:url\" content=\"https:\/\/redeicm.org.br\/madreimilda\/lideres-de-turma-2024\/\" \/>\n<meta property=\"og:site_name\" content=\"Col\u00e9gio Madre Imilda | Rede ICM de educa\u00e7\u00e3o\" \/>\n<meta property=\"article:published_time\" content=\"2024-03-14T17:56:18+00:00\" \/>\n<meta property=\"og:image\" content=\"https:\/\/redeicm.org.br\/madreimilda\/wp-content\/uploads\/sites\/18\/site\/\/1\/CAPA-SITE-3.jpg\" \/>\n\t<meta property=\"og:image:width\" content=\"1348\" \/>\n\t<meta property=\"og:image:height\" content=\"2000\" \/>\n\t<meta property=\"og:image:type\" content=\"image\/jpeg\" \/>\n<meta name=\"author\" content=\"augusto\" \/>\n<meta name=\"twitter:card\" content=\"summary_large_image\" \/>\n<meta name=\"twitter:label1\" content=\"Escrito por\" \/>\n\t<meta name=\"twitter:data1\" content=\"augusto\" \/>\n\t<meta name=\"twitter:label2\" content=\"Est. tempo de leitura\" \/>\n\t<meta name=\"twitter:data2\" content=\"1 minuto\" \/>\n<script type=\"application\/ld+json\" class=\"yoast-schema-graph\">{\"@context\":\"https:\/\/schema.org\",\"@graph\":[{\"@type\":\"Article\",\"@id\":\"https:\/\/redeicm.org.br\/madreimilda\/lideres-de-turma-2024\/#article\",\"isPartOf\":{\"@id\":\"https:\/\/redeicm.org.br\/madreimilda\/lideres-de-turma-2024\/\"},\"author\":{\"name\":\"augusto\",\"@id\":\"https:\/\/redeicm.org.br\/madreimilda\/#\/schema\/person\/31ee5b1adacfdae164480322a3002d85\"},\"headline\":\"L\u00edderes de Turma &#8211; 2024\",\"datePublished\":\"2024-03-14T17:56:18+00:00\",\"mainEntityOfPage\":{\"@id\":\"https:\/\/redeicm.org.br\/madreimilda\/lideres-de-turma-2024\/\"},\"wordCount\":257,\"publisher\":{\"@id\":\"https:\/\/redeicm.org.br\/madreimilda\/#organization\"},\"image\":{\"@id\":\"https:\/\/redeicm.org.br\/madreimilda\/lideres-de-turma-2024\/#primaryimage\"},\"thumbnailUrl\":\"https:\/\/redeicm.org.br\/madreimilda\/wp-content\/uploads\/sites\/18\/site\/\/1\/CAPA-SITE-3.jpg\",\"articleSection\":[\"Atividades Pedag\u00f3gicas\"],\"inLanguage\":\"pt-BR\"},{\"@type\":\"WebPage\",\"@id\":\"https:\/\/redeicm.org.br\/madreimilda\/lideres-de-turma-2024\/\",\"url\":\"https:\/\/redeicm.org.br\/madreimilda\/lideres-de-turma-2024\/\",\"name\":\"L\u00edderes de Turma - 2024 - Col\u00e9gio Madre Imilda | Rede ICM de educa\u00e7\u00e3o\",\"isPartOf\":{\"@id\":\"https:\/\/redeicm.org.br\/madreimilda\/#website\"},\"primaryImageOfPage\":{\"@id\":\"https:\/\/redeicm.org.br\/madreimilda\/lideres-de-turma-2024\/#primaryimage\"},\"image\":{\"@id\":\"https:\/\/redeicm.org.br\/madreimilda\/lideres-de-turma-2024\/#primaryimage\"},\"thumbnailUrl\":\"https:\/\/redeicm.org.br\/madreimilda\/wp-content\/uploads\/sites\/18\/site\/\/1\/CAPA-SITE-3.jpg\",\"datePublished\":\"2024-03-14T17:56:18+00:00\",\"breadcrumb\":{\"@id\":\"https:\/\/redeicm.org.br\/madreimilda\/lideres-de-turma-2024\/#breadcrumb\"},\"inLanguage\":\"pt-BR\",\"potentialAction\":[{\"@type\":\"ReadAction\",\"target\":[\"https:\/\/redeicm.org.br\/madreimilda\/lideres-de-turma-2024\/\"]}]},{\"@type\":\"ImageObject\",\"inLanguage\":\"pt-BR\",\"@id\":\"https:\/\/redeicm.org.br\/madreimilda\/lideres-de-turma-2024\/#primaryimage\",\"url\":\"https:\/\/redeicm.org.br\/madreimilda\/wp-content\/uploads\/sites\/18\/site\/\/1\/CAPA-SITE-3.jpg\",\"contentUrl\":\"https:\/\/redeicm.org.br\/madreimilda\/wp-content\/uploads\/sites\/18\/site\/\/1\/CAPA-SITE-3.jpg\",\"width\":1348,\"height\":2000},{\"@type\":\"BreadcrumbList\",\"@id\":\"https:\/\/redeicm.org.br\/madreimilda\/lideres-de-turma-2024\/#breadcrumb\",\"itemListElement\":[{\"@type\":\"ListItem\",\"position\":1,\"name\":\"In\u00edcio\",\"item\":\"https:\/\/redeicm.org.br\/madreimilda\/\"},{\"@type\":\"ListItem\",\"position\":2,\"name\":\"L\u00edderes de Turma &#8211; 2024\"}]},{\"@type\":\"WebSite\",\"@id\":\"https:\/\/redeicm.org.br\/madreimilda\/#website\",\"url\":\"https:\/\/redeicm.org.br\/madreimilda\/\",\"name\":\"Col\u00e9gio Madre Imilda | Rede ICM de educa\u00e7\u00e3o\",\"description\":\"\",\"publisher\":{\"@id\":\"https:\/\/redeicm.org.br\/madreimilda\/#organization\"},\"potentialAction\":[{\"@type\":\"SearchAction\",\"target\":{\"@type\":\"EntryPoint\",\"urlTemplate\":\"https:\/\/redeicm.org.br\/madreimilda\/?s={search_term_string}\"},\"query-input\":{\"@type\":\"PropertyValueSpecification\",\"valueRequired\":true,\"valueName\":\"search_term_string\"}}],\"inLanguage\":\"pt-BR\"},{\"@type\":\"Organization\",\"@id\":\"https:\/\/redeicm.org.br\/madreimilda\/#organization\",\"name\":\"Col\u00e9gio Madre Imilda | Rede ICM de educa\u00e7\u00e3o\",\"url\":\"https:\/\/redeicm.org.br\/madreimilda\/\",\"logo\":{\"@type\":\"ImageObject\",\"inLanguage\":\"pt-BR\",\"@id\":\"https:\/\/redeicm.org.br\/madreimilda\/#\/schema\/logo\/image\/\",\"url\":\"https:\/\/redeicm.org.br\/madreimilda\/wp-content\/uploads\/sites\/18\/2024\/08\/logo-colegio-madre-imilda.png\",\"contentUrl\":\"https:\/\/redeicm.org.br\/madreimilda\/wp-content\/uploads\/sites\/18\/2024\/08\/logo-colegio-madre-imilda.png\",\"width\":299,\"height\":135,\"caption\":\"Col\u00e9gio Madre Imilda | Rede ICM de educa\u00e7\u00e3o\"},\"image\":{\"@id\":\"https:\/\/redeicm.org.br\/madreimilda\/#\/schema\/logo\/image\/\"}},{\"@type\":\"Person\",\"@id\":\"https:\/\/redeicm.org.br\/madreimilda\/#\/schema\/person\/31ee5b1adacfdae164480322a3002d85\",\"name\":\"augusto\",\"image\":{\"@type\":\"ImageObject\",\"inLanguage\":\"pt-BR\",\"@id\":\"https:\/\/redeicm.org.br\/madreimilda\/#\/schema\/person\/image\/\",\"url\":\"https:\/\/secure.gravatar.com\/avatar\/0d926ac8de6dddc0abf3ff5a29e552a58e60674ac89638ec498b7ff5e960754a?s=96&d=mm&r=g\",\"contentUrl\":\"https:\/\/secure.gravatar.com\/avatar\/0d926ac8de6dddc0abf3ff5a29e552a58e60674ac89638ec498b7ff5e960754a?s=96&d=mm&r=g\",\"caption\":\"augusto\"},\"url\":\"https:\/\/redeicm.org.br\/madreimilda\/author\/augusto\/\"}]}<\/script>\n<!-- \/ Yoast SEO plugin. -->","yoast_head_json":{"title":"L\u00edderes de Turma - 2024 - Col\u00e9gio Madre Imilda | Rede ICM de educa\u00e7\u00e3o","robots":{"index":"index","follow":"follow","max-snippet":"max-snippet:-1","max-image-preview":"max-image-preview:large","max-video-preview":"max-video-preview:-1"},"canonical":"https:\/\/redeicm.org.br\/madreimilda\/lideres-de-turma-2024\/","og_locale":"pt_BR","og_type":"article","og_title":"L\u00edderes de Turma - 2024 - Col\u00e9gio Madre Imilda | Rede ICM de educa\u00e7\u00e3o","og_description":"Conhe\u00e7a os L\u00edderes de Turma 2024 do Col\u00e9gio Madre Imilda! \u00c9 com grande satisfa\u00e7\u00e3o que apresentamos os L\u00edderes de Turma para o ano de 2024. Estes jovens exemplares foram selecionados n\u00e3o apenas por seu desempenho acad\u00eamico, mas tamb\u00e9m por sua capacidade de lideran\u00e7a, empatia e comprometimento com a comunidade escolar. Cada um deles representa n\u00e3o [&hellip;]","og_url":"https:\/\/redeicm.org.br\/madreimilda\/lideres-de-turma-2024\/","og_site_name":"Col\u00e9gio Madre Imilda | Rede ICM de educa\u00e7\u00e3o","article_published_time":"2024-03-14T17:56:18+00:00","og_image":[{"width":1348,"height":2000,"url":"https:\/\/redeicm.org.br\/madreimilda\/wp-content\/uploads\/sites\/18\/site\/\/1\/CAPA-SITE-3.jpg","type":"image\/jpeg"}],"author":"augusto","twitter_card":"summary_large_image","twitter_misc":{"Escrito por":"augusto","Est. tempo de leitura":"1 minuto"},"schema":{"@context":"https:\/\/schema.org","@graph":[{"@type":"Article","@id":"https:\/\/redeicm.org.br\/madreimilda\/lideres-de-turma-2024\/#article","isPartOf":{"@id":"https:\/\/redeicm.org.br\/madreimilda\/lideres-de-turma-2024\/"},"author":{"name":"augusto","@id":"https:\/\/redeicm.org.br\/madreimilda\/#\/schema\/person\/31ee5b1adacfdae164480322a3002d85"},"headline":"L\u00edderes de Turma &#8211; 2024","datePublished":"2024-03-14T17:56:18+00:00","mainEntityOfPage":{"@id":"https:\/\/redeicm.org.br\/madreimilda\/lideres-de-turma-2024\/"},"wordCount":257,"publisher":{"@id":"https:\/\/redeicm.org.br\/madreimilda\/#organization"},"image":{"@id":"https:\/\/redeicm.org.br\/madreimilda\/lideres-de-turma-2024\/#primaryimage"},"thumbnailUrl":"https:\/\/redeicm.org.br\/madreimilda\/wp-content\/uploads\/sites\/18\/site\/\/1\/CAPA-SITE-3.jpg","articleSection":["Atividades Pedag\u00f3gicas"],"inLanguage":"pt-BR"},{"@type":"WebPage","@id":"https:\/\/redeicm.org.br\/madreimilda\/lideres-de-turma-2024\/","url":"https:\/\/redeicm.org.br\/madreimilda\/lideres-de-turma-2024\/","name":"L\u00edderes de Turma - 2024 - Col\u00e9gio Madre Imilda | Rede ICM de educa\u00e7\u00e3o","isPartOf":{"@id":"https:\/\/redeicm.org.br\/madreimilda\/#website"},"primaryImageOfPage":{"@id":"https:\/\/redeicm.org.br\/madreimilda\/lideres-de-turma-2024\/#primaryimage"},"image":{"@id":"https:\/\/redeicm.org.br\/madreimilda\/lideres-de-turma-2024\/#primaryimage"},"thumbnailUrl":"https:\/\/redeicm.org.br\/madreimilda\/wp-content\/uploads\/sites\/18\/site\/\/1\/CAPA-SITE-3.jpg","datePublished":"2024-03-14T17:56:18+00:00","breadcrumb":{"@id":"https:\/\/redeicm.org.br\/madreimilda\/lideres-de-turma-2024\/#breadcrumb"},"inLanguage":"pt-BR","potentialAction":[{"@type":"ReadAction","target":["https:\/\/redeicm.org.br\/madreimilda\/lideres-de-turma-2024\/"]}]},{"@type":"ImageObject","inLanguage":"pt-BR","@id":"https:\/\/redeicm.org.br\/madreimilda\/lideres-de-turma-2024\/#primaryimage","url":"https:\/\/redeicm.org.br\/madreimilda\/wp-content\/uploads\/sites\/18\/site\/\/1\/CAPA-SITE-3.jpg","contentUrl":"https:\/\/redeicm.org.br\/madreimilda\/wp-content\/uploads\/sites\/18\/site\/\/1\/CAPA-SITE-3.jpg","width":1348,"height":2000},{"@type":"BreadcrumbList","@id":"https:\/\/redeicm.org.br\/madreimilda\/lideres-de-turma-2024\/#breadcrumb","itemListElement":[{"@type":"ListItem","position":1,"name":"In\u00edcio","item":"https:\/\/redeicm.org.br\/madreimilda\/"},{"@type":"ListItem","position":2,"name":"L\u00edderes de Turma &#8211; 2024"}]},{"@type":"WebSite","@id":"https:\/\/redeicm.org.br\/madreimilda\/#website","url":"https:\/\/redeicm.org.br\/madreimilda\/","name":"Col\u00e9gio Madre Imilda | Rede ICM de educa\u00e7\u00e3o","description":"","publisher":{"@id":"https:\/\/redeicm.org.br\/madreimilda\/#organization"},"potentialAction":[{"@type":"SearchAction","target":{"@type":"EntryPoint","urlTemplate":"https:\/\/redeicm.org.br\/madreimilda\/?s={search_term_string}"},"query-input":{"@type":"PropertyValueSpecification","valueRequired":true,"valueName":"search_term_string"}}],"inLanguage":"pt-BR"},{"@type":"Organization","@id":"https:\/\/redeicm.org.br\/madreimilda\/#organization","name":"Col\u00e9gio Madre Imilda | Rede ICM de educa\u00e7\u00e3o","url":"https:\/\/redeicm.org.br\/madreimilda\/","logo":{"@type":"ImageObject","inLanguage":"pt-BR","@id":"https:\/\/redeicm.org.br\/madreimilda\/#\/schema\/logo\/image\/","url":"https:\/\/redeicm.org.br\/madreimilda\/wp-content\/uploads\/sites\/18\/2024\/08\/logo-colegio-madre-imilda.png","contentUrl":"https:\/\/redeicm.org.br\/madreimilda\/wp-content\/uploads\/sites\/18\/2024\/08\/logo-colegio-madre-imilda.png","width":299,"height":135,"caption":"Col\u00e9gio Madre Imilda | Rede ICM de educa\u00e7\u00e3o"},"image":{"@id":"https:\/\/redeicm.org.br\/madreimilda\/#\/schema\/logo\/image\/"}},{"@type":"Person","@id":"https:\/\/redeicm.org.br\/madreimilda\/#\/schema\/person\/31ee5b1adacfdae164480322a3002d85","name":"augusto","image":{"@type":"ImageObject","inLanguage":"pt-BR","@id":"https:\/\/redeicm.org.br\/madreimilda\/#\/schema\/person\/image\/","url":"https:\/\/secure.gravatar.com\/avatar\/0d926ac8de6dddc0abf3ff5a29e552a58e60674ac89638ec498b7ff5e960754a?s=96&d=mm&r=g","contentUrl":"https:\/\/secure.gravatar.com\/avatar\/0d926ac8de6dddc0abf3ff5a29e552a58e60674ac89638ec498b7ff5e960754a?s=96&d=mm&r=g","caption":"augusto"},"url":"https:\/\/redeicm.org.br\/madreimilda\/author\/augusto\/"}]}},"_links":{"self":[{"href":"https:\/\/redeicm.org.br\/madreimilda\/wp-json\/wp\/v2\/posts\/12645","targetHints":{"allow":["GET"]}}],"collection":[{"href":"https:\/\/redeicm.org.br\/madreimilda\/wp-json\/wp\/v2\/posts"}],"about":[{"href":"https:\/\/redeicm.org.br\/madreimilda\/wp-json\/wp\/v2\/types\/post"}],"author":[{"embeddable":true,"href":"https:\/\/redeicm.org.br\/madreimilda\/wp-json\/wp\/v2\/users\/47"}],"replies":[{"embeddable":true,"href":"https:\/\/redeicm.org.br\/madreimilda\/wp-json\/wp\/v2\/comments?post=12645"}],"version-history":[{"count":0,"href":"https:\/\/redeicm.org.br\/madreimilda\/wp-json\/wp\/v2\/posts\/12645\/revisions"}],"wp:featuredmedia":[{"embeddable":true,"href":"https:\/\/redeicm.org.br\/madreimilda\/wp-json\/wp\/v2\/media\/12358"}],"wp:attachment":[{"href":"https:\/\/redeicm.org.br\/madreimilda\/wp-json\/wp\/v2\/media?parent=12645"}],"wp:term":[{"taxonomy":"category","embeddable":true,"href":"https:\/\/redeicm.org.br\/madreimilda\/wp-json\/wp\/v2\/categories?post=12645"},{"taxonomy":"post_tag","embeddable":true,"href":"https:\/\/redeicm.org.br\/madreimilda\/wp-json\/wp\/v2\/tags?post=12645"}],"curies":[{"name":"wp","href":"https:\/\/api.w.org\/{rel}","templated":true}]}}