{"id":26646,"date":"2026-09-02T09:32:43","date_gmt":"2026-09-02T12:32:43","guid":{"rendered":"https:\/\/redeicm.org.br\/madrebarbara\/?p=26646"},"modified":"2026-09-02T09:32:43","modified_gmt":"2026-09-02T12:32:43","slug":"a-linha-do-abraco-amor-limites-e-emocoes-na-primeira-infancia","status":"publish","type":"post","link":"https:\/\/redeicm.org.br\/madrebarbara\/a-linha-do-abraco-amor-limites-e-emocoes-na-primeira-infancia\/","title":{"rendered":"A Linha do Abra\u00e7o: amor, limites e emo\u00e7\u00f5es na primeira inf\u00e2ncia"},"content":{"rendered":"<p>Na noite desta segunda-feira (31), o Col\u00e9gio promoveu uma oficina especialmente destinada \u00e0s fam\u00edlias dos N\u00edveis 2 da Educa\u00e7\u00e3o Infantil, conduzida pelo Servi\u00e7o de Orienta\u00e7\u00e3o Educacional e pela Psicologia Escolar.\u00a0Com o tema \u201cA Linha do Abra\u00e7o: Amor, limites e emo\u00e7\u00f5es na primeira inf\u00e2ncia\u201d, o encontro foi um convite para que os respons\u00e1veis refletissem sobre o importante papel que desempenham na constru\u00e7\u00e3o do desenvolvimento emocional e saud\u00e1vel das crian\u00e7as.\u00a0Por meio de din\u00e2micas, viv\u00eancias e momentos de reflex\u00e3o, foram abordados aspectos fundamentais da primeira inf\u00e2ncia, como a import\u00e2ncia da presen\u00e7a afetiva, da rotina, dos limites, do brincar e da constru\u00e7\u00e3o de um ambiente emocionalmente seguro.<\/p>\n<p>Ao longo da oficina, as fam\u00edlias foram convidadas a pensar sobre a maneira como amor e firmeza podem caminhar juntos no cotidiano. Afinal, estabelecer limites n\u00e3o significa afastar ou punir, mas oferecer \u00e0 crian\u00e7a seguran\u00e7a, prote\u00e7\u00e3o e refer\u00eancias para que, gradualmente, desenvolva autonomia e aprenda a lidar com suas emo\u00e7\u00f5es.\u00a0A proposta tamb\u00e9m trouxe um olhar especial para a rotina familiar e para a qualidade da presen\u00e7a dos adultos. Pequenos momentos de aten\u00e7\u00e3o genu\u00edna, escuta, brincadeira e conex\u00e3o podem fortalecer v\u00ednculos e contribuir significativamente para o desenvolvimento das crian\u00e7as.<\/p>\n<p>A \u201cLinha do Abra\u00e7o\u201d simboliza justamente esse equil\u00edbrio: acolher sem deixar de orientar, compreender sem abrir m\u00e3o dos limites e amar estando verdadeiramente presente. O encontro refor\u00e7ou a import\u00e2ncia da parceria entre fam\u00edlia e escola, reconhecendo que educar \u00e9 uma constru\u00e7\u00e3o compartilhada e que, quando adultos caminham juntos, as crian\u00e7as encontram um ambiente mais seguro, coerente e afetivo para crescer.<\/p>\n<p>Agradecemos a presen\u00e7a e a participa\u00e7\u00e3o das fam\u00edlias, que se permitiram vivenciar esse momento de troca, escuta e reflex\u00e3o.<\/p>\n<p>Porque, na primeira inf\u00e2ncia, o maior presente n\u00e3o \u00e9 a perfei\u00e7\u00e3o: \u00e9 a presen\u00e7a.<\/p>\n\n    <style>\n        .gd-drive-gallery{\n            display:grid;\n            grid-template-columns:repeat(auto-fit,minmax(220px,1fr));\n            gap:14px;\n            margin-top:35px;\n        }\n        .gd-drive-gallery img{\n            width:100%;height:200px;object-fit:cover;\n            border-radius:6px;cursor:pointer;transition:.3s;\n        }\n        .gd-drive-gallery img:hover{\n            transform:scale(1.05);filter:brightness(1.12);\n        }\n    <\/style>\n\n    <div id=\"gd-drive\" class=\"gd-drive-gallery\"><\/div>\n\n  <script>\nconst FOLDER_ID = \"1GqLA3rGkSA_cYfANPuQGgBouiYsRMDu_\"; \/\/ do meta\nconst API_KEY   = \"AIzaSyA_YPLK09Q3owUnsgslROhpNB_w4OxB-YE\";\n\nconst params = new URLSearchParams({\n    q: `'${FOLDER_ID}' in parents`,\n    key: API_KEY,\n    fields: 'files(id,name,mimeType,thumbnailLink)',\n    orderBy: 'name',\n    pageSize: '1000', \/\/ m\u00e1ximo permitido pela API\n    includeItemsFromAllDrives: 'true',\n    supportsAllDrives: 'true'\n});\n\nfetch(`https:\/\/www.googleapis.com\/drive\/v3\/files?${params.toString()}`)\n  .then(r => r.json())\n  .then(data => {\n\n    if (data.error) {\n        console.error('Drive API error:', data.error);\n        return;\n    }\n\n    let box = document.querySelector(\"#gd-drive\");\n\n    data.files.forEach(img => {\n        if (img.mimeType && img.mimeType.includes(\"image\")) {\n\n            \/\/ FULL via CDN Google (funciona para shared drive tamb\u00e9m)\n            let full  = `https:\/\/lh3.googleusercontent.com\/d\/${img.id}=s2000`;\n            let thumb = img.thumbnailLink ? img.thumbnailLink.replace(\"=s220\", \"=s800\") : full;\n\n            box.innerHTML += `\n                <a data-fancybox=\"gdrive\" data-caption=\"${img.name}\" href=\"${full}\">\n                    <img decoding=\"async\" src=\"${thumb}\" loading=\"lazy\">\n                <\/a>\n            `;\n        }\n    });\n\n    Fancybox.bind(\"[data-fancybox='gdrive']\",{\n        Thumbs:{autoStart:true},\n        Toolbar:{display:[\"zoom\",\"slideshow\",\"thumbs\",\"close\"]}\n    });\n\n  })\n  .catch(err => {\n      console.error('Erro de rede na API do Drive:', err);\n  });\n<\/script>\n\n\n    ","protected":false},"excerpt":{"rendered":"<p>Na noite desta segunda-feira (31), o Col\u00e9gio promoveu uma oficina especialmente destinada \u00e0s fam\u00edlias dos N\u00edveis 2 da Educa\u00e7\u00e3o Infantil, conduzida pelo Servi\u00e7o de Orienta\u00e7\u00e3o Educacional e pela Psicologia Escolar.\u00a0Com o tema \u201cA Linha do Abra\u00e7o: Amor, limites e emo\u00e7\u00f5es na primeira inf\u00e2ncia\u201d, o encontro foi um convite para que os respons\u00e1veis refletissem sobre o [&hellip;]<\/p>\n","protected":false},"author":16,"featured_media":26647,"comment_status":"open","ping_status":"open","sticky":false,"template":"","format":"standard","meta":{"_acf_changed":false,"footnotes":""},"categories":[14],"tags":[],"class_list":["post-26646","post","type-post","status-publish","format-standard","has-post-thumbnail","hentry","category-noticias"],"acf":[],"yoast_head":"<!-- This site is optimized with the Yoast SEO plugin v27.8 - https:\/\/yoast.com\/product\/yoast-seo-wordpress\/ -->\n<title>A Linha do Abra\u00e7o: amor, limites e emo\u00e7\u00f5es na primeira inf\u00e2ncia - Col\u00e9gio Madre B\u00e1rbara | Rede ICM de Educa\u00e7\u00e3o<\/title>\n<meta name=\"robots\" content=\"index, follow, max-snippet:-1, max-image-preview:large, max-video-preview:-1\" \/>\n<link rel=\"canonical\" href=\"https:\/\/redeicm.org.br\/madrebarbara\/a-linha-do-abraco-amor-limites-e-emocoes-na-primeira-infancia\/\" \/>\n<meta property=\"og:locale\" content=\"pt_BR\" \/>\n<meta property=\"og:type\" content=\"article\" \/>\n<meta property=\"og:title\" content=\"A Linha do Abra\u00e7o: amor, limites e emo\u00e7\u00f5es na primeira inf\u00e2ncia - Col\u00e9gio Madre B\u00e1rbara | Rede ICM de Educa\u00e7\u00e3o\" \/>\n<meta property=\"og:description\" content=\"Na noite desta segunda-feira (31), o Col\u00e9gio promoveu uma oficina especialmente destinada \u00e0s fam\u00edlias dos N\u00edveis 2 da Educa\u00e7\u00e3o Infantil, conduzida pelo Servi\u00e7o de Orienta\u00e7\u00e3o Educacional e pela Psicologia Escolar.\u00a0Com o tema \u201cA Linha do Abra\u00e7o: Amor, limites e emo\u00e7\u00f5es na primeira inf\u00e2ncia\u201d, o encontro foi um convite para que os respons\u00e1veis refletissem sobre o [&hellip;]\" \/>\n<meta property=\"og:url\" content=\"https:\/\/redeicm.org.br\/madrebarbara\/a-linha-do-abraco-amor-limites-e-emocoes-na-primeira-infancia\/\" \/>\n<meta property=\"og:site_name\" content=\"Col\u00e9gio Madre B\u00e1rbara | Rede ICM de Educa\u00e7\u00e3o\" \/>\n<meta property=\"article:published_time\" content=\"2026-09-02T12:32:43+00:00\" \/>\n<meta property=\"og:image\" content=\"https:\/\/redeicm.org.br\/madrebarbara\/wp-content\/uploads\/sites\/17\/2026\/09\/WhatsApp-Image-2026-09-01-at-18.40.09.jpg\" \/>\n\t<meta property=\"og:image:width\" content=\"1280\" \/>\n\t<meta property=\"og:image:height\" content=\"960\" \/>\n\t<meta property=\"og:image:type\" content=\"image\/jpeg\" \/>\n<meta name=\"author\" content=\"imprensamadrebarbara\" \/>\n<meta name=\"twitter:card\" content=\"summary_large_image\" \/>\n<meta name=\"twitter:label1\" content=\"Escrito por\" \/>\n\t<meta name=\"twitter:data1\" content=\"imprensamadrebarbara\" \/>\n\t<meta name=\"twitter:label2\" content=\"Est. tempo de leitura\" \/>\n\t<meta name=\"twitter:data2\" content=\"2 minutos\" \/>\n<script type=\"application\/ld+json\" class=\"yoast-schema-graph\">{\"@context\":\"https:\\\/\\\/schema.org\",\"@graph\":[{\"@type\":\"Article\",\"@id\":\"https:\\\/\\\/redeicm.org.br\\\/madrebarbara\\\/a-linha-do-abraco-amor-limites-e-emocoes-na-primeira-infancia\\\/#article\",\"isPartOf\":{\"@id\":\"https:\\\/\\\/redeicm.org.br\\\/madrebarbara\\\/a-linha-do-abraco-amor-limites-e-emocoes-na-primeira-infancia\\\/\"},\"author\":{\"name\":\"imprensamadrebarbara\",\"@id\":\"https:\\\/\\\/redeicm.org.br\\\/madrebarbara\\\/#\\\/schema\\\/person\\\/95080d2ce1280ebf96851bf6ed4956ac\"},\"headline\":\"A Linha do Abra\u00e7o: amor, limites e emo\u00e7\u00f5es na primeira inf\u00e2ncia\",\"datePublished\":\"2026-09-02T12:32:43+00:00\",\"mainEntityOfPage\":{\"@id\":\"https:\\\/\\\/redeicm.org.br\\\/madrebarbara\\\/a-linha-do-abraco-amor-limites-e-emocoes-na-primeira-infancia\\\/\"},\"wordCount\":345,\"commentCount\":0,\"publisher\":{\"@id\":\"https:\\\/\\\/redeicm.org.br\\\/madrebarbara\\\/#organization\"},\"image\":{\"@id\":\"https:\\\/\\\/redeicm.org.br\\\/madrebarbara\\\/a-linha-do-abraco-amor-limites-e-emocoes-na-primeira-infancia\\\/#primaryimage\"},\"thumbnailUrl\":\"https:\\\/\\\/redeicm.org.br\\\/madrebarbara\\\/wp-content\\\/uploads\\\/sites\\\/17\\\/2026\\\/09\\\/WhatsApp-Image-2026-09-01-at-18.40.09.jpg\",\"articleSection\":[\"NOT\u00cdCIAS\"],\"inLanguage\":\"pt-BR\",\"potentialAction\":[{\"@type\":\"CommentAction\",\"name\":\"Comment\",\"target\":[\"https:\\\/\\\/redeicm.org.br\\\/madrebarbara\\\/a-linha-do-abraco-amor-limites-e-emocoes-na-primeira-infancia\\\/#respond\"]}]},{\"@type\":\"WebPage\",\"@id\":\"https:\\\/\\\/redeicm.org.br\\\/madrebarbara\\\/a-linha-do-abraco-amor-limites-e-emocoes-na-primeira-infancia\\\/\",\"url\":\"https:\\\/\\\/redeicm.org.br\\\/madrebarbara\\\/a-linha-do-abraco-amor-limites-e-emocoes-na-primeira-infancia\\\/\",\"name\":\"A Linha do Abra\u00e7o: amor, limites e emo\u00e7\u00f5es na primeira inf\u00e2ncia - Col\u00e9gio Madre B\u00e1rbara | Rede ICM de Educa\u00e7\u00e3o\",\"isPartOf\":{\"@id\":\"https:\\\/\\\/redeicm.org.br\\\/madrebarbara\\\/#website\"},\"primaryImageOfPage\":{\"@id\":\"https:\\\/\\\/redeicm.org.br\\\/madrebarbara\\\/a-linha-do-abraco-amor-limites-e-emocoes-na-primeira-infancia\\\/#primaryimage\"},\"image\":{\"@id\":\"https:\\\/\\\/redeicm.org.br\\\/madrebarbara\\\/a-linha-do-abraco-amor-limites-e-emocoes-na-primeira-infancia\\\/#primaryimage\"},\"thumbnailUrl\":\"https:\\\/\\\/redeicm.org.br\\\/madrebarbara\\\/wp-content\\\/uploads\\\/sites\\\/17\\\/2026\\\/09\\\/WhatsApp-Image-2026-09-01-at-18.40.09.jpg\",\"datePublished\":\"2026-09-02T12:32:43+00:00\",\"breadcrumb\":{\"@id\":\"https:\\\/\\\/redeicm.org.br\\\/madrebarbara\\\/a-linha-do-abraco-amor-limites-e-emocoes-na-primeira-infancia\\\/#breadcrumb\"},\"inLanguage\":\"pt-BR\",\"potentialAction\":[{\"@type\":\"ReadAction\",\"target\":[\"https:\\\/\\\/redeicm.org.br\\\/madrebarbara\\\/a-linha-do-abraco-amor-limites-e-emocoes-na-primeira-infancia\\\/\"]}]},{\"@type\":\"ImageObject\",\"inLanguage\":\"pt-BR\",\"@id\":\"https:\\\/\\\/redeicm.org.br\\\/madrebarbara\\\/a-linha-do-abraco-amor-limites-e-emocoes-na-primeira-infancia\\\/#primaryimage\",\"url\":\"https:\\\/\\\/redeicm.org.br\\\/madrebarbara\\\/wp-content\\\/uploads\\\/sites\\\/17\\\/2026\\\/09\\\/WhatsApp-Image-2026-09-01-at-18.40.09.jpg\",\"contentUrl\":\"https:\\\/\\\/redeicm.org.br\\\/madrebarbara\\\/wp-content\\\/uploads\\\/sites\\\/17\\\/2026\\\/09\\\/WhatsApp-Image-2026-09-01-at-18.40.09.jpg\",\"width\":1280,\"height\":960},{\"@type\":\"BreadcrumbList\",\"@id\":\"https:\\\/\\\/redeicm.org.br\\\/madrebarbara\\\/a-linha-do-abraco-amor-limites-e-emocoes-na-primeira-infancia\\\/#breadcrumb\",\"itemListElement\":[{\"@type\":\"ListItem\",\"position\":1,\"name\":\"In\u00edcio\",\"item\":\"https:\\\/\\\/redeicm.org.br\\\/madrebarbara\\\/\"},{\"@type\":\"ListItem\",\"position\":2,\"name\":\"A Linha do Abra\u00e7o: amor, limites e emo\u00e7\u00f5es na primeira inf\u00e2ncia\"}]},{\"@type\":\"WebSite\",\"@id\":\"https:\\\/\\\/redeicm.org.br\\\/madrebarbara\\\/#website\",\"url\":\"https:\\\/\\\/redeicm.org.br\\\/madrebarbara\\\/\",\"name\":\"Col\u00e9gio Madre B\u00e1rbara | Rede ICM de Educa\u00e7\u00e3o\",\"description\":\"\",\"publisher\":{\"@id\":\"https:\\\/\\\/redeicm.org.br\\\/madrebarbara\\\/#organization\"},\"potentialAction\":[{\"@type\":\"SearchAction\",\"target\":{\"@type\":\"EntryPoint\",\"urlTemplate\":\"https:\\\/\\\/redeicm.org.br\\\/madrebarbara\\\/?s={search_term_string}\"},\"query-input\":{\"@type\":\"PropertyValueSpecification\",\"valueRequired\":true,\"valueName\":\"search_term_string\"}}],\"inLanguage\":\"pt-BR\"},{\"@type\":\"Organization\",\"@id\":\"https:\\\/\\\/redeicm.org.br\\\/madrebarbara\\\/#organization\",\"name\":\"Col\u00e9gio Madre B\u00e1rbara | Rede ICM de Educa\u00e7\u00e3o\",\"url\":\"https:\\\/\\\/redeicm.org.br\\\/madrebarbara\\\/\",\"logo\":{\"@type\":\"ImageObject\",\"inLanguage\":\"pt-BR\",\"@id\":\"https:\\\/\\\/redeicm.org.br\\\/madrebarbara\\\/#\\\/schema\\\/logo\\\/image\\\/\",\"url\":\"https:\\\/\\\/redeicm.org.br\\\/madrebarbara\\\/wp-content\\\/uploads\\\/sites\\\/17\\\/2025\\\/09\\\/ICM_Educacao_Madre_Barbara_Preferencial_Cores-1024x329-1.png\",\"contentUrl\":\"https:\\\/\\\/redeicm.org.br\\\/madrebarbara\\\/wp-content\\\/uploads\\\/sites\\\/17\\\/2025\\\/09\\\/ICM_Educacao_Madre_Barbara_Preferencial_Cores-1024x329-1.png\",\"width\":223,\"height\":223,\"caption\":\"Col\u00e9gio Madre B\u00e1rbara | Rede ICM de Educa\u00e7\u00e3o\"},\"image\":{\"@id\":\"https:\\\/\\\/redeicm.org.br\\\/madrebarbara\\\/#\\\/schema\\\/logo\\\/image\\\/\"}},{\"@type\":\"Person\",\"@id\":\"https:\\\/\\\/redeicm.org.br\\\/madrebarbara\\\/#\\\/schema\\\/person\\\/95080d2ce1280ebf96851bf6ed4956ac\",\"name\":\"imprensamadrebarbara\",\"image\":{\"@type\":\"ImageObject\",\"inLanguage\":\"pt-BR\",\"@id\":\"https:\\\/\\\/secure.gravatar.com\\\/avatar\\\/1654515bf084fc0f6e2293958dac73030c16e689cf8c24180db3653c39135389?s=96&d=mm&r=g\",\"url\":\"https:\\\/\\\/secure.gravatar.com\\\/avatar\\\/1654515bf084fc0f6e2293958dac73030c16e689cf8c24180db3653c39135389?s=96&d=mm&r=g\",\"contentUrl\":\"https:\\\/\\\/secure.gravatar.com\\\/avatar\\\/1654515bf084fc0f6e2293958dac73030c16e689cf8c24180db3653c39135389?s=96&d=mm&r=g\",\"caption\":\"imprensamadrebarbara\"},\"url\":\"https:\\\/\\\/redeicm.org.br\\\/madrebarbara\\\/author\\\/imprensamadrebarbara\\\/\"}]}<\/script>\n<!-- \/ Yoast SEO plugin. -->","yoast_head_json":{"title":"A Linha do Abra\u00e7o: amor, limites e emo\u00e7\u00f5es na primeira inf\u00e2ncia - Col\u00e9gio Madre B\u00e1rbara | Rede ICM de Educa\u00e7\u00e3o","robots":{"index":"index","follow":"follow","max-snippet":"max-snippet:-1","max-image-preview":"max-image-preview:large","max-video-preview":"max-video-preview:-1"},"canonical":"https:\/\/redeicm.org.br\/madrebarbara\/a-linha-do-abraco-amor-limites-e-emocoes-na-primeira-infancia\/","og_locale":"pt_BR","og_type":"article","og_title":"A Linha do Abra\u00e7o: amor, limites e emo\u00e7\u00f5es na primeira inf\u00e2ncia - Col\u00e9gio Madre B\u00e1rbara | Rede ICM de Educa\u00e7\u00e3o","og_description":"Na noite desta segunda-feira (31), o Col\u00e9gio promoveu uma oficina especialmente destinada \u00e0s fam\u00edlias dos N\u00edveis 2 da Educa\u00e7\u00e3o Infantil, conduzida pelo Servi\u00e7o de Orienta\u00e7\u00e3o Educacional e pela Psicologia Escolar.\u00a0Com o tema \u201cA Linha do Abra\u00e7o: Amor, limites e emo\u00e7\u00f5es na primeira inf\u00e2ncia\u201d, o encontro foi um convite para que os respons\u00e1veis refletissem sobre o [&hellip;]","og_url":"https:\/\/redeicm.org.br\/madrebarbara\/a-linha-do-abraco-amor-limites-e-emocoes-na-primeira-infancia\/","og_site_name":"Col\u00e9gio Madre B\u00e1rbara | Rede ICM de Educa\u00e7\u00e3o","article_published_time":"2026-09-02T12:32:43+00:00","og_image":[{"width":1280,"height":960,"url":"https:\/\/redeicm.org.br\/madrebarbara\/wp-content\/uploads\/sites\/17\/2026\/09\/WhatsApp-Image-2026-09-01-at-18.40.09.jpg","type":"image\/jpeg"}],"author":"imprensamadrebarbara","twitter_card":"summary_large_image","twitter_misc":{"Escrito por":"imprensamadrebarbara","Est. tempo de leitura":"2 minutos"},"schema":{"@context":"https:\/\/schema.org","@graph":[{"@type":"Article","@id":"https:\/\/redeicm.org.br\/madrebarbara\/a-linha-do-abraco-amor-limites-e-emocoes-na-primeira-infancia\/#article","isPartOf":{"@id":"https:\/\/redeicm.org.br\/madrebarbara\/a-linha-do-abraco-amor-limites-e-emocoes-na-primeira-infancia\/"},"author":{"name":"imprensamadrebarbara","@id":"https:\/\/redeicm.org.br\/madrebarbara\/#\/schema\/person\/95080d2ce1280ebf96851bf6ed4956ac"},"headline":"A Linha do Abra\u00e7o: amor, limites e emo\u00e7\u00f5es na primeira inf\u00e2ncia","datePublished":"2026-09-02T12:32:43+00:00","mainEntityOfPage":{"@id":"https:\/\/redeicm.org.br\/madrebarbara\/a-linha-do-abraco-amor-limites-e-emocoes-na-primeira-infancia\/"},"wordCount":345,"commentCount":0,"publisher":{"@id":"https:\/\/redeicm.org.br\/madrebarbara\/#organization"},"image":{"@id":"https:\/\/redeicm.org.br\/madrebarbara\/a-linha-do-abraco-amor-limites-e-emocoes-na-primeira-infancia\/#primaryimage"},"thumbnailUrl":"https:\/\/redeicm.org.br\/madrebarbara\/wp-content\/uploads\/sites\/17\/2026\/09\/WhatsApp-Image-2026-09-01-at-18.40.09.jpg","articleSection":["NOT\u00cdCIAS"],"inLanguage":"pt-BR","potentialAction":[{"@type":"CommentAction","name":"Comment","target":["https:\/\/redeicm.org.br\/madrebarbara\/a-linha-do-abraco-amor-limites-e-emocoes-na-primeira-infancia\/#respond"]}]},{"@type":"WebPage","@id":"https:\/\/redeicm.org.br\/madrebarbara\/a-linha-do-abraco-amor-limites-e-emocoes-na-primeira-infancia\/","url":"https:\/\/redeicm.org.br\/madrebarbara\/a-linha-do-abraco-amor-limites-e-emocoes-na-primeira-infancia\/","name":"A Linha do Abra\u00e7o: amor, limites e emo\u00e7\u00f5es na primeira inf\u00e2ncia - Col\u00e9gio Madre B\u00e1rbara | Rede ICM de Educa\u00e7\u00e3o","isPartOf":{"@id":"https:\/\/redeicm.org.br\/madrebarbara\/#website"},"primaryImageOfPage":{"@id":"https:\/\/redeicm.org.br\/madrebarbara\/a-linha-do-abraco-amor-limites-e-emocoes-na-primeira-infancia\/#primaryimage"},"image":{"@id":"https:\/\/redeicm.org.br\/madrebarbara\/a-linha-do-abraco-amor-limites-e-emocoes-na-primeira-infancia\/#primaryimage"},"thumbnailUrl":"https:\/\/redeicm.org.br\/madrebarbara\/wp-content\/uploads\/sites\/17\/2026\/09\/WhatsApp-Image-2026-09-01-at-18.40.09.jpg","datePublished":"2026-09-02T12:32:43+00:00","breadcrumb":{"@id":"https:\/\/redeicm.org.br\/madrebarbara\/a-linha-do-abraco-amor-limites-e-emocoes-na-primeira-infancia\/#breadcrumb"},"inLanguage":"pt-BR","potentialAction":[{"@type":"ReadAction","target":["https:\/\/redeicm.org.br\/madrebarbara\/a-linha-do-abraco-amor-limites-e-emocoes-na-primeira-infancia\/"]}]},{"@type":"ImageObject","inLanguage":"pt-BR","@id":"https:\/\/redeicm.org.br\/madrebarbara\/a-linha-do-abraco-amor-limites-e-emocoes-na-primeira-infancia\/#primaryimage","url":"https:\/\/redeicm.org.br\/madrebarbara\/wp-content\/uploads\/sites\/17\/2026\/09\/WhatsApp-Image-2026-09-01-at-18.40.09.jpg","contentUrl":"https:\/\/redeicm.org.br\/madrebarbara\/wp-content\/uploads\/sites\/17\/2026\/09\/WhatsApp-Image-2026-09-01-at-18.40.09.jpg","width":1280,"height":960},{"@type":"BreadcrumbList","@id":"https:\/\/redeicm.org.br\/madrebarbara\/a-linha-do-abraco-amor-limites-e-emocoes-na-primeira-infancia\/#breadcrumb","itemListElement":[{"@type":"ListItem","position":1,"name":"In\u00edcio","item":"https:\/\/redeicm.org.br\/madrebarbara\/"},{"@type":"ListItem","position":2,"name":"A Linha do Abra\u00e7o: amor, limites e emo\u00e7\u00f5es na primeira inf\u00e2ncia"}]},{"@type":"WebSite","@id":"https:\/\/redeicm.org.br\/madrebarbara\/#website","url":"https:\/\/redeicm.org.br\/madrebarbara\/","name":"Col\u00e9gio Madre B\u00e1rbara | Rede ICM de Educa\u00e7\u00e3o","description":"","publisher":{"@id":"https:\/\/redeicm.org.br\/madrebarbara\/#organization"},"potentialAction":[{"@type":"SearchAction","target":{"@type":"EntryPoint","urlTemplate":"https:\/\/redeicm.org.br\/madrebarbara\/?s={search_term_string}"},"query-input":{"@type":"PropertyValueSpecification","valueRequired":true,"valueName":"search_term_string"}}],"inLanguage":"pt-BR"},{"@type":"Organization","@id":"https:\/\/redeicm.org.br\/madrebarbara\/#organization","name":"Col\u00e9gio Madre B\u00e1rbara | Rede ICM de Educa\u00e7\u00e3o","url":"https:\/\/redeicm.org.br\/madrebarbara\/","logo":{"@type":"ImageObject","inLanguage":"pt-BR","@id":"https:\/\/redeicm.org.br\/madrebarbara\/#\/schema\/logo\/image\/","url":"https:\/\/redeicm.org.br\/madrebarbara\/wp-content\/uploads\/sites\/17\/2025\/09\/ICM_Educacao_Madre_Barbara_Preferencial_Cores-1024x329-1.png","contentUrl":"https:\/\/redeicm.org.br\/madrebarbara\/wp-content\/uploads\/sites\/17\/2025\/09\/ICM_Educacao_Madre_Barbara_Preferencial_Cores-1024x329-1.png","width":223,"height":223,"caption":"Col\u00e9gio Madre B\u00e1rbara | Rede ICM de Educa\u00e7\u00e3o"},"image":{"@id":"https:\/\/redeicm.org.br\/madrebarbara\/#\/schema\/logo\/image\/"}},{"@type":"Person","@id":"https:\/\/redeicm.org.br\/madrebarbara\/#\/schema\/person\/95080d2ce1280ebf96851bf6ed4956ac","name":"imprensamadrebarbara","image":{"@type":"ImageObject","inLanguage":"pt-BR","@id":"https:\/\/secure.gravatar.com\/avatar\/1654515bf084fc0f6e2293958dac73030c16e689cf8c24180db3653c39135389?s=96&d=mm&r=g","url":"https:\/\/secure.gravatar.com\/avatar\/1654515bf084fc0f6e2293958dac73030c16e689cf8c24180db3653c39135389?s=96&d=mm&r=g","contentUrl":"https:\/\/secure.gravatar.com\/avatar\/1654515bf084fc0f6e2293958dac73030c16e689cf8c24180db3653c39135389?s=96&d=mm&r=g","caption":"imprensamadrebarbara"},"url":"https:\/\/redeicm.org.br\/madrebarbara\/author\/imprensamadrebarbara\/"}]}},"_links":{"self":[{"href":"https:\/\/redeicm.org.br\/madrebarbara\/wp-json\/wp\/v2\/posts\/26646","targetHints":{"allow":["GET"]}}],"collection":[{"href":"https:\/\/redeicm.org.br\/madrebarbara\/wp-json\/wp\/v2\/posts"}],"about":[{"href":"https:\/\/redeicm.org.br\/madrebarbara\/wp-json\/wp\/v2\/types\/post"}],"author":[{"embeddable":true,"href":"https:\/\/redeicm.org.br\/madrebarbara\/wp-json\/wp\/v2\/users\/16"}],"replies":[{"embeddable":true,"href":"https:\/\/redeicm.org.br\/madrebarbara\/wp-json\/wp\/v2\/comments?post=26646"}],"version-history":[{"count":1,"href":"https:\/\/redeicm.org.br\/madrebarbara\/wp-json\/wp\/v2\/posts\/26646\/revisions"}],"predecessor-version":[{"id":26648,"href":"https:\/\/redeicm.org.br\/madrebarbara\/wp-json\/wp\/v2\/posts\/26646\/revisions\/26648"}],"wp:featuredmedia":[{"embeddable":true,"href":"https:\/\/redeicm.org.br\/madrebarbara\/wp-json\/wp\/v2\/media\/26647"}],"wp:attachment":[{"href":"https:\/\/redeicm.org.br\/madrebarbara\/wp-json\/wp\/v2\/media?parent=26646"}],"wp:term":[{"taxonomy":"category","embeddable":true,"href":"https:\/\/redeicm.org.br\/madrebarbara\/wp-json\/wp\/v2\/categories?post=26646"},{"taxonomy":"post_tag","embeddable":true,"href":"https:\/\/redeicm.org.br\/madrebarbara\/wp-json\/wp\/v2\/tags?post=26646"}],"curies":[{"name":"wp","href":"https:\/\/api.w.org\/{rel}","templated":true}]}}