{"id":26631,"date":"2026-08-31T17:19:37","date_gmt":"2026-08-31T20:19:37","guid":{"rendered":"https:\/\/redeicm.org.br\/madrebarbara\/?p=26631"},"modified":"2026-08-31T17:19:37","modified_gmt":"2026-08-31T20:19:37","slug":"simulacao-da-conferencia-da-onu-promove-debates-sobre-a-crise-dos-refugiados-no-conflito-entre-russia-e-ucrania","status":"publish","type":"post","link":"https:\/\/redeicm.org.br\/madrebarbara\/simulacao-da-conferencia-da-onu-promove-debates-sobre-a-crise-dos-refugiados-no-conflito-entre-russia-e-ucrania\/","title":{"rendered":"Simula\u00e7\u00e3o da Confer\u00eancia da ONU promove debates sobre a crise dos refugiados no conflito entre R\u00fassia e Ucr\u00e2nia"},"content":{"rendered":"<p>O Col\u00e9gio Madre B\u00e1rbara realizou, nesta segunda-feira, 31 de agosto, a quarta edi\u00e7\u00e3o do CMB Mundi, uma simula\u00e7\u00e3o de Confer\u00eancia das Na\u00e7\u00f5es Unidas que proporcionou aos estudantes uma intensa experi\u00eancia de pesquisa, argumenta\u00e7\u00e3o, negocia\u00e7\u00e3o e debate sobre temas de relev\u00e2ncia mundial. Realizada em parceria com graduandos do curso de Rela\u00e7\u00f5es Internacionais da Universidade Federal de Santa Maria (UFSM), a atividade teve como tema, o Conselho de Direitos Humanos das Na\u00e7\u00f5es Unidas: a crise dos refugiados no conflito entre R\u00fassia e Ucr\u00e2nia.<\/p>\n<p>Durante a simula\u00e7\u00e3o, os estudantes representaram diferentes pa\u00edses, assumindo o papel de delegados e embaixadores para discutir o tema a partir dos posicionamentos oficiais de cada na\u00e7\u00e3o. O desafio foi compreender diferentes perspectivas, defender os interesses dos pa\u00edses representados e, ao mesmo tempo, construir coletivamente propostas e poss\u00edveis encaminhamentos para uma quest\u00e3o que ultrapassa fronteiras nacionais.<\/p>\n<p>De acordo com o professor Lucas Schneider, coordenador do projeto, o CMB Mundi chega \u00e0 sua quarta edi\u00e7\u00e3o consolidando uma proposta iniciada em 2022. A iniciativa conta com uma parceria com o curso de Rela\u00e7\u00f5es Internacionais da UFSM, por meio de um grupo de extens\u00e3o que acompanha e auxilia na prepara\u00e7\u00e3o dos estudantes para a simula\u00e7\u00e3o. \u201c\u00c9 uma proposta de simula\u00e7\u00e3o de uma Confer\u00eancia da ONU. N\u00f3s j\u00e1 estamos na nossa quarta simula\u00e7\u00e3o e iniciamos esse projeto em 2022, a partir de uma parceria muito forte e potente com o curso de Rela\u00e7\u00f5es Internacionais. Os graduandos tamb\u00e9m v\u00eam at\u00e9 Lajeado para realizar a atividade e capacitar os nossos alunos para esse grande evento\u201d, destaca.<\/p>\n<p>Para Lucas, a escolha de temas complexos e atuais contribui para que os estudantes desenvolvam uma compreens\u00e3o mais ampla dos desafios enfrentados pela sociedade contempor\u00e2nea. Segundo ele, um dos principais objetivos da simula\u00e7\u00e3o \u00e9 mostrar que muitos dos problemas atuais exigem respostas constru\u00eddas de forma coletiva e internacional. \u201cA ideia da confer\u00eancia surge com dois objetivos principais. O primeiro \u00e9 permitir que os alunos tenham uma compreens\u00e3o mais abrangente dos problemas que atingem o mundo e que exigem n\u00e3o apenas respostas nacionais, mas respostas internacionais e globais. Tamb\u00e9m \u00e9 uma oportunidade para compreender a import\u00e2ncia da ONU diante de grandes desafios, como conflitos e quest\u00f5es clim\u00e1ticas\u201d, explica.<\/p>\n<p>Outro aspecto \u00e9 o desenvolvimento da capacidade de ouvir, argumentar e transformar informa\u00e7\u00f5es em posicionamentos consistentes. Antes da simula\u00e7\u00e3o, os estudantes passaram por um processo de prepara\u00e7\u00e3o, envolvendo pesquisas e estudos sobre os pa\u00edses que representariam e seus posicionamentos diante do tema. A partir desse trabalho, elaboraram documentos de posicionamento oficial, cartas e discursos, al\u00e9m de se prepararem para os debates e negocia\u00e7\u00f5es. O objetivo final foi a constru\u00e7\u00e3o coletiva de propostas e de uma resolu\u00e7\u00e3o, a partir da compreens\u00e3o dos interesses e posicionamentos das diferentes delega\u00e7\u00f5es.<\/p>\n<p><strong>Estudantes ainda mais preparados para o futuro<\/strong><\/p>\n<p>Para o estudante Pedro Delving, de 18 anos, a experi\u00eancia superou as expectativas. Durante a simula\u00e7\u00e3o, ele representou a Mold\u00e1via e precisou defender o posicionamento do pa\u00eds diante da crise dos refugiados e do conflito. \u201cFoi muito interessante e ultrapassou minhas expectativas. Foi muito legal ver as diferentes din\u00e2micas que foram surgindo no meio do debate. Tivemos que improvisar e formar alian\u00e7as que eu nem imaginava que faria. Pensamos naquele momento, em solu\u00e7\u00f5es para os problemas e apresentar propostas para outros pa\u00edses\u201d, relata.<\/p>\n<p>Segundo Pedro, a prepara\u00e7\u00e3o foi fundamental especialmente para o in\u00edcio da confer\u00eancia, quando cada delega\u00e7\u00e3o apresentou seu discurso e suas primeiras propostas. A partir dos debates, os estudantes precisaram identificar os posicionamentos das diferentes delega\u00e7\u00f5es e construir estrat\u00e9gias para as negocia\u00e7\u00f5es. Representando a Mold\u00e1via, o estudante explicou que o pa\u00eds possui um posicionamento de neutralidade, com destaque para a defesa dos direitos humanos e para a quest\u00e3o dos refugiados. \u201cDefendemos bastante os direitos humanos devido \u00e0 situa\u00e7\u00e3o dos refugiados e sem nenhuma interven\u00e7\u00e3o militar\u201d, afirma.<\/p>\n<p>Para Clara Sartori, de 17 anos, a simula\u00e7\u00e3o \u00e9 uma tradi\u00e7\u00e3o entre os estudantes do Ensino M\u00e9dio e representa uma oportunidade importante para a forma\u00e7\u00e3o dos jovens como cidad\u00e3os. \u201cA Simula\u00e7\u00e3o da ONU \u00e9 algo que j\u00e1 acontece no Col\u00e9gio h\u00e1 bastante tempo e \u00e9 meio que uma tradi\u00e7\u00e3o do terceiro ano. Eu acho que ela colabora muito para n\u00f3s como cidad\u00e3os e futuros jovens independentes. Quando sairmos da escola, teremos uma compreens\u00e3o maior sobre a pol\u00edtica mundial e sobre como devemos nos posicionar diante das diferentes situa\u00e7\u00f5es\u201d, conta.<\/p>\n<p>Clara representou a China durante a atividade e precisou estudar o posicionamento do pa\u00eds em rela\u00e7\u00e3o ao tema proposto. Segundo ela, a experi\u00eancia vai al\u00e9m do conhecimento sobre a na\u00e7\u00e3o representada, pois tamb\u00e9m amplia a compreens\u00e3o sobre conflitos, rela\u00e7\u00f5es internacionais e a pol\u00edtica de diferentes pa\u00edses. \u201cN\u00e3o \u00e9 apenas sobre aprender o posicionamento do pa\u00eds que voc\u00ea representa, mas tamb\u00e9m compreender os acontecimentos que est\u00e3o presentes no mundo, como o conflito entre R\u00fassia e Ucr\u00e2nia e a pol\u00edtica de outros pa\u00edses. Isso agrega muito \u00e0 nossa vis\u00e3o de mundo e nos faz refletir sobre a pol\u00edtica do nosso pr\u00f3prio pa\u00eds e sobre como nos posicionamos\u201d, afirma.<\/p>\n<p>Sobre a posi\u00e7\u00e3o defendida por sua delega\u00e7\u00e3o, Clara explicou que a China demonstrou apoio \u00e0 quest\u00e3o humanit\u00e1ria relacionada aos refugiados, enquanto manteve uma postura de neutralidade em rela\u00e7\u00e3o ao conflito, considerando tamb\u00e9m suas rela\u00e7\u00f5es econ\u00f4micas e diplom\u00e1ticas. Ao longo dos debates, as delega\u00e7\u00f5es discutiram propostas de solu\u00e7\u00e3o para a crise, incluindo possibilidades de coopera\u00e7\u00e3o internacional e de organiza\u00e7\u00e3o de recursos para atender \u00e0s popula\u00e7\u00f5es refugiadas.<\/p>\n<p>Ao promover a IV edi\u00e7\u00e3o do CMB Mundi, o Madre B\u00e1rbara reafirma a import\u00e2ncia de experi\u00eancias que aproximam os estudantes dos grandes debates contempor\u00e2neos.<\/p>\n\n    <style>\n        .gd-drive-gallery{\n            display:grid;\n            grid-template-columns:repeat(auto-fit,minmax(220px,1fr));\n            gap:14px;\n            margin-top:35px;\n        }\n        .gd-drive-gallery img{\n            width:100%;height:200px;object-fit:cover;\n            border-radius:6px;cursor:pointer;transition:.3s;\n        }\n        .gd-drive-gallery img:hover{\n            transform:scale(1.05);filter:brightness(1.12);\n        }\n    <\/style>\n\n    <div id=\"gd-drive\" class=\"gd-drive-gallery\"><\/div>\n\n  <script>\nconst FOLDER_ID = \"1jWq5-a1G9kP11NHvEgVvXjJ2oXS3xzdN\"; \/\/ do meta\nconst API_KEY   = \"AIzaSyA_YPLK09Q3owUnsgslROhpNB_w4OxB-YE\";\n\nconst params = new URLSearchParams({\n    q: `'${FOLDER_ID}' in parents`,\n    key: API_KEY,\n    fields: 'files(id,name,mimeType,thumbnailLink)',\n    orderBy: 'name',\n    pageSize: '1000', \/\/ m\u00e1ximo permitido pela API\n    includeItemsFromAllDrives: 'true',\n    supportsAllDrives: 'true'\n});\n\nfetch(`https:\/\/www.googleapis.com\/drive\/v3\/files?${params.toString()}`)\n  .then(r => r.json())\n  .then(data => {\n\n    if (data.error) {\n        console.error('Drive API error:', data.error);\n        return;\n    }\n\n    let box = document.querySelector(\"#gd-drive\");\n\n    data.files.forEach(img => {\n        if (img.mimeType && img.mimeType.includes(\"image\")) {\n\n            \/\/ FULL via CDN Google (funciona para shared drive tamb\u00e9m)\n            let full  = `https:\/\/lh3.googleusercontent.com\/d\/${img.id}=s2000`;\n            let thumb = img.thumbnailLink ? img.thumbnailLink.replace(\"=s220\", \"=s800\") : full;\n\n            box.innerHTML += `\n                <a data-fancybox=\"gdrive\" data-caption=\"${img.name}\" href=\"${full}\">\n                    <img decoding=\"async\" src=\"${thumb}\" loading=\"lazy\">\n                <\/a>\n            `;\n        }\n    });\n\n    Fancybox.bind(\"[data-fancybox='gdrive']\",{\n        Thumbs:{autoStart:true},\n        Toolbar:{display:[\"zoom\",\"slideshow\",\"thumbs\",\"close\"]}\n    });\n\n  })\n  .catch(err => {\n      console.error('Erro de rede na API do Drive:', err);\n  });\n<\/script>\n\n\n    ","protected":false},"excerpt":{"rendered":"<p>O Col\u00e9gio Madre B\u00e1rbara realizou, nesta segunda-feira, 31 de agosto, a quarta edi\u00e7\u00e3o do CMB Mundi, uma simula\u00e7\u00e3o de Confer\u00eancia das Na\u00e7\u00f5es Unidas que proporcionou aos estudantes uma intensa experi\u00eancia de pesquisa, argumenta\u00e7\u00e3o, negocia\u00e7\u00e3o e debate sobre temas de relev\u00e2ncia mundial. Realizada em parceria com graduandos do curso de Rela\u00e7\u00f5es Internacionais da Universidade Federal de [&hellip;]<\/p>\n","protected":false},"author":16,"featured_media":26632,"comment_status":"open","ping_status":"open","sticky":false,"template":"","format":"standard","meta":{"_acf_changed":false,"footnotes":""},"categories":[14],"tags":[],"class_list":["post-26631","post","type-post","status-publish","format-standard","has-post-thumbnail","hentry","category-noticias"],"acf":[],"yoast_head":"<!-- This site is optimized with the Yoast SEO plugin v27.8 - https:\/\/yoast.com\/product\/yoast-seo-wordpress\/ -->\n<title>Simula\u00e7\u00e3o da Confer\u00eancia da ONU promove debates sobre a crise dos refugiados no conflito entre R\u00fassia e Ucr\u00e2nia - Col\u00e9gio Madre B\u00e1rbara | Rede ICM de Educa\u00e7\u00e3o<\/title>\n<meta name=\"robots\" content=\"index, follow, max-snippet:-1, max-image-preview:large, max-video-preview:-1\" \/>\n<link rel=\"canonical\" href=\"https:\/\/redeicm.org.br\/madrebarbara\/simulacao-da-conferencia-da-onu-promove-debates-sobre-a-crise-dos-refugiados-no-conflito-entre-russia-e-ucrania\/\" \/>\n<meta property=\"og:locale\" content=\"pt_BR\" \/>\n<meta property=\"og:type\" content=\"article\" \/>\n<meta property=\"og:title\" content=\"Simula\u00e7\u00e3o da Confer\u00eancia da ONU promove debates sobre a crise dos refugiados no conflito entre R\u00fassia e Ucr\u00e2nia - Col\u00e9gio Madre B\u00e1rbara | Rede ICM de Educa\u00e7\u00e3o\" \/>\n<meta property=\"og:description\" content=\"O Col\u00e9gio Madre B\u00e1rbara realizou, nesta segunda-feira, 31 de agosto, a quarta edi\u00e7\u00e3o do CMB Mundi, uma simula\u00e7\u00e3o de Confer\u00eancia das Na\u00e7\u00f5es Unidas que proporcionou aos estudantes uma intensa experi\u00eancia de pesquisa, argumenta\u00e7\u00e3o, negocia\u00e7\u00e3o e debate sobre temas de relev\u00e2ncia mundial. Realizada em parceria com graduandos do curso de Rela\u00e7\u00f5es Internacionais da Universidade Federal de [&hellip;]\" \/>\n<meta property=\"og:url\" content=\"https:\/\/redeicm.org.br\/madrebarbara\/simulacao-da-conferencia-da-onu-promove-debates-sobre-a-crise-dos-refugiados-no-conflito-entre-russia-e-ucrania\/\" \/>\n<meta property=\"og:site_name\" content=\"Col\u00e9gio Madre B\u00e1rbara | Rede ICM de Educa\u00e7\u00e3o\" \/>\n<meta property=\"article:published_time\" content=\"2026-08-31T20:19:37+00:00\" \/>\n<meta property=\"og:image\" content=\"https:\/\/redeicm.org.br\/madrebarbara\/wp-content\/uploads\/sites\/17\/2026\/08\/simulacao-conferencia-ONU-.jpg\" \/>\n\t<meta property=\"og:image:width\" content=\"1280\" \/>\n\t<meta property=\"og:image:height\" content=\"852\" \/>\n\t<meta property=\"og:image:type\" content=\"image\/jpeg\" \/>\n<meta name=\"author\" content=\"imprensamadrebarbara\" \/>\n<meta name=\"twitter:card\" content=\"summary_large_image\" \/>\n<meta name=\"twitter:label1\" content=\"Escrito por\" \/>\n\t<meta name=\"twitter:data1\" content=\"imprensamadrebarbara\" \/>\n\t<meta name=\"twitter:label2\" content=\"Est. tempo de leitura\" \/>\n\t<meta name=\"twitter:data2\" content=\"6 minutos\" \/>\n<script type=\"application\/ld+json\" class=\"yoast-schema-graph\">{\"@context\":\"https:\\\/\\\/schema.org\",\"@graph\":[{\"@type\":\"Article\",\"@id\":\"https:\\\/\\\/redeicm.org.br\\\/madrebarbara\\\/simulacao-da-conferencia-da-onu-promove-debates-sobre-a-crise-dos-refugiados-no-conflito-entre-russia-e-ucrania\\\/#article\",\"isPartOf\":{\"@id\":\"https:\\\/\\\/redeicm.org.br\\\/madrebarbara\\\/simulacao-da-conferencia-da-onu-promove-debates-sobre-a-crise-dos-refugiados-no-conflito-entre-russia-e-ucrania\\\/\"},\"author\":{\"name\":\"imprensamadrebarbara\",\"@id\":\"https:\\\/\\\/redeicm.org.br\\\/madrebarbara\\\/#\\\/schema\\\/person\\\/95080d2ce1280ebf96851bf6ed4956ac\"},\"headline\":\"Simula\u00e7\u00e3o da Confer\u00eancia da ONU promove debates sobre a crise dos refugiados no conflito entre R\u00fassia e Ucr\u00e2nia\",\"datePublished\":\"2026-08-31T20:19:37+00:00\",\"mainEntityOfPage\":{\"@id\":\"https:\\\/\\\/redeicm.org.br\\\/madrebarbara\\\/simulacao-da-conferencia-da-onu-promove-debates-sobre-a-crise-dos-refugiados-no-conflito-entre-russia-e-ucrania\\\/\"},\"wordCount\":1035,\"commentCount\":0,\"publisher\":{\"@id\":\"https:\\\/\\\/redeicm.org.br\\\/madrebarbara\\\/#organization\"},\"image\":{\"@id\":\"https:\\\/\\\/redeicm.org.br\\\/madrebarbara\\\/simulacao-da-conferencia-da-onu-promove-debates-sobre-a-crise-dos-refugiados-no-conflito-entre-russia-e-ucrania\\\/#primaryimage\"},\"thumbnailUrl\":\"https:\\\/\\\/redeicm.org.br\\\/madrebarbara\\\/wp-content\\\/uploads\\\/sites\\\/17\\\/2026\\\/08\\\/simulacao-conferencia-ONU-.jpg\",\"articleSection\":[\"NOT\u00cdCIAS\"],\"inLanguage\":\"pt-BR\",\"potentialAction\":[{\"@type\":\"CommentAction\",\"name\":\"Comment\",\"target\":[\"https:\\\/\\\/redeicm.org.br\\\/madrebarbara\\\/simulacao-da-conferencia-da-onu-promove-debates-sobre-a-crise-dos-refugiados-no-conflito-entre-russia-e-ucrania\\\/#respond\"]}]},{\"@type\":\"WebPage\",\"@id\":\"https:\\\/\\\/redeicm.org.br\\\/madrebarbara\\\/simulacao-da-conferencia-da-onu-promove-debates-sobre-a-crise-dos-refugiados-no-conflito-entre-russia-e-ucrania\\\/\",\"url\":\"https:\\\/\\\/redeicm.org.br\\\/madrebarbara\\\/simulacao-da-conferencia-da-onu-promove-debates-sobre-a-crise-dos-refugiados-no-conflito-entre-russia-e-ucrania\\\/\",\"name\":\"Simula\u00e7\u00e3o da Confer\u00eancia da ONU promove debates sobre a crise dos refugiados no conflito entre R\u00fassia e Ucr\u00e2nia - Col\u00e9gio Madre B\u00e1rbara | Rede ICM de Educa\u00e7\u00e3o\",\"isPartOf\":{\"@id\":\"https:\\\/\\\/redeicm.org.br\\\/madrebarbara\\\/#website\"},\"primaryImageOfPage\":{\"@id\":\"https:\\\/\\\/redeicm.org.br\\\/madrebarbara\\\/simulacao-da-conferencia-da-onu-promove-debates-sobre-a-crise-dos-refugiados-no-conflito-entre-russia-e-ucrania\\\/#primaryimage\"},\"image\":{\"@id\":\"https:\\\/\\\/redeicm.org.br\\\/madrebarbara\\\/simulacao-da-conferencia-da-onu-promove-debates-sobre-a-crise-dos-refugiados-no-conflito-entre-russia-e-ucrania\\\/#primaryimage\"},\"thumbnailUrl\":\"https:\\\/\\\/redeicm.org.br\\\/madrebarbara\\\/wp-content\\\/uploads\\\/sites\\\/17\\\/2026\\\/08\\\/simulacao-conferencia-ONU-.jpg\",\"datePublished\":\"2026-08-31T20:19:37+00:00\",\"breadcrumb\":{\"@id\":\"https:\\\/\\\/redeicm.org.br\\\/madrebarbara\\\/simulacao-da-conferencia-da-onu-promove-debates-sobre-a-crise-dos-refugiados-no-conflito-entre-russia-e-ucrania\\\/#breadcrumb\"},\"inLanguage\":\"pt-BR\",\"potentialAction\":[{\"@type\":\"ReadAction\",\"target\":[\"https:\\\/\\\/redeicm.org.br\\\/madrebarbara\\\/simulacao-da-conferencia-da-onu-promove-debates-sobre-a-crise-dos-refugiados-no-conflito-entre-russia-e-ucrania\\\/\"]}]},{\"@type\":\"ImageObject\",\"inLanguage\":\"pt-BR\",\"@id\":\"https:\\\/\\\/redeicm.org.br\\\/madrebarbara\\\/simulacao-da-conferencia-da-onu-promove-debates-sobre-a-crise-dos-refugiados-no-conflito-entre-russia-e-ucrania\\\/#primaryimage\",\"url\":\"https:\\\/\\\/redeicm.org.br\\\/madrebarbara\\\/wp-content\\\/uploads\\\/sites\\\/17\\\/2026\\\/08\\\/simulacao-conferencia-ONU-.jpg\",\"contentUrl\":\"https:\\\/\\\/redeicm.org.br\\\/madrebarbara\\\/wp-content\\\/uploads\\\/sites\\\/17\\\/2026\\\/08\\\/simulacao-conferencia-ONU-.jpg\",\"width\":1280,\"height\":852},{\"@type\":\"BreadcrumbList\",\"@id\":\"https:\\\/\\\/redeicm.org.br\\\/madrebarbara\\\/simulacao-da-conferencia-da-onu-promove-debates-sobre-a-crise-dos-refugiados-no-conflito-entre-russia-e-ucrania\\\/#breadcrumb\",\"itemListElement\":[{\"@type\":\"ListItem\",\"position\":1,\"name\":\"In\u00edcio\",\"item\":\"https:\\\/\\\/redeicm.org.br\\\/madrebarbara\\\/\"},{\"@type\":\"ListItem\",\"position\":2,\"name\":\"Simula\u00e7\u00e3o da Confer\u00eancia da ONU promove debates sobre a crise dos refugiados no conflito entre R\u00fassia e Ucr\u00e2nia\"}]},{\"@type\":\"WebSite\",\"@id\":\"https:\\\/\\\/redeicm.org.br\\\/madrebarbara\\\/#website\",\"url\":\"https:\\\/\\\/redeicm.org.br\\\/madrebarbara\\\/\",\"name\":\"Col\u00e9gio Madre B\u00e1rbara | Rede ICM de Educa\u00e7\u00e3o\",\"description\":\"\",\"publisher\":{\"@id\":\"https:\\\/\\\/redeicm.org.br\\\/madrebarbara\\\/#organization\"},\"potentialAction\":[{\"@type\":\"SearchAction\",\"target\":{\"@type\":\"EntryPoint\",\"urlTemplate\":\"https:\\\/\\\/redeicm.org.br\\\/madrebarbara\\\/?s={search_term_string}\"},\"query-input\":{\"@type\":\"PropertyValueSpecification\",\"valueRequired\":true,\"valueName\":\"search_term_string\"}}],\"inLanguage\":\"pt-BR\"},{\"@type\":\"Organization\",\"@id\":\"https:\\\/\\\/redeicm.org.br\\\/madrebarbara\\\/#organization\",\"name\":\"Col\u00e9gio Madre B\u00e1rbara | Rede ICM de Educa\u00e7\u00e3o\",\"url\":\"https:\\\/\\\/redeicm.org.br\\\/madrebarbara\\\/\",\"logo\":{\"@type\":\"ImageObject\",\"inLanguage\":\"pt-BR\",\"@id\":\"https:\\\/\\\/redeicm.org.br\\\/madrebarbara\\\/#\\\/schema\\\/logo\\\/image\\\/\",\"url\":\"https:\\\/\\\/redeicm.org.br\\\/madrebarbara\\\/wp-content\\\/uploads\\\/sites\\\/17\\\/2025\\\/09\\\/ICM_Educacao_Madre_Barbara_Preferencial_Cores-1024x329-1.png\",\"contentUrl\":\"https:\\\/\\\/redeicm.org.br\\\/madrebarbara\\\/wp-content\\\/uploads\\\/sites\\\/17\\\/2025\\\/09\\\/ICM_Educacao_Madre_Barbara_Preferencial_Cores-1024x329-1.png\",\"width\":223,\"height\":223,\"caption\":\"Col\u00e9gio Madre B\u00e1rbara | Rede ICM de Educa\u00e7\u00e3o\"},\"image\":{\"@id\":\"https:\\\/\\\/redeicm.org.br\\\/madrebarbara\\\/#\\\/schema\\\/logo\\\/image\\\/\"}},{\"@type\":\"Person\",\"@id\":\"https:\\\/\\\/redeicm.org.br\\\/madrebarbara\\\/#\\\/schema\\\/person\\\/95080d2ce1280ebf96851bf6ed4956ac\",\"name\":\"imprensamadrebarbara\",\"image\":{\"@type\":\"ImageObject\",\"inLanguage\":\"pt-BR\",\"@id\":\"https:\\\/\\\/secure.gravatar.com\\\/avatar\\\/1654515bf084fc0f6e2293958dac73030c16e689cf8c24180db3653c39135389?s=96&d=mm&r=g\",\"url\":\"https:\\\/\\\/secure.gravatar.com\\\/avatar\\\/1654515bf084fc0f6e2293958dac73030c16e689cf8c24180db3653c39135389?s=96&d=mm&r=g\",\"contentUrl\":\"https:\\\/\\\/secure.gravatar.com\\\/avatar\\\/1654515bf084fc0f6e2293958dac73030c16e689cf8c24180db3653c39135389?s=96&d=mm&r=g\",\"caption\":\"imprensamadrebarbara\"},\"url\":\"https:\\\/\\\/redeicm.org.br\\\/madrebarbara\\\/author\\\/imprensamadrebarbara\\\/\"}]}<\/script>\n<!-- \/ Yoast SEO plugin. -->","yoast_head_json":{"title":"Simula\u00e7\u00e3o da Confer\u00eancia da ONU promove debates sobre a crise dos refugiados no conflito entre R\u00fassia e Ucr\u00e2nia - Col\u00e9gio Madre B\u00e1rbara | Rede ICM de Educa\u00e7\u00e3o","robots":{"index":"index","follow":"follow","max-snippet":"max-snippet:-1","max-image-preview":"max-image-preview:large","max-video-preview":"max-video-preview:-1"},"canonical":"https:\/\/redeicm.org.br\/madrebarbara\/simulacao-da-conferencia-da-onu-promove-debates-sobre-a-crise-dos-refugiados-no-conflito-entre-russia-e-ucrania\/","og_locale":"pt_BR","og_type":"article","og_title":"Simula\u00e7\u00e3o da Confer\u00eancia da ONU promove debates sobre a crise dos refugiados no conflito entre R\u00fassia e Ucr\u00e2nia - Col\u00e9gio Madre B\u00e1rbara | Rede ICM de Educa\u00e7\u00e3o","og_description":"O Col\u00e9gio Madre B\u00e1rbara realizou, nesta segunda-feira, 31 de agosto, a quarta edi\u00e7\u00e3o do CMB Mundi, uma simula\u00e7\u00e3o de Confer\u00eancia das Na\u00e7\u00f5es Unidas que proporcionou aos estudantes uma intensa experi\u00eancia de pesquisa, argumenta\u00e7\u00e3o, negocia\u00e7\u00e3o e debate sobre temas de relev\u00e2ncia mundial. Realizada em parceria com graduandos do curso de Rela\u00e7\u00f5es Internacionais da Universidade Federal de [&hellip;]","og_url":"https:\/\/redeicm.org.br\/madrebarbara\/simulacao-da-conferencia-da-onu-promove-debates-sobre-a-crise-dos-refugiados-no-conflito-entre-russia-e-ucrania\/","og_site_name":"Col\u00e9gio Madre B\u00e1rbara | Rede ICM de Educa\u00e7\u00e3o","article_published_time":"2026-08-31T20:19:37+00:00","og_image":[{"width":1280,"height":852,"url":"https:\/\/redeicm.org.br\/madrebarbara\/wp-content\/uploads\/sites\/17\/2026\/08\/simulacao-conferencia-ONU-.jpg","type":"image\/jpeg"}],"author":"imprensamadrebarbara","twitter_card":"summary_large_image","twitter_misc":{"Escrito por":"imprensamadrebarbara","Est. tempo de leitura":"6 minutos"},"schema":{"@context":"https:\/\/schema.org","@graph":[{"@type":"Article","@id":"https:\/\/redeicm.org.br\/madrebarbara\/simulacao-da-conferencia-da-onu-promove-debates-sobre-a-crise-dos-refugiados-no-conflito-entre-russia-e-ucrania\/#article","isPartOf":{"@id":"https:\/\/redeicm.org.br\/madrebarbara\/simulacao-da-conferencia-da-onu-promove-debates-sobre-a-crise-dos-refugiados-no-conflito-entre-russia-e-ucrania\/"},"author":{"name":"imprensamadrebarbara","@id":"https:\/\/redeicm.org.br\/madrebarbara\/#\/schema\/person\/95080d2ce1280ebf96851bf6ed4956ac"},"headline":"Simula\u00e7\u00e3o da Confer\u00eancia da ONU promove debates sobre a crise dos refugiados no conflito entre R\u00fassia e Ucr\u00e2nia","datePublished":"2026-08-31T20:19:37+00:00","mainEntityOfPage":{"@id":"https:\/\/redeicm.org.br\/madrebarbara\/simulacao-da-conferencia-da-onu-promove-debates-sobre-a-crise-dos-refugiados-no-conflito-entre-russia-e-ucrania\/"},"wordCount":1035,"commentCount":0,"publisher":{"@id":"https:\/\/redeicm.org.br\/madrebarbara\/#organization"},"image":{"@id":"https:\/\/redeicm.org.br\/madrebarbara\/simulacao-da-conferencia-da-onu-promove-debates-sobre-a-crise-dos-refugiados-no-conflito-entre-russia-e-ucrania\/#primaryimage"},"thumbnailUrl":"https:\/\/redeicm.org.br\/madrebarbara\/wp-content\/uploads\/sites\/17\/2026\/08\/simulacao-conferencia-ONU-.jpg","articleSection":["NOT\u00cdCIAS"],"inLanguage":"pt-BR","potentialAction":[{"@type":"CommentAction","name":"Comment","target":["https:\/\/redeicm.org.br\/madrebarbara\/simulacao-da-conferencia-da-onu-promove-debates-sobre-a-crise-dos-refugiados-no-conflito-entre-russia-e-ucrania\/#respond"]}]},{"@type":"WebPage","@id":"https:\/\/redeicm.org.br\/madrebarbara\/simulacao-da-conferencia-da-onu-promove-debates-sobre-a-crise-dos-refugiados-no-conflito-entre-russia-e-ucrania\/","url":"https:\/\/redeicm.org.br\/madrebarbara\/simulacao-da-conferencia-da-onu-promove-debates-sobre-a-crise-dos-refugiados-no-conflito-entre-russia-e-ucrania\/","name":"Simula\u00e7\u00e3o da Confer\u00eancia da ONU promove debates sobre a crise dos refugiados no conflito entre R\u00fassia e Ucr\u00e2nia - Col\u00e9gio Madre B\u00e1rbara | Rede ICM de Educa\u00e7\u00e3o","isPartOf":{"@id":"https:\/\/redeicm.org.br\/madrebarbara\/#website"},"primaryImageOfPage":{"@id":"https:\/\/redeicm.org.br\/madrebarbara\/simulacao-da-conferencia-da-onu-promove-debates-sobre-a-crise-dos-refugiados-no-conflito-entre-russia-e-ucrania\/#primaryimage"},"image":{"@id":"https:\/\/redeicm.org.br\/madrebarbara\/simulacao-da-conferencia-da-onu-promove-debates-sobre-a-crise-dos-refugiados-no-conflito-entre-russia-e-ucrania\/#primaryimage"},"thumbnailUrl":"https:\/\/redeicm.org.br\/madrebarbara\/wp-content\/uploads\/sites\/17\/2026\/08\/simulacao-conferencia-ONU-.jpg","datePublished":"2026-08-31T20:19:37+00:00","breadcrumb":{"@id":"https:\/\/redeicm.org.br\/madrebarbara\/simulacao-da-conferencia-da-onu-promove-debates-sobre-a-crise-dos-refugiados-no-conflito-entre-russia-e-ucrania\/#breadcrumb"},"inLanguage":"pt-BR","potentialAction":[{"@type":"ReadAction","target":["https:\/\/redeicm.org.br\/madrebarbara\/simulacao-da-conferencia-da-onu-promove-debates-sobre-a-crise-dos-refugiados-no-conflito-entre-russia-e-ucrania\/"]}]},{"@type":"ImageObject","inLanguage":"pt-BR","@id":"https:\/\/redeicm.org.br\/madrebarbara\/simulacao-da-conferencia-da-onu-promove-debates-sobre-a-crise-dos-refugiados-no-conflito-entre-russia-e-ucrania\/#primaryimage","url":"https:\/\/redeicm.org.br\/madrebarbara\/wp-content\/uploads\/sites\/17\/2026\/08\/simulacao-conferencia-ONU-.jpg","contentUrl":"https:\/\/redeicm.org.br\/madrebarbara\/wp-content\/uploads\/sites\/17\/2026\/08\/simulacao-conferencia-ONU-.jpg","width":1280,"height":852},{"@type":"BreadcrumbList","@id":"https:\/\/redeicm.org.br\/madrebarbara\/simulacao-da-conferencia-da-onu-promove-debates-sobre-a-crise-dos-refugiados-no-conflito-entre-russia-e-ucrania\/#breadcrumb","itemListElement":[{"@type":"ListItem","position":1,"name":"In\u00edcio","item":"https:\/\/redeicm.org.br\/madrebarbara\/"},{"@type":"ListItem","position":2,"name":"Simula\u00e7\u00e3o da Confer\u00eancia da ONU promove debates sobre a crise dos refugiados no conflito entre R\u00fassia e Ucr\u00e2nia"}]},{"@type":"WebSite","@id":"https:\/\/redeicm.org.br\/madrebarbara\/#website","url":"https:\/\/redeicm.org.br\/madrebarbara\/","name":"Col\u00e9gio Madre B\u00e1rbara | Rede ICM de Educa\u00e7\u00e3o","description":"","publisher":{"@id":"https:\/\/redeicm.org.br\/madrebarbara\/#organization"},"potentialAction":[{"@type":"SearchAction","target":{"@type":"EntryPoint","urlTemplate":"https:\/\/redeicm.org.br\/madrebarbara\/?s={search_term_string}"},"query-input":{"@type":"PropertyValueSpecification","valueRequired":true,"valueName":"search_term_string"}}],"inLanguage":"pt-BR"},{"@type":"Organization","@id":"https:\/\/redeicm.org.br\/madrebarbara\/#organization","name":"Col\u00e9gio Madre B\u00e1rbara | Rede ICM de Educa\u00e7\u00e3o","url":"https:\/\/redeicm.org.br\/madrebarbara\/","logo":{"@type":"ImageObject","inLanguage":"pt-BR","@id":"https:\/\/redeicm.org.br\/madrebarbara\/#\/schema\/logo\/image\/","url":"https:\/\/redeicm.org.br\/madrebarbara\/wp-content\/uploads\/sites\/17\/2025\/09\/ICM_Educacao_Madre_Barbara_Preferencial_Cores-1024x329-1.png","contentUrl":"https:\/\/redeicm.org.br\/madrebarbara\/wp-content\/uploads\/sites\/17\/2025\/09\/ICM_Educacao_Madre_Barbara_Preferencial_Cores-1024x329-1.png","width":223,"height":223,"caption":"Col\u00e9gio Madre B\u00e1rbara | Rede ICM de Educa\u00e7\u00e3o"},"image":{"@id":"https:\/\/redeicm.org.br\/madrebarbara\/#\/schema\/logo\/image\/"}},{"@type":"Person","@id":"https:\/\/redeicm.org.br\/madrebarbara\/#\/schema\/person\/95080d2ce1280ebf96851bf6ed4956ac","name":"imprensamadrebarbara","image":{"@type":"ImageObject","inLanguage":"pt-BR","@id":"https:\/\/secure.gravatar.com\/avatar\/1654515bf084fc0f6e2293958dac73030c16e689cf8c24180db3653c39135389?s=96&d=mm&r=g","url":"https:\/\/secure.gravatar.com\/avatar\/1654515bf084fc0f6e2293958dac73030c16e689cf8c24180db3653c39135389?s=96&d=mm&r=g","contentUrl":"https:\/\/secure.gravatar.com\/avatar\/1654515bf084fc0f6e2293958dac73030c16e689cf8c24180db3653c39135389?s=96&d=mm&r=g","caption":"imprensamadrebarbara"},"url":"https:\/\/redeicm.org.br\/madrebarbara\/author\/imprensamadrebarbara\/"}]}},"_links":{"self":[{"href":"https:\/\/redeicm.org.br\/madrebarbara\/wp-json\/wp\/v2\/posts\/26631","targetHints":{"allow":["GET"]}}],"collection":[{"href":"https:\/\/redeicm.org.br\/madrebarbara\/wp-json\/wp\/v2\/posts"}],"about":[{"href":"https:\/\/redeicm.org.br\/madrebarbara\/wp-json\/wp\/v2\/types\/post"}],"author":[{"embeddable":true,"href":"https:\/\/redeicm.org.br\/madrebarbara\/wp-json\/wp\/v2\/users\/16"}],"replies":[{"embeddable":true,"href":"https:\/\/redeicm.org.br\/madrebarbara\/wp-json\/wp\/v2\/comments?post=26631"}],"version-history":[{"count":1,"href":"https:\/\/redeicm.org.br\/madrebarbara\/wp-json\/wp\/v2\/posts\/26631\/revisions"}],"predecessor-version":[{"id":26633,"href":"https:\/\/redeicm.org.br\/madrebarbara\/wp-json\/wp\/v2\/posts\/26631\/revisions\/26633"}],"wp:featuredmedia":[{"embeddable":true,"href":"https:\/\/redeicm.org.br\/madrebarbara\/wp-json\/wp\/v2\/media\/26632"}],"wp:attachment":[{"href":"https:\/\/redeicm.org.br\/madrebarbara\/wp-json\/wp\/v2\/media?parent=26631"}],"wp:term":[{"taxonomy":"category","embeddable":true,"href":"https:\/\/redeicm.org.br\/madrebarbara\/wp-json\/wp\/v2\/categories?post=26631"},{"taxonomy":"post_tag","embeddable":true,"href":"https:\/\/redeicm.org.br\/madrebarbara\/wp-json\/wp\/v2\/tags?post=26631"}],"curies":[{"name":"wp","href":"https:\/\/api.w.org\/{rel}","templated":true}]}}