{"id":1750,"date":"2026-08-17T11:34:22","date_gmt":"2026-08-17T14:34:22","guid":{"rendered":"https:\/\/redeicm.org.br\/larsaojose\/?p=1750"},"modified":"2026-08-17T14:52:50","modified_gmt":"2026-08-17T17:52:50","slug":"reuniao-mensal-de-colaboradores","status":"publish","type":"post","link":"https:\/\/redeicm.org.br\/larsaojose\/reuniao-mensal-de-colaboradores\/","title":{"rendered":"Reuni\u00e3o mensal de Colaboradores"},"content":{"rendered":"\t\t<div data-elementor-type=\"wp-post\" data-elementor-id=\"1750\" class=\"elementor elementor-1750\" data-elementor-post-type=\"post\">\n\t\t\t\t<div class=\"elementor-element elementor-element-5a7759c6 e-flex e-con-boxed e-con e-parent\" data-id=\"5a7759c6\" data-element_type=\"container\" data-e-type=\"container\">\n\t\t\t\t\t<div class=\"e-con-inner\">\n\t\t\t\t<div class=\"elementor-element elementor-element-5bc755e1 elementor-widget elementor-widget-text-editor\" data-id=\"5bc755e1\" data-element_type=\"widget\" data-e-type=\"widget\" data-widget_type=\"text-editor.default\">\n\t\t\t\t<div class=\"elementor-widget-container\">\n\t\t\t\t\t\t\t\t\t<div class=\"xdj266r x14z9mp xat24cr x1lziwak x1vvkbs x126k92a\">\n<div dir=\"auto\"><span class=\"html-span xexx8yu xyri2b x18d9i69 x1c1uobl x1hl2dhg x16tdsg8 x1vvkbs x3nfvp2 x1j61x8r x1fcty0u xdj266r xat24cr xm2jcoa x1mpyi22 xxymvpz xlup9mm x1kky2od\"><img decoding=\"async\" class=\"xz74otr x15mokao x1ga7v0g x16uus16 xbiv7yw\" src=\"https:\/\/static.xx.fbcdn.net\/images\/emoji.php\/v9\/tac\/1\/16\/1f4cc.png\" alt=\"\ud83d\udccc\" width=\"16\" height=\"16\"><\/span> No dia 10.08 , segunda-feira, aconteceu a reuni\u00e3o mensal dos funcion\u00e1rios do Lar S\u00e3o Jos\u00e9, um momento de di\u00e1logo, reflex\u00e3o e fortalecimento da equipe.<\/div>\n<\/div>\n<div class=\"x14z9mp xat24cr x1lziwak x1vvkbs xtlvy1s x126k92a\">\n<div dir=\"auto\">A diretora iniciou o encontro realizando acolhida com uma reflex\u00e3o e, na sequ\u00eancia, trouxe os assuntos relacionados ao cotidiano do trabalho, proporcionando um espa\u00e7o troca e alinhamento com a equipe.<\/div><div dir=\"auto\"><br><\/div>\n<div dir=\"auto\"><img fetchpriority=\"high\" decoding=\"async\" class=\"alignnone size-medium wp-image-1755\" src=\"https:\/\/redeicm.org.br\/larsaojose\/wp-content\/uploads\/sites\/16\/2026\/08\/IMG_20260810_111513-300x225.jpeg\" alt=\"\" width=\"300\" height=\"225\" srcset=\"https:\/\/redeicm.org.br\/larsaojose\/wp-content\/uploads\/sites\/16\/2026\/08\/IMG_20260810_111513-300x225.jpeg 300w, https:\/\/redeicm.org.br\/larsaojose\/wp-content\/uploads\/sites\/16\/2026\/08\/IMG_20260810_111513-1024x768.jpeg 1024w, https:\/\/redeicm.org.br\/larsaojose\/wp-content\/uploads\/sites\/16\/2026\/08\/IMG_20260810_111513-768x576.jpeg 768w, https:\/\/redeicm.org.br\/larsaojose\/wp-content\/uploads\/sites\/16\/2026\/08\/IMG_20260810_111513-1536x1152.jpeg 1536w, https:\/\/redeicm.org.br\/larsaojose\/wp-content\/uploads\/sites\/16\/2026\/08\/IMG_20260810_111513.jpeg 1600w\" sizes=\"(max-width: 300px) 100vw, 300px\" \/> <img decoding=\"async\" class=\"alignnone size-medium wp-image-1756\" src=\"https:\/\/redeicm.org.br\/larsaojose\/wp-content\/uploads\/sites\/16\/2026\/08\/IMG_20260810_112907-300x225.jpeg\" alt=\"\" width=\"300\" height=\"225\" srcset=\"https:\/\/redeicm.org.br\/larsaojose\/wp-content\/uploads\/sites\/16\/2026\/08\/IMG_20260810_112907-300x225.jpeg 300w, https:\/\/redeicm.org.br\/larsaojose\/wp-content\/uploads\/sites\/16\/2026\/08\/IMG_20260810_112907-1024x768.jpeg 1024w, https:\/\/redeicm.org.br\/larsaojose\/wp-content\/uploads\/sites\/16\/2026\/08\/IMG_20260810_112907-768x576.jpeg 768w, https:\/\/redeicm.org.br\/larsaojose\/wp-content\/uploads\/sites\/16\/2026\/08\/IMG_20260810_112907-1536x1152.jpeg 1536w, https:\/\/redeicm.org.br\/larsaojose\/wp-content\/uploads\/sites\/16\/2026\/08\/IMG_20260810_112907.jpeg 1600w\" sizes=\"(max-width: 300px) 100vw, 300px\" \/><\/div>\n<\/div>\n<div class=\"x14z9mp xat24cr x1lziwak x1vvkbs xtlvy1s x126k92a\">\n<div dir=\"auto\"><br><\/div><div dir=\"auto\">Dando continuidade, a Assistente Social conduziu um momento especial sobre o Agosto Lil\u00e1s, m\u00eas de conscientiza\u00e7\u00e3o e preven\u00e7\u00e3o da viol\u00eancia contra a mulher. Foi um espa\u00e7o de acolhimento e informa\u00e7\u00e3o, com orienta\u00e7\u00f5es sobre respeito, direitos, tipos de viol\u00eancia, leis de prote\u00e7\u00e3o e a import\u00e2ncia da rede de apoio, incluindo os contatos dos servi\u00e7os dispon\u00edveis.<\/div><div dir=\"auto\"><br><\/div><div dir=\"auto\">Na sequ\u00eancia, a psic\u00f3loga conduziu um momento de reflex\u00e3o a partir da leitura de um texto sobre viol\u00eancia psicol\u00f3gica, seguido de uma din\u00e2mica que possibilitou \u00e0 equipe pensar, dialogar e refletir sobre o tema.<\/div>\n<\/div>\n<div class=\"x14z9mp xat24cr x1lziwak x1vvkbs xtlvy1s x126k92a\">\n<div dir=\"auto\">Para finalizar, a equipe recebeu um mimo preparado com carinho, como forma de tornar esse momento ainda mais especial.Entendemos que cuidar tamb\u00e9m \u00e9 acolher, escutar, informar, refletir e fortalecer as pessoas.<\/div><div dir=\"auto\"><br><\/div>\n<div dir=\"auto\"><img loading=\"lazy\" decoding=\"async\" class=\"alignnone size-medium wp-image-1754\" src=\"https:\/\/redeicm.org.br\/larsaojose\/wp-content\/uploads\/sites\/16\/2026\/08\/IMG_20260810_110533-225x300.jpeg\" alt=\"\" width=\"225\" height=\"300\" srcset=\"https:\/\/redeicm.org.br\/larsaojose\/wp-content\/uploads\/sites\/16\/2026\/08\/IMG_20260810_110533-225x300.jpeg 225w, https:\/\/redeicm.org.br\/larsaojose\/wp-content\/uploads\/sites\/16\/2026\/08\/IMG_20260810_110533-768x1024.jpeg 768w, https:\/\/redeicm.org.br\/larsaojose\/wp-content\/uploads\/sites\/16\/2026\/08\/IMG_20260810_110533-1152x1536.jpeg 1152w, https:\/\/redeicm.org.br\/larsaojose\/wp-content\/uploads\/sites\/16\/2026\/08\/IMG_20260810_110533.jpeg 1200w\" sizes=\"(max-width: 225px) 100vw, 225px\" \/><img loading=\"lazy\" decoding=\"async\" class=\"alignnone size-medium wp-image-1753\" src=\"https:\/\/redeicm.org.br\/larsaojose\/wp-content\/uploads\/sites\/16\/2026\/08\/IMG_20260810_084045-225x300.jpeg\" alt=\"\" width=\"225\" height=\"300\" srcset=\"https:\/\/redeicm.org.br\/larsaojose\/wp-content\/uploads\/sites\/16\/2026\/08\/IMG_20260810_084045-225x300.jpeg 225w, https:\/\/redeicm.org.br\/larsaojose\/wp-content\/uploads\/sites\/16\/2026\/08\/IMG_20260810_084045-768x1024.jpeg 768w, https:\/\/redeicm.org.br\/larsaojose\/wp-content\/uploads\/sites\/16\/2026\/08\/IMG_20260810_084045-1152x1536.jpeg 1152w, https:\/\/redeicm.org.br\/larsaojose\/wp-content\/uploads\/sites\/16\/2026\/08\/IMG_20260810_084045.jpeg 1200w\" sizes=\"(max-width: 225px) 100vw, 225px\" \/><img loading=\"lazy\" decoding=\"async\" class=\"alignnone size-medium wp-image-1751\" src=\"https:\/\/redeicm.org.br\/larsaojose\/wp-content\/uploads\/sites\/16\/2026\/08\/IMG_20260810_080958-225x300.jpeg\" alt=\"\" width=\"225\" height=\"300\" srcset=\"https:\/\/redeicm.org.br\/larsaojose\/wp-content\/uploads\/sites\/16\/2026\/08\/IMG_20260810_080958-225x300.jpeg 225w, https:\/\/redeicm.org.br\/larsaojose\/wp-content\/uploads\/sites\/16\/2026\/08\/IMG_20260810_080958-768x1024.jpeg 768w, https:\/\/redeicm.org.br\/larsaojose\/wp-content\/uploads\/sites\/16\/2026\/08\/IMG_20260810_080958-1152x1536.jpeg 1152w, https:\/\/redeicm.org.br\/larsaojose\/wp-content\/uploads\/sites\/16\/2026\/08\/IMG_20260810_080958.jpeg 1200w\" sizes=\"(max-width: 225px) 100vw, 225px\" \/><\/div>\n<\/div>\n<div class=\"x14z9mp xat24cr x1lziwak x1vvkbs xtlvy1s x126k92a\">\n<div dir=\"auto\"><br><\/div><div dir=\"auto\">Na parte da tarde, os educadores e participaram da Forma\u00e7\u00e3o Continuada das institui\u00e7\u00f5es socioassistenciais da Rede ICM, com o tema \u201c Tipos de viol\u00eancia: Estrat\u00e9gias de manejo no dia a dia da prote\u00e7\u00e3o social b\u00e1sica\u201d<\/div><div dir=\"auto\"><br><\/div>\n<div dir=\"auto\"><img loading=\"lazy\" decoding=\"async\" class=\"alignnone wp-image-1764\" src=\"https:\/\/redeicm.org.br\/larsaojose\/wp-content\/uploads\/sites\/16\/2026\/08\/WhatsApp-Image-2026-08-11-at-15.16.37-300x190.jpeg\" alt=\"\" width=\"243\" height=\"154\" srcset=\"https:\/\/redeicm.org.br\/larsaojose\/wp-content\/uploads\/sites\/16\/2026\/08\/WhatsApp-Image-2026-08-11-at-15.16.37-300x190.jpeg 300w, https:\/\/redeicm.org.br\/larsaojose\/wp-content\/uploads\/sites\/16\/2026\/08\/WhatsApp-Image-2026-08-11-at-15.16.37.jpeg 715w\" sizes=\"(max-width: 243px) 100vw, 243px\" \/>&nbsp; &nbsp;<img loading=\"lazy\" decoding=\"async\" class=\"alignnone wp-image-1765\" src=\"https:\/\/redeicm.org.br\/larsaojose\/wp-content\/uploads\/sites\/16\/2026\/08\/image-58-300x132.png\" alt=\"\" width=\"349\" height=\"153\" srcset=\"https:\/\/redeicm.org.br\/larsaojose\/wp-content\/uploads\/sites\/16\/2026\/08\/image-58-300x132.png 300w, https:\/\/redeicm.org.br\/larsaojose\/wp-content\/uploads\/sites\/16\/2026\/08\/image-58-1024x452.png 1024w, https:\/\/redeicm.org.br\/larsaojose\/wp-content\/uploads\/sites\/16\/2026\/08\/image-58-768x339.png 768w, https:\/\/redeicm.org.br\/larsaojose\/wp-content\/uploads\/sites\/16\/2026\/08\/image-58-1536x678.png 1536w, https:\/\/redeicm.org.br\/larsaojose\/wp-content\/uploads\/sites\/16\/2026\/08\/image-58.png 1600w\" sizes=\"(max-width: 349px) 100vw, 349px\" \/><\/div>\n<\/div>\t\t\t\t\t\t\t\t<\/div>\n\t\t\t\t<\/div>\n\t\t\t\t\t<\/div>\n\t\t\t\t<\/div>\n\t\t\t\t<\/div>\n\t\t","protected":false},"excerpt":{"rendered":"<p>No dia 10.08 , segunda-feira, aconteceu a reuni\u00e3o mensal dos funcion\u00e1rios do Lar S\u00e3o Jos\u00e9, um momento de di\u00e1logo, reflex\u00e3o e fortalecimento da equipe. A diretora iniciou o encontro realizando acolhida com uma reflex\u00e3o e, na sequ\u00eancia, trouxe os assuntos relacionados ao cotidiano do trabalho, proporcionando um espa\u00e7o troca e alinhamento com a equipe. Dando [&hellip;]<\/p>\n","protected":false},"author":34,"featured_media":1756,"comment_status":"open","ping_status":"open","sticky":false,"template":"","format":"standard","meta":{"_acf_changed":false,"footnotes":""},"categories":[1],"tags":[],"class_list":["post-1750","post","type-post","status-publish","format-standard","has-post-thumbnail","hentry","category-sem-categoria"],"acf":[],"yoast_head":"<!-- This site is optimized with the Yoast SEO plugin v27.8 - https:\/\/yoast.com\/product\/yoast-seo-wordpress\/ -->\n<title>Reuni\u00e3o mensal de Colaboradores - Lar S\u00e3o Jos\u00e9 | Rede ICM de Educa\u00e7\u00e3o e Assist\u00eancia Social<\/title>\n<meta name=\"robots\" content=\"index, follow, max-snippet:-1, max-image-preview:large, max-video-preview:-1\" \/>\n<link rel=\"canonical\" href=\"https:\/\/redeicm.org.br\/larsaojose\/reuniao-mensal-de-colaboradores\/\" \/>\n<meta property=\"og:locale\" content=\"pt_BR\" \/>\n<meta property=\"og:type\" content=\"article\" \/>\n<meta property=\"og:title\" content=\"Reuni\u00e3o mensal de Colaboradores - Lar S\u00e3o Jos\u00e9 | Rede ICM de Educa\u00e7\u00e3o e Assist\u00eancia Social\" \/>\n<meta property=\"og:description\" content=\"No dia 10.08 , segunda-feira, aconteceu a reuni\u00e3o mensal dos funcion\u00e1rios do Lar S\u00e3o Jos\u00e9, um momento de di\u00e1logo, reflex\u00e3o e fortalecimento da equipe. A diretora iniciou o encontro realizando acolhida com uma reflex\u00e3o e, na sequ\u00eancia, trouxe os assuntos relacionados ao cotidiano do trabalho, proporcionando um espa\u00e7o troca e alinhamento com a equipe. Dando [&hellip;]\" \/>\n<meta property=\"og:url\" content=\"https:\/\/redeicm.org.br\/larsaojose\/reuniao-mensal-de-colaboradores\/\" \/>\n<meta property=\"og:site_name\" content=\"Lar S\u00e3o Jos\u00e9 | Rede ICM de Educa\u00e7\u00e3o e Assist\u00eancia Social\" \/>\n<meta property=\"article:published_time\" content=\"2026-08-17T14:34:22+00:00\" \/>\n<meta property=\"article:modified_time\" content=\"2026-08-17T17:52:50+00:00\" \/>\n<meta property=\"og:image\" content=\"https:\/\/redeicm.org.br\/larsaojose\/wp-content\/uploads\/sites\/16\/2026\/08\/IMG_20260810_112907.jpeg\" \/>\n\t<meta property=\"og:image:width\" content=\"1600\" \/>\n\t<meta property=\"og:image:height\" content=\"1200\" \/>\n\t<meta property=\"og:image:type\" content=\"image\/jpeg\" \/>\n<meta name=\"author\" content=\"nathalinrodrigues\" \/>\n<meta name=\"twitter:card\" content=\"summary_large_image\" \/>\n<meta name=\"twitter:label1\" content=\"Escrito por\" \/>\n\t<meta name=\"twitter:data1\" content=\"nathalinrodrigues\" \/>\n\t<meta name=\"twitter:label2\" content=\"Est. tempo de leitura\" \/>\n\t<meta name=\"twitter:data2\" content=\"3 minutos\" \/>\n<script type=\"application\/ld+json\" class=\"yoast-schema-graph\">{\"@context\":\"https:\\\/\\\/schema.org\",\"@graph\":[{\"@type\":\"Article\",\"@id\":\"https:\\\/\\\/redeicm.org.br\\\/larsaojose\\\/reuniao-mensal-de-colaboradores\\\/#article\",\"isPartOf\":{\"@id\":\"https:\\\/\\\/redeicm.org.br\\\/larsaojose\\\/reuniao-mensal-de-colaboradores\\\/\"},\"author\":{\"name\":\"nathalinrodrigues\",\"@id\":\"https:\\\/\\\/redeicm.org.br\\\/larsaojose\\\/#\\\/schema\\\/person\\\/ce3568f5bcd334405d2509796924799b\"},\"headline\":\"Reuni\u00e3o mensal de Colaboradores\",\"datePublished\":\"2026-08-17T14:34:22+00:00\",\"dateModified\":\"2026-08-17T17:52:50+00:00\",\"mainEntityOfPage\":{\"@id\":\"https:\\\/\\\/redeicm.org.br\\\/larsaojose\\\/reuniao-mensal-de-colaboradores\\\/\"},\"wordCount\":245,\"commentCount\":0,\"publisher\":{\"@id\":\"https:\\\/\\\/redeicm.org.br\\\/larsaojose\\\/#organization\"},\"image\":{\"@id\":\"https:\\\/\\\/redeicm.org.br\\\/larsaojose\\\/reuniao-mensal-de-colaboradores\\\/#primaryimage\"},\"thumbnailUrl\":\"https:\\\/\\\/redeicm.org.br\\\/larsaojose\\\/wp-content\\\/uploads\\\/sites\\\/16\\\/2026\\\/08\\\/IMG_20260810_112907.jpeg\",\"inLanguage\":\"pt-BR\",\"potentialAction\":[{\"@type\":\"CommentAction\",\"name\":\"Comment\",\"target\":[\"https:\\\/\\\/redeicm.org.br\\\/larsaojose\\\/reuniao-mensal-de-colaboradores\\\/#respond\"]}]},{\"@type\":\"WebPage\",\"@id\":\"https:\\\/\\\/redeicm.org.br\\\/larsaojose\\\/reuniao-mensal-de-colaboradores\\\/\",\"url\":\"https:\\\/\\\/redeicm.org.br\\\/larsaojose\\\/reuniao-mensal-de-colaboradores\\\/\",\"name\":\"Reuni\u00e3o mensal de Colaboradores - Lar S\u00e3o Jos\u00e9 | Rede ICM de Educa\u00e7\u00e3o e Assist\u00eancia Social\",\"isPartOf\":{\"@id\":\"https:\\\/\\\/redeicm.org.br\\\/larsaojose\\\/#website\"},\"primaryImageOfPage\":{\"@id\":\"https:\\\/\\\/redeicm.org.br\\\/larsaojose\\\/reuniao-mensal-de-colaboradores\\\/#primaryimage\"},\"image\":{\"@id\":\"https:\\\/\\\/redeicm.org.br\\\/larsaojose\\\/reuniao-mensal-de-colaboradores\\\/#primaryimage\"},\"thumbnailUrl\":\"https:\\\/\\\/redeicm.org.br\\\/larsaojose\\\/wp-content\\\/uploads\\\/sites\\\/16\\\/2026\\\/08\\\/IMG_20260810_112907.jpeg\",\"datePublished\":\"2026-08-17T14:34:22+00:00\",\"dateModified\":\"2026-08-17T17:52:50+00:00\",\"breadcrumb\":{\"@id\":\"https:\\\/\\\/redeicm.org.br\\\/larsaojose\\\/reuniao-mensal-de-colaboradores\\\/#breadcrumb\"},\"inLanguage\":\"pt-BR\",\"potentialAction\":[{\"@type\":\"ReadAction\",\"target\":[\"https:\\\/\\\/redeicm.org.br\\\/larsaojose\\\/reuniao-mensal-de-colaboradores\\\/\"]}]},{\"@type\":\"ImageObject\",\"inLanguage\":\"pt-BR\",\"@id\":\"https:\\\/\\\/redeicm.org.br\\\/larsaojose\\\/reuniao-mensal-de-colaboradores\\\/#primaryimage\",\"url\":\"https:\\\/\\\/redeicm.org.br\\\/larsaojose\\\/wp-content\\\/uploads\\\/sites\\\/16\\\/2026\\\/08\\\/IMG_20260810_112907.jpeg\",\"contentUrl\":\"https:\\\/\\\/redeicm.org.br\\\/larsaojose\\\/wp-content\\\/uploads\\\/sites\\\/16\\\/2026\\\/08\\\/IMG_20260810_112907.jpeg\",\"width\":1600,\"height\":1200},{\"@type\":\"BreadcrumbList\",\"@id\":\"https:\\\/\\\/redeicm.org.br\\\/larsaojose\\\/reuniao-mensal-de-colaboradores\\\/#breadcrumb\",\"itemListElement\":[{\"@type\":\"ListItem\",\"position\":1,\"name\":\"In\u00edcio\",\"item\":\"https:\\\/\\\/redeicm.org.br\\\/larsaojose\\\/\"},{\"@type\":\"ListItem\",\"position\":2,\"name\":\"Reuni\u00e3o mensal de Colaboradores\"}]},{\"@type\":\"WebSite\",\"@id\":\"https:\\\/\\\/redeicm.org.br\\\/larsaojose\\\/#website\",\"url\":\"https:\\\/\\\/redeicm.org.br\\\/larsaojose\\\/\",\"name\":\"Lar S\u00e3o Jos\u00e9 | Rede ICM de Educa\u00e7\u00e3o e Assist\u00eancia Social\",\"description\":\"\",\"publisher\":{\"@id\":\"https:\\\/\\\/redeicm.org.br\\\/larsaojose\\\/#organization\"},\"potentialAction\":[{\"@type\":\"SearchAction\",\"target\":{\"@type\":\"EntryPoint\",\"urlTemplate\":\"https:\\\/\\\/redeicm.org.br\\\/larsaojose\\\/?s={search_term_string}\"},\"query-input\":{\"@type\":\"PropertyValueSpecification\",\"valueRequired\":true,\"valueName\":\"search_term_string\"}}],\"inLanguage\":\"pt-BR\"},{\"@type\":\"Organization\",\"@id\":\"https:\\\/\\\/redeicm.org.br\\\/larsaojose\\\/#organization\",\"name\":\"Lar S\u00e3o Jos\u00e9 | Rede ICM de Educa\u00e7\u00e3o e Assist\u00eancia Social\",\"url\":\"https:\\\/\\\/redeicm.org.br\\\/larsaojose\\\/\",\"logo\":{\"@type\":\"ImageObject\",\"inLanguage\":\"pt-BR\",\"@id\":\"https:\\\/\\\/redeicm.org.br\\\/larsaojose\\\/#\\\/schema\\\/logo\\\/image\\\/\",\"url\":\"https:\\\/\\\/redeicm.org.br\\\/larsaojose\\\/wp-content\\\/uploads\\\/sites\\\/16\\\/2024\\\/08\\\/ICM_Socio_SaoJose_versoes_preferencial-1024x426-1.png\",\"contentUrl\":\"https:\\\/\\\/redeicm.org.br\\\/larsaojose\\\/wp-content\\\/uploads\\\/sites\\\/16\\\/2024\\\/08\\\/ICM_Socio_SaoJose_versoes_preferencial-1024x426-1.png\",\"width\":1024,\"height\":426,\"caption\":\"Lar S\u00e3o Jos\u00e9 | Rede ICM de Educa\u00e7\u00e3o e Assist\u00eancia Social\"},\"image\":{\"@id\":\"https:\\\/\\\/redeicm.org.br\\\/larsaojose\\\/#\\\/schema\\\/logo\\\/image\\\/\"}},{\"@type\":\"Person\",\"@id\":\"https:\\\/\\\/redeicm.org.br\\\/larsaojose\\\/#\\\/schema\\\/person\\\/ce3568f5bcd334405d2509796924799b\",\"name\":\"nathalinrodrigues\",\"image\":{\"@type\":\"ImageObject\",\"inLanguage\":\"pt-BR\",\"@id\":\"https:\\\/\\\/secure.gravatar.com\\\/avatar\\\/26a81508927f591ba45ceb1bcd4799171646a3dc65fa5aa3b79901e3a2922940?s=96&d=mm&r=g\",\"url\":\"https:\\\/\\\/secure.gravatar.com\\\/avatar\\\/26a81508927f591ba45ceb1bcd4799171646a3dc65fa5aa3b79901e3a2922940?s=96&d=mm&r=g\",\"contentUrl\":\"https:\\\/\\\/secure.gravatar.com\\\/avatar\\\/26a81508927f591ba45ceb1bcd4799171646a3dc65fa5aa3b79901e3a2922940?s=96&d=mm&r=g\",\"caption\":\"nathalinrodrigues\"},\"url\":\"https:\\\/\\\/redeicm.org.br\\\/larsaojose\\\/author\\\/nathalinrodrigues\\\/\"}]}<\/script>\n<!-- \/ Yoast SEO plugin. -->","yoast_head_json":{"title":"Reuni\u00e3o mensal de Colaboradores - Lar S\u00e3o Jos\u00e9 | Rede ICM de Educa\u00e7\u00e3o e Assist\u00eancia Social","robots":{"index":"index","follow":"follow","max-snippet":"max-snippet:-1","max-image-preview":"max-image-preview:large","max-video-preview":"max-video-preview:-1"},"canonical":"https:\/\/redeicm.org.br\/larsaojose\/reuniao-mensal-de-colaboradores\/","og_locale":"pt_BR","og_type":"article","og_title":"Reuni\u00e3o mensal de Colaboradores - Lar S\u00e3o Jos\u00e9 | Rede ICM de Educa\u00e7\u00e3o e Assist\u00eancia Social","og_description":"No dia 10.08 , segunda-feira, aconteceu a reuni\u00e3o mensal dos funcion\u00e1rios do Lar S\u00e3o Jos\u00e9, um momento de di\u00e1logo, reflex\u00e3o e fortalecimento da equipe. A diretora iniciou o encontro realizando acolhida com uma reflex\u00e3o e, na sequ\u00eancia, trouxe os assuntos relacionados ao cotidiano do trabalho, proporcionando um espa\u00e7o troca e alinhamento com a equipe. Dando [&hellip;]","og_url":"https:\/\/redeicm.org.br\/larsaojose\/reuniao-mensal-de-colaboradores\/","og_site_name":"Lar S\u00e3o Jos\u00e9 | Rede ICM de Educa\u00e7\u00e3o e Assist\u00eancia Social","article_published_time":"2026-08-17T14:34:22+00:00","article_modified_time":"2026-08-17T17:52:50+00:00","og_image":[{"width":1600,"height":1200,"url":"https:\/\/redeicm.org.br\/larsaojose\/wp-content\/uploads\/sites\/16\/2026\/08\/IMG_20260810_112907.jpeg","type":"image\/jpeg"}],"author":"nathalinrodrigues","twitter_card":"summary_large_image","twitter_misc":{"Escrito por":"nathalinrodrigues","Est. tempo de leitura":"3 minutos"},"schema":{"@context":"https:\/\/schema.org","@graph":[{"@type":"Article","@id":"https:\/\/redeicm.org.br\/larsaojose\/reuniao-mensal-de-colaboradores\/#article","isPartOf":{"@id":"https:\/\/redeicm.org.br\/larsaojose\/reuniao-mensal-de-colaboradores\/"},"author":{"name":"nathalinrodrigues","@id":"https:\/\/redeicm.org.br\/larsaojose\/#\/schema\/person\/ce3568f5bcd334405d2509796924799b"},"headline":"Reuni\u00e3o mensal de Colaboradores","datePublished":"2026-08-17T14:34:22+00:00","dateModified":"2026-08-17T17:52:50+00:00","mainEntityOfPage":{"@id":"https:\/\/redeicm.org.br\/larsaojose\/reuniao-mensal-de-colaboradores\/"},"wordCount":245,"commentCount":0,"publisher":{"@id":"https:\/\/redeicm.org.br\/larsaojose\/#organization"},"image":{"@id":"https:\/\/redeicm.org.br\/larsaojose\/reuniao-mensal-de-colaboradores\/#primaryimage"},"thumbnailUrl":"https:\/\/redeicm.org.br\/larsaojose\/wp-content\/uploads\/sites\/16\/2026\/08\/IMG_20260810_112907.jpeg","inLanguage":"pt-BR","potentialAction":[{"@type":"CommentAction","name":"Comment","target":["https:\/\/redeicm.org.br\/larsaojose\/reuniao-mensal-de-colaboradores\/#respond"]}]},{"@type":"WebPage","@id":"https:\/\/redeicm.org.br\/larsaojose\/reuniao-mensal-de-colaboradores\/","url":"https:\/\/redeicm.org.br\/larsaojose\/reuniao-mensal-de-colaboradores\/","name":"Reuni\u00e3o mensal de Colaboradores - Lar S\u00e3o Jos\u00e9 | Rede ICM de Educa\u00e7\u00e3o e Assist\u00eancia Social","isPartOf":{"@id":"https:\/\/redeicm.org.br\/larsaojose\/#website"},"primaryImageOfPage":{"@id":"https:\/\/redeicm.org.br\/larsaojose\/reuniao-mensal-de-colaboradores\/#primaryimage"},"image":{"@id":"https:\/\/redeicm.org.br\/larsaojose\/reuniao-mensal-de-colaboradores\/#primaryimage"},"thumbnailUrl":"https:\/\/redeicm.org.br\/larsaojose\/wp-content\/uploads\/sites\/16\/2026\/08\/IMG_20260810_112907.jpeg","datePublished":"2026-08-17T14:34:22+00:00","dateModified":"2026-08-17T17:52:50+00:00","breadcrumb":{"@id":"https:\/\/redeicm.org.br\/larsaojose\/reuniao-mensal-de-colaboradores\/#breadcrumb"},"inLanguage":"pt-BR","potentialAction":[{"@type":"ReadAction","target":["https:\/\/redeicm.org.br\/larsaojose\/reuniao-mensal-de-colaboradores\/"]}]},{"@type":"ImageObject","inLanguage":"pt-BR","@id":"https:\/\/redeicm.org.br\/larsaojose\/reuniao-mensal-de-colaboradores\/#primaryimage","url":"https:\/\/redeicm.org.br\/larsaojose\/wp-content\/uploads\/sites\/16\/2026\/08\/IMG_20260810_112907.jpeg","contentUrl":"https:\/\/redeicm.org.br\/larsaojose\/wp-content\/uploads\/sites\/16\/2026\/08\/IMG_20260810_112907.jpeg","width":1600,"height":1200},{"@type":"BreadcrumbList","@id":"https:\/\/redeicm.org.br\/larsaojose\/reuniao-mensal-de-colaboradores\/#breadcrumb","itemListElement":[{"@type":"ListItem","position":1,"name":"In\u00edcio","item":"https:\/\/redeicm.org.br\/larsaojose\/"},{"@type":"ListItem","position":2,"name":"Reuni\u00e3o mensal de Colaboradores"}]},{"@type":"WebSite","@id":"https:\/\/redeicm.org.br\/larsaojose\/#website","url":"https:\/\/redeicm.org.br\/larsaojose\/","name":"Lar S\u00e3o Jos\u00e9 | Rede ICM de Educa\u00e7\u00e3o e Assist\u00eancia Social","description":"","publisher":{"@id":"https:\/\/redeicm.org.br\/larsaojose\/#organization"},"potentialAction":[{"@type":"SearchAction","target":{"@type":"EntryPoint","urlTemplate":"https:\/\/redeicm.org.br\/larsaojose\/?s={search_term_string}"},"query-input":{"@type":"PropertyValueSpecification","valueRequired":true,"valueName":"search_term_string"}}],"inLanguage":"pt-BR"},{"@type":"Organization","@id":"https:\/\/redeicm.org.br\/larsaojose\/#organization","name":"Lar S\u00e3o Jos\u00e9 | Rede ICM de Educa\u00e7\u00e3o e Assist\u00eancia Social","url":"https:\/\/redeicm.org.br\/larsaojose\/","logo":{"@type":"ImageObject","inLanguage":"pt-BR","@id":"https:\/\/redeicm.org.br\/larsaojose\/#\/schema\/logo\/image\/","url":"https:\/\/redeicm.org.br\/larsaojose\/wp-content\/uploads\/sites\/16\/2024\/08\/ICM_Socio_SaoJose_versoes_preferencial-1024x426-1.png","contentUrl":"https:\/\/redeicm.org.br\/larsaojose\/wp-content\/uploads\/sites\/16\/2024\/08\/ICM_Socio_SaoJose_versoes_preferencial-1024x426-1.png","width":1024,"height":426,"caption":"Lar S\u00e3o Jos\u00e9 | Rede ICM de Educa\u00e7\u00e3o e Assist\u00eancia Social"},"image":{"@id":"https:\/\/redeicm.org.br\/larsaojose\/#\/schema\/logo\/image\/"}},{"@type":"Person","@id":"https:\/\/redeicm.org.br\/larsaojose\/#\/schema\/person\/ce3568f5bcd334405d2509796924799b","name":"nathalinrodrigues","image":{"@type":"ImageObject","inLanguage":"pt-BR","@id":"https:\/\/secure.gravatar.com\/avatar\/26a81508927f591ba45ceb1bcd4799171646a3dc65fa5aa3b79901e3a2922940?s=96&d=mm&r=g","url":"https:\/\/secure.gravatar.com\/avatar\/26a81508927f591ba45ceb1bcd4799171646a3dc65fa5aa3b79901e3a2922940?s=96&d=mm&r=g","contentUrl":"https:\/\/secure.gravatar.com\/avatar\/26a81508927f591ba45ceb1bcd4799171646a3dc65fa5aa3b79901e3a2922940?s=96&d=mm&r=g","caption":"nathalinrodrigues"},"url":"https:\/\/redeicm.org.br\/larsaojose\/author\/nathalinrodrigues\/"}]}},"_links":{"self":[{"href":"https:\/\/redeicm.org.br\/larsaojose\/wp-json\/wp\/v2\/posts\/1750","targetHints":{"allow":["GET"]}}],"collection":[{"href":"https:\/\/redeicm.org.br\/larsaojose\/wp-json\/wp\/v2\/posts"}],"about":[{"href":"https:\/\/redeicm.org.br\/larsaojose\/wp-json\/wp\/v2\/types\/post"}],"author":[{"embeddable":true,"href":"https:\/\/redeicm.org.br\/larsaojose\/wp-json\/wp\/v2\/users\/34"}],"replies":[{"embeddable":true,"href":"https:\/\/redeicm.org.br\/larsaojose\/wp-json\/wp\/v2\/comments?post=1750"}],"version-history":[{"count":6,"href":"https:\/\/redeicm.org.br\/larsaojose\/wp-json\/wp\/v2\/posts\/1750\/revisions"}],"predecessor-version":[{"id":1768,"href":"https:\/\/redeicm.org.br\/larsaojose\/wp-json\/wp\/v2\/posts\/1750\/revisions\/1768"}],"wp:featuredmedia":[{"embeddable":true,"href":"https:\/\/redeicm.org.br\/larsaojose\/wp-json\/wp\/v2\/media\/1756"}],"wp:attachment":[{"href":"https:\/\/redeicm.org.br\/larsaojose\/wp-json\/wp\/v2\/media?parent=1750"}],"wp:term":[{"taxonomy":"category","embeddable":true,"href":"https:\/\/redeicm.org.br\/larsaojose\/wp-json\/wp\/v2\/categories?post=1750"},{"taxonomy":"post_tag","embeddable":true,"href":"https:\/\/redeicm.org.br\/larsaojose\/wp-json\/wp\/v2\/tags?post=1750"}],"curies":[{"name":"wp","href":"https:\/\/api.w.org\/{rel}","templated":true}]}}