{"id":1843,"date":"2026-08-28T11:14:30","date_gmt":"2026-08-28T14:14:30","guid":{"rendered":"https:\/\/redeicm.org.br\/institutocoracaodemaria\/?p=1843"},"modified":"2026-08-28T11:14:30","modified_gmt":"2026-08-28T14:14:30","slug":"vocacao-chamado-para-servir","status":"publish","type":"post","link":"https:\/\/redeicm.org.br\/institutocoracaodemaria\/vocacao-chamado-para-servir\/","title":{"rendered":"VOCA\u00c7\u00c3O  CHAMADO PARA SERVIR!"},"content":{"rendered":"<p>Agosto \u2013 M\u00eas Vocacional.<\/p>\n<p>Meados do m\u00eas de agosto de 2026, a Unidade do Servi\u00e7o Socioassistencial &#8211; Rede ICM, do Instituto Imaculado Cora\u00e7\u00e3o de Maria, trabalhou as voca\u00e7\u00f5es com as crian\u00e7as e adolescentes de ambos turnos. As educadoras referenciais Claudia e Tamiris conduziram o tema pela manh\u00e3 com os grupos Esperan\u00e7a e F\u00e9 e tarde com os grupos Paz e Caridade, por meio de slides e reflex\u00f5es. O estudo foi definido pela gestora da pastoral &#8211; Irm\u00e3 Arlete Parizi, a din\u00e2mica promoveu compreens\u00e3o sobre a diversidade vocacional. Logo pela tarde reproduziram os temas, sob din\u00e2mica da coordenadora pedag\u00f3gica com os grupos: amor; fortaleza e perd\u00e3o.<\/p>\n<p>As voca\u00e7\u00f5es s\u00e3o: sacerd\u00f3cio, religiosa consagrada, matrimonial e leiga\/o, todas fundamentadas no chamado \u00e0 vida. As dinamizadoras elencaram a import\u00e2ncia dos valores humanos; escolhas e servi\u00e7o. Por meio da decis\u00e3o assertiva tornamo-nos adultos realizados, felizes e capazes de conduzir a vida pessoal quanto se preciso a de outrem com perspic\u00e1cia.<\/p>\n<p>Por meio de dons identificamos aptid\u00f5es e predisposi\u00e7\u00f5es, enquanto voca\u00e7\u00e3o \u00e9 um chamado interno. E no exemplo de miss\u00e3o, amor e chamado temos o maior deles, a predestina\u00e7\u00e3o a miss\u00e3o de B\u00e1rbara Maix fundadora da Congrega\u00e7\u00e3o, mulher resiliente, determinada e temente a Deus, que doou a vida na luta pelo bem comum, restabelecendo vidas e dignidade \u00e0 popula\u00e7\u00e3o vulner\u00e1vel.<\/p>\n<div id='gallery-1' class='gallery galleryid-1843 gallery-columns-3 gallery-size-thumbnail'><figure class='gallery-item'>\n\t\t\t<div class='gallery-icon portrait'>\n\t\t\t\t<a href='https:\/\/redeicm.org.br\/institutocoracaodemaria\/vocacao-chamado-para-servir\/img-20260824-wa0021\/'><img decoding=\"async\" width=\"150\" height=\"150\" src=\"https:\/\/redeicm.org.br\/institutocoracaodemaria\/wp-content\/uploads\/sites\/14\/2026\/08\/IMG-20260824-WA0021-150x150.jpg\" class=\"attachment-thumbnail size-thumbnail\" alt=\"Agosto - Voca\u00e7\u00e3o\" aria-describedby=\"gallery-1-1844\" \/><\/a>\n\t\t\t<\/div>\n\t\t\t\t<figcaption class='wp-caption-text gallery-caption' id='gallery-1-1844'>\n\t\t\t\tM\u00eas vocacinal &#8211; amor e escuta. \n\t\t\t\t<\/figcaption><\/figure><figure class='gallery-item'>\n\t\t\t<div class='gallery-icon portrait'>\n\t\t\t\t<a href='https:\/\/redeicm.org.br\/institutocoracaodemaria\/vocacao-chamado-para-servir\/img-20260824-wa0023\/'><img decoding=\"async\" width=\"150\" height=\"150\" src=\"https:\/\/redeicm.org.br\/institutocoracaodemaria\/wp-content\/uploads\/sites\/14\/2026\/08\/IMG-20260824-WA0023-150x150.jpg\" class=\"attachment-thumbnail size-thumbnail\" alt=\"\" \/><\/a>\n\t\t\t<\/div><\/figure><figure class='gallery-item'>\n\t\t\t<div class='gallery-icon portrait'>\n\t\t\t\t<a href='https:\/\/redeicm.org.br\/institutocoracaodemaria\/vocacao-chamado-para-servir\/img-20260824-wa0025\/'><img decoding=\"async\" width=\"150\" height=\"150\" src=\"https:\/\/redeicm.org.br\/institutocoracaodemaria\/wp-content\/uploads\/sites\/14\/2026\/08\/IMG-20260824-WA0025-150x150.jpg\" class=\"attachment-thumbnail size-thumbnail\" alt=\"\" \/><\/a>\n\t\t\t<\/div><\/figure><figure class='gallery-item'>\n\t\t\t<div class='gallery-icon portrait'>\n\t\t\t\t<a href='https:\/\/redeicm.org.br\/institutocoracaodemaria\/vocacao-chamado-para-servir\/img-20260824-wa0027\/'><img loading=\"lazy\" decoding=\"async\" width=\"150\" height=\"150\" src=\"https:\/\/redeicm.org.br\/institutocoracaodemaria\/wp-content\/uploads\/sites\/14\/2026\/08\/IMG-20260824-WA0027-150x150.jpg\" class=\"attachment-thumbnail size-thumbnail\" alt=\"\" \/><\/a>\n\t\t\t<\/div><\/figure><figure class='gallery-item'>\n\t\t\t<div class='gallery-icon portrait'>\n\t\t\t\t<a href='https:\/\/redeicm.org.br\/institutocoracaodemaria\/vocacao-chamado-para-servir\/img-20260825-wa0084\/'><img loading=\"lazy\" decoding=\"async\" width=\"150\" height=\"150\" src=\"https:\/\/redeicm.org.br\/institutocoracaodemaria\/wp-content\/uploads\/sites\/14\/2026\/08\/IMG-20260825-WA0084-150x150.jpg\" class=\"attachment-thumbnail size-thumbnail\" alt=\"\" \/><\/a>\n\t\t\t<\/div><\/figure><figure class='gallery-item'>\n\t\t\t<div class='gallery-icon portrait'>\n\t\t\t\t<a href='https:\/\/redeicm.org.br\/institutocoracaodemaria\/vocacao-chamado-para-servir\/img-20260825-wa0085\/'><img loading=\"lazy\" decoding=\"async\" width=\"150\" height=\"150\" src=\"https:\/\/redeicm.org.br\/institutocoracaodemaria\/wp-content\/uploads\/sites\/14\/2026\/08\/IMG-20260825-WA0085-150x150.jpg\" class=\"attachment-thumbnail size-thumbnail\" alt=\"\" \/><\/a>\n\t\t\t<\/div><\/figure><figure class='gallery-item'>\n\t\t\t<div class='gallery-icon portrait'>\n\t\t\t\t<a href='https:\/\/redeicm.org.br\/institutocoracaodemaria\/vocacao-chamado-para-servir\/img-20260825-wa0086\/'><img loading=\"lazy\" decoding=\"async\" width=\"150\" height=\"150\" src=\"https:\/\/redeicm.org.br\/institutocoracaodemaria\/wp-content\/uploads\/sites\/14\/2026\/08\/IMG-20260825-WA0086-150x150.jpg\" class=\"attachment-thumbnail size-thumbnail\" alt=\"\" \/><\/a>\n\t\t\t<\/div><\/figure><figure class='gallery-item'>\n\t\t\t<div class='gallery-icon portrait'>\n\t\t\t\t<a href='https:\/\/redeicm.org.br\/institutocoracaodemaria\/vocacao-chamado-para-servir\/img-20260825-wa0087\/'><img loading=\"lazy\" decoding=\"async\" width=\"150\" height=\"150\" src=\"https:\/\/redeicm.org.br\/institutocoracaodemaria\/wp-content\/uploads\/sites\/14\/2026\/08\/IMG-20260825-WA0087-150x150.jpg\" class=\"attachment-thumbnail size-thumbnail\" alt=\"\" \/><\/a>\n\t\t\t<\/div><\/figure><figure class='gallery-item'>\n\t\t\t<div class='gallery-icon portrait'>\n\t\t\t\t<a href='https:\/\/redeicm.org.br\/institutocoracaodemaria\/vocacao-chamado-para-servir\/img-20260825-wa0089\/'><img loading=\"lazy\" decoding=\"async\" width=\"150\" height=\"150\" src=\"https:\/\/redeicm.org.br\/institutocoracaodemaria\/wp-content\/uploads\/sites\/14\/2026\/08\/IMG-20260825-WA0089-150x150.jpg\" class=\"attachment-thumbnail size-thumbnail\" alt=\"\" \/><\/a>\n\t\t\t<\/div><\/figure><figure class='gallery-item'>\n\t\t\t<div class='gallery-icon portrait'>\n\t\t\t\t<a href='https:\/\/redeicm.org.br\/institutocoracaodemaria\/vocacao-chamado-para-servir\/img-20260825-wa0090\/'><img loading=\"lazy\" decoding=\"async\" width=\"150\" height=\"150\" src=\"https:\/\/redeicm.org.br\/institutocoracaodemaria\/wp-content\/uploads\/sites\/14\/2026\/08\/IMG-20260825-WA0090-150x150.jpg\" class=\"attachment-thumbnail size-thumbnail\" alt=\"\" \/><\/a>\n\t\t\t<\/div><\/figure><figure class='gallery-item'>\n\t\t\t<div class='gallery-icon portrait'>\n\t\t\t\t<a href='https:\/\/redeicm.org.br\/institutocoracaodemaria\/vocacao-chamado-para-servir\/img-20260825-wa0091\/'><img loading=\"lazy\" decoding=\"async\" width=\"150\" height=\"150\" src=\"https:\/\/redeicm.org.br\/institutocoracaodemaria\/wp-content\/uploads\/sites\/14\/2026\/08\/IMG-20260825-WA0091-150x150.jpg\" class=\"attachment-thumbnail size-thumbnail\" alt=\"\" \/><\/a>\n\t\t\t<\/div><\/figure><figure class='gallery-item'>\n\t\t\t<div class='gallery-icon portrait'>\n\t\t\t\t<a href='https:\/\/redeicm.org.br\/institutocoracaodemaria\/vocacao-chamado-para-servir\/img-20260826-wa0041\/'><img loading=\"lazy\" decoding=\"async\" width=\"150\" height=\"150\" src=\"https:\/\/redeicm.org.br\/institutocoracaodemaria\/wp-content\/uploads\/sites\/14\/2026\/08\/IMG-20260826-WA0041-150x150.jpg\" class=\"attachment-thumbnail size-thumbnail\" alt=\"\" \/><\/a>\n\t\t\t<\/div><\/figure><figure class='gallery-item'>\n\t\t\t<div class='gallery-icon portrait'>\n\t\t\t\t<a href='https:\/\/redeicm.org.br\/institutocoracaodemaria\/vocacao-chamado-para-servir\/img-20260826-wa0042\/'><img loading=\"lazy\" decoding=\"async\" width=\"150\" height=\"150\" src=\"https:\/\/redeicm.org.br\/institutocoracaodemaria\/wp-content\/uploads\/sites\/14\/2026\/08\/IMG-20260826-WA0042-150x150.jpg\" class=\"attachment-thumbnail size-thumbnail\" alt=\"\" \/><\/a>\n\t\t\t<\/div><\/figure><figure class='gallery-item'>\n\t\t\t<div class='gallery-icon portrait'>\n\t\t\t\t<a href='https:\/\/redeicm.org.br\/institutocoracaodemaria\/vocacao-chamado-para-servir\/img-20260826-wa0043\/'><img loading=\"lazy\" decoding=\"async\" width=\"150\" height=\"150\" src=\"https:\/\/redeicm.org.br\/institutocoracaodemaria\/wp-content\/uploads\/sites\/14\/2026\/08\/IMG-20260826-WA0043-150x150.jpg\" class=\"attachment-thumbnail size-thumbnail\" alt=\"\" \/><\/a>\n\t\t\t<\/div><\/figure><figure class='gallery-item'>\n\t\t\t<div class='gallery-icon portrait'>\n\t\t\t\t<a href='https:\/\/redeicm.org.br\/institutocoracaodemaria\/vocacao-chamado-para-servir\/img-20260826-wa0044\/'><img loading=\"lazy\" decoding=\"async\" width=\"150\" height=\"150\" src=\"https:\/\/redeicm.org.br\/institutocoracaodemaria\/wp-content\/uploads\/sites\/14\/2026\/08\/IMG-20260826-WA0044-150x150.jpg\" class=\"attachment-thumbnail size-thumbnail\" alt=\"\" \/><\/a>\n\t\t\t<\/div><\/figure><figure class='gallery-item'>\n\t\t\t<div class='gallery-icon portrait'>\n\t\t\t\t<a href='https:\/\/redeicm.org.br\/institutocoracaodemaria\/vocacao-chamado-para-servir\/img-20260826-wa0054\/'><img loading=\"lazy\" decoding=\"async\" width=\"150\" height=\"150\" src=\"https:\/\/redeicm.org.br\/institutocoracaodemaria\/wp-content\/uploads\/sites\/14\/2026\/08\/IMG-20260826-WA0054-150x150.jpg\" class=\"attachment-thumbnail size-thumbnail\" alt=\"\" \/><\/a>\n\t\t\t<\/div><\/figure><figure class='gallery-item'>\n\t\t\t<div class='gallery-icon landscape'>\n\t\t\t\t<a href='https:\/\/redeicm.org.br\/institutocoracaodemaria\/vocacao-chamado-para-servir\/img-20260826-wa0055\/'><img loading=\"lazy\" decoding=\"async\" width=\"150\" height=\"150\" src=\"https:\/\/redeicm.org.br\/institutocoracaodemaria\/wp-content\/uploads\/sites\/14\/2026\/08\/IMG-20260826-WA0055-150x150.jpg\" class=\"attachment-thumbnail size-thumbnail\" alt=\"\" \/><\/a>\n\t\t\t<\/div><\/figure><figure class='gallery-item'>\n\t\t\t<div class='gallery-icon portrait'>\n\t\t\t\t<a href='https:\/\/redeicm.org.br\/institutocoracaodemaria\/vocacao-chamado-para-servir\/img-20260826-wa0056\/'><img loading=\"lazy\" decoding=\"async\" width=\"150\" height=\"150\" src=\"https:\/\/redeicm.org.br\/institutocoracaodemaria\/wp-content\/uploads\/sites\/14\/2026\/08\/IMG-20260826-WA0056-150x150.jpg\" class=\"attachment-thumbnail size-thumbnail\" alt=\"\" \/><\/a>\n\t\t\t<\/div><\/figure><figure class='gallery-item'>\n\t\t\t<div class='gallery-icon portrait'>\n\t\t\t\t<a href='https:\/\/redeicm.org.br\/institutocoracaodemaria\/vocacao-chamado-para-servir\/img-20260826-wa0057\/'><img loading=\"lazy\" decoding=\"async\" width=\"150\" height=\"150\" src=\"https:\/\/redeicm.org.br\/institutocoracaodemaria\/wp-content\/uploads\/sites\/14\/2026\/08\/IMG-20260826-WA0057-150x150.jpg\" class=\"attachment-thumbnail size-thumbnail\" alt=\"\" \/><\/a>\n\t\t\t<\/div><\/figure><figure class='gallery-item'>\n\t\t\t<div class='gallery-icon landscape'>\n\t\t\t\t<a href='https:\/\/redeicm.org.br\/institutocoracaodemaria\/vocacao-chamado-para-servir\/img-20260826-wa0084\/'><img loading=\"lazy\" decoding=\"async\" width=\"150\" height=\"150\" src=\"https:\/\/redeicm.org.br\/institutocoracaodemaria\/wp-content\/uploads\/sites\/14\/2026\/08\/IMG-20260826-WA0084-150x150.jpg\" class=\"attachment-thumbnail size-thumbnail\" alt=\"\" \/><\/a>\n\t\t\t<\/div><\/figure><figure class='gallery-item'>\n\t\t\t<div class='gallery-icon landscape'>\n\t\t\t\t<a href='https:\/\/redeicm.org.br\/institutocoracaodemaria\/vocacao-chamado-para-servir\/img-20260826-wa0087\/'><img loading=\"lazy\" decoding=\"async\" width=\"150\" height=\"150\" src=\"https:\/\/redeicm.org.br\/institutocoracaodemaria\/wp-content\/uploads\/sites\/14\/2026\/08\/IMG-20260826-WA0087-150x150.jpg\" class=\"attachment-thumbnail size-thumbnail\" alt=\"\" \/><\/a>\n\t\t\t<\/div><\/figure><figure class='gallery-item'>\n\t\t\t<div class='gallery-icon landscape'>\n\t\t\t\t<a href='https:\/\/redeicm.org.br\/institutocoracaodemaria\/vocacao-chamado-para-servir\/img-20260827-wa0044\/'><img loading=\"lazy\" decoding=\"async\" width=\"150\" height=\"150\" src=\"https:\/\/redeicm.org.br\/institutocoracaodemaria\/wp-content\/uploads\/sites\/14\/2026\/08\/IMG-20260827-WA0044-150x150.jpg\" class=\"attachment-thumbnail size-thumbnail\" alt=\"\" \/><\/a>\n\t\t\t<\/div><\/figure><figure class='gallery-item'>\n\t\t\t<div class='gallery-icon landscape'>\n\t\t\t\t<a href='https:\/\/redeicm.org.br\/institutocoracaodemaria\/vocacao-chamado-para-servir\/img-20260827-wa0045\/'><img loading=\"lazy\" decoding=\"async\" width=\"150\" height=\"150\" src=\"https:\/\/redeicm.org.br\/institutocoracaodemaria\/wp-content\/uploads\/sites\/14\/2026\/08\/IMG-20260827-WA0045-150x150.jpg\" class=\"attachment-thumbnail size-thumbnail\" alt=\"\" \/><\/a>\n\t\t\t<\/div><\/figure><figure class='gallery-item'>\n\t\t\t<div class='gallery-icon landscape'>\n\t\t\t\t<a href='https:\/\/redeicm.org.br\/institutocoracaodemaria\/vocacao-chamado-para-servir\/img-20260827-wa0046\/'><img loading=\"lazy\" decoding=\"async\" width=\"150\" height=\"150\" src=\"https:\/\/redeicm.org.br\/institutocoracaodemaria\/wp-content\/uploads\/sites\/14\/2026\/08\/IMG-20260827-WA0046-150x150.jpg\" class=\"attachment-thumbnail size-thumbnail\" alt=\"\" \/><\/a>\n\t\t\t<\/div><\/figure>\n\t\t<\/div>\n\n","protected":false},"excerpt":{"rendered":"<p>Agosto \u2013 M\u00eas Vocacional. Meados do m\u00eas de agosto de 2026, a Unidade do Servi\u00e7o Socioassistencial &#8211; Rede ICM, do Instituto Imaculado Cora\u00e7\u00e3o de Maria, trabalhou as voca\u00e7\u00f5es com as crian\u00e7as e adolescentes de ambos turnos. As educadoras referenciais Claudia e Tamiris conduziram o tema pela manh\u00e3 com os grupos Esperan\u00e7a e F\u00e9 e tarde [&hellip;]<\/p>\n","protected":false},"author":29,"featured_media":1867,"comment_status":"open","ping_status":"open","sticky":false,"template":"","format":"standard","meta":{"_acf_changed":false,"footnotes":""},"categories":[1],"tags":[],"class_list":["post-1843","post","type-post","status-publish","format-standard","has-post-thumbnail","hentry","category-sem-categoria"],"acf":[],"yoast_head":"<!-- This site is optimized with the Yoast SEO plugin v27.8 - https:\/\/yoast.com\/product\/yoast-seo-wordpress\/ -->\n<title>VOCA\u00c7\u00c3O CHAMADO PARA SERVIR! - Instituto Cora\u00e7\u00e3o de Maria | Rede ICM de Educa\u00e7\u00e3o e Assist\u00eancia Social<\/title>\n<meta name=\"robots\" content=\"index, follow, max-snippet:-1, max-image-preview:large, max-video-preview:-1\" \/>\n<link rel=\"canonical\" href=\"https:\/\/redeicm.org.br\/institutocoracaodemaria\/vocacao-chamado-para-servir\/\" \/>\n<meta property=\"og:locale\" content=\"pt_BR\" \/>\n<meta property=\"og:type\" content=\"article\" \/>\n<meta property=\"og:title\" content=\"VOCA\u00c7\u00c3O CHAMADO PARA SERVIR! - Instituto Cora\u00e7\u00e3o de Maria | Rede ICM de Educa\u00e7\u00e3o e Assist\u00eancia Social\" \/>\n<meta property=\"og:description\" content=\"Agosto \u2013 M\u00eas Vocacional. Meados do m\u00eas de agosto de 2026, a Unidade do Servi\u00e7o Socioassistencial &#8211; Rede ICM, do Instituto Imaculado Cora\u00e7\u00e3o de Maria, trabalhou as voca\u00e7\u00f5es com as crian\u00e7as e adolescentes de ambos turnos. As educadoras referenciais Claudia e Tamiris conduziram o tema pela manh\u00e3 com os grupos Esperan\u00e7a e F\u00e9 e tarde [&hellip;]\" \/>\n<meta property=\"og:url\" content=\"https:\/\/redeicm.org.br\/institutocoracaodemaria\/vocacao-chamado-para-servir\/\" \/>\n<meta property=\"og:site_name\" content=\"Instituto Cora\u00e7\u00e3o de Maria | Rede ICM de Educa\u00e7\u00e3o e Assist\u00eancia Social\" \/>\n<meta property=\"article:published_time\" content=\"2026-08-28T14:14:30+00:00\" \/>\n<meta property=\"og:image\" content=\"https:\/\/redeicm.org.br\/institutocoracaodemaria\/wp-content\/uploads\/sites\/14\/2026\/08\/IMG-20260827-WA0046.jpg\" \/>\n\t<meta property=\"og:image:width\" content=\"1280\" \/>\n\t<meta property=\"og:image:height\" content=\"960\" \/>\n\t<meta property=\"og:image:type\" content=\"image\/jpeg\" \/>\n<meta name=\"author\" content=\"mariasampaio\" \/>\n<meta name=\"twitter:card\" content=\"summary_large_image\" \/>\n<meta name=\"twitter:label1\" content=\"Escrito por\" \/>\n\t<meta name=\"twitter:data1\" content=\"mariasampaio\" \/>\n\t<meta name=\"twitter:label2\" content=\"Est. tempo de leitura\" \/>\n\t<meta name=\"twitter:data2\" content=\"2 minutos\" \/>\n<script type=\"application\/ld+json\" class=\"yoast-schema-graph\">{\"@context\":\"https:\\\/\\\/schema.org\",\"@graph\":[{\"@type\":\"Article\",\"@id\":\"https:\\\/\\\/redeicm.org.br\\\/institutocoracaodemaria\\\/vocacao-chamado-para-servir\\\/#article\",\"isPartOf\":{\"@id\":\"https:\\\/\\\/redeicm.org.br\\\/institutocoracaodemaria\\\/vocacao-chamado-para-servir\\\/\"},\"author\":{\"name\":\"mariasampaio\",\"@id\":\"https:\\\/\\\/redeicm.org.br\\\/institutocoracaodemaria\\\/#\\\/schema\\\/person\\\/681db1e849b0242d53160cee67cafa60\"},\"headline\":\"VOCA\u00c7\u00c3O CHAMADO PARA SERVIR!\",\"datePublished\":\"2026-08-28T14:14:30+00:00\",\"mainEntityOfPage\":{\"@id\":\"https:\\\/\\\/redeicm.org.br\\\/institutocoracaodemaria\\\/vocacao-chamado-para-servir\\\/\"},\"wordCount\":247,\"commentCount\":0,\"publisher\":{\"@id\":\"https:\\\/\\\/redeicm.org.br\\\/institutocoracaodemaria\\\/#organization\"},\"image\":{\"@id\":\"https:\\\/\\\/redeicm.org.br\\\/institutocoracaodemaria\\\/vocacao-chamado-para-servir\\\/#primaryimage\"},\"thumbnailUrl\":\"https:\\\/\\\/redeicm.org.br\\\/institutocoracaodemaria\\\/wp-content\\\/uploads\\\/sites\\\/14\\\/2026\\\/08\\\/IMG-20260827-WA0046.jpg\",\"inLanguage\":\"pt-BR\",\"potentialAction\":[{\"@type\":\"CommentAction\",\"name\":\"Comment\",\"target\":[\"https:\\\/\\\/redeicm.org.br\\\/institutocoracaodemaria\\\/vocacao-chamado-para-servir\\\/#respond\"]}]},{\"@type\":\"WebPage\",\"@id\":\"https:\\\/\\\/redeicm.org.br\\\/institutocoracaodemaria\\\/vocacao-chamado-para-servir\\\/\",\"url\":\"https:\\\/\\\/redeicm.org.br\\\/institutocoracaodemaria\\\/vocacao-chamado-para-servir\\\/\",\"name\":\"VOCA\u00c7\u00c3O CHAMADO PARA SERVIR! - Instituto Cora\u00e7\u00e3o de Maria | Rede ICM de Educa\u00e7\u00e3o e Assist\u00eancia Social\",\"isPartOf\":{\"@id\":\"https:\\\/\\\/redeicm.org.br\\\/institutocoracaodemaria\\\/#website\"},\"primaryImageOfPage\":{\"@id\":\"https:\\\/\\\/redeicm.org.br\\\/institutocoracaodemaria\\\/vocacao-chamado-para-servir\\\/#primaryimage\"},\"image\":{\"@id\":\"https:\\\/\\\/redeicm.org.br\\\/institutocoracaodemaria\\\/vocacao-chamado-para-servir\\\/#primaryimage\"},\"thumbnailUrl\":\"https:\\\/\\\/redeicm.org.br\\\/institutocoracaodemaria\\\/wp-content\\\/uploads\\\/sites\\\/14\\\/2026\\\/08\\\/IMG-20260827-WA0046.jpg\",\"datePublished\":\"2026-08-28T14:14:30+00:00\",\"breadcrumb\":{\"@id\":\"https:\\\/\\\/redeicm.org.br\\\/institutocoracaodemaria\\\/vocacao-chamado-para-servir\\\/#breadcrumb\"},\"inLanguage\":\"pt-BR\",\"potentialAction\":[{\"@type\":\"ReadAction\",\"target\":[\"https:\\\/\\\/redeicm.org.br\\\/institutocoracaodemaria\\\/vocacao-chamado-para-servir\\\/\"]}]},{\"@type\":\"ImageObject\",\"inLanguage\":\"pt-BR\",\"@id\":\"https:\\\/\\\/redeicm.org.br\\\/institutocoracaodemaria\\\/vocacao-chamado-para-servir\\\/#primaryimage\",\"url\":\"https:\\\/\\\/redeicm.org.br\\\/institutocoracaodemaria\\\/wp-content\\\/uploads\\\/sites\\\/14\\\/2026\\\/08\\\/IMG-20260827-WA0046.jpg\",\"contentUrl\":\"https:\\\/\\\/redeicm.org.br\\\/institutocoracaodemaria\\\/wp-content\\\/uploads\\\/sites\\\/14\\\/2026\\\/08\\\/IMG-20260827-WA0046.jpg\",\"width\":1280,\"height\":960},{\"@type\":\"BreadcrumbList\",\"@id\":\"https:\\\/\\\/redeicm.org.br\\\/institutocoracaodemaria\\\/vocacao-chamado-para-servir\\\/#breadcrumb\",\"itemListElement\":[{\"@type\":\"ListItem\",\"position\":1,\"name\":\"In\u00edcio\",\"item\":\"https:\\\/\\\/redeicm.org.br\\\/institutocoracaodemaria\\\/\"},{\"@type\":\"ListItem\",\"position\":2,\"name\":\"VOCA\u00c7\u00c3O CHAMADO PARA SERVIR!\"}]},{\"@type\":\"WebSite\",\"@id\":\"https:\\\/\\\/redeicm.org.br\\\/institutocoracaodemaria\\\/#website\",\"url\":\"https:\\\/\\\/redeicm.org.br\\\/institutocoracaodemaria\\\/\",\"name\":\"Instituto Cora\u00e7\u00e3o de Maria | Rede ICM de Educa\u00e7\u00e3o e Assist\u00eancia Social\",\"description\":\"Servi\u00e7o Socioassistencial que atende crian\u00e7as e adolescentes de 06 a 15 anos em contra turno escolar.\",\"publisher\":{\"@id\":\"https:\\\/\\\/redeicm.org.br\\\/institutocoracaodemaria\\\/#organization\"},\"potentialAction\":[{\"@type\":\"SearchAction\",\"target\":{\"@type\":\"EntryPoint\",\"urlTemplate\":\"https:\\\/\\\/redeicm.org.br\\\/institutocoracaodemaria\\\/?s={search_term_string}\"},\"query-input\":{\"@type\":\"PropertyValueSpecification\",\"valueRequired\":true,\"valueName\":\"search_term_string\"}}],\"inLanguage\":\"pt-BR\"},{\"@type\":\"Organization\",\"@id\":\"https:\\\/\\\/redeicm.org.br\\\/institutocoracaodemaria\\\/#organization\",\"name\":\"Instituto Cora\u00e7\u00e3o de Maria | Rede ICM de Educa\u00e7\u00e3o e Assist\u00eancia Social\",\"url\":\"https:\\\/\\\/redeicm.org.br\\\/institutocoracaodemaria\\\/\",\"logo\":{\"@type\":\"ImageObject\",\"inLanguage\":\"pt-BR\",\"@id\":\"https:\\\/\\\/redeicm.org.br\\\/institutocoracaodemaria\\\/#\\\/schema\\\/logo\\\/image\\\/\",\"url\":\"https:\\\/\\\/redeicm.org.br\\\/institutocoracaodemaria\\\/wp-content\\\/uploads\\\/sites\\\/14\\\/2024\\\/08\\\/ICM_Socio_ImaculadoCoracao_preferencial-1024x385-1.png\",\"contentUrl\":\"https:\\\/\\\/redeicm.org.br\\\/institutocoracaodemaria\\\/wp-content\\\/uploads\\\/sites\\\/14\\\/2024\\\/08\\\/ICM_Socio_ImaculadoCoracao_preferencial-1024x385-1.png\",\"width\":1024,\"height\":385,\"caption\":\"Instituto Cora\u00e7\u00e3o de Maria | Rede ICM de Educa\u00e7\u00e3o e Assist\u00eancia Social\"},\"image\":{\"@id\":\"https:\\\/\\\/redeicm.org.br\\\/institutocoracaodemaria\\\/#\\\/schema\\\/logo\\\/image\\\/\"}},{\"@type\":\"Person\",\"@id\":\"https:\\\/\\\/redeicm.org.br\\\/institutocoracaodemaria\\\/#\\\/schema\\\/person\\\/681db1e849b0242d53160cee67cafa60\",\"name\":\"mariasampaio\",\"image\":{\"@type\":\"ImageObject\",\"inLanguage\":\"pt-BR\",\"@id\":\"https:\\\/\\\/secure.gravatar.com\\\/avatar\\\/9e15a84ff9884d10fbd38ad40295e1f9d83ff810c07e6333ef036f280cc015a7?s=96&d=mm&r=g\",\"url\":\"https:\\\/\\\/secure.gravatar.com\\\/avatar\\\/9e15a84ff9884d10fbd38ad40295e1f9d83ff810c07e6333ef036f280cc015a7?s=96&d=mm&r=g\",\"contentUrl\":\"https:\\\/\\\/secure.gravatar.com\\\/avatar\\\/9e15a84ff9884d10fbd38ad40295e1f9d83ff810c07e6333ef036f280cc015a7?s=96&d=mm&r=g\",\"caption\":\"mariasampaio\"},\"url\":\"https:\\\/\\\/redeicm.org.br\\\/institutocoracaodemaria\\\/author\\\/mariasampaio\\\/\"}]}<\/script>\n<!-- \/ Yoast SEO plugin. -->","yoast_head_json":{"title":"VOCA\u00c7\u00c3O CHAMADO PARA SERVIR! - Instituto Cora\u00e7\u00e3o de Maria | Rede ICM de Educa\u00e7\u00e3o e Assist\u00eancia Social","robots":{"index":"index","follow":"follow","max-snippet":"max-snippet:-1","max-image-preview":"max-image-preview:large","max-video-preview":"max-video-preview:-1"},"canonical":"https:\/\/redeicm.org.br\/institutocoracaodemaria\/vocacao-chamado-para-servir\/","og_locale":"pt_BR","og_type":"article","og_title":"VOCA\u00c7\u00c3O CHAMADO PARA SERVIR! - Instituto Cora\u00e7\u00e3o de Maria | Rede ICM de Educa\u00e7\u00e3o e Assist\u00eancia Social","og_description":"Agosto \u2013 M\u00eas Vocacional. Meados do m\u00eas de agosto de 2026, a Unidade do Servi\u00e7o Socioassistencial &#8211; Rede ICM, do Instituto Imaculado Cora\u00e7\u00e3o de Maria, trabalhou as voca\u00e7\u00f5es com as crian\u00e7as e adolescentes de ambos turnos. As educadoras referenciais Claudia e Tamiris conduziram o tema pela manh\u00e3 com os grupos Esperan\u00e7a e F\u00e9 e tarde [&hellip;]","og_url":"https:\/\/redeicm.org.br\/institutocoracaodemaria\/vocacao-chamado-para-servir\/","og_site_name":"Instituto Cora\u00e7\u00e3o de Maria | Rede ICM de Educa\u00e7\u00e3o e Assist\u00eancia Social","article_published_time":"2026-08-28T14:14:30+00:00","og_image":[{"width":1280,"height":960,"url":"https:\/\/redeicm.org.br\/institutocoracaodemaria\/wp-content\/uploads\/sites\/14\/2026\/08\/IMG-20260827-WA0046.jpg","type":"image\/jpeg"}],"author":"mariasampaio","twitter_card":"summary_large_image","twitter_misc":{"Escrito por":"mariasampaio","Est. tempo de leitura":"2 minutos"},"schema":{"@context":"https:\/\/schema.org","@graph":[{"@type":"Article","@id":"https:\/\/redeicm.org.br\/institutocoracaodemaria\/vocacao-chamado-para-servir\/#article","isPartOf":{"@id":"https:\/\/redeicm.org.br\/institutocoracaodemaria\/vocacao-chamado-para-servir\/"},"author":{"name":"mariasampaio","@id":"https:\/\/redeicm.org.br\/institutocoracaodemaria\/#\/schema\/person\/681db1e849b0242d53160cee67cafa60"},"headline":"VOCA\u00c7\u00c3O CHAMADO PARA SERVIR!","datePublished":"2026-08-28T14:14:30+00:00","mainEntityOfPage":{"@id":"https:\/\/redeicm.org.br\/institutocoracaodemaria\/vocacao-chamado-para-servir\/"},"wordCount":247,"commentCount":0,"publisher":{"@id":"https:\/\/redeicm.org.br\/institutocoracaodemaria\/#organization"},"image":{"@id":"https:\/\/redeicm.org.br\/institutocoracaodemaria\/vocacao-chamado-para-servir\/#primaryimage"},"thumbnailUrl":"https:\/\/redeicm.org.br\/institutocoracaodemaria\/wp-content\/uploads\/sites\/14\/2026\/08\/IMG-20260827-WA0046.jpg","inLanguage":"pt-BR","potentialAction":[{"@type":"CommentAction","name":"Comment","target":["https:\/\/redeicm.org.br\/institutocoracaodemaria\/vocacao-chamado-para-servir\/#respond"]}]},{"@type":"WebPage","@id":"https:\/\/redeicm.org.br\/institutocoracaodemaria\/vocacao-chamado-para-servir\/","url":"https:\/\/redeicm.org.br\/institutocoracaodemaria\/vocacao-chamado-para-servir\/","name":"VOCA\u00c7\u00c3O CHAMADO PARA SERVIR! - Instituto Cora\u00e7\u00e3o de Maria | Rede ICM de Educa\u00e7\u00e3o e Assist\u00eancia Social","isPartOf":{"@id":"https:\/\/redeicm.org.br\/institutocoracaodemaria\/#website"},"primaryImageOfPage":{"@id":"https:\/\/redeicm.org.br\/institutocoracaodemaria\/vocacao-chamado-para-servir\/#primaryimage"},"image":{"@id":"https:\/\/redeicm.org.br\/institutocoracaodemaria\/vocacao-chamado-para-servir\/#primaryimage"},"thumbnailUrl":"https:\/\/redeicm.org.br\/institutocoracaodemaria\/wp-content\/uploads\/sites\/14\/2026\/08\/IMG-20260827-WA0046.jpg","datePublished":"2026-08-28T14:14:30+00:00","breadcrumb":{"@id":"https:\/\/redeicm.org.br\/institutocoracaodemaria\/vocacao-chamado-para-servir\/#breadcrumb"},"inLanguage":"pt-BR","potentialAction":[{"@type":"ReadAction","target":["https:\/\/redeicm.org.br\/institutocoracaodemaria\/vocacao-chamado-para-servir\/"]}]},{"@type":"ImageObject","inLanguage":"pt-BR","@id":"https:\/\/redeicm.org.br\/institutocoracaodemaria\/vocacao-chamado-para-servir\/#primaryimage","url":"https:\/\/redeicm.org.br\/institutocoracaodemaria\/wp-content\/uploads\/sites\/14\/2026\/08\/IMG-20260827-WA0046.jpg","contentUrl":"https:\/\/redeicm.org.br\/institutocoracaodemaria\/wp-content\/uploads\/sites\/14\/2026\/08\/IMG-20260827-WA0046.jpg","width":1280,"height":960},{"@type":"BreadcrumbList","@id":"https:\/\/redeicm.org.br\/institutocoracaodemaria\/vocacao-chamado-para-servir\/#breadcrumb","itemListElement":[{"@type":"ListItem","position":1,"name":"In\u00edcio","item":"https:\/\/redeicm.org.br\/institutocoracaodemaria\/"},{"@type":"ListItem","position":2,"name":"VOCA\u00c7\u00c3O CHAMADO PARA SERVIR!"}]},{"@type":"WebSite","@id":"https:\/\/redeicm.org.br\/institutocoracaodemaria\/#website","url":"https:\/\/redeicm.org.br\/institutocoracaodemaria\/","name":"Instituto Cora\u00e7\u00e3o de Maria | Rede ICM de Educa\u00e7\u00e3o e Assist\u00eancia Social","description":"Servi\u00e7o Socioassistencial que atende crian\u00e7as e adolescentes de 06 a 15 anos em contra turno escolar.","publisher":{"@id":"https:\/\/redeicm.org.br\/institutocoracaodemaria\/#organization"},"potentialAction":[{"@type":"SearchAction","target":{"@type":"EntryPoint","urlTemplate":"https:\/\/redeicm.org.br\/institutocoracaodemaria\/?s={search_term_string}"},"query-input":{"@type":"PropertyValueSpecification","valueRequired":true,"valueName":"search_term_string"}}],"inLanguage":"pt-BR"},{"@type":"Organization","@id":"https:\/\/redeicm.org.br\/institutocoracaodemaria\/#organization","name":"Instituto Cora\u00e7\u00e3o de Maria | Rede ICM de Educa\u00e7\u00e3o e Assist\u00eancia Social","url":"https:\/\/redeicm.org.br\/institutocoracaodemaria\/","logo":{"@type":"ImageObject","inLanguage":"pt-BR","@id":"https:\/\/redeicm.org.br\/institutocoracaodemaria\/#\/schema\/logo\/image\/","url":"https:\/\/redeicm.org.br\/institutocoracaodemaria\/wp-content\/uploads\/sites\/14\/2024\/08\/ICM_Socio_ImaculadoCoracao_preferencial-1024x385-1.png","contentUrl":"https:\/\/redeicm.org.br\/institutocoracaodemaria\/wp-content\/uploads\/sites\/14\/2024\/08\/ICM_Socio_ImaculadoCoracao_preferencial-1024x385-1.png","width":1024,"height":385,"caption":"Instituto Cora\u00e7\u00e3o de Maria | Rede ICM de Educa\u00e7\u00e3o e Assist\u00eancia Social"},"image":{"@id":"https:\/\/redeicm.org.br\/institutocoracaodemaria\/#\/schema\/logo\/image\/"}},{"@type":"Person","@id":"https:\/\/redeicm.org.br\/institutocoracaodemaria\/#\/schema\/person\/681db1e849b0242d53160cee67cafa60","name":"mariasampaio","image":{"@type":"ImageObject","inLanguage":"pt-BR","@id":"https:\/\/secure.gravatar.com\/avatar\/9e15a84ff9884d10fbd38ad40295e1f9d83ff810c07e6333ef036f280cc015a7?s=96&d=mm&r=g","url":"https:\/\/secure.gravatar.com\/avatar\/9e15a84ff9884d10fbd38ad40295e1f9d83ff810c07e6333ef036f280cc015a7?s=96&d=mm&r=g","contentUrl":"https:\/\/secure.gravatar.com\/avatar\/9e15a84ff9884d10fbd38ad40295e1f9d83ff810c07e6333ef036f280cc015a7?s=96&d=mm&r=g","caption":"mariasampaio"},"url":"https:\/\/redeicm.org.br\/institutocoracaodemaria\/author\/mariasampaio\/"}]}},"_links":{"self":[{"href":"https:\/\/redeicm.org.br\/institutocoracaodemaria\/wp-json\/wp\/v2\/posts\/1843","targetHints":{"allow":["GET"]}}],"collection":[{"href":"https:\/\/redeicm.org.br\/institutocoracaodemaria\/wp-json\/wp\/v2\/posts"}],"about":[{"href":"https:\/\/redeicm.org.br\/institutocoracaodemaria\/wp-json\/wp\/v2\/types\/post"}],"author":[{"embeddable":true,"href":"https:\/\/redeicm.org.br\/institutocoracaodemaria\/wp-json\/wp\/v2\/users\/29"}],"replies":[{"embeddable":true,"href":"https:\/\/redeicm.org.br\/institutocoracaodemaria\/wp-json\/wp\/v2\/comments?post=1843"}],"version-history":[{"count":1,"href":"https:\/\/redeicm.org.br\/institutocoracaodemaria\/wp-json\/wp\/v2\/posts\/1843\/revisions"}],"predecessor-version":[{"id":1868,"href":"https:\/\/redeicm.org.br\/institutocoracaodemaria\/wp-json\/wp\/v2\/posts\/1843\/revisions\/1868"}],"wp:featuredmedia":[{"embeddable":true,"href":"https:\/\/redeicm.org.br\/institutocoracaodemaria\/wp-json\/wp\/v2\/media\/1867"}],"wp:attachment":[{"href":"https:\/\/redeicm.org.br\/institutocoracaodemaria\/wp-json\/wp\/v2\/media?parent=1843"}],"wp:term":[{"taxonomy":"category","embeddable":true,"href":"https:\/\/redeicm.org.br\/institutocoracaodemaria\/wp-json\/wp\/v2\/categories?post=1843"},{"taxonomy":"post_tag","embeddable":true,"href":"https:\/\/redeicm.org.br\/institutocoracaodemaria\/wp-json\/wp\/v2\/tags?post=1843"}],"curies":[{"name":"wp","href":"https:\/\/api.w.org\/{rel}","templated":true}]}}