{"id":1622,"date":"2026-06-19T16:29:15","date_gmt":"2026-06-19T19:29:15","guid":{"rendered":"https:\/\/redeicm.org.br\/institutocoracaodemaria\/?p=1622"},"modified":"2026-08-20T14:26:49","modified_gmt":"2026-08-20T17:26:49","slug":"30-anos-de-historia-tecida-por-muitas-maos","status":"publish","type":"post","link":"https:\/\/redeicm.org.br\/institutocoracaodemaria\/30-anos-de-historia-tecida-por-muitas-maos\/","title":{"rendered":"30 anos de hist\u00f3ria tecida por muitas m\u00e3os!"},"content":{"rendered":"","protected":false},"excerpt":{"rendered":"<p>Em cinco de agosto, de dois mil e vinte e seis, \u00e0s l6h, o Instituto Imaculado Cora\u00e7\u00e3o de Maria, festejou bodas de p\u00e9rolas, o Imaculado foi reconfigurado em assistencial no dia, 05 \/08\/1996, e este ano completou 30 anos de semeadura.  Irm\u00e3s da Comunidade na alegria em perdurarem a miss\u00e3o a elas confiadas, uniu aos colaboradores   para acolherem os convidados e celebrarem ao Deus Trindade as benevol\u00eancias e conquistas. <\/p>\n<p>\ud83e\udd73Os usu\u00e1rios que por aqui perpassam deixaram e levaram promo\u00e7\u00f5es e descobertas, foram muitas m\u00e3os que os amparam, as Irm\u00e3s da Congrega\u00e7\u00e3o, com a m\u00edstica da fundadora teceram em discernir temas que ao longo dos anos  em din\u00e2micas nas oficinas que mitigam por igualdade. Ver o desabrochar natural das crian\u00e7as e adolescentes    permite visualizarmos a magnitude da assist\u00eancia da Rede ICM.<\/p>\n<p>O entusiasmo em prosseguir com a Obra a n\u00f3s confiados foi  sinal que a semeadura ocorreu em solo f\u00e9rtil, e  que nos rendeu prof\u00edcuas   colheitas, pois os frutos de aprendizado s\u00e3o provindos do legado da Congrega\u00e7\u00e3o na promo\u00e7\u00e3o e defesa da vida.  <\/p>\n","protected":false},"author":29,"featured_media":1791,"comment_status":"open","ping_status":"open","sticky":false,"template":"","format":"standard","meta":{"_acf_changed":false,"footnotes":""},"categories":[1],"tags":[],"class_list":["post-1622","post","type-post","status-publish","format-standard","has-post-thumbnail","hentry","category-sem-categoria"],"acf":[],"yoast_head":"<!-- This site is optimized with the Yoast SEO plugin v27.8 - https:\/\/yoast.com\/product\/yoast-seo-wordpress\/ -->\n<title>30 anos de hist\u00f3ria tecida por muitas m\u00e3os! - Instituto Cora\u00e7\u00e3o de Maria | Rede ICM de Educa\u00e7\u00e3o e Assist\u00eancia Social<\/title>\n<meta name=\"robots\" content=\"index, follow, max-snippet:-1, max-image-preview:large, max-video-preview:-1\" \/>\n<link rel=\"canonical\" href=\"https:\/\/redeicm.org.br\/institutocoracaodemaria\/30-anos-de-historia-tecida-por-muitas-maos\/\" \/>\n<meta property=\"og:locale\" content=\"pt_BR\" \/>\n<meta property=\"og:type\" content=\"article\" \/>\n<meta property=\"og:title\" content=\"30 anos de hist\u00f3ria tecida por muitas m\u00e3os! - Instituto Cora\u00e7\u00e3o de Maria | Rede ICM de Educa\u00e7\u00e3o e Assist\u00eancia Social\" \/>\n<meta property=\"og:description\" content=\"Em cinco de agosto, de dois mil e vinte e seis, \u00e0s l6h, o Instituto Imaculado Cora\u00e7\u00e3o de Maria, festejou bodas de p\u00e9rolas, o Imaculado foi reconfigurado em assistencial no dia, 05 \/08\/1996, e este ano completou 30 anos de semeadura. Irm\u00e3s da Comunidade na alegria em perdurarem a miss\u00e3o a elas confiadas, uniu aos colaboradores  para acolherem os convidados e celebrarem ao Deus Trindade as benevol\u00eancias e conquistas.  \ud83e\udd73Os usu\u00e1rios que por aqui perpassam deixaram e levaram promo\u00e7\u00f5es e descobertas, foram muitas m\u00e3os que os amparam, as Irm\u00e3s da Congrega\u00e7\u00e3o, com a m\u00edstica da fundadora teceram em discernir temas que ao longo dos anos em din\u00e2micas nas oficinas que mitigam por igualdade. Ver o desabrochar natural das crian\u00e7as e adolescentes  permite visualizarmos a magnitude da assist\u00eancia da Rede ICM. O entusiasmo em prosseguir com a Obra a n\u00f3s confiados foi sinal que a semeadura ocorreu em solo f\u00e9rtil, e que nos rendeu prof\u00edcuas  colheitas, pois os frutos de aprendizado s\u00e3o provindos do legado da Congrega\u00e7\u00e3o na promo\u00e7\u00e3o e defesa da vida.\" \/>\n<meta property=\"og:url\" content=\"https:\/\/redeicm.org.br\/institutocoracaodemaria\/30-anos-de-historia-tecida-por-muitas-maos\/\" \/>\n<meta property=\"og:site_name\" content=\"Instituto Cora\u00e7\u00e3o de Maria | Rede ICM de Educa\u00e7\u00e3o e Assist\u00eancia Social\" \/>\n<meta property=\"article:published_time\" content=\"2026-06-19T19:29:15+00:00\" \/>\n<meta property=\"article:modified_time\" content=\"2026-08-20T17:26:49+00:00\" \/>\n<meta property=\"og:image\" content=\"https:\/\/redeicm.org.br\/institutocoracaodemaria\/wp-content\/uploads\/sites\/14\/2026\/08\/IMG-20260806-WA0024.jpg\" \/>\n\t<meta property=\"og:image:width\" content=\"1280\" \/>\n\t<meta property=\"og:image:height\" content=\"726\" \/>\n\t<meta property=\"og:image:type\" content=\"image\/jpeg\" \/>\n<meta name=\"author\" content=\"mariasampaio\" \/>\n<meta name=\"twitter:card\" content=\"summary_large_image\" \/>\n<meta name=\"twitter:label1\" content=\"Escrito por\" \/>\n\t<meta name=\"twitter:data1\" content=\"mariasampaio\" \/>\n<script type=\"application\/ld+json\" class=\"yoast-schema-graph\">{\"@context\":\"https:\\\/\\\/schema.org\",\"@graph\":[{\"@type\":\"Article\",\"@id\":\"https:\\\/\\\/redeicm.org.br\\\/institutocoracaodemaria\\\/30-anos-de-historia-tecida-por-muitas-maos\\\/#article\",\"isPartOf\":{\"@id\":\"https:\\\/\\\/redeicm.org.br\\\/institutocoracaodemaria\\\/30-anos-de-historia-tecida-por-muitas-maos\\\/\"},\"author\":{\"name\":\"mariasampaio\",\"@id\":\"https:\\\/\\\/redeicm.org.br\\\/institutocoracaodemaria\\\/#\\\/schema\\\/person\\\/681db1e849b0242d53160cee67cafa60\"},\"headline\":\"30 anos de hist\u00f3ria tecida por muitas m\u00e3os!\",\"datePublished\":\"2026-06-19T19:29:15+00:00\",\"dateModified\":\"2026-08-20T17:26:49+00:00\",\"mainEntityOfPage\":{\"@id\":\"https:\\\/\\\/redeicm.org.br\\\/institutocoracaodemaria\\\/30-anos-de-historia-tecida-por-muitas-maos\\\/\"},\"wordCount\":9,\"commentCount\":0,\"publisher\":{\"@id\":\"https:\\\/\\\/redeicm.org.br\\\/institutocoracaodemaria\\\/#organization\"},\"image\":{\"@id\":\"https:\\\/\\\/redeicm.org.br\\\/institutocoracaodemaria\\\/30-anos-de-historia-tecida-por-muitas-maos\\\/#primaryimage\"},\"thumbnailUrl\":\"https:\\\/\\\/redeicm.org.br\\\/institutocoracaodemaria\\\/wp-content\\\/uploads\\\/sites\\\/14\\\/2026\\\/08\\\/IMG-20260806-WA0024.jpg\",\"inLanguage\":\"pt-BR\",\"potentialAction\":[{\"@type\":\"CommentAction\",\"name\":\"Comment\",\"target\":[\"https:\\\/\\\/redeicm.org.br\\\/institutocoracaodemaria\\\/30-anos-de-historia-tecida-por-muitas-maos\\\/#respond\"]}]},{\"@type\":\"WebPage\",\"@id\":\"https:\\\/\\\/redeicm.org.br\\\/institutocoracaodemaria\\\/30-anos-de-historia-tecida-por-muitas-maos\\\/\",\"url\":\"https:\\\/\\\/redeicm.org.br\\\/institutocoracaodemaria\\\/30-anos-de-historia-tecida-por-muitas-maos\\\/\",\"name\":\"30 anos de hist\u00f3ria tecida por muitas m\u00e3os! - Instituto Cora\u00e7\u00e3o de Maria | Rede ICM de Educa\u00e7\u00e3o e Assist\u00eancia Social\",\"isPartOf\":{\"@id\":\"https:\\\/\\\/redeicm.org.br\\\/institutocoracaodemaria\\\/#website\"},\"primaryImageOfPage\":{\"@id\":\"https:\\\/\\\/redeicm.org.br\\\/institutocoracaodemaria\\\/30-anos-de-historia-tecida-por-muitas-maos\\\/#primaryimage\"},\"image\":{\"@id\":\"https:\\\/\\\/redeicm.org.br\\\/institutocoracaodemaria\\\/30-anos-de-historia-tecida-por-muitas-maos\\\/#primaryimage\"},\"thumbnailUrl\":\"https:\\\/\\\/redeicm.org.br\\\/institutocoracaodemaria\\\/wp-content\\\/uploads\\\/sites\\\/14\\\/2026\\\/08\\\/IMG-20260806-WA0024.jpg\",\"datePublished\":\"2026-06-19T19:29:15+00:00\",\"dateModified\":\"2026-08-20T17:26:49+00:00\",\"breadcrumb\":{\"@id\":\"https:\\\/\\\/redeicm.org.br\\\/institutocoracaodemaria\\\/30-anos-de-historia-tecida-por-muitas-maos\\\/#breadcrumb\"},\"inLanguage\":\"pt-BR\",\"potentialAction\":[{\"@type\":\"ReadAction\",\"target\":[\"https:\\\/\\\/redeicm.org.br\\\/institutocoracaodemaria\\\/30-anos-de-historia-tecida-por-muitas-maos\\\/\"]}]},{\"@type\":\"ImageObject\",\"inLanguage\":\"pt-BR\",\"@id\":\"https:\\\/\\\/redeicm.org.br\\\/institutocoracaodemaria\\\/30-anos-de-historia-tecida-por-muitas-maos\\\/#primaryimage\",\"url\":\"https:\\\/\\\/redeicm.org.br\\\/institutocoracaodemaria\\\/wp-content\\\/uploads\\\/sites\\\/14\\\/2026\\\/08\\\/IMG-20260806-WA0024.jpg\",\"contentUrl\":\"https:\\\/\\\/redeicm.org.br\\\/institutocoracaodemaria\\\/wp-content\\\/uploads\\\/sites\\\/14\\\/2026\\\/08\\\/IMG-20260806-WA0024.jpg\",\"width\":1280,\"height\":726},{\"@type\":\"BreadcrumbList\",\"@id\":\"https:\\\/\\\/redeicm.org.br\\\/institutocoracaodemaria\\\/30-anos-de-historia-tecida-por-muitas-maos\\\/#breadcrumb\",\"itemListElement\":[{\"@type\":\"ListItem\",\"position\":1,\"name\":\"In\u00edcio\",\"item\":\"https:\\\/\\\/redeicm.org.br\\\/institutocoracaodemaria\\\/\"},{\"@type\":\"ListItem\",\"position\":2,\"name\":\"30 anos de hist\u00f3ria tecida por muitas m\u00e3os!\"}]},{\"@type\":\"WebSite\",\"@id\":\"https:\\\/\\\/redeicm.org.br\\\/institutocoracaodemaria\\\/#website\",\"url\":\"https:\\\/\\\/redeicm.org.br\\\/institutocoracaodemaria\\\/\",\"name\":\"Instituto Cora\u00e7\u00e3o de Maria | Rede ICM de Educa\u00e7\u00e3o e Assist\u00eancia Social\",\"description\":\"Servi\u00e7o Socioassistencial que atende crian\u00e7as e adolescentes de 06 a 15 anos em contra turno escolar.\",\"publisher\":{\"@id\":\"https:\\\/\\\/redeicm.org.br\\\/institutocoracaodemaria\\\/#organization\"},\"potentialAction\":[{\"@type\":\"SearchAction\",\"target\":{\"@type\":\"EntryPoint\",\"urlTemplate\":\"https:\\\/\\\/redeicm.org.br\\\/institutocoracaodemaria\\\/?s={search_term_string}\"},\"query-input\":{\"@type\":\"PropertyValueSpecification\",\"valueRequired\":true,\"valueName\":\"search_term_string\"}}],\"inLanguage\":\"pt-BR\"},{\"@type\":\"Organization\",\"@id\":\"https:\\\/\\\/redeicm.org.br\\\/institutocoracaodemaria\\\/#organization\",\"name\":\"Instituto Cora\u00e7\u00e3o de Maria | Rede ICM de Educa\u00e7\u00e3o e Assist\u00eancia Social\",\"url\":\"https:\\\/\\\/redeicm.org.br\\\/institutocoracaodemaria\\\/\",\"logo\":{\"@type\":\"ImageObject\",\"inLanguage\":\"pt-BR\",\"@id\":\"https:\\\/\\\/redeicm.org.br\\\/institutocoracaodemaria\\\/#\\\/schema\\\/logo\\\/image\\\/\",\"url\":\"https:\\\/\\\/redeicm.org.br\\\/institutocoracaodemaria\\\/wp-content\\\/uploads\\\/sites\\\/14\\\/2024\\\/08\\\/ICM_Socio_ImaculadoCoracao_preferencial-1024x385-1.png\",\"contentUrl\":\"https:\\\/\\\/redeicm.org.br\\\/institutocoracaodemaria\\\/wp-content\\\/uploads\\\/sites\\\/14\\\/2024\\\/08\\\/ICM_Socio_ImaculadoCoracao_preferencial-1024x385-1.png\",\"width\":1024,\"height\":385,\"caption\":\"Instituto Cora\u00e7\u00e3o de Maria | Rede ICM de Educa\u00e7\u00e3o e Assist\u00eancia Social\"},\"image\":{\"@id\":\"https:\\\/\\\/redeicm.org.br\\\/institutocoracaodemaria\\\/#\\\/schema\\\/logo\\\/image\\\/\"}},{\"@type\":\"Person\",\"@id\":\"https:\\\/\\\/redeicm.org.br\\\/institutocoracaodemaria\\\/#\\\/schema\\\/person\\\/681db1e849b0242d53160cee67cafa60\",\"name\":\"mariasampaio\",\"image\":{\"@type\":\"ImageObject\",\"inLanguage\":\"pt-BR\",\"@id\":\"https:\\\/\\\/secure.gravatar.com\\\/avatar\\\/9e15a84ff9884d10fbd38ad40295e1f9d83ff810c07e6333ef036f280cc015a7?s=96&d=mm&r=g\",\"url\":\"https:\\\/\\\/secure.gravatar.com\\\/avatar\\\/9e15a84ff9884d10fbd38ad40295e1f9d83ff810c07e6333ef036f280cc015a7?s=96&d=mm&r=g\",\"contentUrl\":\"https:\\\/\\\/secure.gravatar.com\\\/avatar\\\/9e15a84ff9884d10fbd38ad40295e1f9d83ff810c07e6333ef036f280cc015a7?s=96&d=mm&r=g\",\"caption\":\"mariasampaio\"},\"url\":\"https:\\\/\\\/redeicm.org.br\\\/institutocoracaodemaria\\\/author\\\/mariasampaio\\\/\"}]}<\/script>\n<!-- \/ Yoast SEO plugin. -->","yoast_head_json":{"title":"30 anos de hist\u00f3ria tecida por muitas m\u00e3os! - Instituto Cora\u00e7\u00e3o de Maria | Rede ICM de Educa\u00e7\u00e3o e Assist\u00eancia Social","robots":{"index":"index","follow":"follow","max-snippet":"max-snippet:-1","max-image-preview":"max-image-preview:large","max-video-preview":"max-video-preview:-1"},"canonical":"https:\/\/redeicm.org.br\/institutocoracaodemaria\/30-anos-de-historia-tecida-por-muitas-maos\/","og_locale":"pt_BR","og_type":"article","og_title":"30 anos de hist\u00f3ria tecida por muitas m\u00e3os! - Instituto Cora\u00e7\u00e3o de Maria | Rede ICM de Educa\u00e7\u00e3o e Assist\u00eancia Social","og_description":"Em cinco de agosto, de dois mil e vinte e seis, \u00e0s l6h, o Instituto Imaculado Cora\u00e7\u00e3o de Maria, festejou bodas de p\u00e9rolas, o Imaculado foi reconfigurado em assistencial no dia, 05 \/08\/1996, e este ano completou 30 anos de semeadura. Irm\u00e3s da Comunidade na alegria em perdurarem a miss\u00e3o a elas confiadas, uniu aos colaboradores  para acolherem os convidados e celebrarem ao Deus Trindade as benevol\u00eancias e conquistas.  \ud83e\udd73Os usu\u00e1rios que por aqui perpassam deixaram e levaram promo\u00e7\u00f5es e descobertas, foram muitas m\u00e3os que os amparam, as Irm\u00e3s da Congrega\u00e7\u00e3o, com a m\u00edstica da fundadora teceram em discernir temas que ao longo dos anos em din\u00e2micas nas oficinas que mitigam por igualdade. Ver o desabrochar natural das crian\u00e7as e adolescentes  permite visualizarmos a magnitude da assist\u00eancia da Rede ICM. O entusiasmo em prosseguir com a Obra a n\u00f3s confiados foi sinal que a semeadura ocorreu em solo f\u00e9rtil, e que nos rendeu prof\u00edcuas  colheitas, pois os frutos de aprendizado s\u00e3o provindos do legado da Congrega\u00e7\u00e3o na promo\u00e7\u00e3o e defesa da vida.","og_url":"https:\/\/redeicm.org.br\/institutocoracaodemaria\/30-anos-de-historia-tecida-por-muitas-maos\/","og_site_name":"Instituto Cora\u00e7\u00e3o de Maria | Rede ICM de Educa\u00e7\u00e3o e Assist\u00eancia Social","article_published_time":"2026-06-19T19:29:15+00:00","article_modified_time":"2026-08-20T17:26:49+00:00","og_image":[{"width":1280,"height":726,"url":"https:\/\/redeicm.org.br\/institutocoracaodemaria\/wp-content\/uploads\/sites\/14\/2026\/08\/IMG-20260806-WA0024.jpg","type":"image\/jpeg"}],"author":"mariasampaio","twitter_card":"summary_large_image","twitter_misc":{"Escrito por":"mariasampaio"},"schema":{"@context":"https:\/\/schema.org","@graph":[{"@type":"Article","@id":"https:\/\/redeicm.org.br\/institutocoracaodemaria\/30-anos-de-historia-tecida-por-muitas-maos\/#article","isPartOf":{"@id":"https:\/\/redeicm.org.br\/institutocoracaodemaria\/30-anos-de-historia-tecida-por-muitas-maos\/"},"author":{"name":"mariasampaio","@id":"https:\/\/redeicm.org.br\/institutocoracaodemaria\/#\/schema\/person\/681db1e849b0242d53160cee67cafa60"},"headline":"30 anos de hist\u00f3ria tecida por muitas m\u00e3os!","datePublished":"2026-06-19T19:29:15+00:00","dateModified":"2026-08-20T17:26:49+00:00","mainEntityOfPage":{"@id":"https:\/\/redeicm.org.br\/institutocoracaodemaria\/30-anos-de-historia-tecida-por-muitas-maos\/"},"wordCount":9,"commentCount":0,"publisher":{"@id":"https:\/\/redeicm.org.br\/institutocoracaodemaria\/#organization"},"image":{"@id":"https:\/\/redeicm.org.br\/institutocoracaodemaria\/30-anos-de-historia-tecida-por-muitas-maos\/#primaryimage"},"thumbnailUrl":"https:\/\/redeicm.org.br\/institutocoracaodemaria\/wp-content\/uploads\/sites\/14\/2026\/08\/IMG-20260806-WA0024.jpg","inLanguage":"pt-BR","potentialAction":[{"@type":"CommentAction","name":"Comment","target":["https:\/\/redeicm.org.br\/institutocoracaodemaria\/30-anos-de-historia-tecida-por-muitas-maos\/#respond"]}]},{"@type":"WebPage","@id":"https:\/\/redeicm.org.br\/institutocoracaodemaria\/30-anos-de-historia-tecida-por-muitas-maos\/","url":"https:\/\/redeicm.org.br\/institutocoracaodemaria\/30-anos-de-historia-tecida-por-muitas-maos\/","name":"30 anos de hist\u00f3ria tecida por muitas m\u00e3os! - Instituto Cora\u00e7\u00e3o de Maria | Rede ICM de Educa\u00e7\u00e3o e Assist\u00eancia Social","isPartOf":{"@id":"https:\/\/redeicm.org.br\/institutocoracaodemaria\/#website"},"primaryImageOfPage":{"@id":"https:\/\/redeicm.org.br\/institutocoracaodemaria\/30-anos-de-historia-tecida-por-muitas-maos\/#primaryimage"},"image":{"@id":"https:\/\/redeicm.org.br\/institutocoracaodemaria\/30-anos-de-historia-tecida-por-muitas-maos\/#primaryimage"},"thumbnailUrl":"https:\/\/redeicm.org.br\/institutocoracaodemaria\/wp-content\/uploads\/sites\/14\/2026\/08\/IMG-20260806-WA0024.jpg","datePublished":"2026-06-19T19:29:15+00:00","dateModified":"2026-08-20T17:26:49+00:00","breadcrumb":{"@id":"https:\/\/redeicm.org.br\/institutocoracaodemaria\/30-anos-de-historia-tecida-por-muitas-maos\/#breadcrumb"},"inLanguage":"pt-BR","potentialAction":[{"@type":"ReadAction","target":["https:\/\/redeicm.org.br\/institutocoracaodemaria\/30-anos-de-historia-tecida-por-muitas-maos\/"]}]},{"@type":"ImageObject","inLanguage":"pt-BR","@id":"https:\/\/redeicm.org.br\/institutocoracaodemaria\/30-anos-de-historia-tecida-por-muitas-maos\/#primaryimage","url":"https:\/\/redeicm.org.br\/institutocoracaodemaria\/wp-content\/uploads\/sites\/14\/2026\/08\/IMG-20260806-WA0024.jpg","contentUrl":"https:\/\/redeicm.org.br\/institutocoracaodemaria\/wp-content\/uploads\/sites\/14\/2026\/08\/IMG-20260806-WA0024.jpg","width":1280,"height":726},{"@type":"BreadcrumbList","@id":"https:\/\/redeicm.org.br\/institutocoracaodemaria\/30-anos-de-historia-tecida-por-muitas-maos\/#breadcrumb","itemListElement":[{"@type":"ListItem","position":1,"name":"In\u00edcio","item":"https:\/\/redeicm.org.br\/institutocoracaodemaria\/"},{"@type":"ListItem","position":2,"name":"30 anos de hist\u00f3ria tecida por muitas m\u00e3os!"}]},{"@type":"WebSite","@id":"https:\/\/redeicm.org.br\/institutocoracaodemaria\/#website","url":"https:\/\/redeicm.org.br\/institutocoracaodemaria\/","name":"Instituto Cora\u00e7\u00e3o de Maria | Rede ICM de Educa\u00e7\u00e3o e Assist\u00eancia Social","description":"Servi\u00e7o Socioassistencial que atende crian\u00e7as e adolescentes de 06 a 15 anos em contra turno escolar.","publisher":{"@id":"https:\/\/redeicm.org.br\/institutocoracaodemaria\/#organization"},"potentialAction":[{"@type":"SearchAction","target":{"@type":"EntryPoint","urlTemplate":"https:\/\/redeicm.org.br\/institutocoracaodemaria\/?s={search_term_string}"},"query-input":{"@type":"PropertyValueSpecification","valueRequired":true,"valueName":"search_term_string"}}],"inLanguage":"pt-BR"},{"@type":"Organization","@id":"https:\/\/redeicm.org.br\/institutocoracaodemaria\/#organization","name":"Instituto Cora\u00e7\u00e3o de Maria | Rede ICM de Educa\u00e7\u00e3o e Assist\u00eancia Social","url":"https:\/\/redeicm.org.br\/institutocoracaodemaria\/","logo":{"@type":"ImageObject","inLanguage":"pt-BR","@id":"https:\/\/redeicm.org.br\/institutocoracaodemaria\/#\/schema\/logo\/image\/","url":"https:\/\/redeicm.org.br\/institutocoracaodemaria\/wp-content\/uploads\/sites\/14\/2024\/08\/ICM_Socio_ImaculadoCoracao_preferencial-1024x385-1.png","contentUrl":"https:\/\/redeicm.org.br\/institutocoracaodemaria\/wp-content\/uploads\/sites\/14\/2024\/08\/ICM_Socio_ImaculadoCoracao_preferencial-1024x385-1.png","width":1024,"height":385,"caption":"Instituto Cora\u00e7\u00e3o de Maria | Rede ICM de Educa\u00e7\u00e3o e Assist\u00eancia Social"},"image":{"@id":"https:\/\/redeicm.org.br\/institutocoracaodemaria\/#\/schema\/logo\/image\/"}},{"@type":"Person","@id":"https:\/\/redeicm.org.br\/institutocoracaodemaria\/#\/schema\/person\/681db1e849b0242d53160cee67cafa60","name":"mariasampaio","image":{"@type":"ImageObject","inLanguage":"pt-BR","@id":"https:\/\/secure.gravatar.com\/avatar\/9e15a84ff9884d10fbd38ad40295e1f9d83ff810c07e6333ef036f280cc015a7?s=96&d=mm&r=g","url":"https:\/\/secure.gravatar.com\/avatar\/9e15a84ff9884d10fbd38ad40295e1f9d83ff810c07e6333ef036f280cc015a7?s=96&d=mm&r=g","contentUrl":"https:\/\/secure.gravatar.com\/avatar\/9e15a84ff9884d10fbd38ad40295e1f9d83ff810c07e6333ef036f280cc015a7?s=96&d=mm&r=g","caption":"mariasampaio"},"url":"https:\/\/redeicm.org.br\/institutocoracaodemaria\/author\/mariasampaio\/"}]}},"_links":{"self":[{"href":"https:\/\/redeicm.org.br\/institutocoracaodemaria\/wp-json\/wp\/v2\/posts\/1622","targetHints":{"allow":["GET"]}}],"collection":[{"href":"https:\/\/redeicm.org.br\/institutocoracaodemaria\/wp-json\/wp\/v2\/posts"}],"about":[{"href":"https:\/\/redeicm.org.br\/institutocoracaodemaria\/wp-json\/wp\/v2\/types\/post"}],"author":[{"embeddable":true,"href":"https:\/\/redeicm.org.br\/institutocoracaodemaria\/wp-json\/wp\/v2\/users\/29"}],"replies":[{"embeddable":true,"href":"https:\/\/redeicm.org.br\/institutocoracaodemaria\/wp-json\/wp\/v2\/comments?post=1622"}],"version-history":[{"count":6,"href":"https:\/\/redeicm.org.br\/institutocoracaodemaria\/wp-json\/wp\/v2\/posts\/1622\/revisions"}],"predecessor-version":[{"id":1823,"href":"https:\/\/redeicm.org.br\/institutocoracaodemaria\/wp-json\/wp\/v2\/posts\/1622\/revisions\/1823"}],"wp:featuredmedia":[{"embeddable":true,"href":"https:\/\/redeicm.org.br\/institutocoracaodemaria\/wp-json\/wp\/v2\/media\/1791"}],"wp:attachment":[{"href":"https:\/\/redeicm.org.br\/institutocoracaodemaria\/wp-json\/wp\/v2\/media?parent=1622"}],"wp:term":[{"taxonomy":"category","embeddable":true,"href":"https:\/\/redeicm.org.br\/institutocoracaodemaria\/wp-json\/wp\/v2\/categories?post=1622"},{"taxonomy":"post_tag","embeddable":true,"href":"https:\/\/redeicm.org.br\/institutocoracaodemaria\/wp-json\/wp\/v2\/tags?post=1622"}],"curies":[{"name":"wp","href":"https:\/\/api.w.org\/{rel}","templated":true}]}}