{"id":4579,"date":"2026-08-28T15:15:47","date_gmt":"2026-08-28T18:15:47","guid":{"rendered":"https:\/\/redeicm.org.br\/imaculadaconceicao\/?p=4579"},"modified":"2026-08-28T15:51:26","modified_gmt":"2026-08-28T18:51:26","slug":"brigada-incendio-primeiros-socorros","status":"publish","type":"post","link":"https:\/\/redeicm.org.br\/imaculadaconceicao\/brigada-incendio-primeiros-socorros\/","title":{"rendered":"Preven\u00e7\u00e3o e cuidado com a vida: capacita\u00e7\u00e3o em primeiros socorros e brigada de inc\u00eandio"},"content":{"rendered":"\t\t<div data-elementor-type=\"wp-post\" data-elementor-id=\"4579\" class=\"elementor elementor-4579\" data-elementor-post-type=\"post\">\n\t\t\t\t<div class=\"elementor-element elementor-element-1fe0e94 e-flex e-con-boxed e-con e-parent\" data-id=\"1fe0e94\" data-element_type=\"container\" data-e-type=\"container\">\n\t\t\t\t\t<div class=\"e-con-inner\">\n\t\t\t\t\t<\/div>\n\t\t\t\t<\/div>\n\t\t<div class=\"elementor-element elementor-element-f1f7bc8 e-grid e-con-boxed e-con e-parent\" data-id=\"f1f7bc8\" data-element_type=\"container\" data-e-type=\"container\">\n\t\t\t\t\t<div class=\"e-con-inner\">\n\t\t\t\t<div class=\"elementor-element elementor-element-fd140e4 elementor-widget elementor-widget-text-editor\" data-id=\"fd140e4\" data-element_type=\"widget\" data-e-type=\"widget\" data-widget_type=\"text-editor.default\">\n\t\t\t\t<div class=\"elementor-widget-container\">\n\t\t\t\t\t\t\t\t\t<p><span style=\"font-weight: 400\">No Col\u00e9gio Imaculada Concei\u00e7\u00e3o, cuidar da vida tamb\u00e9m significa estar preparado. Ao longo deste m\u00eas, a institui\u00e7\u00e3o promoveu uma forma\u00e7\u00e3o em <\/span><b>Brigada de Inc\u00eandio e Primeiros Socorros<\/b><span style=\"font-weight: 400\">, envolvendo a prepara\u00e7\u00e3o e a capacita\u00e7\u00e3o de sua equipe de brigadistas.<\/span><\/p><p><span style=\"font-weight: 400\">Durante a forma\u00e7\u00e3o, os profissionais tiveram contato com conhecimentos te\u00f3ricos e pr\u00e1ticos fundamentais para a preven\u00e7\u00e3o e a atua\u00e7\u00e3o em situa\u00e7\u00f5es de emerg\u00eancia. Entre os conte\u00fados trabalhados estiveram procedimentos de primeiros socorros, preven\u00e7\u00e3o e combate a princ\u00edpios de inc\u00eandio, evacua\u00e7\u00e3o e formas seguras de agir diante de diferentes situa\u00e7\u00f5es de risco.<\/span><\/p><p><span style=\"font-weight: 400\">A iniciativa tem como objetivo fortalecer a capacidade da equipe para atuar de maneira r\u00e1pida, respons\u00e1vel e segura quando necess\u00e1rio, contribuindo para a prote\u00e7\u00e3o de toda a comunidade escolar.<\/span><\/p><p><span style=\"font-weight: 400\">Mais do que uma capacita\u00e7\u00e3o espec\u00edfica, a forma\u00e7\u00e3o representa uma das diversas a\u00e7\u00f5es desenvolvidas pelo Col\u00e9gio Imaculada Concei\u00e7\u00e3o com foco na <\/span><b>preven\u00e7\u00e3o, na seguran\u00e7a e na valoriza\u00e7\u00e3o da vida<\/b><span style=\"font-weight: 400\">. Esse compromisso est\u00e1 presente no cuidado cotidiano com os estudantes, desde a Educa\u00e7\u00e3o Infantil, e tamb\u00e9m com professores, colaboradores, fam\u00edlias e todos que fazem parte da institui\u00e7\u00e3o.<\/span><\/p><p><span style=\"font-weight: 400\">Preparar pessoas para situa\u00e7\u00f5es de emerg\u00eancia \u00e9 uma forma concreta de demonstrar responsabilidade e cuidado. Ao investir continuamente na forma\u00e7\u00e3o de suas equipes e em a\u00e7\u00f5es preventivas, o Col\u00e9gio fortalece uma cultura em que seguran\u00e7a e acolhimento caminham lado a lado.<\/span><\/p><p><b>Porque educar tamb\u00e9m \u00e9 cuidar. E cuidar da vida \u00e9 uma responsabilidade de todos.<\/b><\/p>\t\t\t\t\t\t\t\t<\/div>\n\t\t\t\t<\/div>\n\t\t\t\t\t<\/div>\n\t\t\t\t<\/div>\n\t\t<div class=\"elementor-element elementor-element-1f08e67 e-grid e-con-boxed e-con e-parent\" data-id=\"1f08e67\" data-element_type=\"container\" data-e-type=\"container\">\n\t\t\t\t\t<div class=\"e-con-inner\">\n\t\t<div class=\"elementor-element elementor-element-c465829 e-con-full e-flex e-con e-child\" data-id=\"c465829\" data-element_type=\"container\" data-e-type=\"container\">\n\t\t\t\t<div class=\"elementor-element elementor-element-70fa5b5 elementor-widget elementor-widget-video\" data-id=\"70fa5b5\" data-element_type=\"widget\" data-e-type=\"widget\" data-settings=\"{&quot;youtube_url&quot;:&quot;https:\\\/\\\/youtube.com\\\/shorts\\\/dRi985YgDTg&quot;,&quot;video_type&quot;:&quot;youtube&quot;,&quot;controls&quot;:&quot;yes&quot;}\" data-widget_type=\"video.default\">\n\t\t\t\t<div class=\"elementor-widget-container\">\n\t\t\t\t\t\t\t<div class=\"elementor-wrapper elementor-open-inline\">\n\t\t\t<div class=\"elementor-video\"><\/div>\t\t<\/div>\n\t\t\t\t\t\t<\/div>\n\t\t\t\t<\/div>\n\t\t\t\t<\/div>\n\t\t\t\t\t<\/div>\n\t\t\t\t<\/div>\n\t\t<div class=\"elementor-element elementor-element-8ec9946 e-flex e-con-boxed e-con e-parent\" data-id=\"8ec9946\" data-element_type=\"container\" data-e-type=\"container\">\n\t\t\t\t\t<div class=\"e-con-inner\">\n\t\t<div class=\"elementor-element elementor-element-68e718c e-con-full e-flex e-con e-child\" data-id=\"68e718c\" data-element_type=\"container\" data-e-type=\"container\">\n\t\t\t\t<\/div>\n\t\t\t\t\t<\/div>\n\t\t\t\t<\/div>\n\t\t<div class=\"elementor-element elementor-element-9464221 e-flex e-con-boxed e-con e-parent\" data-id=\"9464221\" data-element_type=\"container\" data-e-type=\"container\">\n\t\t\t\t\t<div class=\"e-con-inner\">\n\t\t\t\t<div class=\"elementor-element elementor-element-0bfc908 elementor-widget elementor-widget-gallery\" data-id=\"0bfc908\" data-element_type=\"widget\" data-e-type=\"widget\" data-settings=\"{&quot;gallery_layout&quot;:&quot;masonry&quot;,&quot;lazyload&quot;:&quot;yes&quot;,&quot;columns&quot;:4,&quot;columns_tablet&quot;:2,&quot;columns_mobile&quot;:1,&quot;gap&quot;:{&quot;unit&quot;:&quot;px&quot;,&quot;size&quot;:10,&quot;sizes&quot;:[]},&quot;gap_tablet&quot;:{&quot;unit&quot;:&quot;px&quot;,&quot;size&quot;:10,&quot;sizes&quot;:[]},&quot;gap_mobile&quot;:{&quot;unit&quot;:&quot;px&quot;,&quot;size&quot;:10,&quot;sizes&quot;:[]},&quot;link_to&quot;:&quot;file&quot;,&quot;overlay_background&quot;:&quot;yes&quot;,&quot;content_hover_animation&quot;:&quot;fade-in&quot;}\" data-widget_type=\"gallery.default\">\n\t\t\t\t<div class=\"elementor-widget-container\">\n\t\t\t\t\t\t\t<div class=\"elementor-gallery__container\">\n\t\t\t\t\t\t\t<a class=\"e-gallery-item elementor-gallery-item elementor-animated-content\" href=\"https:\/\/redeicm.org.br\/imaculadaconceicao\/wp-content\/uploads\/sites\/12\/2026\/08\/20260814_193824.jpg\" data-elementor-open-lightbox=\"yes\" data-elementor-lightbox-slideshow=\"0bfc908\" data-elementor-lightbox-title=\"20260814_193824\" data-e-action-hash=\"#elementor-action%3Aaction%3Dlightbox%26settings%3DeyJpZCI6NDU4MiwidXJsIjoiaHR0cHM6XC9cL3JlZGVpY20ub3JnLmJyXC9pbWFjdWxhZGFjb25jZWljYW9cL3dwLWNvbnRlbnRcL3VwbG9hZHNcL3NpdGVzXC8xMlwvMjAyNlwvMDhcLzIwMjYwODE0XzE5MzgyNC5qcGciLCJzbGlkZXNob3ciOiIwYmZjOTA4In0%3D\">\n\t\t\t\t\t<div class=\"e-gallery-image elementor-gallery-item__image\" data-thumbnail=\"https:\/\/redeicm.org.br\/imaculadaconceicao\/wp-content\/uploads\/sites\/12\/2026\/08\/20260814_193824-169x300.jpg\" data-width=\"169\" data-height=\"300\" aria-label=\"\" role=\"img\" ><\/div>\n\t\t\t\t\t\t\t\t\t\t\t<div class=\"elementor-gallery-item__overlay\"><\/div>\n\t\t\t\t\t\t\t\t\t\t\t\t\t\t<\/a>\n\t\t\t\t\t\t\t<a class=\"e-gallery-item elementor-gallery-item elementor-animated-content\" href=\"https:\/\/redeicm.org.br\/imaculadaconceicao\/wp-content\/uploads\/sites\/12\/2026\/08\/20260814_193915.jpg\" data-elementor-open-lightbox=\"yes\" data-elementor-lightbox-slideshow=\"0bfc908\" data-elementor-lightbox-title=\"20260814_193915\" data-e-action-hash=\"#elementor-action%3Aaction%3Dlightbox%26settings%3DeyJpZCI6NDU4MywidXJsIjoiaHR0cHM6XC9cL3JlZGVpY20ub3JnLmJyXC9pbWFjdWxhZGFjb25jZWljYW9cL3dwLWNvbnRlbnRcL3VwbG9hZHNcL3NpdGVzXC8xMlwvMjAyNlwvMDhcLzIwMjYwODE0XzE5MzkxNS5qcGciLCJzbGlkZXNob3ciOiIwYmZjOTA4In0%3D\">\n\t\t\t\t\t<div class=\"e-gallery-image elementor-gallery-item__image\" data-thumbnail=\"https:\/\/redeicm.org.br\/imaculadaconceicao\/wp-content\/uploads\/sites\/12\/2026\/08\/20260814_193915-169x300.jpg\" data-width=\"169\" data-height=\"300\" aria-label=\"\" role=\"img\" ><\/div>\n\t\t\t\t\t\t\t\t\t\t\t<div class=\"elementor-gallery-item__overlay\"><\/div>\n\t\t\t\t\t\t\t\t\t\t\t\t\t\t<\/a>\n\t\t\t\t\t\t\t<a class=\"e-gallery-item elementor-gallery-item elementor-animated-content\" href=\"https:\/\/redeicm.org.br\/imaculadaconceicao\/wp-content\/uploads\/sites\/12\/2026\/08\/20260815_085850.jpg\" data-elementor-open-lightbox=\"yes\" data-elementor-lightbox-slideshow=\"0bfc908\" data-elementor-lightbox-title=\"20260815_085850\" data-e-action-hash=\"#elementor-action%3Aaction%3Dlightbox%26settings%3DeyJpZCI6NDU4NCwidXJsIjoiaHR0cHM6XC9cL3JlZGVpY20ub3JnLmJyXC9pbWFjdWxhZGFjb25jZWljYW9cL3dwLWNvbnRlbnRcL3VwbG9hZHNcL3NpdGVzXC8xMlwvMjAyNlwvMDhcLzIwMjYwODE1XzA4NTg1MC5qcGciLCJzbGlkZXNob3ciOiIwYmZjOTA4In0%3D\">\n\t\t\t\t\t<div class=\"e-gallery-image elementor-gallery-item__image\" data-thumbnail=\"https:\/\/redeicm.org.br\/imaculadaconceicao\/wp-content\/uploads\/sites\/12\/2026\/08\/20260815_085850-169x300.jpg\" data-width=\"169\" data-height=\"300\" aria-label=\"\" role=\"img\" ><\/div>\n\t\t\t\t\t\t\t\t\t\t\t<div class=\"elementor-gallery-item__overlay\"><\/div>\n\t\t\t\t\t\t\t\t\t\t\t\t\t\t<\/a>\n\t\t\t\t\t\t\t<a class=\"e-gallery-item elementor-gallery-item elementor-animated-content\" href=\"https:\/\/redeicm.org.br\/imaculadaconceicao\/wp-content\/uploads\/sites\/12\/2026\/08\/20260815_100630.jpg\" data-elementor-open-lightbox=\"yes\" data-elementor-lightbox-slideshow=\"0bfc908\" data-elementor-lightbox-title=\"20260815_100630\" data-e-action-hash=\"#elementor-action%3Aaction%3Dlightbox%26settings%3DeyJpZCI6NDU4NSwidXJsIjoiaHR0cHM6XC9cL3JlZGVpY20ub3JnLmJyXC9pbWFjdWxhZGFjb25jZWljYW9cL3dwLWNvbnRlbnRcL3VwbG9hZHNcL3NpdGVzXC8xMlwvMjAyNlwvMDhcLzIwMjYwODE1XzEwMDYzMC5qcGciLCJzbGlkZXNob3ciOiIwYmZjOTA4In0%3D\">\n\t\t\t\t\t<div class=\"e-gallery-image elementor-gallery-item__image\" data-thumbnail=\"https:\/\/redeicm.org.br\/imaculadaconceicao\/wp-content\/uploads\/sites\/12\/2026\/08\/20260815_100630-169x300.jpg\" data-width=\"169\" data-height=\"300\" aria-label=\"\" role=\"img\" ><\/div>\n\t\t\t\t\t\t\t\t\t\t\t<div class=\"elementor-gallery-item__overlay\"><\/div>\n\t\t\t\t\t\t\t\t\t\t\t\t\t\t<\/a>\n\t\t\t\t\t\t\t<a class=\"e-gallery-item elementor-gallery-item elementor-animated-content\" href=\"https:\/\/redeicm.org.br\/imaculadaconceicao\/wp-content\/uploads\/sites\/12\/2026\/08\/20260815_100647.jpg\" data-elementor-open-lightbox=\"yes\" data-elementor-lightbox-slideshow=\"0bfc908\" data-elementor-lightbox-title=\"20260815_100647\" data-e-action-hash=\"#elementor-action%3Aaction%3Dlightbox%26settings%3DeyJpZCI6NDU4NiwidXJsIjoiaHR0cHM6XC9cL3JlZGVpY20ub3JnLmJyXC9pbWFjdWxhZGFjb25jZWljYW9cL3dwLWNvbnRlbnRcL3VwbG9hZHNcL3NpdGVzXC8xMlwvMjAyNlwvMDhcLzIwMjYwODE1XzEwMDY0Ny5qcGciLCJzbGlkZXNob3ciOiIwYmZjOTA4In0%3D\">\n\t\t\t\t\t<div class=\"e-gallery-image elementor-gallery-item__image\" data-thumbnail=\"https:\/\/redeicm.org.br\/imaculadaconceicao\/wp-content\/uploads\/sites\/12\/2026\/08\/20260815_100647-169x300.jpg\" data-width=\"169\" data-height=\"300\" aria-label=\"\" role=\"img\" ><\/div>\n\t\t\t\t\t\t\t\t\t\t\t<div class=\"elementor-gallery-item__overlay\"><\/div>\n\t\t\t\t\t\t\t\t\t\t\t\t\t\t<\/a>\n\t\t\t\t\t\t\t<a class=\"e-gallery-item elementor-gallery-item elementor-animated-content\" href=\"https:\/\/redeicm.org.br\/imaculadaconceicao\/wp-content\/uploads\/sites\/12\/2026\/08\/20260815_102740.jpg\" data-elementor-open-lightbox=\"yes\" data-elementor-lightbox-slideshow=\"0bfc908\" data-elementor-lightbox-title=\"20260815_102740\" data-e-action-hash=\"#elementor-action%3Aaction%3Dlightbox%26settings%3DeyJpZCI6NDU4NywidXJsIjoiaHR0cHM6XC9cL3JlZGVpY20ub3JnLmJyXC9pbWFjdWxhZGFjb25jZWljYW9cL3dwLWNvbnRlbnRcL3VwbG9hZHNcL3NpdGVzXC8xMlwvMjAyNlwvMDhcLzIwMjYwODE1XzEwMjc0MC5qcGciLCJzbGlkZXNob3ciOiIwYmZjOTA4In0%3D\">\n\t\t\t\t\t<div class=\"e-gallery-image elementor-gallery-item__image\" data-thumbnail=\"https:\/\/redeicm.org.br\/imaculadaconceicao\/wp-content\/uploads\/sites\/12\/2026\/08\/20260815_102740-169x300.jpg\" data-width=\"169\" data-height=\"300\" aria-label=\"\" role=\"img\" ><\/div>\n\t\t\t\t\t\t\t\t\t\t\t<div class=\"elementor-gallery-item__overlay\"><\/div>\n\t\t\t\t\t\t\t\t\t\t\t\t\t\t<\/a>\n\t\t\t\t\t\t\t<a class=\"e-gallery-item elementor-gallery-item elementor-animated-content\" href=\"https:\/\/redeicm.org.br\/imaculadaconceicao\/wp-content\/uploads\/sites\/12\/2026\/08\/20260815_102744.jpg\" data-elementor-open-lightbox=\"yes\" data-elementor-lightbox-slideshow=\"0bfc908\" data-elementor-lightbox-title=\"20260815_102744\" data-e-action-hash=\"#elementor-action%3Aaction%3Dlightbox%26settings%3DeyJpZCI6NDU4OCwidXJsIjoiaHR0cHM6XC9cL3JlZGVpY20ub3JnLmJyXC9pbWFjdWxhZGFjb25jZWljYW9cL3dwLWNvbnRlbnRcL3VwbG9hZHNcL3NpdGVzXC8xMlwvMjAyNlwvMDhcLzIwMjYwODE1XzEwMjc0NC5qcGciLCJzbGlkZXNob3ciOiIwYmZjOTA4In0%3D\">\n\t\t\t\t\t<div class=\"e-gallery-image elementor-gallery-item__image\" data-thumbnail=\"https:\/\/redeicm.org.br\/imaculadaconceicao\/wp-content\/uploads\/sites\/12\/2026\/08\/20260815_102744-300x169.jpg\" data-width=\"300\" data-height=\"169\" aria-label=\"\" role=\"img\" ><\/div>\n\t\t\t\t\t\t\t\t\t\t\t<div class=\"elementor-gallery-item__overlay\"><\/div>\n\t\t\t\t\t\t\t\t\t\t\t\t\t\t<\/a>\n\t\t\t\t\t<\/div>\n\t\t\t\t\t<\/div>\n\t\t\t\t<\/div>\n\t\t\t\t\t<\/div>\n\t\t\t\t<\/div>\n\t\t\t\t<\/div>\n\t\t","protected":false},"excerpt":{"rendered":"<p>No Col\u00e9gio Imaculada Concei\u00e7\u00e3o, cuidar da vida tamb\u00e9m significa estar preparado. Ao longo deste m\u00eas, a institui\u00e7\u00e3o promoveu uma forma\u00e7\u00e3o em Brigada de Inc\u00eandio e Primeiros Socorros, envolvendo a prepara\u00e7\u00e3o e a capacita\u00e7\u00e3o de sua equipe de brigadistas. Durante a forma\u00e7\u00e3o, os profissionais tiveram contato com conhecimentos te\u00f3ricos e pr\u00e1ticos fundamentais para a preven\u00e7\u00e3o e [&hellip;]<\/p>\n","protected":false},"author":19,"featured_media":4580,"comment_status":"open","ping_status":"open","sticky":false,"template":"","format":"standard","meta":{"_acf_changed":false,"footnotes":""},"categories":[14],"tags":[106,104,35,105,107,103,108,91],"class_list":["post-4579","post","type-post","status-publish","format-standard","has-post-thumbnail","hentry","category-noticias","tag-brigada","tag-capatitacao","tag-colegio-imaculada-conceicao","tag-cuidado","tag-incendio","tag-prevencao","tag-primeiros-socorros","tag-rede-icm-de-educacao"],"acf":[],"yoast_head":"<!-- This site is optimized with the Yoast SEO plugin v27.8 - https:\/\/yoast.com\/product\/yoast-seo-wordpress\/ -->\n<title>Imaculada investe em Brigada de Inc\u00eandio e Primeiros Socorros<\/title>\n<meta name=\"description\" content=\"Col\u00e9gio Imaculada fortalecendo a preven\u00e7\u00e3o, a seguran\u00e7a e o cuidado com a vida. Treinamento em Brigada de Inc\u00eandio e Primeiros Socorros.\" \/>\n<meta name=\"robots\" content=\"index, follow, max-snippet:-1, max-image-preview:large, max-video-preview:-1\" \/>\n<link rel=\"canonical\" href=\"https:\/\/redeicm.org.br\/imaculadaconceicao\/brigada-incendio-primeiros-socorros\/\" \/>\n<meta property=\"og:locale\" content=\"pt_BR\" \/>\n<meta property=\"og:type\" content=\"article\" \/>\n<meta property=\"og:title\" content=\"Dia da Fam\u00edlia celebra alegria no Col\u00e9gio Imaculada Concei\u00e7\u00e3o\" \/>\n<meta property=\"og:description\" content=\"O Col\u00e9gio Imaculada Concei\u00e7\u00e3o celebrou o Dia da Fam\u00edlia com alegria, m\u00fasica e conviv\u00eancia. Um momento de acolhimento e uni\u00e3o em Dois Irm\u00e3os.\" \/>\n<meta property=\"og:url\" content=\"https:\/\/redeicm.org.br\/imaculadaconceicao\/brigada-incendio-primeiros-socorros\/\" \/>\n<meta property=\"og:site_name\" content=\"Col\u00e9gio Imaculada Concei\u00e7\u00e3o | Rede ICM de educa\u00e7\u00e3o\" \/>\n<meta property=\"article:published_time\" content=\"2026-08-28T18:15:47+00:00\" \/>\n<meta property=\"article:modified_time\" content=\"2026-08-28T18:51:26+00:00\" \/>\n<meta property=\"og:image\" content=\"https:\/\/redeicm.org.br\/imaculadaconceicao\/wp-content\/uploads\/sites\/12\/2025\/10\/20251018_0959380-e1761043747883.jpg\" \/>\n\t<meta property=\"og:image:width\" content=\"608\" \/>\n\t<meta property=\"og:image:height\" content=\"495\" \/>\n\t<meta property=\"og:image:type\" content=\"image\/jpeg\" \/>\n<meta name=\"author\" content=\"danielfrohlich\" \/>\n<meta name=\"twitter:card\" content=\"summary_large_image\" \/>\n<meta name=\"twitter:label1\" content=\"Escrito por\" \/>\n\t<meta name=\"twitter:data1\" content=\"danielfrohlich\" \/>\n\t<meta name=\"twitter:label2\" content=\"Est. tempo de leitura\" \/>\n\t<meta name=\"twitter:data2\" content=\"2 minutos\" \/>\n<script type=\"application\/ld+json\" class=\"yoast-schema-graph\">{\"@context\":\"https:\\\/\\\/schema.org\",\"@graph\":[{\"@type\":\"Article\",\"@id\":\"https:\\\/\\\/redeicm.org.br\\\/imaculadaconceicao\\\/brigada-incendio-primeiros-socorros\\\/#article\",\"isPartOf\":{\"@id\":\"https:\\\/\\\/redeicm.org.br\\\/imaculadaconceicao\\\/brigada-incendio-primeiros-socorros\\\/\"},\"author\":{\"name\":\"danielfrohlich\",\"@id\":\"https:\\\/\\\/redeicm.org.br\\\/imaculadaconceicao\\\/#\\\/schema\\\/person\\\/1337424a614946b3b18a825fd03c8479\"},\"headline\":\"Preven\u00e7\u00e3o e cuidado com a vida: capacita\u00e7\u00e3o em primeiros socorros e brigada de inc\u00eandio\",\"datePublished\":\"2026-08-28T18:15:47+00:00\",\"dateModified\":\"2026-08-28T18:51:26+00:00\",\"mainEntityOfPage\":{\"@id\":\"https:\\\/\\\/redeicm.org.br\\\/imaculadaconceicao\\\/brigada-incendio-primeiros-socorros\\\/\"},\"wordCount\":297,\"commentCount\":0,\"publisher\":{\"@id\":\"https:\\\/\\\/redeicm.org.br\\\/imaculadaconceicao\\\/#organization\"},\"image\":{\"@id\":\"https:\\\/\\\/redeicm.org.br\\\/imaculadaconceicao\\\/brigada-incendio-primeiros-socorros\\\/#primaryimage\"},\"thumbnailUrl\":\"https:\\\/\\\/redeicm.org.br\\\/imaculadaconceicao\\\/wp-content\\\/uploads\\\/sites\\\/12\\\/2026\\\/08\\\/20260815_113709.jpg\",\"keywords\":[\"brigada\",\"capatita\u00e7\u00e3o\",\"Col\u00e9gio Imaculada Concei\u00e7\u00e3o\",\"cuidado\",\"incendio\",\"preven\u00e7\u00e3o\",\"primeiros socorros\",\"Rede ICM de Educa\u00e7\u00e3o\"],\"articleSection\":[\"NOT\u00cdCIAS\"],\"inLanguage\":\"pt-BR\",\"potentialAction\":[{\"@type\":\"CommentAction\",\"name\":\"Comment\",\"target\":[\"https:\\\/\\\/redeicm.org.br\\\/imaculadaconceicao\\\/brigada-incendio-primeiros-socorros\\\/#respond\"]}]},{\"@type\":\"WebPage\",\"@id\":\"https:\\\/\\\/redeicm.org.br\\\/imaculadaconceicao\\\/brigada-incendio-primeiros-socorros\\\/\",\"url\":\"https:\\\/\\\/redeicm.org.br\\\/imaculadaconceicao\\\/brigada-incendio-primeiros-socorros\\\/\",\"name\":\"Imaculada investe em Brigada de Inc\u00eandio e Primeiros Socorros\",\"isPartOf\":{\"@id\":\"https:\\\/\\\/redeicm.org.br\\\/imaculadaconceicao\\\/#website\"},\"primaryImageOfPage\":{\"@id\":\"https:\\\/\\\/redeicm.org.br\\\/imaculadaconceicao\\\/brigada-incendio-primeiros-socorros\\\/#primaryimage\"},\"image\":{\"@id\":\"https:\\\/\\\/redeicm.org.br\\\/imaculadaconceicao\\\/brigada-incendio-primeiros-socorros\\\/#primaryimage\"},\"thumbnailUrl\":\"https:\\\/\\\/redeicm.org.br\\\/imaculadaconceicao\\\/wp-content\\\/uploads\\\/sites\\\/12\\\/2026\\\/08\\\/20260815_113709.jpg\",\"datePublished\":\"2026-08-28T18:15:47+00:00\",\"dateModified\":\"2026-08-28T18:51:26+00:00\",\"description\":\"Col\u00e9gio Imaculada fortalecendo a preven\u00e7\u00e3o, a seguran\u00e7a e o cuidado com a vida. Treinamento em Brigada de Inc\u00eandio e Primeiros Socorros.\",\"breadcrumb\":{\"@id\":\"https:\\\/\\\/redeicm.org.br\\\/imaculadaconceicao\\\/brigada-incendio-primeiros-socorros\\\/#breadcrumb\"},\"inLanguage\":\"pt-BR\",\"potentialAction\":[{\"@type\":\"ReadAction\",\"target\":[\"https:\\\/\\\/redeicm.org.br\\\/imaculadaconceicao\\\/brigada-incendio-primeiros-socorros\\\/\"]}]},{\"@type\":\"ImageObject\",\"inLanguage\":\"pt-BR\",\"@id\":\"https:\\\/\\\/redeicm.org.br\\\/imaculadaconceicao\\\/brigada-incendio-primeiros-socorros\\\/#primaryimage\",\"url\":\"https:\\\/\\\/redeicm.org.br\\\/imaculadaconceicao\\\/wp-content\\\/uploads\\\/sites\\\/12\\\/2026\\\/08\\\/20260815_113709.jpg\",\"contentUrl\":\"https:\\\/\\\/redeicm.org.br\\\/imaculadaconceicao\\\/wp-content\\\/uploads\\\/sites\\\/12\\\/2026\\\/08\\\/20260815_113709.jpg\",\"width\":900,\"height\":507},{\"@type\":\"BreadcrumbList\",\"@id\":\"https:\\\/\\\/redeicm.org.br\\\/imaculadaconceicao\\\/brigada-incendio-primeiros-socorros\\\/#breadcrumb\",\"itemListElement\":[{\"@type\":\"ListItem\",\"position\":1,\"name\":\"In\u00edcio\",\"item\":\"https:\\\/\\\/redeicm.org.br\\\/imaculadaconceicao\\\/\"},{\"@type\":\"ListItem\",\"position\":2,\"name\":\"Preven\u00e7\u00e3o e cuidado com a vida: capacita\u00e7\u00e3o em primeiros socorros e brigada de inc\u00eandio\"}]},{\"@type\":\"WebSite\",\"@id\":\"https:\\\/\\\/redeicm.org.br\\\/imaculadaconceicao\\\/#website\",\"url\":\"https:\\\/\\\/redeicm.org.br\\\/imaculadaconceicao\\\/\",\"name\":\"Col\u00e9gio Imaculada Concei\u00e7\u00e3o | Rede ICM de educa\u00e7\u00e3o\",\"description\":\"\",\"publisher\":{\"@id\":\"https:\\\/\\\/redeicm.org.br\\\/imaculadaconceicao\\\/#organization\"},\"potentialAction\":[{\"@type\":\"SearchAction\",\"target\":{\"@type\":\"EntryPoint\",\"urlTemplate\":\"https:\\\/\\\/redeicm.org.br\\\/imaculadaconceicao\\\/?s={search_term_string}\"},\"query-input\":{\"@type\":\"PropertyValueSpecification\",\"valueRequired\":true,\"valueName\":\"search_term_string\"}}],\"inLanguage\":\"pt-BR\"},{\"@type\":\"Organization\",\"@id\":\"https:\\\/\\\/redeicm.org.br\\\/imaculadaconceicao\\\/#organization\",\"name\":\"Col\u00e9gio Imaculada Concei\u00e7\u00e3o | Rede ICM de educa\u00e7\u00e3o\",\"url\":\"https:\\\/\\\/redeicm.org.br\\\/imaculadaconceicao\\\/\",\"logo\":{\"@type\":\"ImageObject\",\"inLanguage\":\"pt-BR\",\"@id\":\"https:\\\/\\\/redeicm.org.br\\\/imaculadaconceicao\\\/#\\\/schema\\\/logo\\\/image\\\/\",\"url\":\"https:\\\/\\\/redeicm.org.br\\\/imaculadaconceicao\\\/wp-content\\\/uploads\\\/sites\\\/12\\\/2024\\\/08\\\/ICM_Educacao_Imaculada_Conceicao_Preferencial_Cores-1024x263-1.png\",\"contentUrl\":\"https:\\\/\\\/redeicm.org.br\\\/imaculadaconceicao\\\/wp-content\\\/uploads\\\/sites\\\/12\\\/2024\\\/08\\\/ICM_Educacao_Imaculada_Conceicao_Preferencial_Cores-1024x263-1.png\",\"width\":1024,\"height\":263,\"caption\":\"Col\u00e9gio Imaculada Concei\u00e7\u00e3o | Rede ICM de educa\u00e7\u00e3o\"},\"image\":{\"@id\":\"https:\\\/\\\/redeicm.org.br\\\/imaculadaconceicao\\\/#\\\/schema\\\/logo\\\/image\\\/\"}},{\"@type\":\"Person\",\"@id\":\"https:\\\/\\\/redeicm.org.br\\\/imaculadaconceicao\\\/#\\\/schema\\\/person\\\/1337424a614946b3b18a825fd03c8479\",\"name\":\"danielfrohlich\",\"image\":{\"@type\":\"ImageObject\",\"inLanguage\":\"pt-BR\",\"@id\":\"https:\\\/\\\/secure.gravatar.com\\\/avatar\\\/4cfc7cf28e3162825403ef9899e45e0a936d8f5927372b72f2688f7e9ca34590?s=96&d=mm&r=g\",\"url\":\"https:\\\/\\\/secure.gravatar.com\\\/avatar\\\/4cfc7cf28e3162825403ef9899e45e0a936d8f5927372b72f2688f7e9ca34590?s=96&d=mm&r=g\",\"contentUrl\":\"https:\\\/\\\/secure.gravatar.com\\\/avatar\\\/4cfc7cf28e3162825403ef9899e45e0a936d8f5927372b72f2688f7e9ca34590?s=96&d=mm&r=g\",\"caption\":\"danielfrohlich\"},\"url\":\"https:\\\/\\\/redeicm.org.br\\\/imaculadaconceicao\\\/author\\\/danielfrohlich\\\/\"}]}<\/script>\n<!-- \/ Yoast SEO plugin. -->","yoast_head_json":{"title":"Imaculada investe em Brigada de Inc\u00eandio e Primeiros Socorros","description":"Col\u00e9gio Imaculada fortalecendo a preven\u00e7\u00e3o, a seguran\u00e7a e o cuidado com a vida. Treinamento em Brigada de Inc\u00eandio e Primeiros Socorros.","robots":{"index":"index","follow":"follow","max-snippet":"max-snippet:-1","max-image-preview":"max-image-preview:large","max-video-preview":"max-video-preview:-1"},"canonical":"https:\/\/redeicm.org.br\/imaculadaconceicao\/brigada-incendio-primeiros-socorros\/","og_locale":"pt_BR","og_type":"article","og_title":"Dia da Fam\u00edlia celebra alegria no Col\u00e9gio Imaculada Concei\u00e7\u00e3o","og_description":"O Col\u00e9gio Imaculada Concei\u00e7\u00e3o celebrou o Dia da Fam\u00edlia com alegria, m\u00fasica e conviv\u00eancia. Um momento de acolhimento e uni\u00e3o em Dois Irm\u00e3os.","og_url":"https:\/\/redeicm.org.br\/imaculadaconceicao\/brigada-incendio-primeiros-socorros\/","og_site_name":"Col\u00e9gio Imaculada Concei\u00e7\u00e3o | Rede ICM de educa\u00e7\u00e3o","article_published_time":"2026-08-28T18:15:47+00:00","article_modified_time":"2026-08-28T18:51:26+00:00","og_image":[{"width":608,"height":495,"url":"https:\/\/redeicm.org.br\/imaculadaconceicao\/wp-content\/uploads\/sites\/12\/2025\/10\/20251018_0959380-e1761043747883.jpg","type":"image\/jpeg"}],"author":"danielfrohlich","twitter_card":"summary_large_image","twitter_misc":{"Escrito por":"danielfrohlich","Est. tempo de leitura":"2 minutos"},"schema":{"@context":"https:\/\/schema.org","@graph":[{"@type":"Article","@id":"https:\/\/redeicm.org.br\/imaculadaconceicao\/brigada-incendio-primeiros-socorros\/#article","isPartOf":{"@id":"https:\/\/redeicm.org.br\/imaculadaconceicao\/brigada-incendio-primeiros-socorros\/"},"author":{"name":"danielfrohlich","@id":"https:\/\/redeicm.org.br\/imaculadaconceicao\/#\/schema\/person\/1337424a614946b3b18a825fd03c8479"},"headline":"Preven\u00e7\u00e3o e cuidado com a vida: capacita\u00e7\u00e3o em primeiros socorros e brigada de inc\u00eandio","datePublished":"2026-08-28T18:15:47+00:00","dateModified":"2026-08-28T18:51:26+00:00","mainEntityOfPage":{"@id":"https:\/\/redeicm.org.br\/imaculadaconceicao\/brigada-incendio-primeiros-socorros\/"},"wordCount":297,"commentCount":0,"publisher":{"@id":"https:\/\/redeicm.org.br\/imaculadaconceicao\/#organization"},"image":{"@id":"https:\/\/redeicm.org.br\/imaculadaconceicao\/brigada-incendio-primeiros-socorros\/#primaryimage"},"thumbnailUrl":"https:\/\/redeicm.org.br\/imaculadaconceicao\/wp-content\/uploads\/sites\/12\/2026\/08\/20260815_113709.jpg","keywords":["brigada","capatita\u00e7\u00e3o","Col\u00e9gio Imaculada Concei\u00e7\u00e3o","cuidado","incendio","preven\u00e7\u00e3o","primeiros socorros","Rede ICM de Educa\u00e7\u00e3o"],"articleSection":["NOT\u00cdCIAS"],"inLanguage":"pt-BR","potentialAction":[{"@type":"CommentAction","name":"Comment","target":["https:\/\/redeicm.org.br\/imaculadaconceicao\/brigada-incendio-primeiros-socorros\/#respond"]}]},{"@type":"WebPage","@id":"https:\/\/redeicm.org.br\/imaculadaconceicao\/brigada-incendio-primeiros-socorros\/","url":"https:\/\/redeicm.org.br\/imaculadaconceicao\/brigada-incendio-primeiros-socorros\/","name":"Imaculada investe em Brigada de Inc\u00eandio e Primeiros Socorros","isPartOf":{"@id":"https:\/\/redeicm.org.br\/imaculadaconceicao\/#website"},"primaryImageOfPage":{"@id":"https:\/\/redeicm.org.br\/imaculadaconceicao\/brigada-incendio-primeiros-socorros\/#primaryimage"},"image":{"@id":"https:\/\/redeicm.org.br\/imaculadaconceicao\/brigada-incendio-primeiros-socorros\/#primaryimage"},"thumbnailUrl":"https:\/\/redeicm.org.br\/imaculadaconceicao\/wp-content\/uploads\/sites\/12\/2026\/08\/20260815_113709.jpg","datePublished":"2026-08-28T18:15:47+00:00","dateModified":"2026-08-28T18:51:26+00:00","description":"Col\u00e9gio Imaculada fortalecendo a preven\u00e7\u00e3o, a seguran\u00e7a e o cuidado com a vida. Treinamento em Brigada de Inc\u00eandio e Primeiros Socorros.","breadcrumb":{"@id":"https:\/\/redeicm.org.br\/imaculadaconceicao\/brigada-incendio-primeiros-socorros\/#breadcrumb"},"inLanguage":"pt-BR","potentialAction":[{"@type":"ReadAction","target":["https:\/\/redeicm.org.br\/imaculadaconceicao\/brigada-incendio-primeiros-socorros\/"]}]},{"@type":"ImageObject","inLanguage":"pt-BR","@id":"https:\/\/redeicm.org.br\/imaculadaconceicao\/brigada-incendio-primeiros-socorros\/#primaryimage","url":"https:\/\/redeicm.org.br\/imaculadaconceicao\/wp-content\/uploads\/sites\/12\/2026\/08\/20260815_113709.jpg","contentUrl":"https:\/\/redeicm.org.br\/imaculadaconceicao\/wp-content\/uploads\/sites\/12\/2026\/08\/20260815_113709.jpg","width":900,"height":507},{"@type":"BreadcrumbList","@id":"https:\/\/redeicm.org.br\/imaculadaconceicao\/brigada-incendio-primeiros-socorros\/#breadcrumb","itemListElement":[{"@type":"ListItem","position":1,"name":"In\u00edcio","item":"https:\/\/redeicm.org.br\/imaculadaconceicao\/"},{"@type":"ListItem","position":2,"name":"Preven\u00e7\u00e3o e cuidado com a vida: capacita\u00e7\u00e3o em primeiros socorros e brigada de inc\u00eandio"}]},{"@type":"WebSite","@id":"https:\/\/redeicm.org.br\/imaculadaconceicao\/#website","url":"https:\/\/redeicm.org.br\/imaculadaconceicao\/","name":"Col\u00e9gio Imaculada Concei\u00e7\u00e3o | Rede ICM de educa\u00e7\u00e3o","description":"","publisher":{"@id":"https:\/\/redeicm.org.br\/imaculadaconceicao\/#organization"},"potentialAction":[{"@type":"SearchAction","target":{"@type":"EntryPoint","urlTemplate":"https:\/\/redeicm.org.br\/imaculadaconceicao\/?s={search_term_string}"},"query-input":{"@type":"PropertyValueSpecification","valueRequired":true,"valueName":"search_term_string"}}],"inLanguage":"pt-BR"},{"@type":"Organization","@id":"https:\/\/redeicm.org.br\/imaculadaconceicao\/#organization","name":"Col\u00e9gio Imaculada Concei\u00e7\u00e3o | Rede ICM de educa\u00e7\u00e3o","url":"https:\/\/redeicm.org.br\/imaculadaconceicao\/","logo":{"@type":"ImageObject","inLanguage":"pt-BR","@id":"https:\/\/redeicm.org.br\/imaculadaconceicao\/#\/schema\/logo\/image\/","url":"https:\/\/redeicm.org.br\/imaculadaconceicao\/wp-content\/uploads\/sites\/12\/2024\/08\/ICM_Educacao_Imaculada_Conceicao_Preferencial_Cores-1024x263-1.png","contentUrl":"https:\/\/redeicm.org.br\/imaculadaconceicao\/wp-content\/uploads\/sites\/12\/2024\/08\/ICM_Educacao_Imaculada_Conceicao_Preferencial_Cores-1024x263-1.png","width":1024,"height":263,"caption":"Col\u00e9gio Imaculada Concei\u00e7\u00e3o | Rede ICM de educa\u00e7\u00e3o"},"image":{"@id":"https:\/\/redeicm.org.br\/imaculadaconceicao\/#\/schema\/logo\/image\/"}},{"@type":"Person","@id":"https:\/\/redeicm.org.br\/imaculadaconceicao\/#\/schema\/person\/1337424a614946b3b18a825fd03c8479","name":"danielfrohlich","image":{"@type":"ImageObject","inLanguage":"pt-BR","@id":"https:\/\/secure.gravatar.com\/avatar\/4cfc7cf28e3162825403ef9899e45e0a936d8f5927372b72f2688f7e9ca34590?s=96&d=mm&r=g","url":"https:\/\/secure.gravatar.com\/avatar\/4cfc7cf28e3162825403ef9899e45e0a936d8f5927372b72f2688f7e9ca34590?s=96&d=mm&r=g","contentUrl":"https:\/\/secure.gravatar.com\/avatar\/4cfc7cf28e3162825403ef9899e45e0a936d8f5927372b72f2688f7e9ca34590?s=96&d=mm&r=g","caption":"danielfrohlich"},"url":"https:\/\/redeicm.org.br\/imaculadaconceicao\/author\/danielfrohlich\/"}]}},"_links":{"self":[{"href":"https:\/\/redeicm.org.br\/imaculadaconceicao\/wp-json\/wp\/v2\/posts\/4579","targetHints":{"allow":["GET"]}}],"collection":[{"href":"https:\/\/redeicm.org.br\/imaculadaconceicao\/wp-json\/wp\/v2\/posts"}],"about":[{"href":"https:\/\/redeicm.org.br\/imaculadaconceicao\/wp-json\/wp\/v2\/types\/post"}],"author":[{"embeddable":true,"href":"https:\/\/redeicm.org.br\/imaculadaconceicao\/wp-json\/wp\/v2\/users\/19"}],"replies":[{"embeddable":true,"href":"https:\/\/redeicm.org.br\/imaculadaconceicao\/wp-json\/wp\/v2\/comments?post=4579"}],"version-history":[{"count":5,"href":"https:\/\/redeicm.org.br\/imaculadaconceicao\/wp-json\/wp\/v2\/posts\/4579\/revisions"}],"predecessor-version":[{"id":4592,"href":"https:\/\/redeicm.org.br\/imaculadaconceicao\/wp-json\/wp\/v2\/posts\/4579\/revisions\/4592"}],"wp:featuredmedia":[{"embeddable":true,"href":"https:\/\/redeicm.org.br\/imaculadaconceicao\/wp-json\/wp\/v2\/media\/4580"}],"wp:attachment":[{"href":"https:\/\/redeicm.org.br\/imaculadaconceicao\/wp-json\/wp\/v2\/media?parent=4579"}],"wp:term":[{"taxonomy":"category","embeddable":true,"href":"https:\/\/redeicm.org.br\/imaculadaconceicao\/wp-json\/wp\/v2\/categories?post=4579"},{"taxonomy":"post_tag","embeddable":true,"href":"https:\/\/redeicm.org.br\/imaculadaconceicao\/wp-json\/wp\/v2\/tags?post=4579"}],"curies":[{"name":"wp","href":"https:\/\/api.w.org\/{rel}","templated":true}]}}