{"id":4465,"date":"2026-08-07T17:00:43","date_gmt":"2026-08-07T20:00:43","guid":{"rendered":"https:\/\/redeicm.org.br\/imaculadaconceicao\/?p=4465"},"modified":"2026-08-20T09:30:42","modified_gmt":"2026-08-20T12:30:42","slug":"dia-dos-pais-colegio-imaculada-conceicao","status":"publish","type":"post","link":"https:\/\/redeicm.org.br\/imaculadaconceicao\/dia-dos-pais-colegio-imaculada-conceicao\/","title":{"rendered":"Uma noite para celebrar a presen\u00e7a e o amor dos pais"},"content":{"rendered":"\t\t<div data-elementor-type=\"wp-post\" data-elementor-id=\"4465\" class=\"elementor elementor-4465\" data-elementor-post-type=\"post\">\n\t\t\t\t<div class=\"elementor-element elementor-element-1fe0e94 e-flex e-con-boxed e-con e-parent\" data-id=\"1fe0e94\" data-element_type=\"container\" data-e-type=\"container\">\n\t\t\t\t\t<div class=\"e-con-inner\">\n\t\t\t\t\t<\/div>\n\t\t\t\t<\/div>\n\t\t<div class=\"elementor-element elementor-element-f1f7bc8 e-grid e-con-boxed e-con e-parent\" data-id=\"f1f7bc8\" data-element_type=\"container\" data-e-type=\"container\">\n\t\t\t\t\t<div class=\"e-con-inner\">\n\t\t\t\t<div class=\"elementor-element elementor-element-fd140e4 elementor-widget elementor-widget-text-editor\" data-id=\"fd140e4\" data-element_type=\"widget\" data-e-type=\"widget\" data-widget_type=\"text-editor.default\">\n\t\t\t\t<div class=\"elementor-widget-container\">\n\t\t\t\t\t\t\t\t\t<p><span style=\"font-weight: 400\">No dia <\/span><b>6 de agosto<\/b><span style=\"font-weight: 400\">, o Col\u00e9gio Imaculada Concei\u00e7\u00e3o promoveu uma noite especial em homenagem ao Dia dos Pais. A programa\u00e7\u00e3o teve in\u00edcio com uma celebra\u00e7\u00e3o eucar\u00edstica, reunindo fam\u00edlias, estudantes e educadores em um momento de f\u00e9, gratid\u00e3o e reflex\u00e3o sobre a import\u00e2ncia da presen\u00e7a paterna na vida de nossos estudantes.<\/span><\/p><p><span style=\"font-weight: 400\">Ap\u00f3s a Missa, a comunidade escolar foi convidada a participar de um jantar comemorativo, preparado com carinho para proporcionar um momento de conviv\u00eancia, aproxima\u00e7\u00e3o e confraterniza\u00e7\u00e3o entre as fam\u00edlias.<\/span><\/p><p><span style=\"font-weight: 400\">Mais do que uma comemora\u00e7\u00e3o, a noite refor\u00e7ou algo em que acreditamos profundamente: <\/span><b>celebrar tamb\u00e9m \u00e9 educar<\/b><span style=\"font-weight: 400\">. Os momentos de encontro, di\u00e1logo, partilha e conviv\u00eancia contribuem para a forma\u00e7\u00e3o integral de nossos estudantes e fortalecem os v\u00ednculos que sustentam a vida em comunidade.<\/span><\/p><p><span style=\"font-weight: 400\">Inspirados pelos valores que fazem parte da hist\u00f3ria do Col\u00e9gio Imaculada Concei\u00e7\u00e3o e da Rede ICM, celebramos a fam\u00edlia como espa\u00e7o de amor, cuidado, presen\u00e7a e constru\u00e7\u00e3o de mem\u00f3rias. Afinal, educar \u00e9 tamb\u00e9m caminhar junto, acompanhar cada etapa e estar presente nos momentos que realmente importam.<\/span><\/p><p><span style=\"font-weight: 400\">Foi uma noite marcada pela f\u00e9, pelo carinho e pela alegria de estarmos juntos. Uma celebra\u00e7\u00e3o para guardar na mem\u00f3ria e no cora\u00e7\u00e3o.<\/span><\/p><p><b>A todos os pais, nosso carinho, nossa gratid\u00e3o e o desejo de que nunca nos faltem motivos para celebrar juntos!<\/b><span style=\"font-weight: 400\"> \ud83d\udc99<\/span><\/p>\t\t\t\t\t\t\t\t<\/div>\n\t\t\t\t<\/div>\n\t\t\t\t\t<\/div>\n\t\t\t\t<\/div>\n\t\t<div class=\"elementor-element elementor-element-1f08e67 e-grid e-con-boxed e-con e-parent\" data-id=\"1f08e67\" data-element_type=\"container\" data-e-type=\"container\">\n\t\t\t\t\t<div class=\"e-con-inner\">\n\t\t<div class=\"elementor-element elementor-element-c465829 e-con-full e-flex e-con e-child\" data-id=\"c465829\" data-element_type=\"container\" data-e-type=\"container\">\n\t\t\t\t<div class=\"elementor-element elementor-element-70fa5b5 elementor-widget elementor-widget-video\" data-id=\"70fa5b5\" data-element_type=\"widget\" data-e-type=\"widget\" data-settings=\"{&quot;youtube_url&quot;:&quot;https:\\\/\\\/youtube.com\\\/shorts\\\/cfC1yDcab4A&quot;,&quot;video_type&quot;:&quot;youtube&quot;,&quot;controls&quot;:&quot;yes&quot;}\" data-widget_type=\"video.default\">\n\t\t\t\t<div class=\"elementor-widget-container\">\n\t\t\t\t\t\t\t<div class=\"elementor-wrapper elementor-open-inline\">\n\t\t\t<div class=\"elementor-video\"><\/div>\t\t<\/div>\n\t\t\t\t\t\t<\/div>\n\t\t\t\t<\/div>\n\t\t\t\t<\/div>\n\t\t\t\t\t<\/div>\n\t\t\t\t<\/div>\n\t\t<div class=\"elementor-element elementor-element-8ec9946 e-flex e-con-boxed e-con e-parent\" data-id=\"8ec9946\" data-element_type=\"container\" data-e-type=\"container\">\n\t\t\t\t\t<div class=\"e-con-inner\">\n\t\t<div class=\"elementor-element elementor-element-68e718c e-con-full e-flex e-con e-child\" data-id=\"68e718c\" data-element_type=\"container\" data-e-type=\"container\">\n\t\t\t\t<\/div>\n\t\t\t\t\t<\/div>\n\t\t\t\t<\/div>\n\t\t<div class=\"elementor-element elementor-element-9464221 e-flex e-con-boxed e-con e-parent\" data-id=\"9464221\" data-element_type=\"container\" data-e-type=\"container\">\n\t\t\t\t\t<div class=\"e-con-inner\">\n\t\t\t\t<div class=\"elementor-element elementor-element-0bfc908 elementor-widget elementor-widget-gallery\" data-id=\"0bfc908\" data-element_type=\"widget\" data-e-type=\"widget\" data-settings=\"{&quot;gallery_layout&quot;:&quot;masonry&quot;,&quot;lazyload&quot;:&quot;yes&quot;,&quot;columns&quot;:4,&quot;columns_tablet&quot;:2,&quot;columns_mobile&quot;:1,&quot;gap&quot;:{&quot;unit&quot;:&quot;px&quot;,&quot;size&quot;:10,&quot;sizes&quot;:[]},&quot;gap_tablet&quot;:{&quot;unit&quot;:&quot;px&quot;,&quot;size&quot;:10,&quot;sizes&quot;:[]},&quot;gap_mobile&quot;:{&quot;unit&quot;:&quot;px&quot;,&quot;size&quot;:10,&quot;sizes&quot;:[]},&quot;link_to&quot;:&quot;file&quot;,&quot;overlay_background&quot;:&quot;yes&quot;,&quot;content_hover_animation&quot;:&quot;fade-in&quot;}\" data-widget_type=\"gallery.default\">\n\t\t\t\t<div class=\"elementor-widget-container\">\n\t\t\t\t\t\t\t<div class=\"elementor-gallery__container\">\n\t\t\t\t\t\t\t<a class=\"e-gallery-item elementor-gallery-item elementor-animated-content\" href=\"https:\/\/redeicm.org.br\/imaculadaconceicao\/wp-content\/uploads\/sites\/12\/2026\/08\/20260806_190847.jpg\" data-elementor-open-lightbox=\"yes\" data-elementor-lightbox-slideshow=\"0bfc908\" data-elementor-lightbox-title=\"20260806_190847\" data-e-action-hash=\"#elementor-action%3Aaction%3Dlightbox%26settings%3DeyJpZCI6NDQ2OCwidXJsIjoiaHR0cHM6XC9cL3JlZGVpY20ub3JnLmJyXC9pbWFjdWxhZGFjb25jZWljYW9cL3dwLWNvbnRlbnRcL3VwbG9hZHNcL3NpdGVzXC8xMlwvMjAyNlwvMDhcLzIwMjYwODA2XzE5MDg0Ny5qcGciLCJzbGlkZXNob3ciOiIwYmZjOTA4In0%3D\">\n\t\t\t\t\t<div class=\"e-gallery-image elementor-gallery-item__image\" data-thumbnail=\"https:\/\/redeicm.org.br\/imaculadaconceicao\/wp-content\/uploads\/sites\/12\/2026\/08\/20260806_190847-169x300.jpg\" data-width=\"169\" data-height=\"300\" aria-label=\"\" role=\"img\" ><\/div>\n\t\t\t\t\t\t\t\t\t\t\t<div class=\"elementor-gallery-item__overlay\"><\/div>\n\t\t\t\t\t\t\t\t\t\t\t\t\t\t<\/a>\n\t\t\t\t\t\t\t<a class=\"e-gallery-item elementor-gallery-item elementor-animated-content\" href=\"https:\/\/redeicm.org.br\/imaculadaconceicao\/wp-content\/uploads\/sites\/12\/2026\/08\/20260806_190914.jpg\" data-elementor-open-lightbox=\"yes\" data-elementor-lightbox-slideshow=\"0bfc908\" data-elementor-lightbox-title=\"20260806_190914\" data-e-action-hash=\"#elementor-action%3Aaction%3Dlightbox%26settings%3DeyJpZCI6NDQ2OSwidXJsIjoiaHR0cHM6XC9cL3JlZGVpY20ub3JnLmJyXC9pbWFjdWxhZGFjb25jZWljYW9cL3dwLWNvbnRlbnRcL3VwbG9hZHNcL3NpdGVzXC8xMlwvMjAyNlwvMDhcLzIwMjYwODA2XzE5MDkxNC5qcGciLCJzbGlkZXNob3ciOiIwYmZjOTA4In0%3D\">\n\t\t\t\t\t<div class=\"e-gallery-image elementor-gallery-item__image\" data-thumbnail=\"https:\/\/redeicm.org.br\/imaculadaconceicao\/wp-content\/uploads\/sites\/12\/2026\/08\/20260806_190914-169x300.jpg\" data-width=\"169\" data-height=\"300\" aria-label=\"\" role=\"img\" ><\/div>\n\t\t\t\t\t\t\t\t\t\t\t<div class=\"elementor-gallery-item__overlay\"><\/div>\n\t\t\t\t\t\t\t\t\t\t\t\t\t\t<\/a>\n\t\t\t\t\t\t\t<a class=\"e-gallery-item elementor-gallery-item elementor-animated-content\" href=\"https:\/\/redeicm.org.br\/imaculadaconceicao\/wp-content\/uploads\/sites\/12\/2026\/08\/20260806_191700.jpg\" data-elementor-open-lightbox=\"yes\" data-elementor-lightbox-slideshow=\"0bfc908\" data-elementor-lightbox-title=\"20260806_191700\" data-e-action-hash=\"#elementor-action%3Aaction%3Dlightbox%26settings%3DeyJpZCI6NDQ3MCwidXJsIjoiaHR0cHM6XC9cL3JlZGVpY20ub3JnLmJyXC9pbWFjdWxhZGFjb25jZWljYW9cL3dwLWNvbnRlbnRcL3VwbG9hZHNcL3NpdGVzXC8xMlwvMjAyNlwvMDhcLzIwMjYwODA2XzE5MTcwMC5qcGciLCJzbGlkZXNob3ciOiIwYmZjOTA4In0%3D\">\n\t\t\t\t\t<div class=\"e-gallery-image elementor-gallery-item__image\" data-thumbnail=\"https:\/\/redeicm.org.br\/imaculadaconceicao\/wp-content\/uploads\/sites\/12\/2026\/08\/20260806_191700-169x300.jpg\" data-width=\"169\" data-height=\"300\" aria-label=\"\" role=\"img\" ><\/div>\n\t\t\t\t\t\t\t\t\t\t\t<div class=\"elementor-gallery-item__overlay\"><\/div>\n\t\t\t\t\t\t\t\t\t\t\t\t\t\t<\/a>\n\t\t\t\t\t\t\t<a class=\"e-gallery-item elementor-gallery-item elementor-animated-content\" href=\"https:\/\/redeicm.org.br\/imaculadaconceicao\/wp-content\/uploads\/sites\/12\/2026\/08\/20260806_192146.jpg\" data-elementor-open-lightbox=\"yes\" data-elementor-lightbox-slideshow=\"0bfc908\" data-elementor-lightbox-title=\"20260806_192146\" data-e-action-hash=\"#elementor-action%3Aaction%3Dlightbox%26settings%3DeyJpZCI6NDQ3MSwidXJsIjoiaHR0cHM6XC9cL3JlZGVpY20ub3JnLmJyXC9pbWFjdWxhZGFjb25jZWljYW9cL3dwLWNvbnRlbnRcL3VwbG9hZHNcL3NpdGVzXC8xMlwvMjAyNlwvMDhcLzIwMjYwODA2XzE5MjE0Ni5qcGciLCJzbGlkZXNob3ciOiIwYmZjOTA4In0%3D\">\n\t\t\t\t\t<div class=\"e-gallery-image elementor-gallery-item__image\" data-thumbnail=\"https:\/\/redeicm.org.br\/imaculadaconceicao\/wp-content\/uploads\/sites\/12\/2026\/08\/20260806_192146-169x300.jpg\" data-width=\"169\" data-height=\"300\" aria-label=\"\" role=\"img\" ><\/div>\n\t\t\t\t\t\t\t\t\t\t\t<div class=\"elementor-gallery-item__overlay\"><\/div>\n\t\t\t\t\t\t\t\t\t\t\t\t\t\t<\/a>\n\t\t\t\t\t\t\t<a class=\"e-gallery-item elementor-gallery-item elementor-animated-content\" href=\"https:\/\/redeicm.org.br\/imaculadaconceicao\/wp-content\/uploads\/sites\/12\/2026\/08\/20260806_192227.jpg\" data-elementor-open-lightbox=\"yes\" data-elementor-lightbox-slideshow=\"0bfc908\" data-elementor-lightbox-title=\"20260806_192227\" data-e-action-hash=\"#elementor-action%3Aaction%3Dlightbox%26settings%3DeyJpZCI6NDQ3MiwidXJsIjoiaHR0cHM6XC9cL3JlZGVpY20ub3JnLmJyXC9pbWFjdWxhZGFjb25jZWljYW9cL3dwLWNvbnRlbnRcL3VwbG9hZHNcL3NpdGVzXC8xMlwvMjAyNlwvMDhcLzIwMjYwODA2XzE5MjIyNy5qcGciLCJzbGlkZXNob3ciOiIwYmZjOTA4In0%3D\">\n\t\t\t\t\t<div class=\"e-gallery-image elementor-gallery-item__image\" data-thumbnail=\"https:\/\/redeicm.org.br\/imaculadaconceicao\/wp-content\/uploads\/sites\/12\/2026\/08\/20260806_192227-169x300.jpg\" data-width=\"169\" data-height=\"300\" aria-label=\"\" role=\"img\" ><\/div>\n\t\t\t\t\t\t\t\t\t\t\t<div class=\"elementor-gallery-item__overlay\"><\/div>\n\t\t\t\t\t\t\t\t\t\t\t\t\t\t<\/a>\n\t\t\t\t\t\t\t<a class=\"e-gallery-item elementor-gallery-item elementor-animated-content\" href=\"https:\/\/redeicm.org.br\/imaculadaconceicao\/wp-content\/uploads\/sites\/12\/2026\/08\/20260806_193355.jpg\" data-elementor-open-lightbox=\"yes\" data-elementor-lightbox-slideshow=\"0bfc908\" data-elementor-lightbox-title=\"20260806_193355\" data-e-action-hash=\"#elementor-action%3Aaction%3Dlightbox%26settings%3DeyJpZCI6NDQ3MywidXJsIjoiaHR0cHM6XC9cL3JlZGVpY20ub3JnLmJyXC9pbWFjdWxhZGFjb25jZWljYW9cL3dwLWNvbnRlbnRcL3VwbG9hZHNcL3NpdGVzXC8xMlwvMjAyNlwvMDhcLzIwMjYwODA2XzE5MzM1NS5qcGciLCJzbGlkZXNob3ciOiIwYmZjOTA4In0%3D\">\n\t\t\t\t\t<div class=\"e-gallery-image elementor-gallery-item__image\" data-thumbnail=\"https:\/\/redeicm.org.br\/imaculadaconceicao\/wp-content\/uploads\/sites\/12\/2026\/08\/20260806_193355-169x300.jpg\" data-width=\"169\" data-height=\"300\" aria-label=\"\" role=\"img\" ><\/div>\n\t\t\t\t\t\t\t\t\t\t\t<div class=\"elementor-gallery-item__overlay\"><\/div>\n\t\t\t\t\t\t\t\t\t\t\t\t\t\t<\/a>\n\t\t\t\t\t\t\t<a class=\"e-gallery-item elementor-gallery-item elementor-animated-content\" href=\"https:\/\/redeicm.org.br\/imaculadaconceicao\/wp-content\/uploads\/sites\/12\/2026\/08\/20260806_193941.jpg\" data-elementor-open-lightbox=\"yes\" data-elementor-lightbox-slideshow=\"0bfc908\" data-elementor-lightbox-title=\"20260806_193941\" data-e-action-hash=\"#elementor-action%3Aaction%3Dlightbox%26settings%3DeyJpZCI6NDQ3NSwidXJsIjoiaHR0cHM6XC9cL3JlZGVpY20ub3JnLmJyXC9pbWFjdWxhZGFjb25jZWljYW9cL3dwLWNvbnRlbnRcL3VwbG9hZHNcL3NpdGVzXC8xMlwvMjAyNlwvMDhcLzIwMjYwODA2XzE5Mzk0MS5qcGciLCJzbGlkZXNob3ciOiIwYmZjOTA4In0%3D\">\n\t\t\t\t\t<div class=\"e-gallery-image elementor-gallery-item__image\" data-thumbnail=\"https:\/\/redeicm.org.br\/imaculadaconceicao\/wp-content\/uploads\/sites\/12\/2026\/08\/20260806_193941-169x300.jpg\" data-width=\"169\" data-height=\"300\" aria-label=\"\" role=\"img\" ><\/div>\n\t\t\t\t\t\t\t\t\t\t\t<div class=\"elementor-gallery-item__overlay\"><\/div>\n\t\t\t\t\t\t\t\t\t\t\t\t\t\t<\/a>\n\t\t\t\t\t\t\t<a class=\"e-gallery-item elementor-gallery-item elementor-animated-content\" href=\"https:\/\/redeicm.org.br\/imaculadaconceicao\/wp-content\/uploads\/sites\/12\/2026\/08\/20260806_195905.jpg\" data-elementor-open-lightbox=\"yes\" data-elementor-lightbox-slideshow=\"0bfc908\" data-elementor-lightbox-title=\"20260806_195905\" data-e-action-hash=\"#elementor-action%3Aaction%3Dlightbox%26settings%3DeyJpZCI6NDQ3NiwidXJsIjoiaHR0cHM6XC9cL3JlZGVpY20ub3JnLmJyXC9pbWFjdWxhZGFjb25jZWljYW9cL3dwLWNvbnRlbnRcL3VwbG9hZHNcL3NpdGVzXC8xMlwvMjAyNlwvMDhcLzIwMjYwODA2XzE5NTkwNS5qcGciLCJzbGlkZXNob3ciOiIwYmZjOTA4In0%3D\">\n\t\t\t\t\t<div class=\"e-gallery-image elementor-gallery-item__image\" data-thumbnail=\"https:\/\/redeicm.org.br\/imaculadaconceicao\/wp-content\/uploads\/sites\/12\/2026\/08\/20260806_195905-169x300.jpg\" data-width=\"169\" data-height=\"300\" aria-label=\"\" role=\"img\" ><\/div>\n\t\t\t\t\t\t\t\t\t\t\t<div class=\"elementor-gallery-item__overlay\"><\/div>\n\t\t\t\t\t\t\t\t\t\t\t\t\t\t<\/a>\n\t\t\t\t\t\t\t<a class=\"e-gallery-item elementor-gallery-item elementor-animated-content\" href=\"https:\/\/redeicm.org.br\/imaculadaconceicao\/wp-content\/uploads\/sites\/12\/2026\/08\/20260806_195915.jpg\" data-elementor-open-lightbox=\"yes\" data-elementor-lightbox-slideshow=\"0bfc908\" data-elementor-lightbox-title=\"20260806_195915\" data-e-action-hash=\"#elementor-action%3Aaction%3Dlightbox%26settings%3DeyJpZCI6NDQ3NywidXJsIjoiaHR0cHM6XC9cL3JlZGVpY20ub3JnLmJyXC9pbWFjdWxhZGFjb25jZWljYW9cL3dwLWNvbnRlbnRcL3VwbG9hZHNcL3NpdGVzXC8xMlwvMjAyNlwvMDhcLzIwMjYwODA2XzE5NTkxNS5qcGciLCJzbGlkZXNob3ciOiIwYmZjOTA4In0%3D\">\n\t\t\t\t\t<div class=\"e-gallery-image elementor-gallery-item__image\" data-thumbnail=\"https:\/\/redeicm.org.br\/imaculadaconceicao\/wp-content\/uploads\/sites\/12\/2026\/08\/20260806_195915-169x300.jpg\" data-width=\"169\" data-height=\"300\" aria-label=\"\" role=\"img\" ><\/div>\n\t\t\t\t\t\t\t\t\t\t\t<div class=\"elementor-gallery-item__overlay\"><\/div>\n\t\t\t\t\t\t\t\t\t\t\t\t\t\t<\/a>\n\t\t\t\t\t\t\t<a class=\"e-gallery-item elementor-gallery-item elementor-animated-content\" href=\"https:\/\/redeicm.org.br\/imaculadaconceicao\/wp-content\/uploads\/sites\/12\/2026\/08\/20260806_195956.jpg\" data-elementor-open-lightbox=\"yes\" data-elementor-lightbox-slideshow=\"0bfc908\" data-elementor-lightbox-title=\"20260806_195956\" data-e-action-hash=\"#elementor-action%3Aaction%3Dlightbox%26settings%3DeyJpZCI6NDQ3OCwidXJsIjoiaHR0cHM6XC9cL3JlZGVpY20ub3JnLmJyXC9pbWFjdWxhZGFjb25jZWljYW9cL3dwLWNvbnRlbnRcL3VwbG9hZHNcL3NpdGVzXC8xMlwvMjAyNlwvMDhcLzIwMjYwODA2XzE5NTk1Ni5qcGciLCJzbGlkZXNob3ciOiIwYmZjOTA4In0%3D\">\n\t\t\t\t\t<div class=\"e-gallery-image elementor-gallery-item__image\" data-thumbnail=\"https:\/\/redeicm.org.br\/imaculadaconceicao\/wp-content\/uploads\/sites\/12\/2026\/08\/20260806_195956-300x169.jpg\" data-width=\"300\" data-height=\"169\" aria-label=\"\" role=\"img\" ><\/div>\n\t\t\t\t\t\t\t\t\t\t\t<div class=\"elementor-gallery-item__overlay\"><\/div>\n\t\t\t\t\t\t\t\t\t\t\t\t\t\t<\/a>\n\t\t\t\t\t\t\t<a class=\"e-gallery-item elementor-gallery-item elementor-animated-content\" href=\"https:\/\/redeicm.org.br\/imaculadaconceicao\/wp-content\/uploads\/sites\/12\/2026\/08\/20260806_200124.jpg\" data-elementor-open-lightbox=\"yes\" data-elementor-lightbox-slideshow=\"0bfc908\" data-elementor-lightbox-title=\"20260806_200124\" data-e-action-hash=\"#elementor-action%3Aaction%3Dlightbox%26settings%3DeyJpZCI6NDQ4MCwidXJsIjoiaHR0cHM6XC9cL3JlZGVpY20ub3JnLmJyXC9pbWFjdWxhZGFjb25jZWljYW9cL3dwLWNvbnRlbnRcL3VwbG9hZHNcL3NpdGVzXC8xMlwvMjAyNlwvMDhcLzIwMjYwODA2XzIwMDEyNC5qcGciLCJzbGlkZXNob3ciOiIwYmZjOTA4In0%3D\">\n\t\t\t\t\t<div class=\"e-gallery-image elementor-gallery-item__image\" data-thumbnail=\"https:\/\/redeicm.org.br\/imaculadaconceicao\/wp-content\/uploads\/sites\/12\/2026\/08\/20260806_200124-169x300.jpg\" data-width=\"169\" data-height=\"300\" aria-label=\"\" role=\"img\" ><\/div>\n\t\t\t\t\t\t\t\t\t\t\t<div class=\"elementor-gallery-item__overlay\"><\/div>\n\t\t\t\t\t\t\t\t\t\t\t\t\t\t<\/a>\n\t\t\t\t\t\t\t<a class=\"e-gallery-item elementor-gallery-item elementor-animated-content\" href=\"https:\/\/redeicm.org.br\/imaculadaconceicao\/wp-content\/uploads\/sites\/12\/2026\/08\/20260806_200504.jpg\" data-elementor-open-lightbox=\"yes\" data-elementor-lightbox-slideshow=\"0bfc908\" data-elementor-lightbox-title=\"20260806_200504\" data-e-action-hash=\"#elementor-action%3Aaction%3Dlightbox%26settings%3DeyJpZCI6NDQ4MSwidXJsIjoiaHR0cHM6XC9cL3JlZGVpY20ub3JnLmJyXC9pbWFjdWxhZGFjb25jZWljYW9cL3dwLWNvbnRlbnRcL3VwbG9hZHNcL3NpdGVzXC8xMlwvMjAyNlwvMDhcLzIwMjYwODA2XzIwMDUwNC5qcGciLCJzbGlkZXNob3ciOiIwYmZjOTA4In0%3D\">\n\t\t\t\t\t<div class=\"e-gallery-image elementor-gallery-item__image\" data-thumbnail=\"https:\/\/redeicm.org.br\/imaculadaconceicao\/wp-content\/uploads\/sites\/12\/2026\/08\/20260806_200504-300x169.jpg\" data-width=\"300\" data-height=\"169\" aria-label=\"\" role=\"img\" ><\/div>\n\t\t\t\t\t\t\t\t\t\t\t<div class=\"elementor-gallery-item__overlay\"><\/div>\n\t\t\t\t\t\t\t\t\t\t\t\t\t\t<\/a>\n\t\t\t\t\t\t\t<a class=\"e-gallery-item elementor-gallery-item elementor-animated-content\" href=\"https:\/\/redeicm.org.br\/imaculadaconceicao\/wp-content\/uploads\/sites\/12\/2026\/08\/20260806_2011340.jpg\" data-elementor-open-lightbox=\"yes\" data-elementor-lightbox-slideshow=\"0bfc908\" data-elementor-lightbox-title=\"20260806_201134(0)\" data-e-action-hash=\"#elementor-action%3Aaction%3Dlightbox%26settings%3DeyJpZCI6NDQ4MiwidXJsIjoiaHR0cHM6XC9cL3JlZGVpY20ub3JnLmJyXC9pbWFjdWxhZGFjb25jZWljYW9cL3dwLWNvbnRlbnRcL3VwbG9hZHNcL3NpdGVzXC8xMlwvMjAyNlwvMDhcLzIwMjYwODA2XzIwMTEzNDAuanBnIiwic2xpZGVzaG93IjoiMGJmYzkwOCJ9\">\n\t\t\t\t\t<div class=\"e-gallery-image elementor-gallery-item__image\" data-thumbnail=\"https:\/\/redeicm.org.br\/imaculadaconceicao\/wp-content\/uploads\/sites\/12\/2026\/08\/20260806_2011340-300x169.jpg\" data-width=\"300\" data-height=\"169\" aria-label=\"\" role=\"img\" ><\/div>\n\t\t\t\t\t\t\t\t\t\t\t<div class=\"elementor-gallery-item__overlay\"><\/div>\n\t\t\t\t\t\t\t\t\t\t\t\t\t\t<\/a>\n\t\t\t\t\t\t\t<a class=\"e-gallery-item elementor-gallery-item elementor-animated-content\" href=\"https:\/\/redeicm.org.br\/imaculadaconceicao\/wp-content\/uploads\/sites\/12\/2026\/08\/20260806_201531.jpg\" data-elementor-open-lightbox=\"yes\" data-elementor-lightbox-slideshow=\"0bfc908\" data-elementor-lightbox-title=\"20260806_201531\" data-e-action-hash=\"#elementor-action%3Aaction%3Dlightbox%26settings%3DeyJpZCI6NDQ4MywidXJsIjoiaHR0cHM6XC9cL3JlZGVpY20ub3JnLmJyXC9pbWFjdWxhZGFjb25jZWljYW9cL3dwLWNvbnRlbnRcL3VwbG9hZHNcL3NpdGVzXC8xMlwvMjAyNlwvMDhcLzIwMjYwODA2XzIwMTUzMS5qcGciLCJzbGlkZXNob3ciOiIwYmZjOTA4In0%3D\">\n\t\t\t\t\t<div class=\"e-gallery-image elementor-gallery-item__image\" data-thumbnail=\"https:\/\/redeicm.org.br\/imaculadaconceicao\/wp-content\/uploads\/sites\/12\/2026\/08\/20260806_201531-169x300.jpg\" data-width=\"169\" data-height=\"300\" aria-label=\"\" role=\"img\" ><\/div>\n\t\t\t\t\t\t\t\t\t\t\t<div class=\"elementor-gallery-item__overlay\"><\/div>\n\t\t\t\t\t\t\t\t\t\t\t\t\t\t<\/a>\n\t\t\t\t\t\t\t<a class=\"e-gallery-item elementor-gallery-item elementor-animated-content\" href=\"https:\/\/redeicm.org.br\/imaculadaconceicao\/wp-content\/uploads\/sites\/12\/2026\/08\/20260806_201545.jpg\" data-elementor-open-lightbox=\"yes\" data-elementor-lightbox-slideshow=\"0bfc908\" data-elementor-lightbox-title=\"20260806_201545\" data-e-action-hash=\"#elementor-action%3Aaction%3Dlightbox%26settings%3DeyJpZCI6NDQ4NCwidXJsIjoiaHR0cHM6XC9cL3JlZGVpY20ub3JnLmJyXC9pbWFjdWxhZGFjb25jZWljYW9cL3dwLWNvbnRlbnRcL3VwbG9hZHNcL3NpdGVzXC8xMlwvMjAyNlwvMDhcLzIwMjYwODA2XzIwMTU0NS5qcGciLCJzbGlkZXNob3ciOiIwYmZjOTA4In0%3D\">\n\t\t\t\t\t<div class=\"e-gallery-image elementor-gallery-item__image\" data-thumbnail=\"https:\/\/redeicm.org.br\/imaculadaconceicao\/wp-content\/uploads\/sites\/12\/2026\/08\/20260806_201545-169x300.jpg\" data-width=\"169\" data-height=\"300\" aria-label=\"\" role=\"img\" ><\/div>\n\t\t\t\t\t\t\t\t\t\t\t<div class=\"elementor-gallery-item__overlay\"><\/div>\n\t\t\t\t\t\t\t\t\t\t\t\t\t\t<\/a>\n\t\t\t\t\t<\/div>\n\t\t\t\t\t<\/div>\n\t\t\t\t<\/div>\n\t\t\t\t\t<\/div>\n\t\t\t\t<\/div>\n\t\t\t\t<\/div>\n\t\t","protected":false},"excerpt":{"rendered":"<p>No dia 02 de julho, o Col\u00e9gio Imaculada Concei\u00e7\u00e3o realizou a 12\u00aa edi\u00e7\u00e3o da Feira de Inicia\u00e7\u00e3o Cient\u00edfica \u2013 FEICIC, um dos eventos mais aguardados do calend\u00e1rio escolar. A feira transformou o ambiente escolar em um grande espa\u00e7o de divulga\u00e7\u00e3o cient\u00edfica, reunindo milhares de visitantes ao longo do dia. Estiveram presentes estudantes de todas as [&hellip;]<\/p>\n","protected":false},"author":19,"featured_media":4467,"comment_status":"open","ping_status":"open","sticky":false,"template":"","format":"standard","meta":{"_acf_changed":false,"footnotes":""},"categories":[14],"tags":[102,30,100,35,98,101,99,17,91],"class_list":["post-4465","post","type-post","status-publish","format-standard","has-post-thumbnail","hentry","category-noticias","tag-a-paz-comeca-comigo","tag-alegria","tag-celebrar","tag-colegio-imaculada-conceicao","tag-color-day","tag-criatividade","tag-dia-do-estudante","tag-paz","tag-rede-icm-de-educacao"],"acf":[],"yoast_head":"<!-- This site is optimized with the Yoast SEO plugin v27.8 - https:\/\/yoast.com\/product\/yoast-seo-wordpress\/ -->\n<title>Col\u00e9gio Imaculada Concei\u00e7\u00e3o celebra o Dia dos Pais<\/title>\n<meta name=\"description\" content=\"Col\u00e9gio Imaculada Concei\u00e7\u00e3o celebra o Dia dos Pais com Missa e jantar, fortalecendo os v\u00ednculos entre escola e fam\u00edlia.\" \/>\n<meta name=\"robots\" content=\"index, follow, max-snippet:-1, max-image-preview:large, max-video-preview:-1\" \/>\n<link rel=\"canonical\" href=\"https:\/\/redeicm.org.br\/imaculadaconceicao\/dia-dos-pais-colegio-imaculada-conceicao\/\" \/>\n<meta property=\"og:locale\" content=\"pt_BR\" \/>\n<meta property=\"og:type\" content=\"article\" \/>\n<meta property=\"og:title\" content=\"Dia da Fam\u00edlia celebra alegria no Col\u00e9gio Imaculada Concei\u00e7\u00e3o\" \/>\n<meta property=\"og:description\" content=\"O Col\u00e9gio Imaculada Concei\u00e7\u00e3o celebrou o Dia da Fam\u00edlia com alegria, m\u00fasica e conviv\u00eancia. Um momento de acolhimento e uni\u00e3o em Dois Irm\u00e3os.\" \/>\n<meta property=\"og:url\" content=\"https:\/\/redeicm.org.br\/imaculadaconceicao\/dia-dos-pais-colegio-imaculada-conceicao\/\" \/>\n<meta property=\"og:site_name\" content=\"Col\u00e9gio Imaculada Concei\u00e7\u00e3o | Rede ICM de educa\u00e7\u00e3o\" \/>\n<meta property=\"article:published_time\" content=\"2026-08-07T20:00:43+00:00\" \/>\n<meta property=\"article:modified_time\" content=\"2026-08-20T12:30:42+00:00\" \/>\n<meta property=\"og:image\" content=\"https:\/\/redeicm.org.br\/imaculadaconceicao\/wp-content\/uploads\/sites\/12\/2025\/10\/20251018_0959380-e1761043747883.jpg\" \/>\n\t<meta property=\"og:image:width\" content=\"608\" \/>\n\t<meta property=\"og:image:height\" content=\"495\" \/>\n\t<meta property=\"og:image:type\" content=\"image\/jpeg\" \/>\n<meta name=\"author\" content=\"danielfrohlich\" \/>\n<meta name=\"twitter:card\" content=\"summary_large_image\" \/>\n<meta name=\"twitter:label1\" content=\"Escrito por\" \/>\n\t<meta name=\"twitter:data1\" content=\"danielfrohlich\" \/>\n\t<meta name=\"twitter:label2\" content=\"Est. tempo de leitura\" \/>\n\t<meta name=\"twitter:data2\" content=\"4 minutos\" \/>\n<script type=\"application\/ld+json\" class=\"yoast-schema-graph\">{\"@context\":\"https:\\\/\\\/schema.org\",\"@graph\":[{\"@type\":\"Article\",\"@id\":\"https:\\\/\\\/redeicm.org.br\\\/imaculadaconceicao\\\/dia-dos-pais-colegio-imaculada-conceicao\\\/#article\",\"isPartOf\":{\"@id\":\"https:\\\/\\\/redeicm.org.br\\\/imaculadaconceicao\\\/dia-dos-pais-colegio-imaculada-conceicao\\\/\"},\"author\":{\"name\":\"danielfrohlich\",\"@id\":\"https:\\\/\\\/redeicm.org.br\\\/imaculadaconceicao\\\/#\\\/schema\\\/person\\\/1337424a614946b3b18a825fd03c8479\"},\"headline\":\"Uma noite para celebrar a presen\u00e7a e o amor dos pais\",\"datePublished\":\"2026-08-07T20:00:43+00:00\",\"dateModified\":\"2026-08-20T12:30:42+00:00\",\"mainEntityOfPage\":{\"@id\":\"https:\\\/\\\/redeicm.org.br\\\/imaculadaconceicao\\\/dia-dos-pais-colegio-imaculada-conceicao\\\/\"},\"wordCount\":596,\"commentCount\":0,\"publisher\":{\"@id\":\"https:\\\/\\\/redeicm.org.br\\\/imaculadaconceicao\\\/#organization\"},\"image\":{\"@id\":\"https:\\\/\\\/redeicm.org.br\\\/imaculadaconceicao\\\/dia-dos-pais-colegio-imaculada-conceicao\\\/#primaryimage\"},\"thumbnailUrl\":\"https:\\\/\\\/redeicm.org.br\\\/imaculadaconceicao\\\/wp-content\\\/uploads\\\/sites\\\/12\\\/2026\\\/08\\\/Capa-1.jpg\",\"keywords\":[\"A paz come\u00e7a comigo\",\"alegria\",\"celebrar\",\"Col\u00e9gio Imaculada Concei\u00e7\u00e3o\",\"Color Day\",\"criatividade\",\"Dia do Estudante\",\"Paz\",\"Rede ICM de Educa\u00e7\u00e3o\"],\"articleSection\":[\"NOT\u00cdCIAS\"],\"inLanguage\":\"pt-BR\",\"potentialAction\":[{\"@type\":\"CommentAction\",\"name\":\"Comment\",\"target\":[\"https:\\\/\\\/redeicm.org.br\\\/imaculadaconceicao\\\/dia-dos-pais-colegio-imaculada-conceicao\\\/#respond\"]}]},{\"@type\":\"WebPage\",\"@id\":\"https:\\\/\\\/redeicm.org.br\\\/imaculadaconceicao\\\/dia-dos-pais-colegio-imaculada-conceicao\\\/\",\"url\":\"https:\\\/\\\/redeicm.org.br\\\/imaculadaconceicao\\\/dia-dos-pais-colegio-imaculada-conceicao\\\/\",\"name\":\"Col\u00e9gio Imaculada Concei\u00e7\u00e3o celebra o Dia dos Pais\",\"isPartOf\":{\"@id\":\"https:\\\/\\\/redeicm.org.br\\\/imaculadaconceicao\\\/#website\"},\"primaryImageOfPage\":{\"@id\":\"https:\\\/\\\/redeicm.org.br\\\/imaculadaconceicao\\\/dia-dos-pais-colegio-imaculada-conceicao\\\/#primaryimage\"},\"image\":{\"@id\":\"https:\\\/\\\/redeicm.org.br\\\/imaculadaconceicao\\\/dia-dos-pais-colegio-imaculada-conceicao\\\/#primaryimage\"},\"thumbnailUrl\":\"https:\\\/\\\/redeicm.org.br\\\/imaculadaconceicao\\\/wp-content\\\/uploads\\\/sites\\\/12\\\/2026\\\/08\\\/Capa-1.jpg\",\"datePublished\":\"2026-08-07T20:00:43+00:00\",\"dateModified\":\"2026-08-20T12:30:42+00:00\",\"description\":\"Col\u00e9gio Imaculada Concei\u00e7\u00e3o celebra o Dia dos Pais com Missa e jantar, fortalecendo os v\u00ednculos entre escola e fam\u00edlia.\",\"breadcrumb\":{\"@id\":\"https:\\\/\\\/redeicm.org.br\\\/imaculadaconceicao\\\/dia-dos-pais-colegio-imaculada-conceicao\\\/#breadcrumb\"},\"inLanguage\":\"pt-BR\",\"potentialAction\":[{\"@type\":\"ReadAction\",\"target\":[\"https:\\\/\\\/redeicm.org.br\\\/imaculadaconceicao\\\/dia-dos-pais-colegio-imaculada-conceicao\\\/\"]}]},{\"@type\":\"ImageObject\",\"inLanguage\":\"pt-BR\",\"@id\":\"https:\\\/\\\/redeicm.org.br\\\/imaculadaconceicao\\\/dia-dos-pais-colegio-imaculada-conceicao\\\/#primaryimage\",\"url\":\"https:\\\/\\\/redeicm.org.br\\\/imaculadaconceicao\\\/wp-content\\\/uploads\\\/sites\\\/12\\\/2026\\\/08\\\/Capa-1.jpg\",\"contentUrl\":\"https:\\\/\\\/redeicm.org.br\\\/imaculadaconceicao\\\/wp-content\\\/uploads\\\/sites\\\/12\\\/2026\\\/08\\\/Capa-1.jpg\",\"width\":1920,\"height\":1672},{\"@type\":\"BreadcrumbList\",\"@id\":\"https:\\\/\\\/redeicm.org.br\\\/imaculadaconceicao\\\/dia-dos-pais-colegio-imaculada-conceicao\\\/#breadcrumb\",\"itemListElement\":[{\"@type\":\"ListItem\",\"position\":1,\"name\":\"In\u00edcio\",\"item\":\"https:\\\/\\\/redeicm.org.br\\\/imaculadaconceicao\\\/\"},{\"@type\":\"ListItem\",\"position\":2,\"name\":\"Uma noite para celebrar a presen\u00e7a e o amor dos pais\"}]},{\"@type\":\"WebSite\",\"@id\":\"https:\\\/\\\/redeicm.org.br\\\/imaculadaconceicao\\\/#website\",\"url\":\"https:\\\/\\\/redeicm.org.br\\\/imaculadaconceicao\\\/\",\"name\":\"Col\u00e9gio Imaculada Concei\u00e7\u00e3o | Rede ICM de educa\u00e7\u00e3o\",\"description\":\"\",\"publisher\":{\"@id\":\"https:\\\/\\\/redeicm.org.br\\\/imaculadaconceicao\\\/#organization\"},\"potentialAction\":[{\"@type\":\"SearchAction\",\"target\":{\"@type\":\"EntryPoint\",\"urlTemplate\":\"https:\\\/\\\/redeicm.org.br\\\/imaculadaconceicao\\\/?s={search_term_string}\"},\"query-input\":{\"@type\":\"PropertyValueSpecification\",\"valueRequired\":true,\"valueName\":\"search_term_string\"}}],\"inLanguage\":\"pt-BR\"},{\"@type\":\"Organization\",\"@id\":\"https:\\\/\\\/redeicm.org.br\\\/imaculadaconceicao\\\/#organization\",\"name\":\"Col\u00e9gio Imaculada Concei\u00e7\u00e3o | Rede ICM de educa\u00e7\u00e3o\",\"url\":\"https:\\\/\\\/redeicm.org.br\\\/imaculadaconceicao\\\/\",\"logo\":{\"@type\":\"ImageObject\",\"inLanguage\":\"pt-BR\",\"@id\":\"https:\\\/\\\/redeicm.org.br\\\/imaculadaconceicao\\\/#\\\/schema\\\/logo\\\/image\\\/\",\"url\":\"https:\\\/\\\/redeicm.org.br\\\/imaculadaconceicao\\\/wp-content\\\/uploads\\\/sites\\\/12\\\/2024\\\/08\\\/ICM_Educacao_Imaculada_Conceicao_Preferencial_Cores-1024x263-1.png\",\"contentUrl\":\"https:\\\/\\\/redeicm.org.br\\\/imaculadaconceicao\\\/wp-content\\\/uploads\\\/sites\\\/12\\\/2024\\\/08\\\/ICM_Educacao_Imaculada_Conceicao_Preferencial_Cores-1024x263-1.png\",\"width\":1024,\"height\":263,\"caption\":\"Col\u00e9gio Imaculada Concei\u00e7\u00e3o | Rede ICM de educa\u00e7\u00e3o\"},\"image\":{\"@id\":\"https:\\\/\\\/redeicm.org.br\\\/imaculadaconceicao\\\/#\\\/schema\\\/logo\\\/image\\\/\"}},{\"@type\":\"Person\",\"@id\":\"https:\\\/\\\/redeicm.org.br\\\/imaculadaconceicao\\\/#\\\/schema\\\/person\\\/1337424a614946b3b18a825fd03c8479\",\"name\":\"danielfrohlich\",\"image\":{\"@type\":\"ImageObject\",\"inLanguage\":\"pt-BR\",\"@id\":\"https:\\\/\\\/secure.gravatar.com\\\/avatar\\\/4cfc7cf28e3162825403ef9899e45e0a936d8f5927372b72f2688f7e9ca34590?s=96&d=mm&r=g\",\"url\":\"https:\\\/\\\/secure.gravatar.com\\\/avatar\\\/4cfc7cf28e3162825403ef9899e45e0a936d8f5927372b72f2688f7e9ca34590?s=96&d=mm&r=g\",\"contentUrl\":\"https:\\\/\\\/secure.gravatar.com\\\/avatar\\\/4cfc7cf28e3162825403ef9899e45e0a936d8f5927372b72f2688f7e9ca34590?s=96&d=mm&r=g\",\"caption\":\"danielfrohlich\"},\"url\":\"https:\\\/\\\/redeicm.org.br\\\/imaculadaconceicao\\\/author\\\/danielfrohlich\\\/\"}]}<\/script>\n<!-- \/ Yoast SEO plugin. -->","yoast_head_json":{"title":"Col\u00e9gio Imaculada Concei\u00e7\u00e3o celebra o Dia dos Pais","description":"Col\u00e9gio Imaculada Concei\u00e7\u00e3o celebra o Dia dos Pais com Missa e jantar, fortalecendo os v\u00ednculos entre escola e fam\u00edlia.","robots":{"index":"index","follow":"follow","max-snippet":"max-snippet:-1","max-image-preview":"max-image-preview:large","max-video-preview":"max-video-preview:-1"},"canonical":"https:\/\/redeicm.org.br\/imaculadaconceicao\/dia-dos-pais-colegio-imaculada-conceicao\/","og_locale":"pt_BR","og_type":"article","og_title":"Dia da Fam\u00edlia celebra alegria no Col\u00e9gio Imaculada Concei\u00e7\u00e3o","og_description":"O Col\u00e9gio Imaculada Concei\u00e7\u00e3o celebrou o Dia da Fam\u00edlia com alegria, m\u00fasica e conviv\u00eancia. Um momento de acolhimento e uni\u00e3o em Dois Irm\u00e3os.","og_url":"https:\/\/redeicm.org.br\/imaculadaconceicao\/dia-dos-pais-colegio-imaculada-conceicao\/","og_site_name":"Col\u00e9gio Imaculada Concei\u00e7\u00e3o | Rede ICM de educa\u00e7\u00e3o","article_published_time":"2026-08-07T20:00:43+00:00","article_modified_time":"2026-08-20T12:30:42+00:00","og_image":[{"width":608,"height":495,"url":"https:\/\/redeicm.org.br\/imaculadaconceicao\/wp-content\/uploads\/sites\/12\/2025\/10\/20251018_0959380-e1761043747883.jpg","type":"image\/jpeg"}],"author":"danielfrohlich","twitter_card":"summary_large_image","twitter_misc":{"Escrito por":"danielfrohlich","Est. tempo de leitura":"4 minutos"},"schema":{"@context":"https:\/\/schema.org","@graph":[{"@type":"Article","@id":"https:\/\/redeicm.org.br\/imaculadaconceicao\/dia-dos-pais-colegio-imaculada-conceicao\/#article","isPartOf":{"@id":"https:\/\/redeicm.org.br\/imaculadaconceicao\/dia-dos-pais-colegio-imaculada-conceicao\/"},"author":{"name":"danielfrohlich","@id":"https:\/\/redeicm.org.br\/imaculadaconceicao\/#\/schema\/person\/1337424a614946b3b18a825fd03c8479"},"headline":"Uma noite para celebrar a presen\u00e7a e o amor dos pais","datePublished":"2026-08-07T20:00:43+00:00","dateModified":"2026-08-20T12:30:42+00:00","mainEntityOfPage":{"@id":"https:\/\/redeicm.org.br\/imaculadaconceicao\/dia-dos-pais-colegio-imaculada-conceicao\/"},"wordCount":596,"commentCount":0,"publisher":{"@id":"https:\/\/redeicm.org.br\/imaculadaconceicao\/#organization"},"image":{"@id":"https:\/\/redeicm.org.br\/imaculadaconceicao\/dia-dos-pais-colegio-imaculada-conceicao\/#primaryimage"},"thumbnailUrl":"https:\/\/redeicm.org.br\/imaculadaconceicao\/wp-content\/uploads\/sites\/12\/2026\/08\/Capa-1.jpg","keywords":["A paz come\u00e7a comigo","alegria","celebrar","Col\u00e9gio Imaculada Concei\u00e7\u00e3o","Color Day","criatividade","Dia do Estudante","Paz","Rede ICM de Educa\u00e7\u00e3o"],"articleSection":["NOT\u00cdCIAS"],"inLanguage":"pt-BR","potentialAction":[{"@type":"CommentAction","name":"Comment","target":["https:\/\/redeicm.org.br\/imaculadaconceicao\/dia-dos-pais-colegio-imaculada-conceicao\/#respond"]}]},{"@type":"WebPage","@id":"https:\/\/redeicm.org.br\/imaculadaconceicao\/dia-dos-pais-colegio-imaculada-conceicao\/","url":"https:\/\/redeicm.org.br\/imaculadaconceicao\/dia-dos-pais-colegio-imaculada-conceicao\/","name":"Col\u00e9gio Imaculada Concei\u00e7\u00e3o celebra o Dia dos Pais","isPartOf":{"@id":"https:\/\/redeicm.org.br\/imaculadaconceicao\/#website"},"primaryImageOfPage":{"@id":"https:\/\/redeicm.org.br\/imaculadaconceicao\/dia-dos-pais-colegio-imaculada-conceicao\/#primaryimage"},"image":{"@id":"https:\/\/redeicm.org.br\/imaculadaconceicao\/dia-dos-pais-colegio-imaculada-conceicao\/#primaryimage"},"thumbnailUrl":"https:\/\/redeicm.org.br\/imaculadaconceicao\/wp-content\/uploads\/sites\/12\/2026\/08\/Capa-1.jpg","datePublished":"2026-08-07T20:00:43+00:00","dateModified":"2026-08-20T12:30:42+00:00","description":"Col\u00e9gio Imaculada Concei\u00e7\u00e3o celebra o Dia dos Pais com Missa e jantar, fortalecendo os v\u00ednculos entre escola e fam\u00edlia.","breadcrumb":{"@id":"https:\/\/redeicm.org.br\/imaculadaconceicao\/dia-dos-pais-colegio-imaculada-conceicao\/#breadcrumb"},"inLanguage":"pt-BR","potentialAction":[{"@type":"ReadAction","target":["https:\/\/redeicm.org.br\/imaculadaconceicao\/dia-dos-pais-colegio-imaculada-conceicao\/"]}]},{"@type":"ImageObject","inLanguage":"pt-BR","@id":"https:\/\/redeicm.org.br\/imaculadaconceicao\/dia-dos-pais-colegio-imaculada-conceicao\/#primaryimage","url":"https:\/\/redeicm.org.br\/imaculadaconceicao\/wp-content\/uploads\/sites\/12\/2026\/08\/Capa-1.jpg","contentUrl":"https:\/\/redeicm.org.br\/imaculadaconceicao\/wp-content\/uploads\/sites\/12\/2026\/08\/Capa-1.jpg","width":1920,"height":1672},{"@type":"BreadcrumbList","@id":"https:\/\/redeicm.org.br\/imaculadaconceicao\/dia-dos-pais-colegio-imaculada-conceicao\/#breadcrumb","itemListElement":[{"@type":"ListItem","position":1,"name":"In\u00edcio","item":"https:\/\/redeicm.org.br\/imaculadaconceicao\/"},{"@type":"ListItem","position":2,"name":"Uma noite para celebrar a presen\u00e7a e o amor dos pais"}]},{"@type":"WebSite","@id":"https:\/\/redeicm.org.br\/imaculadaconceicao\/#website","url":"https:\/\/redeicm.org.br\/imaculadaconceicao\/","name":"Col\u00e9gio Imaculada Concei\u00e7\u00e3o | Rede ICM de educa\u00e7\u00e3o","description":"","publisher":{"@id":"https:\/\/redeicm.org.br\/imaculadaconceicao\/#organization"},"potentialAction":[{"@type":"SearchAction","target":{"@type":"EntryPoint","urlTemplate":"https:\/\/redeicm.org.br\/imaculadaconceicao\/?s={search_term_string}"},"query-input":{"@type":"PropertyValueSpecification","valueRequired":true,"valueName":"search_term_string"}}],"inLanguage":"pt-BR"},{"@type":"Organization","@id":"https:\/\/redeicm.org.br\/imaculadaconceicao\/#organization","name":"Col\u00e9gio Imaculada Concei\u00e7\u00e3o | Rede ICM de educa\u00e7\u00e3o","url":"https:\/\/redeicm.org.br\/imaculadaconceicao\/","logo":{"@type":"ImageObject","inLanguage":"pt-BR","@id":"https:\/\/redeicm.org.br\/imaculadaconceicao\/#\/schema\/logo\/image\/","url":"https:\/\/redeicm.org.br\/imaculadaconceicao\/wp-content\/uploads\/sites\/12\/2024\/08\/ICM_Educacao_Imaculada_Conceicao_Preferencial_Cores-1024x263-1.png","contentUrl":"https:\/\/redeicm.org.br\/imaculadaconceicao\/wp-content\/uploads\/sites\/12\/2024\/08\/ICM_Educacao_Imaculada_Conceicao_Preferencial_Cores-1024x263-1.png","width":1024,"height":263,"caption":"Col\u00e9gio Imaculada Concei\u00e7\u00e3o | Rede ICM de educa\u00e7\u00e3o"},"image":{"@id":"https:\/\/redeicm.org.br\/imaculadaconceicao\/#\/schema\/logo\/image\/"}},{"@type":"Person","@id":"https:\/\/redeicm.org.br\/imaculadaconceicao\/#\/schema\/person\/1337424a614946b3b18a825fd03c8479","name":"danielfrohlich","image":{"@type":"ImageObject","inLanguage":"pt-BR","@id":"https:\/\/secure.gravatar.com\/avatar\/4cfc7cf28e3162825403ef9899e45e0a936d8f5927372b72f2688f7e9ca34590?s=96&d=mm&r=g","url":"https:\/\/secure.gravatar.com\/avatar\/4cfc7cf28e3162825403ef9899e45e0a936d8f5927372b72f2688f7e9ca34590?s=96&d=mm&r=g","contentUrl":"https:\/\/secure.gravatar.com\/avatar\/4cfc7cf28e3162825403ef9899e45e0a936d8f5927372b72f2688f7e9ca34590?s=96&d=mm&r=g","caption":"danielfrohlich"},"url":"https:\/\/redeicm.org.br\/imaculadaconceicao\/author\/danielfrohlich\/"}]}},"_links":{"self":[{"href":"https:\/\/redeicm.org.br\/imaculadaconceicao\/wp-json\/wp\/v2\/posts\/4465","targetHints":{"allow":["GET"]}}],"collection":[{"href":"https:\/\/redeicm.org.br\/imaculadaconceicao\/wp-json\/wp\/v2\/posts"}],"about":[{"href":"https:\/\/redeicm.org.br\/imaculadaconceicao\/wp-json\/wp\/v2\/types\/post"}],"author":[{"embeddable":true,"href":"https:\/\/redeicm.org.br\/imaculadaconceicao\/wp-json\/wp\/v2\/users\/19"}],"replies":[{"embeddable":true,"href":"https:\/\/redeicm.org.br\/imaculadaconceicao\/wp-json\/wp\/v2\/comments?post=4465"}],"version-history":[{"count":5,"href":"https:\/\/redeicm.org.br\/imaculadaconceicao\/wp-json\/wp\/v2\/posts\/4465\/revisions"}],"predecessor-version":[{"id":4488,"href":"https:\/\/redeicm.org.br\/imaculadaconceicao\/wp-json\/wp\/v2\/posts\/4465\/revisions\/4488"}],"wp:featuredmedia":[{"embeddable":true,"href":"https:\/\/redeicm.org.br\/imaculadaconceicao\/wp-json\/wp\/v2\/media\/4467"}],"wp:attachment":[{"href":"https:\/\/redeicm.org.br\/imaculadaconceicao\/wp-json\/wp\/v2\/media?parent=4465"}],"wp:term":[{"taxonomy":"category","embeddable":true,"href":"https:\/\/redeicm.org.br\/imaculadaconceicao\/wp-json\/wp\/v2\/categories?post=4465"},{"taxonomy":"post_tag","embeddable":true,"href":"https:\/\/redeicm.org.br\/imaculadaconceicao\/wp-json\/wp\/v2\/tags?post=4465"}],"curies":[{"name":"wp","href":"https:\/\/api.w.org\/{rel}","templated":true}]}}