{"id":3821,"date":"2026-02-23T15:09:49","date_gmt":"2026-02-23T18:09:49","guid":{"rendered":"https:\/\/redeicm.org.br\/imaculadaconceicao\/?p=3821"},"modified":"2026-02-23T15:11:12","modified_gmt":"2026-02-23T18:11:12","slug":"volta-as-aulas-2026-um-novo-comeco-cheio-de-alegria-no-colegio-imaculada-conceicao","status":"publish","type":"post","link":"https:\/\/redeicm.org.br\/imaculadaconceicao\/volta-as-aulas-2026-um-novo-comeco-cheio-de-alegria-no-colegio-imaculada-conceicao\/","title":{"rendered":"Volta \u00e0s Aulas 2026: um novo come\u00e7o cheio de alegria no Col\u00e9gio Imaculada Concei\u00e7\u00e3o"},"content":{"rendered":"\t\t<div data-elementor-type=\"wp-post\" data-elementor-id=\"3821\" class=\"elementor elementor-3821\" data-elementor-post-type=\"post\">\n\t\t\t\t<div class=\"elementor-element elementor-element-1fe0e94 e-flex e-con-boxed e-con e-parent\" data-id=\"1fe0e94\" data-element_type=\"container\" data-e-type=\"container\">\n\t\t\t\t\t<div class=\"e-con-inner\">\n\t\t\t\t<div class=\"elementor-element elementor-element-fdb464e elementor-widget elementor-widget-heading\" data-id=\"fdb464e\" data-element_type=\"widget\" data-e-type=\"widget\" data-widget_type=\"heading.default\">\n\t\t\t\t<div class=\"elementor-widget-container\">\n\t\t\t\t\t<h2 class=\"elementor-heading-title elementor-size-default\">O ano letivo come\u00e7ou com muita alegria, acolhimento e momentos especiais no <br><strong>Col\u00e9gio Imaculada Concei\u00e7\u00e3o <br><br>Rede ICM de Educa\u00e7\u00e3o.<\/strong><\/h2>\t\t\t\t<\/div>\n\t\t\t\t<\/div>\n\t\t\t\t\t<\/div>\n\t\t\t\t<\/div>\n\t\t<div class=\"elementor-element elementor-element-f1f7bc8 e-grid e-con-boxed e-con e-parent\" data-id=\"f1f7bc8\" data-element_type=\"container\" data-e-type=\"container\">\n\t\t\t\t\t<div class=\"e-con-inner\">\n\t\t\t\t<div class=\"elementor-element elementor-element-fd140e4 elementor-widget elementor-widget-text-editor\" data-id=\"fd140e4\" data-element_type=\"widget\" data-e-type=\"widget\" data-widget_type=\"text-editor.default\">\n\t\t\t\t<div class=\"elementor-widget-container\">\n\t\t\t\t\t\t\t\t\t<p data-start=\"382\" data-end=\"672\">Na <strong data-start=\"385\" data-end=\"406\">Educa\u00e7\u00e3o Infantil<\/strong>, o primeiro dia foi marcado por encanto e delicadeza. Entre pinturas de rosto, bolhas de sab\u00e3o e brincadeiras no bosque, nossas crian\u00e7as foram recebidas com carinho e sorrisos que aqueceram o cora\u00e7\u00e3o. Um in\u00edcio leve, l\u00fadico e cheio de afeto, como essa etapa merece.<\/p><p data-start=\"674\" data-end=\"956\">Nos <strong data-start=\"678\" data-end=\"695\">Anos Iniciais<\/strong>, o clima foi de festa e reencontros. Pipoca, pinturas no p\u00e1tio e muitas risadas deram o tom da chegada. Cada detalhe foi preparado para que nossas crian\u00e7as se sentissem acolhidas e motivadas a viver um ano repleto de descobertas e aprendizagens significativas.<\/p><p data-start=\"958\" data-end=\"1197\">J\u00e1 nos <strong data-start=\"965\" data-end=\"980\">Anos Finais<\/strong>, a anima\u00e7\u00e3o tomou conta do col\u00e9gio. Entre pipoca, pintura de rosto e muitos sorrisos, nossos estudantes iniciaram mais um ciclo com entusiasmo e esp\u00edrito de comunidade, prontos para construir grandes momentos juntos.<\/p><p data-start=\"259\" data-end=\"579\">\u00a0<\/p><p data-start=\"1199\" data-end=\"1423\">Come\u00e7amos 2026 renovando nosso compromisso com uma educa\u00e7\u00e3o que forma com excel\u00eancia, valores e proximidade. Que este seja um ano de crescimento, amizade, supera\u00e7\u00e3o e muitas conquistas para toda a nossa comunidade educativa.<\/p>\t\t\t\t\t\t\t\t<\/div>\n\t\t\t\t<\/div>\n\t\t\t\t\t<\/div>\n\t\t\t\t<\/div>\n\t\t<div class=\"elementor-element elementor-element-1f08e67 e-grid e-con-boxed e-con e-parent\" data-id=\"1f08e67\" data-element_type=\"container\" data-e-type=\"container\">\n\t\t\t\t\t<div class=\"e-con-inner\">\n\t\t<div class=\"elementor-element elementor-element-c465829 e-con-full e-flex e-con e-child\" data-id=\"c465829\" data-element_type=\"container\" data-e-type=\"container\">\n\t\t\t\t<\/div>\n\t\t\t\t\t<\/div>\n\t\t\t\t<\/div>\n\t\t<div class=\"elementor-element elementor-element-8ec9946 e-flex e-con-boxed e-con e-parent\" data-id=\"8ec9946\" data-element_type=\"container\" data-e-type=\"container\">\n\t\t\t\t\t<div class=\"e-con-inner\">\n\t\t<div class=\"elementor-element elementor-element-68e718c e-con-full e-flex e-con e-child\" data-id=\"68e718c\" data-element_type=\"container\" data-e-type=\"container\">\n\t\t\t\t<\/div>\n\t\t\t\t\t<\/div>\n\t\t\t\t<\/div>\n\t\t<div class=\"elementor-element elementor-element-9464221 e-flex e-con-boxed e-con e-parent\" data-id=\"9464221\" data-element_type=\"container\" data-e-type=\"container\">\n\t\t\t\t\t<div class=\"e-con-inner\">\n\t\t\t\t<div class=\"elementor-element elementor-element-0bfc908 elementor-widget elementor-widget-gallery\" data-id=\"0bfc908\" data-element_type=\"widget\" data-e-type=\"widget\" data-settings=\"{&quot;gallery_layout&quot;:&quot;masonry&quot;,&quot;lazyload&quot;:&quot;yes&quot;,&quot;columns&quot;:4,&quot;columns_tablet&quot;:2,&quot;columns_mobile&quot;:1,&quot;gap&quot;:{&quot;unit&quot;:&quot;px&quot;,&quot;size&quot;:10,&quot;sizes&quot;:[]},&quot;gap_tablet&quot;:{&quot;unit&quot;:&quot;px&quot;,&quot;size&quot;:10,&quot;sizes&quot;:[]},&quot;gap_mobile&quot;:{&quot;unit&quot;:&quot;px&quot;,&quot;size&quot;:10,&quot;sizes&quot;:[]},&quot;link_to&quot;:&quot;file&quot;,&quot;overlay_background&quot;:&quot;yes&quot;,&quot;content_hover_animation&quot;:&quot;fade-in&quot;}\" data-widget_type=\"gallery.default\">\n\t\t\t\t<div class=\"elementor-widget-container\">\n\t\t\t\t\t\t\t<div class=\"elementor-gallery__container\">\n\t\t\t\t\t\t\t<a class=\"e-gallery-item elementor-gallery-item elementor-animated-content\" href=\"https:\/\/redeicm.org.br\/imaculadaconceicao\/wp-content\/uploads\/sites\/12\/2026\/02\/01-AI-dia-1.00_07_29_26.Quadro001.jpg\" data-elementor-open-lightbox=\"yes\" data-elementor-lightbox-slideshow=\"0bfc908\" data-elementor-lightbox-title=\"01 - AI - dia 1.00_07_29_26.Quadro001\" data-e-action-hash=\"#elementor-action%3Aaction%3Dlightbox%26settings%3DeyJpZCI6MzgyNCwidXJsIjoiaHR0cHM6XC9cL3JlZGVpY20ub3JnLmJyXC9pbWFjdWxhZGFjb25jZWljYW9cL3dwLWNvbnRlbnRcL3VwbG9hZHNcL3NpdGVzXC8xMlwvMjAyNlwvMDJcLzAxLUFJLWRpYS0xLjAwXzA3XzI5XzI2LlF1YWRybzAwMS5qcGciLCJzbGlkZXNob3ciOiIwYmZjOTA4In0%3D\">\n\t\t\t\t\t<div class=\"e-gallery-image elementor-gallery-item__image\" data-thumbnail=\"https:\/\/redeicm.org.br\/imaculadaconceicao\/wp-content\/uploads\/sites\/12\/2026\/02\/01-AI-dia-1.00_07_29_26.Quadro001-169x300.jpg\" data-width=\"169\" data-height=\"300\" aria-label=\"\" role=\"img\" ><\/div>\n\t\t\t\t\t\t\t\t\t\t\t<div class=\"elementor-gallery-item__overlay\"><\/div>\n\t\t\t\t\t\t\t\t\t\t\t\t\t\t<\/a>\n\t\t\t\t\t\t\t<a class=\"e-gallery-item elementor-gallery-item elementor-animated-content\" href=\"https:\/\/redeicm.org.br\/imaculadaconceicao\/wp-content\/uploads\/sites\/12\/2026\/02\/01-AI-dia-1.00_07_45_26.Quadro002.jpg\" data-elementor-open-lightbox=\"yes\" data-elementor-lightbox-slideshow=\"0bfc908\" data-elementor-lightbox-title=\"01 - AI - dia 1.00_07_45_26.Quadro002\" data-e-action-hash=\"#elementor-action%3Aaction%3Dlightbox%26settings%3DeyJpZCI6MzgyNSwidXJsIjoiaHR0cHM6XC9cL3JlZGVpY20ub3JnLmJyXC9pbWFjdWxhZGFjb25jZWljYW9cL3dwLWNvbnRlbnRcL3VwbG9hZHNcL3NpdGVzXC8xMlwvMjAyNlwvMDJcLzAxLUFJLWRpYS0xLjAwXzA3XzQ1XzI2LlF1YWRybzAwMi5qcGciLCJzbGlkZXNob3ciOiIwYmZjOTA4In0%3D\">\n\t\t\t\t\t<div class=\"e-gallery-image elementor-gallery-item__image\" data-thumbnail=\"https:\/\/redeicm.org.br\/imaculadaconceicao\/wp-content\/uploads\/sites\/12\/2026\/02\/01-AI-dia-1.00_07_45_26.Quadro002-169x300.jpg\" data-width=\"169\" data-height=\"300\" aria-label=\"\" role=\"img\" ><\/div>\n\t\t\t\t\t\t\t\t\t\t\t<div class=\"elementor-gallery-item__overlay\"><\/div>\n\t\t\t\t\t\t\t\t\t\t\t\t\t\t<\/a>\n\t\t\t\t\t\t\t<a class=\"e-gallery-item elementor-gallery-item elementor-animated-content\" href=\"https:\/\/redeicm.org.br\/imaculadaconceicao\/wp-content\/uploads\/sites\/12\/2026\/02\/20260218_072751.mp4.00_00_08_08.Quadro001.jpg\" data-elementor-open-lightbox=\"yes\" data-elementor-lightbox-slideshow=\"0bfc908\" data-elementor-lightbox-title=\"20260218_072751.mp4.00_00_08_08.Quadro001\" data-e-action-hash=\"#elementor-action%3Aaction%3Dlightbox%26settings%3DeyJpZCI6MzgyNiwidXJsIjoiaHR0cHM6XC9cL3JlZGVpY20ub3JnLmJyXC9pbWFjdWxhZGFjb25jZWljYW9cL3dwLWNvbnRlbnRcL3VwbG9hZHNcL3NpdGVzXC8xMlwvMjAyNlwvMDJcLzIwMjYwMjE4XzA3Mjc1MS5tcDQuMDBfMDBfMDhfMDguUXVhZHJvMDAxLmpwZyIsInNsaWRlc2hvdyI6IjBiZmM5MDgifQ%3D%3D\">\n\t\t\t\t\t<div class=\"e-gallery-image elementor-gallery-item__image\" data-thumbnail=\"https:\/\/redeicm.org.br\/imaculadaconceicao\/wp-content\/uploads\/sites\/12\/2026\/02\/20260218_072751.mp4.00_00_08_08.Quadro001-169x300.jpg\" data-width=\"169\" data-height=\"300\" aria-label=\"\" role=\"img\" ><\/div>\n\t\t\t\t\t\t\t\t\t\t\t<div class=\"elementor-gallery-item__overlay\"><\/div>\n\t\t\t\t\t\t\t\t\t\t\t\t\t\t<\/a>\n\t\t\t\t\t\t\t<a class=\"e-gallery-item elementor-gallery-item elementor-animated-content\" href=\"https:\/\/redeicm.org.br\/imaculadaconceicao\/wp-content\/uploads\/sites\/12\/2026\/02\/20260218_072846.jpg\" data-elementor-open-lightbox=\"yes\" data-elementor-lightbox-slideshow=\"0bfc908\" data-elementor-lightbox-title=\"20260218_072846\" data-e-action-hash=\"#elementor-action%3Aaction%3Dlightbox%26settings%3DeyJpZCI6MzgyNywidXJsIjoiaHR0cHM6XC9cL3JlZGVpY20ub3JnLmJyXC9pbWFjdWxhZGFjb25jZWljYW9cL3dwLWNvbnRlbnRcL3VwbG9hZHNcL3NpdGVzXC8xMlwvMjAyNlwvMDJcLzIwMjYwMjE4XzA3Mjg0Ni5qcGciLCJzbGlkZXNob3ciOiIwYmZjOTA4In0%3D\">\n\t\t\t\t\t<div class=\"e-gallery-image elementor-gallery-item__image\" data-thumbnail=\"https:\/\/redeicm.org.br\/imaculadaconceicao\/wp-content\/uploads\/sites\/12\/2026\/02\/20260218_072846-169x300.jpg\" data-width=\"169\" data-height=\"300\" aria-label=\"\" role=\"img\" ><\/div>\n\t\t\t\t\t\t\t\t\t\t\t<div class=\"elementor-gallery-item__overlay\"><\/div>\n\t\t\t\t\t\t\t\t\t\t\t\t\t\t<\/a>\n\t\t\t\t\t\t\t<a class=\"e-gallery-item elementor-gallery-item elementor-animated-content\" href=\"https:\/\/redeicm.org.br\/imaculadaconceicao\/wp-content\/uploads\/sites\/12\/2026\/02\/20260218_073356.jpg\" data-elementor-open-lightbox=\"yes\" data-elementor-lightbox-slideshow=\"0bfc908\" data-elementor-lightbox-title=\"20260218_073356\" data-e-action-hash=\"#elementor-action%3Aaction%3Dlightbox%26settings%3DeyJpZCI6MzgyOCwidXJsIjoiaHR0cHM6XC9cL3JlZGVpY20ub3JnLmJyXC9pbWFjdWxhZGFjb25jZWljYW9cL3dwLWNvbnRlbnRcL3VwbG9hZHNcL3NpdGVzXC8xMlwvMjAyNlwvMDJcLzIwMjYwMjE4XzA3MzM1Ni5qcGciLCJzbGlkZXNob3ciOiIwYmZjOTA4In0%3D\">\n\t\t\t\t\t<div class=\"e-gallery-image elementor-gallery-item__image\" data-thumbnail=\"https:\/\/redeicm.org.br\/imaculadaconceicao\/wp-content\/uploads\/sites\/12\/2026\/02\/20260218_073356-169x300.jpg\" data-width=\"169\" data-height=\"300\" aria-label=\"\" role=\"img\" ><\/div>\n\t\t\t\t\t\t\t\t\t\t\t<div class=\"elementor-gallery-item__overlay\"><\/div>\n\t\t\t\t\t\t\t\t\t\t\t\t\t\t<\/a>\n\t\t\t\t\t\t\t<a class=\"e-gallery-item elementor-gallery-item elementor-animated-content\" href=\"https:\/\/redeicm.org.br\/imaculadaconceicao\/wp-content\/uploads\/sites\/12\/2026\/02\/20260218_073855.mp4.00_00_00_54.Quadro001.jpg\" data-elementor-open-lightbox=\"yes\" data-elementor-lightbox-slideshow=\"0bfc908\" data-elementor-lightbox-title=\"20260218_073855.mp4.00_00_00_54.Quadro001\" data-e-action-hash=\"#elementor-action%3Aaction%3Dlightbox%26settings%3DeyJpZCI6MzgyOSwidXJsIjoiaHR0cHM6XC9cL3JlZGVpY20ub3JnLmJyXC9pbWFjdWxhZGFjb25jZWljYW9cL3dwLWNvbnRlbnRcL3VwbG9hZHNcL3NpdGVzXC8xMlwvMjAyNlwvMDJcLzIwMjYwMjE4XzA3Mzg1NS5tcDQuMDBfMDBfMDBfNTQuUXVhZHJvMDAxLmpwZyIsInNsaWRlc2hvdyI6IjBiZmM5MDgifQ%3D%3D\">\n\t\t\t\t\t<div class=\"e-gallery-image elementor-gallery-item__image\" data-thumbnail=\"https:\/\/redeicm.org.br\/imaculadaconceicao\/wp-content\/uploads\/sites\/12\/2026\/02\/20260218_073855.mp4.00_00_00_54.Quadro001-169x300.jpg\" data-width=\"169\" data-height=\"300\" aria-label=\"\" role=\"img\" ><\/div>\n\t\t\t\t\t\t\t\t\t\t\t<div class=\"elementor-gallery-item__overlay\"><\/div>\n\t\t\t\t\t\t\t\t\t\t\t\t\t\t<\/a>\n\t\t\t\t\t\t\t<a class=\"e-gallery-item elementor-gallery-item elementor-animated-content\" href=\"https:\/\/redeicm.org.br\/imaculadaconceicao\/wp-content\/uploads\/sites\/12\/2026\/02\/20260218_0741420.jpg\" data-elementor-open-lightbox=\"yes\" data-elementor-lightbox-slideshow=\"0bfc908\" data-elementor-lightbox-title=\"20260218_074142(0)\" data-e-action-hash=\"#elementor-action%3Aaction%3Dlightbox%26settings%3DeyJpZCI6MzgzMCwidXJsIjoiaHR0cHM6XC9cL3JlZGVpY20ub3JnLmJyXC9pbWFjdWxhZGFjb25jZWljYW9cL3dwLWNvbnRlbnRcL3VwbG9hZHNcL3NpdGVzXC8xMlwvMjAyNlwvMDJcLzIwMjYwMjE4XzA3NDE0MjAuanBnIiwic2xpZGVzaG93IjoiMGJmYzkwOCJ9\">\n\t\t\t\t\t<div class=\"e-gallery-image elementor-gallery-item__image\" data-thumbnail=\"https:\/\/redeicm.org.br\/imaculadaconceicao\/wp-content\/uploads\/sites\/12\/2026\/02\/20260218_0741420-169x300.jpg\" data-width=\"169\" data-height=\"300\" aria-label=\"\" role=\"img\" ><\/div>\n\t\t\t\t\t\t\t\t\t\t\t<div class=\"elementor-gallery-item__overlay\"><\/div>\n\t\t\t\t\t\t\t\t\t\t\t\t\t\t<\/a>\n\t\t\t\t\t\t\t<a class=\"e-gallery-item elementor-gallery-item elementor-animated-content\" href=\"https:\/\/redeicm.org.br\/imaculadaconceicao\/wp-content\/uploads\/sites\/12\/2026\/02\/20260218_095308.jpg\" data-elementor-open-lightbox=\"yes\" data-elementor-lightbox-slideshow=\"0bfc908\" data-elementor-lightbox-title=\"20260218_095308\" data-e-action-hash=\"#elementor-action%3Aaction%3Dlightbox%26settings%3DeyJpZCI6MzgzMSwidXJsIjoiaHR0cHM6XC9cL3JlZGVpY20ub3JnLmJyXC9pbWFjdWxhZGFjb25jZWljYW9cL3dwLWNvbnRlbnRcL3VwbG9hZHNcL3NpdGVzXC8xMlwvMjAyNlwvMDJcLzIwMjYwMjE4XzA5NTMwOC5qcGciLCJzbGlkZXNob3ciOiIwYmZjOTA4In0%3D\">\n\t\t\t\t\t<div class=\"e-gallery-image elementor-gallery-item__image\" data-thumbnail=\"https:\/\/redeicm.org.br\/imaculadaconceicao\/wp-content\/uploads\/sites\/12\/2026\/02\/20260218_095308-169x300.jpg\" data-width=\"169\" data-height=\"300\" aria-label=\"\" role=\"img\" ><\/div>\n\t\t\t\t\t\t\t\t\t\t\t<div class=\"elementor-gallery-item__overlay\"><\/div>\n\t\t\t\t\t\t\t\t\t\t\t\t\t\t<\/a>\n\t\t\t\t\t\t\t<a class=\"e-gallery-item elementor-gallery-item elementor-animated-content\" href=\"https:\/\/redeicm.org.br\/imaculadaconceicao\/wp-content\/uploads\/sites\/12\/2026\/02\/20260218_131602.jpg\" data-elementor-open-lightbox=\"yes\" data-elementor-lightbox-slideshow=\"0bfc908\" data-elementor-lightbox-title=\"20260218_131602\" data-e-action-hash=\"#elementor-action%3Aaction%3Dlightbox%26settings%3DeyJpZCI6MzgzMiwidXJsIjoiaHR0cHM6XC9cL3JlZGVpY20ub3JnLmJyXC9pbWFjdWxhZGFjb25jZWljYW9cL3dwLWNvbnRlbnRcL3VwbG9hZHNcL3NpdGVzXC8xMlwvMjAyNlwvMDJcLzIwMjYwMjE4XzEzMTYwMi5qcGciLCJzbGlkZXNob3ciOiIwYmZjOTA4In0%3D\">\n\t\t\t\t\t<div class=\"e-gallery-image elementor-gallery-item__image\" data-thumbnail=\"https:\/\/redeicm.org.br\/imaculadaconceicao\/wp-content\/uploads\/sites\/12\/2026\/02\/20260218_131602-169x300.jpg\" data-width=\"169\" data-height=\"300\" aria-label=\"\" role=\"img\" ><\/div>\n\t\t\t\t\t\t\t\t\t\t\t<div class=\"elementor-gallery-item__overlay\"><\/div>\n\t\t\t\t\t\t\t\t\t\t\t\t\t\t<\/a>\n\t\t\t\t\t\t\t<a class=\"e-gallery-item elementor-gallery-item elementor-animated-content\" href=\"https:\/\/redeicm.org.br\/imaculadaconceicao\/wp-content\/uploads\/sites\/12\/2026\/02\/20260218_131849.jpg\" data-elementor-open-lightbox=\"yes\" data-elementor-lightbox-slideshow=\"0bfc908\" data-elementor-lightbox-title=\"20260218_131849\" data-e-action-hash=\"#elementor-action%3Aaction%3Dlightbox%26settings%3DeyJpZCI6MzgzMywidXJsIjoiaHR0cHM6XC9cL3JlZGVpY20ub3JnLmJyXC9pbWFjdWxhZGFjb25jZWljYW9cL3dwLWNvbnRlbnRcL3VwbG9hZHNcL3NpdGVzXC8xMlwvMjAyNlwvMDJcLzIwMjYwMjE4XzEzMTg0OS5qcGciLCJzbGlkZXNob3ciOiIwYmZjOTA4In0%3D\">\n\t\t\t\t\t<div class=\"e-gallery-image elementor-gallery-item__image\" data-thumbnail=\"https:\/\/redeicm.org.br\/imaculadaconceicao\/wp-content\/uploads\/sites\/12\/2026\/02\/20260218_131849-169x300.jpg\" data-width=\"169\" data-height=\"300\" aria-label=\"\" role=\"img\" ><\/div>\n\t\t\t\t\t\t\t\t\t\t\t<div class=\"elementor-gallery-item__overlay\"><\/div>\n\t\t\t\t\t\t\t\t\t\t\t\t\t\t<\/a>\n\t\t\t\t\t\t\t<a class=\"e-gallery-item elementor-gallery-item elementor-animated-content\" href=\"https:\/\/redeicm.org.br\/imaculadaconceicao\/wp-content\/uploads\/sites\/12\/2026\/02\/20260218_132140.jpg\" data-elementor-open-lightbox=\"yes\" data-elementor-lightbox-slideshow=\"0bfc908\" data-elementor-lightbox-title=\"20260218_132140\" data-e-action-hash=\"#elementor-action%3Aaction%3Dlightbox%26settings%3DeyJpZCI6MzgzNCwidXJsIjoiaHR0cHM6XC9cL3JlZGVpY20ub3JnLmJyXC9pbWFjdWxhZGFjb25jZWljYW9cL3dwLWNvbnRlbnRcL3VwbG9hZHNcL3NpdGVzXC8xMlwvMjAyNlwvMDJcLzIwMjYwMjE4XzEzMjE0MC5qcGciLCJzbGlkZXNob3ciOiIwYmZjOTA4In0%3D\">\n\t\t\t\t\t<div class=\"e-gallery-image elementor-gallery-item__image\" data-thumbnail=\"https:\/\/redeicm.org.br\/imaculadaconceicao\/wp-content\/uploads\/sites\/12\/2026\/02\/20260218_132140-169x300.jpg\" data-width=\"169\" data-height=\"300\" aria-label=\"\" role=\"img\" ><\/div>\n\t\t\t\t\t\t\t\t\t\t\t<div class=\"elementor-gallery-item__overlay\"><\/div>\n\t\t\t\t\t\t\t\t\t\t\t\t\t\t<\/a>\n\t\t\t\t\t\t\t<a class=\"e-gallery-item elementor-gallery-item elementor-animated-content\" href=\"https:\/\/redeicm.org.br\/imaculadaconceicao\/wp-content\/uploads\/sites\/12\/2026\/02\/20260218_132246.jpg\" data-elementor-open-lightbox=\"yes\" data-elementor-lightbox-slideshow=\"0bfc908\" data-elementor-lightbox-title=\"20260218_132246\" data-e-action-hash=\"#elementor-action%3Aaction%3Dlightbox%26settings%3DeyJpZCI6MzgzNSwidXJsIjoiaHR0cHM6XC9cL3JlZGVpY20ub3JnLmJyXC9pbWFjdWxhZGFjb25jZWljYW9cL3dwLWNvbnRlbnRcL3VwbG9hZHNcL3NpdGVzXC8xMlwvMjAyNlwvMDJcLzIwMjYwMjE4XzEzMjI0Ni5qcGciLCJzbGlkZXNob3ciOiIwYmZjOTA4In0%3D\">\n\t\t\t\t\t<div class=\"e-gallery-image elementor-gallery-item__image\" data-thumbnail=\"https:\/\/redeicm.org.br\/imaculadaconceicao\/wp-content\/uploads\/sites\/12\/2026\/02\/20260218_132246-169x300.jpg\" data-width=\"169\" data-height=\"300\" aria-label=\"\" role=\"img\" ><\/div>\n\t\t\t\t\t\t\t\t\t\t\t<div class=\"elementor-gallery-item__overlay\"><\/div>\n\t\t\t\t\t\t\t\t\t\t\t\t\t\t<\/a>\n\t\t\t\t\t\t\t<a class=\"e-gallery-item elementor-gallery-item elementor-animated-content\" href=\"https:\/\/redeicm.org.br\/imaculadaconceicao\/wp-content\/uploads\/sites\/12\/2026\/02\/20260218_1329030.jpg\" data-elementor-open-lightbox=\"yes\" data-elementor-lightbox-slideshow=\"0bfc908\" data-elementor-lightbox-title=\"20260218_132903(0)\" data-e-action-hash=\"#elementor-action%3Aaction%3Dlightbox%26settings%3DeyJpZCI6MzgzNiwidXJsIjoiaHR0cHM6XC9cL3JlZGVpY20ub3JnLmJyXC9pbWFjdWxhZGFjb25jZWljYW9cL3dwLWNvbnRlbnRcL3VwbG9hZHNcL3NpdGVzXC8xMlwvMjAyNlwvMDJcLzIwMjYwMjE4XzEzMjkwMzAuanBnIiwic2xpZGVzaG93IjoiMGJmYzkwOCJ9\">\n\t\t\t\t\t<div class=\"e-gallery-image elementor-gallery-item__image\" data-thumbnail=\"https:\/\/redeicm.org.br\/imaculadaconceicao\/wp-content\/uploads\/sites\/12\/2026\/02\/20260218_1329030-169x300.jpg\" data-width=\"169\" data-height=\"300\" aria-label=\"\" role=\"img\" ><\/div>\n\t\t\t\t\t\t\t\t\t\t\t<div class=\"elementor-gallery-item__overlay\"><\/div>\n\t\t\t\t\t\t\t\t\t\t\t\t\t\t<\/a>\n\t\t\t\t\t\t\t<a class=\"e-gallery-item elementor-gallery-item elementor-animated-content\" href=\"https:\/\/redeicm.org.br\/imaculadaconceicao\/wp-content\/uploads\/sites\/12\/2026\/02\/20260218_134717.jpg\" data-elementor-open-lightbox=\"yes\" data-elementor-lightbox-slideshow=\"0bfc908\" data-elementor-lightbox-title=\"20260218_134717\" data-e-action-hash=\"#elementor-action%3Aaction%3Dlightbox%26settings%3DeyJpZCI6MzgzNywidXJsIjoiaHR0cHM6XC9cL3JlZGVpY20ub3JnLmJyXC9pbWFjdWxhZGFjb25jZWljYW9cL3dwLWNvbnRlbnRcL3VwbG9hZHNcL3NpdGVzXC8xMlwvMjAyNlwvMDJcLzIwMjYwMjE4XzEzNDcxNy5qcGciLCJzbGlkZXNob3ciOiIwYmZjOTA4In0%3D\">\n\t\t\t\t\t<div class=\"e-gallery-image elementor-gallery-item__image\" data-thumbnail=\"https:\/\/redeicm.org.br\/imaculadaconceicao\/wp-content\/uploads\/sites\/12\/2026\/02\/20260218_134717-169x300.jpg\" data-width=\"169\" data-height=\"300\" aria-label=\"\" role=\"img\" ><\/div>\n\t\t\t\t\t\t\t\t\t\t\t<div class=\"elementor-gallery-item__overlay\"><\/div>\n\t\t\t\t\t\t\t\t\t\t\t\t\t\t<\/a>\n\t\t\t\t\t\t\t<a class=\"e-gallery-item elementor-gallery-item elementor-animated-content\" href=\"https:\/\/redeicm.org.br\/imaculadaconceicao\/wp-content\/uploads\/sites\/12\/2026\/02\/20260218_134734.jpg\" data-elementor-open-lightbox=\"yes\" data-elementor-lightbox-slideshow=\"0bfc908\" data-elementor-lightbox-title=\"20260218_134734\" data-e-action-hash=\"#elementor-action%3Aaction%3Dlightbox%26settings%3DeyJpZCI6MzgzOCwidXJsIjoiaHR0cHM6XC9cL3JlZGVpY20ub3JnLmJyXC9pbWFjdWxhZGFjb25jZWljYW9cL3dwLWNvbnRlbnRcL3VwbG9hZHNcL3NpdGVzXC8xMlwvMjAyNlwvMDJcLzIwMjYwMjE4XzEzNDczNC5qcGciLCJzbGlkZXNob3ciOiIwYmZjOTA4In0%3D\">\n\t\t\t\t\t<div class=\"e-gallery-image elementor-gallery-item__image\" data-thumbnail=\"https:\/\/redeicm.org.br\/imaculadaconceicao\/wp-content\/uploads\/sites\/12\/2026\/02\/20260218_134734-169x300.jpg\" data-width=\"169\" data-height=\"300\" aria-label=\"\" role=\"img\" ><\/div>\n\t\t\t\t\t\t\t\t\t\t\t<div class=\"elementor-gallery-item__overlay\"><\/div>\n\t\t\t\t\t\t\t\t\t\t\t\t\t\t<\/a>\n\t\t\t\t\t<\/div>\n\t\t\t\t\t<\/div>\n\t\t\t\t<\/div>\n\t\t\t\t\t<\/div>\n\t\t\t\t<\/div>\n\t\t\t\t<\/div>\n\t\t","protected":false},"excerpt":{"rendered":"<p>Ecos do Tempo: 39\u00ba Festival Art\u00edstico celebra os 125 anos do Col\u00e9gio Imaculada Concei\u00e7\u00e3o Na noite de 11 de novembro, o gin\u00e1sio do Col\u00e9gio Imaculada Concei\u00e7\u00e3o tornou-se cen\u00e1rio de uma celebra\u00e7\u00e3o especial. A 39\u00aa edi\u00e7\u00e3o do Festival Art\u00edstico e Cultural, inspirada pelo tema \u201cEcos do Tempo: um legado de 125 anos\u201d, reuniu fam\u00edlias, educadores e [&hellip;]<\/p>\n","protected":false},"author":19,"featured_media":3823,"comment_status":"open","ping_status":"open","sticky":false,"template":"","format":"standard","meta":{"_acf_changed":false,"footnotes":""},"categories":[14],"tags":[61,35,60,59],"class_list":["post-3821","post","type-post","status-publish","format-standard","has-post-thumbnail","hentry","category-noticias","tag-cheio-de-alegria","tag-colegio-imaculada-conceicao","tag-novo-comeco","tag-volta-as-aulas-2026"],"acf":[],"yoast_head":"<!-- This site is optimized with the Yoast SEO plugin v26.3 - https:\/\/yoast.com\/wordpress\/plugins\/seo\/ -->\n<title>Volta \u00e0s Aulas 2026: um novo come\u00e7o cheio de alegria<\/title>\n<meta name=\"description\" content=\"O ano letivo come\u00e7ou com muita alegria, acolhimento e momentos especiais no Col\u00e9gio Imaculada Concei\u00e7\u00e3o \u2013 Rede ICM\" \/>\n<meta name=\"robots\" content=\"index, follow, max-snippet:-1, max-image-preview:large, max-video-preview:-1\" \/>\n<link rel=\"canonical\" href=\"https:\/\/redeicm.org.br\/imaculadaconceicao\/volta-as-aulas-2026-um-novo-comeco-cheio-de-alegria-no-colegio-imaculada-conceicao\/\" \/>\n<meta property=\"og:locale\" content=\"pt_BR\" \/>\n<meta property=\"og:type\" content=\"article\" \/>\n<meta property=\"og:title\" content=\"Dia da Fam\u00edlia celebra alegria no Col\u00e9gio Imaculada Concei\u00e7\u00e3o\" \/>\n<meta property=\"og:description\" content=\"O Col\u00e9gio Imaculada Concei\u00e7\u00e3o celebrou o Dia da Fam\u00edlia com alegria, m\u00fasica e conviv\u00eancia. Um momento de acolhimento e uni\u00e3o em Dois Irm\u00e3os.\" \/>\n<meta property=\"og:url\" content=\"https:\/\/redeicm.org.br\/imaculadaconceicao\/volta-as-aulas-2026-um-novo-comeco-cheio-de-alegria-no-colegio-imaculada-conceicao\/\" \/>\n<meta property=\"og:site_name\" content=\"Col\u00e9gio Imaculada Concei\u00e7\u00e3o | Rede ICM de educa\u00e7\u00e3o\" \/>\n<meta property=\"article:published_time\" content=\"2026-02-23T18:09:49+00:00\" \/>\n<meta property=\"article:modified_time\" content=\"2026-02-23T18:11:12+00:00\" \/>\n<meta property=\"og:image\" content=\"https:\/\/redeicm.org.br\/imaculadaconceicao\/wp-content\/uploads\/sites\/12\/2025\/10\/20251018_0959380-e1761043747883.jpg\" \/>\n\t<meta property=\"og:image:width\" content=\"608\" \/>\n\t<meta property=\"og:image:height\" content=\"495\" \/>\n\t<meta property=\"og:image:type\" content=\"image\/jpeg\" \/>\n<meta name=\"author\" content=\"danielfrohlich\" \/>\n<meta name=\"twitter:card\" content=\"summary_large_image\" \/>\n<meta name=\"twitter:label1\" content=\"Escrito por\" \/>\n\t<meta name=\"twitter:data1\" content=\"danielfrohlich\" \/>\n\t<meta name=\"twitter:label2\" content=\"Est. tempo de leitura\" \/>\n\t<meta name=\"twitter:data2\" content=\"2 minutos\" \/>\n<script type=\"application\/ld+json\" class=\"yoast-schema-graph\">{\"@context\":\"https:\/\/schema.org\",\"@graph\":[{\"@type\":\"Article\",\"@id\":\"https:\/\/redeicm.org.br\/imaculadaconceicao\/volta-as-aulas-2026-um-novo-comeco-cheio-de-alegria-no-colegio-imaculada-conceicao\/#article\",\"isPartOf\":{\"@id\":\"https:\/\/redeicm.org.br\/imaculadaconceicao\/volta-as-aulas-2026-um-novo-comeco-cheio-de-alegria-no-colegio-imaculada-conceicao\/\"},\"author\":{\"name\":\"danielfrohlich\",\"@id\":\"https:\/\/redeicm.org.br\/imaculadaconceicao\/#\/schema\/person\/1337424a614946b3b18a825fd03c8479\"},\"headline\":\"Volta \u00e0s Aulas 2026: um novo come\u00e7o cheio de alegria no Col\u00e9gio Imaculada Concei\u00e7\u00e3o\",\"datePublished\":\"2026-02-23T18:09:49+00:00\",\"dateModified\":\"2026-02-23T18:11:12+00:00\",\"mainEntityOfPage\":{\"@id\":\"https:\/\/redeicm.org.br\/imaculadaconceicao\/volta-as-aulas-2026-um-novo-comeco-cheio-de-alegria-no-colegio-imaculada-conceicao\/\"},\"wordCount\":255,\"commentCount\":0,\"publisher\":{\"@id\":\"https:\/\/redeicm.org.br\/imaculadaconceicao\/#organization\"},\"image\":{\"@id\":\"https:\/\/redeicm.org.br\/imaculadaconceicao\/volta-as-aulas-2026-um-novo-comeco-cheio-de-alegria-no-colegio-imaculada-conceicao\/#primaryimage\"},\"thumbnailUrl\":\"https:\/\/redeicm.org.br\/imaculadaconceicao\/wp-content\/uploads\/sites\/12\/2026\/02\/01-AF-dia-1.00_00_41_25.Quadro001.jpg\",\"keywords\":[\"cheio de alegria\",\"Col\u00e9gio Imaculada Concei\u00e7\u00e3o\",\"novo come\u00e7o\",\"Volta \u00e0s Aulas 2026\"],\"articleSection\":[\"NOT\u00cdCIAS\"],\"inLanguage\":\"pt-BR\",\"potentialAction\":[{\"@type\":\"CommentAction\",\"name\":\"Comment\",\"target\":[\"https:\/\/redeicm.org.br\/imaculadaconceicao\/volta-as-aulas-2026-um-novo-comeco-cheio-de-alegria-no-colegio-imaculada-conceicao\/#respond\"]}]},{\"@type\":\"WebPage\",\"@id\":\"https:\/\/redeicm.org.br\/imaculadaconceicao\/volta-as-aulas-2026-um-novo-comeco-cheio-de-alegria-no-colegio-imaculada-conceicao\/\",\"url\":\"https:\/\/redeicm.org.br\/imaculadaconceicao\/volta-as-aulas-2026-um-novo-comeco-cheio-de-alegria-no-colegio-imaculada-conceicao\/\",\"name\":\"Volta \u00e0s Aulas 2026: um novo come\u00e7o cheio de alegria\",\"isPartOf\":{\"@id\":\"https:\/\/redeicm.org.br\/imaculadaconceicao\/#website\"},\"primaryImageOfPage\":{\"@id\":\"https:\/\/redeicm.org.br\/imaculadaconceicao\/volta-as-aulas-2026-um-novo-comeco-cheio-de-alegria-no-colegio-imaculada-conceicao\/#primaryimage\"},\"image\":{\"@id\":\"https:\/\/redeicm.org.br\/imaculadaconceicao\/volta-as-aulas-2026-um-novo-comeco-cheio-de-alegria-no-colegio-imaculada-conceicao\/#primaryimage\"},\"thumbnailUrl\":\"https:\/\/redeicm.org.br\/imaculadaconceicao\/wp-content\/uploads\/sites\/12\/2026\/02\/01-AF-dia-1.00_00_41_25.Quadro001.jpg\",\"datePublished\":\"2026-02-23T18:09:49+00:00\",\"dateModified\":\"2026-02-23T18:11:12+00:00\",\"description\":\"O ano letivo come\u00e7ou com muita alegria, acolhimento e momentos especiais no Col\u00e9gio Imaculada Concei\u00e7\u00e3o \u2013 Rede ICM\",\"breadcrumb\":{\"@id\":\"https:\/\/redeicm.org.br\/imaculadaconceicao\/volta-as-aulas-2026-um-novo-comeco-cheio-de-alegria-no-colegio-imaculada-conceicao\/#breadcrumb\"},\"inLanguage\":\"pt-BR\",\"potentialAction\":[{\"@type\":\"ReadAction\",\"target\":[\"https:\/\/redeicm.org.br\/imaculadaconceicao\/volta-as-aulas-2026-um-novo-comeco-cheio-de-alegria-no-colegio-imaculada-conceicao\/\"]}]},{\"@type\":\"ImageObject\",\"inLanguage\":\"pt-BR\",\"@id\":\"https:\/\/redeicm.org.br\/imaculadaconceicao\/volta-as-aulas-2026-um-novo-comeco-cheio-de-alegria-no-colegio-imaculada-conceicao\/#primaryimage\",\"url\":\"https:\/\/redeicm.org.br\/imaculadaconceicao\/wp-content\/uploads\/sites\/12\/2026\/02\/01-AF-dia-1.00_00_41_25.Quadro001.jpg\",\"contentUrl\":\"https:\/\/redeicm.org.br\/imaculadaconceicao\/wp-content\/uploads\/sites\/12\/2026\/02\/01-AF-dia-1.00_00_41_25.Quadro001.jpg\",\"width\":1080,\"height\":1920},{\"@type\":\"BreadcrumbList\",\"@id\":\"https:\/\/redeicm.org.br\/imaculadaconceicao\/volta-as-aulas-2026-um-novo-comeco-cheio-de-alegria-no-colegio-imaculada-conceicao\/#breadcrumb\",\"itemListElement\":[{\"@type\":\"ListItem\",\"position\":1,\"name\":\"In\u00edcio\",\"item\":\"https:\/\/redeicm.org.br\/imaculadaconceicao\/\"},{\"@type\":\"ListItem\",\"position\":2,\"name\":\"Volta \u00e0s Aulas 2026: um novo come\u00e7o cheio de alegria no Col\u00e9gio Imaculada Concei\u00e7\u00e3o\"}]},{\"@type\":\"WebSite\",\"@id\":\"https:\/\/redeicm.org.br\/imaculadaconceicao\/#website\",\"url\":\"https:\/\/redeicm.org.br\/imaculadaconceicao\/\",\"name\":\"Col\u00e9gio Imaculada Concei\u00e7\u00e3o | Rede ICM de educa\u00e7\u00e3o\",\"description\":\"\",\"publisher\":{\"@id\":\"https:\/\/redeicm.org.br\/imaculadaconceicao\/#organization\"},\"potentialAction\":[{\"@type\":\"SearchAction\",\"target\":{\"@type\":\"EntryPoint\",\"urlTemplate\":\"https:\/\/redeicm.org.br\/imaculadaconceicao\/?s={search_term_string}\"},\"query-input\":{\"@type\":\"PropertyValueSpecification\",\"valueRequired\":true,\"valueName\":\"search_term_string\"}}],\"inLanguage\":\"pt-BR\"},{\"@type\":\"Organization\",\"@id\":\"https:\/\/redeicm.org.br\/imaculadaconceicao\/#organization\",\"name\":\"Col\u00e9gio Imaculada Concei\u00e7\u00e3o | Rede ICM de educa\u00e7\u00e3o\",\"url\":\"https:\/\/redeicm.org.br\/imaculadaconceicao\/\",\"logo\":{\"@type\":\"ImageObject\",\"inLanguage\":\"pt-BR\",\"@id\":\"https:\/\/redeicm.org.br\/imaculadaconceicao\/#\/schema\/logo\/image\/\",\"url\":\"https:\/\/redeicm.org.br\/imaculadaconceicao\/wp-content\/uploads\/sites\/12\/2024\/08\/ICM_Educacao_Imaculada_Conceicao_Preferencial_Cores-1024x263-1.png\",\"contentUrl\":\"https:\/\/redeicm.org.br\/imaculadaconceicao\/wp-content\/uploads\/sites\/12\/2024\/08\/ICM_Educacao_Imaculada_Conceicao_Preferencial_Cores-1024x263-1.png\",\"width\":1024,\"height\":263,\"caption\":\"Col\u00e9gio Imaculada Concei\u00e7\u00e3o | Rede ICM de educa\u00e7\u00e3o\"},\"image\":{\"@id\":\"https:\/\/redeicm.org.br\/imaculadaconceicao\/#\/schema\/logo\/image\/\"}},{\"@type\":\"Person\",\"@id\":\"https:\/\/redeicm.org.br\/imaculadaconceicao\/#\/schema\/person\/1337424a614946b3b18a825fd03c8479\",\"name\":\"danielfrohlich\",\"image\":{\"@type\":\"ImageObject\",\"inLanguage\":\"pt-BR\",\"@id\":\"https:\/\/redeicm.org.br\/imaculadaconceicao\/#\/schema\/person\/image\/\",\"url\":\"https:\/\/secure.gravatar.com\/avatar\/4cfc7cf28e3162825403ef9899e45e0a936d8f5927372b72f2688f7e9ca34590?s=96&d=mm&r=g\",\"contentUrl\":\"https:\/\/secure.gravatar.com\/avatar\/4cfc7cf28e3162825403ef9899e45e0a936d8f5927372b72f2688f7e9ca34590?s=96&d=mm&r=g\",\"caption\":\"danielfrohlich\"},\"url\":\"https:\/\/redeicm.org.br\/imaculadaconceicao\/author\/danielfrohlich\/\"}]}<\/script>\n<!-- \/ Yoast SEO plugin. -->","yoast_head_json":{"title":"Volta \u00e0s Aulas 2026: um novo come\u00e7o cheio de alegria","description":"O ano letivo come\u00e7ou com muita alegria, acolhimento e momentos especiais no Col\u00e9gio Imaculada Concei\u00e7\u00e3o \u2013 Rede ICM","robots":{"index":"index","follow":"follow","max-snippet":"max-snippet:-1","max-image-preview":"max-image-preview:large","max-video-preview":"max-video-preview:-1"},"canonical":"https:\/\/redeicm.org.br\/imaculadaconceicao\/volta-as-aulas-2026-um-novo-comeco-cheio-de-alegria-no-colegio-imaculada-conceicao\/","og_locale":"pt_BR","og_type":"article","og_title":"Dia da Fam\u00edlia celebra alegria no Col\u00e9gio Imaculada Concei\u00e7\u00e3o","og_description":"O Col\u00e9gio Imaculada Concei\u00e7\u00e3o celebrou o Dia da Fam\u00edlia com alegria, m\u00fasica e conviv\u00eancia. Um momento de acolhimento e uni\u00e3o em Dois Irm\u00e3os.","og_url":"https:\/\/redeicm.org.br\/imaculadaconceicao\/volta-as-aulas-2026-um-novo-comeco-cheio-de-alegria-no-colegio-imaculada-conceicao\/","og_site_name":"Col\u00e9gio Imaculada Concei\u00e7\u00e3o | Rede ICM de educa\u00e7\u00e3o","article_published_time":"2026-02-23T18:09:49+00:00","article_modified_time":"2026-02-23T18:11:12+00:00","og_image":[{"width":608,"height":495,"url":"https:\/\/redeicm.org.br\/imaculadaconceicao\/wp-content\/uploads\/sites\/12\/2025\/10\/20251018_0959380-e1761043747883.jpg","type":"image\/jpeg"}],"author":"danielfrohlich","twitter_card":"summary_large_image","twitter_misc":{"Escrito por":"danielfrohlich","Est. tempo de leitura":"2 minutos"},"schema":{"@context":"https:\/\/schema.org","@graph":[{"@type":"Article","@id":"https:\/\/redeicm.org.br\/imaculadaconceicao\/volta-as-aulas-2026-um-novo-comeco-cheio-de-alegria-no-colegio-imaculada-conceicao\/#article","isPartOf":{"@id":"https:\/\/redeicm.org.br\/imaculadaconceicao\/volta-as-aulas-2026-um-novo-comeco-cheio-de-alegria-no-colegio-imaculada-conceicao\/"},"author":{"name":"danielfrohlich","@id":"https:\/\/redeicm.org.br\/imaculadaconceicao\/#\/schema\/person\/1337424a614946b3b18a825fd03c8479"},"headline":"Volta \u00e0s Aulas 2026: um novo come\u00e7o cheio de alegria no Col\u00e9gio Imaculada Concei\u00e7\u00e3o","datePublished":"2026-02-23T18:09:49+00:00","dateModified":"2026-02-23T18:11:12+00:00","mainEntityOfPage":{"@id":"https:\/\/redeicm.org.br\/imaculadaconceicao\/volta-as-aulas-2026-um-novo-comeco-cheio-de-alegria-no-colegio-imaculada-conceicao\/"},"wordCount":255,"commentCount":0,"publisher":{"@id":"https:\/\/redeicm.org.br\/imaculadaconceicao\/#organization"},"image":{"@id":"https:\/\/redeicm.org.br\/imaculadaconceicao\/volta-as-aulas-2026-um-novo-comeco-cheio-de-alegria-no-colegio-imaculada-conceicao\/#primaryimage"},"thumbnailUrl":"https:\/\/redeicm.org.br\/imaculadaconceicao\/wp-content\/uploads\/sites\/12\/2026\/02\/01-AF-dia-1.00_00_41_25.Quadro001.jpg","keywords":["cheio de alegria","Col\u00e9gio Imaculada Concei\u00e7\u00e3o","novo come\u00e7o","Volta \u00e0s Aulas 2026"],"articleSection":["NOT\u00cdCIAS"],"inLanguage":"pt-BR","potentialAction":[{"@type":"CommentAction","name":"Comment","target":["https:\/\/redeicm.org.br\/imaculadaconceicao\/volta-as-aulas-2026-um-novo-comeco-cheio-de-alegria-no-colegio-imaculada-conceicao\/#respond"]}]},{"@type":"WebPage","@id":"https:\/\/redeicm.org.br\/imaculadaconceicao\/volta-as-aulas-2026-um-novo-comeco-cheio-de-alegria-no-colegio-imaculada-conceicao\/","url":"https:\/\/redeicm.org.br\/imaculadaconceicao\/volta-as-aulas-2026-um-novo-comeco-cheio-de-alegria-no-colegio-imaculada-conceicao\/","name":"Volta \u00e0s Aulas 2026: um novo come\u00e7o cheio de alegria","isPartOf":{"@id":"https:\/\/redeicm.org.br\/imaculadaconceicao\/#website"},"primaryImageOfPage":{"@id":"https:\/\/redeicm.org.br\/imaculadaconceicao\/volta-as-aulas-2026-um-novo-comeco-cheio-de-alegria-no-colegio-imaculada-conceicao\/#primaryimage"},"image":{"@id":"https:\/\/redeicm.org.br\/imaculadaconceicao\/volta-as-aulas-2026-um-novo-comeco-cheio-de-alegria-no-colegio-imaculada-conceicao\/#primaryimage"},"thumbnailUrl":"https:\/\/redeicm.org.br\/imaculadaconceicao\/wp-content\/uploads\/sites\/12\/2026\/02\/01-AF-dia-1.00_00_41_25.Quadro001.jpg","datePublished":"2026-02-23T18:09:49+00:00","dateModified":"2026-02-23T18:11:12+00:00","description":"O ano letivo come\u00e7ou com muita alegria, acolhimento e momentos especiais no Col\u00e9gio Imaculada Concei\u00e7\u00e3o \u2013 Rede ICM","breadcrumb":{"@id":"https:\/\/redeicm.org.br\/imaculadaconceicao\/volta-as-aulas-2026-um-novo-comeco-cheio-de-alegria-no-colegio-imaculada-conceicao\/#breadcrumb"},"inLanguage":"pt-BR","potentialAction":[{"@type":"ReadAction","target":["https:\/\/redeicm.org.br\/imaculadaconceicao\/volta-as-aulas-2026-um-novo-comeco-cheio-de-alegria-no-colegio-imaculada-conceicao\/"]}]},{"@type":"ImageObject","inLanguage":"pt-BR","@id":"https:\/\/redeicm.org.br\/imaculadaconceicao\/volta-as-aulas-2026-um-novo-comeco-cheio-de-alegria-no-colegio-imaculada-conceicao\/#primaryimage","url":"https:\/\/redeicm.org.br\/imaculadaconceicao\/wp-content\/uploads\/sites\/12\/2026\/02\/01-AF-dia-1.00_00_41_25.Quadro001.jpg","contentUrl":"https:\/\/redeicm.org.br\/imaculadaconceicao\/wp-content\/uploads\/sites\/12\/2026\/02\/01-AF-dia-1.00_00_41_25.Quadro001.jpg","width":1080,"height":1920},{"@type":"BreadcrumbList","@id":"https:\/\/redeicm.org.br\/imaculadaconceicao\/volta-as-aulas-2026-um-novo-comeco-cheio-de-alegria-no-colegio-imaculada-conceicao\/#breadcrumb","itemListElement":[{"@type":"ListItem","position":1,"name":"In\u00edcio","item":"https:\/\/redeicm.org.br\/imaculadaconceicao\/"},{"@type":"ListItem","position":2,"name":"Volta \u00e0s Aulas 2026: um novo come\u00e7o cheio de alegria no Col\u00e9gio Imaculada Concei\u00e7\u00e3o"}]},{"@type":"WebSite","@id":"https:\/\/redeicm.org.br\/imaculadaconceicao\/#website","url":"https:\/\/redeicm.org.br\/imaculadaconceicao\/","name":"Col\u00e9gio Imaculada Concei\u00e7\u00e3o | Rede ICM de educa\u00e7\u00e3o","description":"","publisher":{"@id":"https:\/\/redeicm.org.br\/imaculadaconceicao\/#organization"},"potentialAction":[{"@type":"SearchAction","target":{"@type":"EntryPoint","urlTemplate":"https:\/\/redeicm.org.br\/imaculadaconceicao\/?s={search_term_string}"},"query-input":{"@type":"PropertyValueSpecification","valueRequired":true,"valueName":"search_term_string"}}],"inLanguage":"pt-BR"},{"@type":"Organization","@id":"https:\/\/redeicm.org.br\/imaculadaconceicao\/#organization","name":"Col\u00e9gio Imaculada Concei\u00e7\u00e3o | Rede ICM de educa\u00e7\u00e3o","url":"https:\/\/redeicm.org.br\/imaculadaconceicao\/","logo":{"@type":"ImageObject","inLanguage":"pt-BR","@id":"https:\/\/redeicm.org.br\/imaculadaconceicao\/#\/schema\/logo\/image\/","url":"https:\/\/redeicm.org.br\/imaculadaconceicao\/wp-content\/uploads\/sites\/12\/2024\/08\/ICM_Educacao_Imaculada_Conceicao_Preferencial_Cores-1024x263-1.png","contentUrl":"https:\/\/redeicm.org.br\/imaculadaconceicao\/wp-content\/uploads\/sites\/12\/2024\/08\/ICM_Educacao_Imaculada_Conceicao_Preferencial_Cores-1024x263-1.png","width":1024,"height":263,"caption":"Col\u00e9gio Imaculada Concei\u00e7\u00e3o | Rede ICM de educa\u00e7\u00e3o"},"image":{"@id":"https:\/\/redeicm.org.br\/imaculadaconceicao\/#\/schema\/logo\/image\/"}},{"@type":"Person","@id":"https:\/\/redeicm.org.br\/imaculadaconceicao\/#\/schema\/person\/1337424a614946b3b18a825fd03c8479","name":"danielfrohlich","image":{"@type":"ImageObject","inLanguage":"pt-BR","@id":"https:\/\/redeicm.org.br\/imaculadaconceicao\/#\/schema\/person\/image\/","url":"https:\/\/secure.gravatar.com\/avatar\/4cfc7cf28e3162825403ef9899e45e0a936d8f5927372b72f2688f7e9ca34590?s=96&d=mm&r=g","contentUrl":"https:\/\/secure.gravatar.com\/avatar\/4cfc7cf28e3162825403ef9899e45e0a936d8f5927372b72f2688f7e9ca34590?s=96&d=mm&r=g","caption":"danielfrohlich"},"url":"https:\/\/redeicm.org.br\/imaculadaconceicao\/author\/danielfrohlich\/"}]}},"_links":{"self":[{"href":"https:\/\/redeicm.org.br\/imaculadaconceicao\/wp-json\/wp\/v2\/posts\/3821","targetHints":{"allow":["GET"]}}],"collection":[{"href":"https:\/\/redeicm.org.br\/imaculadaconceicao\/wp-json\/wp\/v2\/posts"}],"about":[{"href":"https:\/\/redeicm.org.br\/imaculadaconceicao\/wp-json\/wp\/v2\/types\/post"}],"author":[{"embeddable":true,"href":"https:\/\/redeicm.org.br\/imaculadaconceicao\/wp-json\/wp\/v2\/users\/19"}],"replies":[{"embeddable":true,"href":"https:\/\/redeicm.org.br\/imaculadaconceicao\/wp-json\/wp\/v2\/comments?post=3821"}],"version-history":[{"count":8,"href":"https:\/\/redeicm.org.br\/imaculadaconceicao\/wp-json\/wp\/v2\/posts\/3821\/revisions"}],"predecessor-version":[{"id":3845,"href":"https:\/\/redeicm.org.br\/imaculadaconceicao\/wp-json\/wp\/v2\/posts\/3821\/revisions\/3845"}],"wp:featuredmedia":[{"embeddable":true,"href":"https:\/\/redeicm.org.br\/imaculadaconceicao\/wp-json\/wp\/v2\/media\/3823"}],"wp:attachment":[{"href":"https:\/\/redeicm.org.br\/imaculadaconceicao\/wp-json\/wp\/v2\/media?parent=3821"}],"wp:term":[{"taxonomy":"category","embeddable":true,"href":"https:\/\/redeicm.org.br\/imaculadaconceicao\/wp-json\/wp\/v2\/categories?post=3821"},{"taxonomy":"post_tag","embeddable":true,"href":"https:\/\/redeicm.org.br\/imaculadaconceicao\/wp-json\/wp\/v2\/tags?post=3821"}],"curies":[{"name":"wp","href":"https:\/\/api.w.org\/{rel}","templated":true}]}}