{"id":2735,"date":"2025-02-25T13:05:59","date_gmt":"2025-02-25T16:05:59","guid":{"rendered":"https:\/\/redeicm.org.br\/imaculadaconceicao\/%f0%9f%93%a2-novas-bolsas-integrais-disponiveis\/"},"modified":"2025-02-25T13:05:59","modified_gmt":"2025-02-25T16:05:59","slug":"%f0%9f%93%a2-novas-bolsas-integrais-disponiveis","status":"publish","type":"post","link":"https:\/\/redeicm.org.br\/imaculadaconceicao\/%f0%9f%93%a2-novas-bolsas-integrais-disponiveis\/","title":{"rendered":"\ud83d\udce2 NOVAS BOLSAS INTEGRAIS DISPON\u00cdVEIS!"},"content":{"rendered":"<p>O <strong>Col\u00e9gio Imaculada Concei\u00e7\u00e3o<\/strong> acaba de publicar uma <strong>Portaria Complementar<\/strong> ampliando a oferta de bolsas de estudo para 2025! Agora, mais <strong>5 vagas para bolsas integrais<\/strong> est\u00e3o dispon\u00edveis.<\/p>\n<p>A sele\u00e7\u00e3o continua sendo baseada na <strong>renda per capita das fam\u00edlias<\/strong>, conforme os crit\u00e9rios estabelecidos no edital.<\/p>\n<p>\ud83d\udccc <strong>N\u00e3o perca essa chance!<\/strong><br \/>\nAcesse a Portaria Complementar e confira todos os detalhes sobre a candidatura e os prazos.<\/p>\n<p>\ud83d\udd17 <a href=\"https:\/\/www.redeicm.org.br\/imaculadaconceicao\/wp-content\/uploads\/sites\/11\/2025\/02\/Portaria-Complementar-Bolsas_2025.pdf\" target=\"_blank\" rel=\"noopener\">PORTARIA COMPLEMENTAR 2025<\/a><\/p>\n<p>Garanta sua participa\u00e7\u00e3o no processo seletivo! \ud83d\ude09<\/p>\n<p>&nbsp;<\/p>\n<p>Confira o edital completo aqui: <a href=\"https:\/\/www.redeicm.org.br\/imaculadaconceicao\/wp-content\/uploads\/sites\/11\/2024\/08\/EDITAL-BOLSAS-2025.pdf\" target=\"_blank\" rel=\"noopener\"><strong>EDITAL BOLSAS 2025<\/strong><\/a><\/p>\n","protected":false},"excerpt":{"rendered":"<p>O Col\u00e9gio Imaculada Concei\u00e7\u00e3o acaba de publicar uma Portaria Complementar ampliando a oferta de bolsas de estudo para 2025! Agora, mais 5 vagas para bolsas integrais est\u00e3o dispon\u00edveis. A sele\u00e7\u00e3o continua sendo baseada na renda per capita das fam\u00edlias, conforme os crit\u00e9rios estabelecidos no edital. \ud83d\udccc N\u00e3o perca essa chance! Acesse a Portaria Complementar e [&hellip;]<\/p>\n","protected":false},"author":19,"featured_media":2736,"comment_status":"closed","ping_status":"closed","sticky":false,"template":"","format":"standard","meta":{"_acf_changed":false,"footnotes":""},"categories":[14],"tags":[],"class_list":["post-2735","post","type-post","status-publish","format-standard","has-post-thumbnail","hentry","category-noticias"],"acf":[],"yoast_head":"<!-- This site is optimized with the Yoast SEO plugin v26.3 - https:\/\/yoast.com\/wordpress\/plugins\/seo\/ -->\n<title>\ud83d\udce2 NOVAS BOLSAS INTEGRAIS DISPON\u00cdVEIS! - Col\u00e9gio Imaculada Concei\u00e7\u00e3o | Rede ICM de educa\u00e7\u00e3o<\/title>\n<meta name=\"robots\" content=\"index, follow, max-snippet:-1, max-image-preview:large, max-video-preview:-1\" \/>\n<link rel=\"canonical\" href=\"https:\/\/redeicm.org.br\/imaculadaconceicao\/\ud83d\udce2-novas-bolsas-integrais-disponiveis\/\" \/>\n<meta property=\"og:locale\" content=\"pt_BR\" \/>\n<meta property=\"og:type\" content=\"article\" \/>\n<meta property=\"og:title\" content=\"\ud83d\udce2 NOVAS BOLSAS INTEGRAIS DISPON\u00cdVEIS! - Col\u00e9gio Imaculada Concei\u00e7\u00e3o | Rede ICM de educa\u00e7\u00e3o\" \/>\n<meta property=\"og:description\" content=\"O Col\u00e9gio Imaculada Concei\u00e7\u00e3o acaba de publicar uma Portaria Complementar ampliando a oferta de bolsas de estudo para 2025! Agora, mais 5 vagas para bolsas integrais est\u00e3o dispon\u00edveis. A sele\u00e7\u00e3o continua sendo baseada na renda per capita das fam\u00edlias, conforme os crit\u00e9rios estabelecidos no edital. \ud83d\udccc N\u00e3o perca essa chance! Acesse a Portaria Complementar e [&hellip;]\" \/>\n<meta property=\"og:url\" content=\"https:\/\/redeicm.org.br\/imaculadaconceicao\/\ud83d\udce2-novas-bolsas-integrais-disponiveis\/\" \/>\n<meta property=\"og:site_name\" content=\"Col\u00e9gio Imaculada Concei\u00e7\u00e3o | Rede ICM de educa\u00e7\u00e3o\" \/>\n<meta property=\"article:published_time\" content=\"2025-02-25T16:05:59+00:00\" \/>\n<meta property=\"og:image\" content=\"https:\/\/redeicm.org.br\/imaculadaconceicao\/wp-content\/uploads\/sites\/12\/site\/\/1\/Post-Portaria_Prancheta-1.jpg\" \/>\n\t<meta property=\"og:image:width\" content=\"600\" \/>\n\t<meta property=\"og:image:height\" content=\"600\" \/>\n\t<meta property=\"og:image:type\" content=\"image\/jpeg\" \/>\n<meta name=\"author\" content=\"danielfrohlich\" \/>\n<meta name=\"twitter:card\" content=\"summary_large_image\" \/>\n<meta name=\"twitter:label1\" content=\"Escrito por\" \/>\n\t<meta name=\"twitter:data1\" content=\"danielfrohlich\" \/>\n<script type=\"application\/ld+json\" class=\"yoast-schema-graph\">{\"@context\":\"https:\/\/schema.org\",\"@graph\":[{\"@type\":\"Article\",\"@id\":\"https:\/\/redeicm.org.br\/imaculadaconceicao\/%f0%9f%93%a2-novas-bolsas-integrais-disponiveis\/#article\",\"isPartOf\":{\"@id\":\"https:\/\/redeicm.org.br\/imaculadaconceicao\/%f0%9f%93%a2-novas-bolsas-integrais-disponiveis\/\"},\"author\":{\"name\":\"danielfrohlich\",\"@id\":\"https:\/\/redeicm.org.br\/imaculadaconceicao\/#\/schema\/person\/1337424a614946b3b18a825fd03c8479\"},\"headline\":\"\ud83d\udce2 NOVAS BOLSAS INTEGRAIS DISPON\u00cdVEIS!\",\"datePublished\":\"2025-02-25T16:05:59+00:00\",\"mainEntityOfPage\":{\"@id\":\"https:\/\/redeicm.org.br\/imaculadaconceicao\/%f0%9f%93%a2-novas-bolsas-integrais-disponiveis\/\"},\"wordCount\":92,\"publisher\":{\"@id\":\"https:\/\/redeicm.org.br\/imaculadaconceicao\/#organization\"},\"image\":{\"@id\":\"https:\/\/redeicm.org.br\/imaculadaconceicao\/%f0%9f%93%a2-novas-bolsas-integrais-disponiveis\/#primaryimage\"},\"thumbnailUrl\":\"https:\/\/redeicm.org.br\/imaculadaconceicao\/wp-content\/uploads\/sites\/12\/site\/\/1\/Post-Portaria_Prancheta-1.jpg\",\"articleSection\":[\"NOT\u00cdCIAS\"],\"inLanguage\":\"pt-BR\"},{\"@type\":\"WebPage\",\"@id\":\"https:\/\/redeicm.org.br\/imaculadaconceicao\/%f0%9f%93%a2-novas-bolsas-integrais-disponiveis\/\",\"url\":\"https:\/\/redeicm.org.br\/imaculadaconceicao\/%f0%9f%93%a2-novas-bolsas-integrais-disponiveis\/\",\"name\":\"\ud83d\udce2 NOVAS BOLSAS INTEGRAIS DISPON\u00cdVEIS! - Col\u00e9gio Imaculada Concei\u00e7\u00e3o | Rede ICM de educa\u00e7\u00e3o\",\"isPartOf\":{\"@id\":\"https:\/\/redeicm.org.br\/imaculadaconceicao\/#website\"},\"primaryImageOfPage\":{\"@id\":\"https:\/\/redeicm.org.br\/imaculadaconceicao\/%f0%9f%93%a2-novas-bolsas-integrais-disponiveis\/#primaryimage\"},\"image\":{\"@id\":\"https:\/\/redeicm.org.br\/imaculadaconceicao\/%f0%9f%93%a2-novas-bolsas-integrais-disponiveis\/#primaryimage\"},\"thumbnailUrl\":\"https:\/\/redeicm.org.br\/imaculadaconceicao\/wp-content\/uploads\/sites\/12\/site\/\/1\/Post-Portaria_Prancheta-1.jpg\",\"datePublished\":\"2025-02-25T16:05:59+00:00\",\"breadcrumb\":{\"@id\":\"https:\/\/redeicm.org.br\/imaculadaconceicao\/%f0%9f%93%a2-novas-bolsas-integrais-disponiveis\/#breadcrumb\"},\"inLanguage\":\"pt-BR\",\"potentialAction\":[{\"@type\":\"ReadAction\",\"target\":[\"https:\/\/redeicm.org.br\/imaculadaconceicao\/%f0%9f%93%a2-novas-bolsas-integrais-disponiveis\/\"]}]},{\"@type\":\"ImageObject\",\"inLanguage\":\"pt-BR\",\"@id\":\"https:\/\/redeicm.org.br\/imaculadaconceicao\/%f0%9f%93%a2-novas-bolsas-integrais-disponiveis\/#primaryimage\",\"url\":\"https:\/\/redeicm.org.br\/imaculadaconceicao\/wp-content\/uploads\/sites\/12\/site\/\/1\/Post-Portaria_Prancheta-1.jpg\",\"contentUrl\":\"https:\/\/redeicm.org.br\/imaculadaconceicao\/wp-content\/uploads\/sites\/12\/site\/\/1\/Post-Portaria_Prancheta-1.jpg\",\"width\":600,\"height\":600},{\"@type\":\"BreadcrumbList\",\"@id\":\"https:\/\/redeicm.org.br\/imaculadaconceicao\/%f0%9f%93%a2-novas-bolsas-integrais-disponiveis\/#breadcrumb\",\"itemListElement\":[{\"@type\":\"ListItem\",\"position\":1,\"name\":\"In\u00edcio\",\"item\":\"https:\/\/redeicm.org.br\/imaculadaconceicao\/\"},{\"@type\":\"ListItem\",\"position\":2,\"name\":\"\ud83d\udce2 NOVAS BOLSAS INTEGRAIS DISPON\u00cdVEIS!\"}]},{\"@type\":\"WebSite\",\"@id\":\"https:\/\/redeicm.org.br\/imaculadaconceicao\/#website\",\"url\":\"https:\/\/redeicm.org.br\/imaculadaconceicao\/\",\"name\":\"Col\u00e9gio Imaculada Concei\u00e7\u00e3o | Rede ICM de educa\u00e7\u00e3o\",\"description\":\"\",\"publisher\":{\"@id\":\"https:\/\/redeicm.org.br\/imaculadaconceicao\/#organization\"},\"potentialAction\":[{\"@type\":\"SearchAction\",\"target\":{\"@type\":\"EntryPoint\",\"urlTemplate\":\"https:\/\/redeicm.org.br\/imaculadaconceicao\/?s={search_term_string}\"},\"query-input\":{\"@type\":\"PropertyValueSpecification\",\"valueRequired\":true,\"valueName\":\"search_term_string\"}}],\"inLanguage\":\"pt-BR\"},{\"@type\":\"Organization\",\"@id\":\"https:\/\/redeicm.org.br\/imaculadaconceicao\/#organization\",\"name\":\"Col\u00e9gio Imaculada Concei\u00e7\u00e3o | Rede ICM de educa\u00e7\u00e3o\",\"url\":\"https:\/\/redeicm.org.br\/imaculadaconceicao\/\",\"logo\":{\"@type\":\"ImageObject\",\"inLanguage\":\"pt-BR\",\"@id\":\"https:\/\/redeicm.org.br\/imaculadaconceicao\/#\/schema\/logo\/image\/\",\"url\":\"https:\/\/redeicm.org.br\/imaculadaconceicao\/wp-content\/uploads\/sites\/12\/2024\/08\/ICM_Educacao_Imaculada_Conceicao_Preferencial_Cores-1024x263-1.png\",\"contentUrl\":\"https:\/\/redeicm.org.br\/imaculadaconceicao\/wp-content\/uploads\/sites\/12\/2024\/08\/ICM_Educacao_Imaculada_Conceicao_Preferencial_Cores-1024x263-1.png\",\"width\":1024,\"height\":263,\"caption\":\"Col\u00e9gio Imaculada Concei\u00e7\u00e3o | Rede ICM de educa\u00e7\u00e3o\"},\"image\":{\"@id\":\"https:\/\/redeicm.org.br\/imaculadaconceicao\/#\/schema\/logo\/image\/\"}},{\"@type\":\"Person\",\"@id\":\"https:\/\/redeicm.org.br\/imaculadaconceicao\/#\/schema\/person\/1337424a614946b3b18a825fd03c8479\",\"name\":\"danielfrohlich\",\"image\":{\"@type\":\"ImageObject\",\"inLanguage\":\"pt-BR\",\"@id\":\"https:\/\/redeicm.org.br\/imaculadaconceicao\/#\/schema\/person\/image\/\",\"url\":\"https:\/\/secure.gravatar.com\/avatar\/4cfc7cf28e3162825403ef9899e45e0a936d8f5927372b72f2688f7e9ca34590?s=96&d=mm&r=g\",\"contentUrl\":\"https:\/\/secure.gravatar.com\/avatar\/4cfc7cf28e3162825403ef9899e45e0a936d8f5927372b72f2688f7e9ca34590?s=96&d=mm&r=g\",\"caption\":\"danielfrohlich\"},\"url\":\"https:\/\/redeicm.org.br\/imaculadaconceicao\/author\/danielfrohlich\/\"}]}<\/script>\n<!-- \/ Yoast SEO plugin. -->","yoast_head_json":{"title":"\ud83d\udce2 NOVAS BOLSAS INTEGRAIS DISPON\u00cdVEIS! - Col\u00e9gio Imaculada Concei\u00e7\u00e3o | Rede ICM de educa\u00e7\u00e3o","robots":{"index":"index","follow":"follow","max-snippet":"max-snippet:-1","max-image-preview":"max-image-preview:large","max-video-preview":"max-video-preview:-1"},"canonical":"https:\/\/redeicm.org.br\/imaculadaconceicao\/\ud83d\udce2-novas-bolsas-integrais-disponiveis\/","og_locale":"pt_BR","og_type":"article","og_title":"\ud83d\udce2 NOVAS BOLSAS INTEGRAIS DISPON\u00cdVEIS! - Col\u00e9gio Imaculada Concei\u00e7\u00e3o | Rede ICM de educa\u00e7\u00e3o","og_description":"O Col\u00e9gio Imaculada Concei\u00e7\u00e3o acaba de publicar uma Portaria Complementar ampliando a oferta de bolsas de estudo para 2025! Agora, mais 5 vagas para bolsas integrais est\u00e3o dispon\u00edveis. A sele\u00e7\u00e3o continua sendo baseada na renda per capita das fam\u00edlias, conforme os crit\u00e9rios estabelecidos no edital. \ud83d\udccc N\u00e3o perca essa chance! Acesse a Portaria Complementar e [&hellip;]","og_url":"https:\/\/redeicm.org.br\/imaculadaconceicao\/\ud83d\udce2-novas-bolsas-integrais-disponiveis\/","og_site_name":"Col\u00e9gio Imaculada Concei\u00e7\u00e3o | Rede ICM de educa\u00e7\u00e3o","article_published_time":"2025-02-25T16:05:59+00:00","og_image":[{"width":600,"height":600,"url":"https:\/\/redeicm.org.br\/imaculadaconceicao\/wp-content\/uploads\/sites\/12\/site\/\/1\/Post-Portaria_Prancheta-1.jpg","type":"image\/jpeg"}],"author":"danielfrohlich","twitter_card":"summary_large_image","twitter_misc":{"Escrito por":"danielfrohlich"},"schema":{"@context":"https:\/\/schema.org","@graph":[{"@type":"Article","@id":"https:\/\/redeicm.org.br\/imaculadaconceicao\/%f0%9f%93%a2-novas-bolsas-integrais-disponiveis\/#article","isPartOf":{"@id":"https:\/\/redeicm.org.br\/imaculadaconceicao\/%f0%9f%93%a2-novas-bolsas-integrais-disponiveis\/"},"author":{"name":"danielfrohlich","@id":"https:\/\/redeicm.org.br\/imaculadaconceicao\/#\/schema\/person\/1337424a614946b3b18a825fd03c8479"},"headline":"\ud83d\udce2 NOVAS BOLSAS INTEGRAIS DISPON\u00cdVEIS!","datePublished":"2025-02-25T16:05:59+00:00","mainEntityOfPage":{"@id":"https:\/\/redeicm.org.br\/imaculadaconceicao\/%f0%9f%93%a2-novas-bolsas-integrais-disponiveis\/"},"wordCount":92,"publisher":{"@id":"https:\/\/redeicm.org.br\/imaculadaconceicao\/#organization"},"image":{"@id":"https:\/\/redeicm.org.br\/imaculadaconceicao\/%f0%9f%93%a2-novas-bolsas-integrais-disponiveis\/#primaryimage"},"thumbnailUrl":"https:\/\/redeicm.org.br\/imaculadaconceicao\/wp-content\/uploads\/sites\/12\/site\/\/1\/Post-Portaria_Prancheta-1.jpg","articleSection":["NOT\u00cdCIAS"],"inLanguage":"pt-BR"},{"@type":"WebPage","@id":"https:\/\/redeicm.org.br\/imaculadaconceicao\/%f0%9f%93%a2-novas-bolsas-integrais-disponiveis\/","url":"https:\/\/redeicm.org.br\/imaculadaconceicao\/%f0%9f%93%a2-novas-bolsas-integrais-disponiveis\/","name":"\ud83d\udce2 NOVAS BOLSAS INTEGRAIS DISPON\u00cdVEIS! - Col\u00e9gio Imaculada Concei\u00e7\u00e3o | Rede ICM de educa\u00e7\u00e3o","isPartOf":{"@id":"https:\/\/redeicm.org.br\/imaculadaconceicao\/#website"},"primaryImageOfPage":{"@id":"https:\/\/redeicm.org.br\/imaculadaconceicao\/%f0%9f%93%a2-novas-bolsas-integrais-disponiveis\/#primaryimage"},"image":{"@id":"https:\/\/redeicm.org.br\/imaculadaconceicao\/%f0%9f%93%a2-novas-bolsas-integrais-disponiveis\/#primaryimage"},"thumbnailUrl":"https:\/\/redeicm.org.br\/imaculadaconceicao\/wp-content\/uploads\/sites\/12\/site\/\/1\/Post-Portaria_Prancheta-1.jpg","datePublished":"2025-02-25T16:05:59+00:00","breadcrumb":{"@id":"https:\/\/redeicm.org.br\/imaculadaconceicao\/%f0%9f%93%a2-novas-bolsas-integrais-disponiveis\/#breadcrumb"},"inLanguage":"pt-BR","potentialAction":[{"@type":"ReadAction","target":["https:\/\/redeicm.org.br\/imaculadaconceicao\/%f0%9f%93%a2-novas-bolsas-integrais-disponiveis\/"]}]},{"@type":"ImageObject","inLanguage":"pt-BR","@id":"https:\/\/redeicm.org.br\/imaculadaconceicao\/%f0%9f%93%a2-novas-bolsas-integrais-disponiveis\/#primaryimage","url":"https:\/\/redeicm.org.br\/imaculadaconceicao\/wp-content\/uploads\/sites\/12\/site\/\/1\/Post-Portaria_Prancheta-1.jpg","contentUrl":"https:\/\/redeicm.org.br\/imaculadaconceicao\/wp-content\/uploads\/sites\/12\/site\/\/1\/Post-Portaria_Prancheta-1.jpg","width":600,"height":600},{"@type":"BreadcrumbList","@id":"https:\/\/redeicm.org.br\/imaculadaconceicao\/%f0%9f%93%a2-novas-bolsas-integrais-disponiveis\/#breadcrumb","itemListElement":[{"@type":"ListItem","position":1,"name":"In\u00edcio","item":"https:\/\/redeicm.org.br\/imaculadaconceicao\/"},{"@type":"ListItem","position":2,"name":"\ud83d\udce2 NOVAS BOLSAS INTEGRAIS DISPON\u00cdVEIS!"}]},{"@type":"WebSite","@id":"https:\/\/redeicm.org.br\/imaculadaconceicao\/#website","url":"https:\/\/redeicm.org.br\/imaculadaconceicao\/","name":"Col\u00e9gio Imaculada Concei\u00e7\u00e3o | Rede ICM de educa\u00e7\u00e3o","description":"","publisher":{"@id":"https:\/\/redeicm.org.br\/imaculadaconceicao\/#organization"},"potentialAction":[{"@type":"SearchAction","target":{"@type":"EntryPoint","urlTemplate":"https:\/\/redeicm.org.br\/imaculadaconceicao\/?s={search_term_string}"},"query-input":{"@type":"PropertyValueSpecification","valueRequired":true,"valueName":"search_term_string"}}],"inLanguage":"pt-BR"},{"@type":"Organization","@id":"https:\/\/redeicm.org.br\/imaculadaconceicao\/#organization","name":"Col\u00e9gio Imaculada Concei\u00e7\u00e3o | Rede ICM de educa\u00e7\u00e3o","url":"https:\/\/redeicm.org.br\/imaculadaconceicao\/","logo":{"@type":"ImageObject","inLanguage":"pt-BR","@id":"https:\/\/redeicm.org.br\/imaculadaconceicao\/#\/schema\/logo\/image\/","url":"https:\/\/redeicm.org.br\/imaculadaconceicao\/wp-content\/uploads\/sites\/12\/2024\/08\/ICM_Educacao_Imaculada_Conceicao_Preferencial_Cores-1024x263-1.png","contentUrl":"https:\/\/redeicm.org.br\/imaculadaconceicao\/wp-content\/uploads\/sites\/12\/2024\/08\/ICM_Educacao_Imaculada_Conceicao_Preferencial_Cores-1024x263-1.png","width":1024,"height":263,"caption":"Col\u00e9gio Imaculada Concei\u00e7\u00e3o | Rede ICM de educa\u00e7\u00e3o"},"image":{"@id":"https:\/\/redeicm.org.br\/imaculadaconceicao\/#\/schema\/logo\/image\/"}},{"@type":"Person","@id":"https:\/\/redeicm.org.br\/imaculadaconceicao\/#\/schema\/person\/1337424a614946b3b18a825fd03c8479","name":"danielfrohlich","image":{"@type":"ImageObject","inLanguage":"pt-BR","@id":"https:\/\/redeicm.org.br\/imaculadaconceicao\/#\/schema\/person\/image\/","url":"https:\/\/secure.gravatar.com\/avatar\/4cfc7cf28e3162825403ef9899e45e0a936d8f5927372b72f2688f7e9ca34590?s=96&d=mm&r=g","contentUrl":"https:\/\/secure.gravatar.com\/avatar\/4cfc7cf28e3162825403ef9899e45e0a936d8f5927372b72f2688f7e9ca34590?s=96&d=mm&r=g","caption":"danielfrohlich"},"url":"https:\/\/redeicm.org.br\/imaculadaconceicao\/author\/danielfrohlich\/"}]}},"_links":{"self":[{"href":"https:\/\/redeicm.org.br\/imaculadaconceicao\/wp-json\/wp\/v2\/posts\/2735","targetHints":{"allow":["GET"]}}],"collection":[{"href":"https:\/\/redeicm.org.br\/imaculadaconceicao\/wp-json\/wp\/v2\/posts"}],"about":[{"href":"https:\/\/redeicm.org.br\/imaculadaconceicao\/wp-json\/wp\/v2\/types\/post"}],"author":[{"embeddable":true,"href":"https:\/\/redeicm.org.br\/imaculadaconceicao\/wp-json\/wp\/v2\/users\/19"}],"replies":[{"embeddable":true,"href":"https:\/\/redeicm.org.br\/imaculadaconceicao\/wp-json\/wp\/v2\/comments?post=2735"}],"version-history":[{"count":0,"href":"https:\/\/redeicm.org.br\/imaculadaconceicao\/wp-json\/wp\/v2\/posts\/2735\/revisions"}],"wp:featuredmedia":[{"embeddable":true,"href":"https:\/\/redeicm.org.br\/imaculadaconceicao\/wp-json\/wp\/v2\/media\/2736"}],"wp:attachment":[{"href":"https:\/\/redeicm.org.br\/imaculadaconceicao\/wp-json\/wp\/v2\/media?parent=2735"}],"wp:term":[{"taxonomy":"category","embeddable":true,"href":"https:\/\/redeicm.org.br\/imaculadaconceicao\/wp-json\/wp\/v2\/categories?post=2735"},{"taxonomy":"post_tag","embeddable":true,"href":"https:\/\/redeicm.org.br\/imaculadaconceicao\/wp-json\/wp\/v2\/tags?post=2735"}],"curies":[{"name":"wp","href":"https:\/\/api.w.org\/{rel}","templated":true}]}}