{"id":1546,"date":"2023-07-13T17:30:01","date_gmt":"2023-07-13T20:30:01","guid":{"rendered":"https:\/\/redeicm.org.br\/imaculadaconceicao\/cha-dos-avos-2023\/"},"modified":"2023-07-13T17:30:01","modified_gmt":"2023-07-13T20:30:01","slug":"cha-dos-avos-2023","status":"publish","type":"post","link":"https:\/\/redeicm.org.br\/imaculadaconceicao\/cha-dos-avos-2023\/","title":{"rendered":"Ch\u00e1 dos Av\u00f3s &#8211; 2023"},"content":{"rendered":"<p style=\"text-align: justify\">Que atividade maravilhosa para os estudantes das turmas da Educa\u00e7\u00e3o Infantil!<br \/>\nA iniciativa de receber os av\u00f3s para um ch\u00e1 e realizar apresenta\u00e7\u00f5es baseadas na hist\u00f3ria &#8220;A menina do Cabelo Roxo em&#8230; O ch\u00e1 das Maravilhas&#8221;, da autora L\u00e9ia Cassol, \u00e9 encantadora. Essa atividade n\u00e3o apenas proporcionou momentos especiais entre os av\u00f3s e seus netos, mas tamb\u00e9m promoveu o desenvolvimento da identidade, intera\u00e7\u00e3o e afetividade dos participantes.<br \/>\nA releitura da hist\u00f3ria para os convidados \u00e9 uma forma criativa de compartilhar a mensagem e envolver a imagina\u00e7\u00e3o das crian\u00e7as. Al\u00e9m disso, as brincadeiras, como o bingo entre av\u00f3s e netos, contribu\u00edram para fortalecer os la\u00e7os familiares e proporcionar momentos de divers\u00e3o.<br \/>\nA presen\u00e7a da Professora Michele, de M\u00fasica, tamb\u00e9m acrescentou um elemento emocionante, com as can\u00e7\u00f5es sobre Vov\u00f3 e Vov\u00f4. A m\u00fasica tem o poder de evocar sentimentos profundos e criar uma atmosfera de afeto e conex\u00e3o.<br \/>\nEssa atividade demonstra o compromisso da Rede ICM em valorizar a constru\u00e7\u00e3o da identidade dos alunos, promover a intera\u00e7\u00e3o e a afetividade entre eles e seus familiares e despertar sentimentos positivos, em todos os envolvidos. Esses s\u00e3o aspectos fundamentais para um ambiente educacional saud\u00e1vel e enriquecedor.<br \/>\n<strong>11.07.2023<\/strong><\/p>\n<p><img fetchpriority=\"high\" decoding=\"async\" class=\"alignnone size-medium wp-image-45791\" src=\"https:\/\/redeicm.org.br\/imaculadaconceicao\/wp-content\/uploads\/sites\/12\/site\/\/1\/20230711_153328.jpg\" alt=\"\" width=\"300\" height=\"300\" \/> <img decoding=\"async\" class=\"alignnone size-medium wp-image-45792\" src=\"https:\/\/redeicm.org.br\/imaculadaconceicao\/wp-content\/uploads\/sites\/12\/site\/\/1\/20230711_153332.jpg\" alt=\"\" width=\"300\" height=\"300\" \/> <img decoding=\"async\" class=\"alignnone size-medium wp-image-45793\" src=\"https:\/\/redeicm.org.br\/imaculadaconceicao\/wp-content\/uploads\/sites\/12\/site\/\/1\/20230711_153336.jpg\" alt=\"\" width=\"300\" height=\"300\" \/> <img loading=\"lazy\" decoding=\"async\" class=\"alignnone size-medium wp-image-45794\" src=\"https:\/\/redeicm.org.br\/imaculadaconceicao\/wp-content\/uploads\/sites\/12\/site\/\/1\/20230711_153347.jpg\" alt=\"\" width=\"300\" height=\"300\" \/> <img loading=\"lazy\" decoding=\"async\" class=\"alignnone size-medium wp-image-45795\" src=\"https:\/\/redeicm.org.br\/imaculadaconceicao\/wp-content\/uploads\/sites\/12\/site\/\/1\/20230711_153354.jpg\" alt=\"\" width=\"300\" height=\"300\" \/> <img loading=\"lazy\" decoding=\"async\" class=\"alignnone size-medium wp-image-45796\" src=\"https:\/\/redeicm.org.br\/imaculadaconceicao\/wp-content\/uploads\/sites\/12\/site\/\/1\/20230711_153415.jpg\" alt=\"\" width=\"300\" height=\"300\" \/> <img loading=\"lazy\" decoding=\"async\" class=\"alignnone size-medium wp-image-45797\" src=\"https:\/\/redeicm.org.br\/imaculadaconceicao\/wp-content\/uploads\/sites\/12\/site\/\/1\/20230711_153559.jpg\" alt=\"\" width=\"300\" height=\"300\" \/> <img loading=\"lazy\" decoding=\"async\" class=\"alignnone size-medium wp-image-45798\" src=\"https:\/\/redeicm.org.br\/imaculadaconceicao\/wp-content\/uploads\/sites\/12\/site\/\/1\/20230711_153718.jpg\" alt=\"\" width=\"300\" height=\"300\" \/> <img loading=\"lazy\" decoding=\"async\" class=\"alignnone size-medium wp-image-45799\" src=\"https:\/\/redeicm.org.br\/imaculadaconceicao\/wp-content\/uploads\/sites\/12\/site\/\/1\/20230711_153721.jpg\" alt=\"\" width=\"300\" height=\"300\" \/><\/p>\n<div class=\"ose-youtube ose-uid-8be285cc86dfd1a7e1f5a9a2dc340047 ose-embedpress-responsive\" style=\"width:600px; height:550px; max-height:550px; max-width:100%; display:inline-block;\" data-embed-type=\"Youtube\"><iframe allowFullScreen=\"true\" title=\"Ch\u00e1 dos Av\u00f3s 2023 - 11.07.2023\" width=\"600\" height=\"550\" src=\"https:\/\/www.youtube.com\/embed\/O-Seddm9RJo?feature=oembed&color=red&rel=0&controls=1&start=&end=&fs=0&iv_load_policy=0&autoplay=0&mute=0&modestbranding=0&cc_load_policy=1&playsinline=1\" frameborder=\"0\" allow=\"accelerometer; encrypted-media;accelerometer;autoplay;clipboard-write;gyroscope;picture-in-picture clipboard-write; encrypted-media; gyroscope; picture-in-picture; web-share\" referrerpolicy=\"strict-origin-when-cross-origin\" allowfullscreen><\/iframe><\/div>\n<p><img loading=\"lazy\" decoding=\"async\" class=\"alignnone size-medium wp-image-45800\" src=\"https:\/\/redeicm.org.br\/imaculadaconceicao\/wp-content\/uploads\/sites\/12\/site\/\/1\/20230711_153936.jpg\" alt=\"\" width=\"300\" height=\"142\" \/>\u00a0 <img loading=\"lazy\" decoding=\"async\" class=\"alignnone size-medium wp-image-45802\" src=\"https:\/\/redeicm.org.br\/imaculadaconceicao\/wp-content\/uploads\/sites\/12\/site\/\/1\/20230711_153959.jpg\" alt=\"\" width=\"300\" height=\"142\" \/>\u00a0 <img loading=\"lazy\" decoding=\"async\" class=\"alignnone size-medium wp-image-45804\" src=\"https:\/\/redeicm.org.br\/imaculadaconceicao\/wp-content\/uploads\/sites\/12\/site\/\/1\/20230711_154018.jpg\" alt=\"\" width=\"300\" height=\"142\" \/>\u00a0\u00a0\u00a0\u00a0\u00a0\u00a0\u00a0\u00a0\u00a0\u00a0\u00a0\u00a0 <img loading=\"lazy\" decoding=\"async\" class=\"alignnone size-medium wp-image-45818\" src=\"https:\/\/redeicm.org.br\/imaculadaconceicao\/wp-content\/uploads\/sites\/12\/site\/\/1\/20230711_154159.jpg\" alt=\"\" width=\"300\" height=\"142\" \/> <img loading=\"lazy\" decoding=\"async\" class=\"alignnone size-medium wp-image-45819\" src=\"https:\/\/redeicm.org.br\/imaculadaconceicao\/wp-content\/uploads\/sites\/12\/site\/\/1\/20230711_154223.jpg\" alt=\"\" width=\"300\" height=\"142\" \/> <img loading=\"lazy\" decoding=\"async\" class=\"alignnone size-medium wp-image-45820\" src=\"https:\/\/redeicm.org.br\/imaculadaconceicao\/wp-content\/uploads\/sites\/12\/site\/\/1\/20230711_154236.jpg\" alt=\"\" width=\"300\" height=\"142\" \/>\u00a0\u00a0\u00a0\u00a0 <img loading=\"lazy\" decoding=\"async\" class=\"alignnone size-medium wp-image-45825\" src=\"https:\/\/redeicm.org.br\/imaculadaconceicao\/wp-content\/uploads\/sites\/12\/site\/\/1\/20230711_155521.jpg\" alt=\"\" width=\"300\" height=\"300\" \/>\u00a0 <img loading=\"lazy\" decoding=\"async\" class=\"alignnone size-medium wp-image-45827\" src=\"https:\/\/redeicm.org.br\/imaculadaconceicao\/wp-content\/uploads\/sites\/12\/site\/\/1\/20230711_155530.jpg\" alt=\"\" width=\"300\" height=\"300\" \/> <img loading=\"lazy\" decoding=\"async\" class=\"alignnone size-medium wp-image-45828\" src=\"https:\/\/redeicm.org.br\/imaculadaconceicao\/wp-content\/uploads\/sites\/12\/site\/\/1\/20230711_155542.jpg\" alt=\"\" width=\"300\" height=\"300\" \/> <img loading=\"lazy\" decoding=\"async\" class=\"alignnone size-medium wp-image-45829\" src=\"https:\/\/redeicm.org.br\/imaculadaconceicao\/wp-content\/uploads\/sites\/12\/site\/\/1\/20230711_155555.jpg\" alt=\"\" width=\"300\" height=\"300\" \/>\u00a0 <img loading=\"lazy\" decoding=\"async\" class=\"alignnone size-medium wp-image-45831\" src=\"https:\/\/redeicm.org.br\/imaculadaconceicao\/wp-content\/uploads\/sites\/12\/site\/\/1\/20230711_155641.jpg\" alt=\"\" width=\"300\" height=\"300\" \/>\u00a0 <img loading=\"lazy\" decoding=\"async\" class=\"alignnone size-medium wp-image-45833\" src=\"https:\/\/redeicm.org.br\/imaculadaconceicao\/wp-content\/uploads\/sites\/12\/site\/\/1\/20230711_155701.jpg\" alt=\"\" width=\"300\" height=\"300\" \/> <img loading=\"lazy\" decoding=\"async\" class=\"alignnone size-medium wp-image-45834\" src=\"https:\/\/redeicm.org.br\/imaculadaconceicao\/wp-content\/uploads\/sites\/12\/site\/\/1\/20230711_155712.jpg\" alt=\"\" width=\"300\" height=\"300\" \/> <img loading=\"lazy\" decoding=\"async\" class=\"alignnone size-medium wp-image-45835\" src=\"https:\/\/redeicm.org.br\/imaculadaconceicao\/wp-content\/uploads\/sites\/12\/site\/\/1\/20230711_160042.jpg\" alt=\"\" width=\"300\" height=\"300\" \/>\u00a0 <img loading=\"lazy\" decoding=\"async\" class=\"alignnone size-medium wp-image-45837\" src=\"https:\/\/redeicm.org.br\/imaculadaconceicao\/wp-content\/uploads\/sites\/12\/site\/\/1\/20230711_160055.jpg\" alt=\"\" width=\"300\" height=\"300\" \/> <img loading=\"lazy\" decoding=\"async\" class=\"alignnone size-medium wp-image-45838\" src=\"https:\/\/redeicm.org.br\/imaculadaconceicao\/wp-content\/uploads\/sites\/12\/site\/\/1\/20230711_162604.jpg\" alt=\"\" width=\"300\" height=\"300\" \/>\u00a0 <img loading=\"lazy\" decoding=\"async\" class=\"alignnone size-medium wp-image-45840\" src=\"https:\/\/redeicm.org.br\/imaculadaconceicao\/wp-content\/uploads\/sites\/12\/site\/\/1\/20230711_162715.jpg\" alt=\"\" width=\"300\" height=\"300\" \/>\u00a0\u00a0 <img loading=\"lazy\" decoding=\"async\" class=\"alignnone size-medium wp-image-45843\" src=\"https:\/\/redeicm.org.br\/imaculadaconceicao\/wp-content\/uploads\/sites\/12\/site\/\/1\/20230711_162900.jpg\" alt=\"\" width=\"300\" height=\"300\" \/> <img loading=\"lazy\" decoding=\"async\" class=\"alignnone size-medium wp-image-45844\" src=\"https:\/\/redeicm.org.br\/imaculadaconceicao\/wp-content\/uploads\/sites\/12\/site\/\/1\/20230711_162933.jpg\" alt=\"\" width=\"300\" height=\"300\" \/>\u00a0\u00a0 <img loading=\"lazy\" decoding=\"async\" class=\"alignnone size-medium wp-image-45847\" src=\"https:\/\/redeicm.org.br\/imaculadaconceicao\/wp-content\/uploads\/sites\/12\/site\/\/1\/20230711_163013.jpg\" alt=\"\" width=\"300\" height=\"300\" \/>\u00a0 <img loading=\"lazy\" decoding=\"async\" class=\"alignnone size-medium wp-image-45849\" src=\"https:\/\/redeicm.org.br\/imaculadaconceicao\/wp-content\/uploads\/sites\/12\/site\/\/1\/20230711_163127.jpg\" alt=\"\" width=\"300\" height=\"300\" \/>\u00a0 <img loading=\"lazy\" decoding=\"async\" class=\"alignnone size-medium wp-image-45851\" src=\"https:\/\/redeicm.org.br\/imaculadaconceicao\/wp-content\/uploads\/sites\/12\/site\/\/1\/20230711_163205.jpg\" alt=\"\" width=\"300\" height=\"300\" \/>\u00a0 <img loading=\"lazy\" decoding=\"async\" class=\"alignnone size-medium wp-image-45853\" src=\"https:\/\/redeicm.org.br\/imaculadaconceicao\/wp-content\/uploads\/sites\/12\/site\/\/1\/20230711_163228.jpg\" alt=\"\" width=\"300\" height=\"300\" \/> <img loading=\"lazy\" decoding=\"async\" class=\"alignnone size-medium wp-image-45854\" src=\"https:\/\/redeicm.org.br\/imaculadaconceicao\/wp-content\/uploads\/sites\/12\/site\/\/1\/20230711_163307.jpg\" alt=\"\" width=\"300\" height=\"300\" \/>\u00a0 <img loading=\"lazy\" decoding=\"async\" class=\"alignnone size-medium wp-image-45856\" src=\"https:\/\/redeicm.org.br\/imaculadaconceicao\/wp-content\/uploads\/sites\/12\/site\/\/1\/20230711_163327.jpg\" alt=\"\" width=\"300\" height=\"300\" \/> <img loading=\"lazy\" decoding=\"async\" class=\"alignnone size-medium wp-image-45857\" src=\"https:\/\/redeicm.org.br\/imaculadaconceicao\/wp-content\/uploads\/sites\/12\/site\/\/1\/20230711_163352.jpg\" alt=\"\" width=\"300\" height=\"300\" \/>\u00a0 <img loading=\"lazy\" decoding=\"async\" class=\"alignnone size-medium wp-image-45859\" src=\"https:\/\/redeicm.org.br\/imaculadaconceicao\/wp-content\/uploads\/sites\/12\/site\/\/1\/20230711_163437.jpg\" alt=\"\" width=\"300\" height=\"300\" \/>\u00a0\u00a0 <img loading=\"lazy\" decoding=\"async\" class=\"alignnone size-medium wp-image-45862\" src=\"https:\/\/redeicm.org.br\/imaculadaconceicao\/wp-content\/uploads\/sites\/12\/site\/\/1\/20230711_163508.jpg\" alt=\"\" width=\"300\" height=\"300\" \/> <img loading=\"lazy\" decoding=\"async\" class=\"alignnone size-medium wp-image-45863\" src=\"https:\/\/redeicm.org.br\/imaculadaconceicao\/wp-content\/uploads\/sites\/12\/site\/\/1\/20230711_163521.jpg\" alt=\"\" width=\"300\" height=\"300\" \/>\u00a0\u00a0 <img loading=\"lazy\" decoding=\"async\" class=\"alignnone size-medium wp-image-45866\" src=\"https:\/\/redeicm.org.br\/imaculadaconceicao\/wp-content\/uploads\/sites\/12\/site\/\/1\/20230711_163545.jpg\" alt=\"\" width=\"300\" height=\"300\" \/> <img loading=\"lazy\" decoding=\"async\" class=\"alignnone size-medium wp-image-45867\" src=\"https:\/\/redeicm.org.br\/imaculadaconceicao\/wp-content\/uploads\/sites\/12\/site\/\/1\/20230711_163609.jpg\" alt=\"\" width=\"300\" height=\"300\" \/>\u00a0\u00a0 <img loading=\"lazy\" decoding=\"async\" class=\"alignnone size-medium wp-image-45870\" src=\"https:\/\/redeicm.org.br\/imaculadaconceicao\/wp-content\/uploads\/sites\/12\/site\/\/1\/20230711_163708.jpg\" alt=\"\" width=\"300\" height=\"300\" \/>\u00a0 <img loading=\"lazy\" decoding=\"async\" class=\"alignnone size-medium wp-image-45872\" src=\"https:\/\/redeicm.org.br\/imaculadaconceicao\/wp-content\/uploads\/sites\/12\/site\/\/1\/20230711_163724.jpg\" alt=\"\" width=\"300\" height=\"300\" \/>\u00a0 <img loading=\"lazy\" decoding=\"async\" class=\"alignnone size-medium wp-image-45874\" src=\"https:\/\/redeicm.org.br\/imaculadaconceicao\/wp-content\/uploads\/sites\/12\/site\/\/1\/20230711_163806.jpg\" alt=\"\" width=\"300\" height=\"300\" \/>\u00a0 <img loading=\"lazy\" decoding=\"async\" class=\"alignnone size-medium wp-image-45876\" src=\"https:\/\/redeicm.org.br\/imaculadaconceicao\/wp-content\/uploads\/sites\/12\/site\/\/1\/20230711_163838.jpg\" alt=\"\" width=\"300\" height=\"300\" \/>\u00a0\u00a0 <img loading=\"lazy\" decoding=\"async\" class=\"alignnone size-medium wp-image-45879\" src=\"https:\/\/redeicm.org.br\/imaculadaconceicao\/wp-content\/uploads\/sites\/12\/site\/\/1\/20230711_163901.jpg\" alt=\"\" width=\"300\" height=\"300\" \/> <img loading=\"lazy\" decoding=\"async\" class=\"alignnone size-medium wp-image-45880\" src=\"https:\/\/redeicm.org.br\/imaculadaconceicao\/wp-content\/uploads\/sites\/12\/site\/\/1\/20230711_163914.jpg\" alt=\"\" width=\"300\" height=\"300\" \/>\u00a0 <img loading=\"lazy\" decoding=\"async\" class=\"alignnone size-medium wp-image-45882\" src=\"https:\/\/redeicm.org.br\/imaculadaconceicao\/wp-content\/uploads\/sites\/12\/site\/\/1\/20230711_163952.jpg\" alt=\"\" width=\"300\" height=\"300\" \/> <img loading=\"lazy\" decoding=\"async\" class=\"alignnone size-medium wp-image-45883\" src=\"https:\/\/redeicm.org.br\/imaculadaconceicao\/wp-content\/uploads\/sites\/12\/site\/\/1\/20230711_163957.jpg\" alt=\"\" width=\"300\" height=\"300\" \/>\u00a0\u00a0\u00a0\u00a0 <img loading=\"lazy\" decoding=\"async\" class=\"alignnone size-medium wp-image-45888\" src=\"https:\/\/redeicm.org.br\/imaculadaconceicao\/wp-content\/uploads\/sites\/12\/site\/\/1\/20230711_164150.jpg\" alt=\"\" width=\"300\" height=\"300\" \/>\u00a0 <img loading=\"lazy\" decoding=\"async\" class=\"alignnone size-medium wp-image-45890\" src=\"https:\/\/redeicm.org.br\/imaculadaconceicao\/wp-content\/uploads\/sites\/12\/site\/\/1\/20230711_164215.jpg\" alt=\"\" width=\"300\" height=\"300\" \/>\u00a0\u00a0 <img loading=\"lazy\" decoding=\"async\" class=\"alignnone size-medium wp-image-45893\" src=\"https:\/\/redeicm.org.br\/imaculadaconceicao\/wp-content\/uploads\/sites\/12\/site\/\/1\/20230711_164258.jpg\" alt=\"\" width=\"300\" height=\"300\" \/> <img loading=\"lazy\" decoding=\"async\" class=\"alignnone size-medium wp-image-45894\" src=\"https:\/\/redeicm.org.br\/imaculadaconceicao\/wp-content\/uploads\/sites\/12\/site\/\/1\/20230711_164337.jpg\" alt=\"\" width=\"300\" height=\"300\" \/>\u00a0\u00a0 <img loading=\"lazy\" decoding=\"async\" class=\"alignnone size-medium wp-image-45897\" src=\"https:\/\/redeicm.org.br\/imaculadaconceicao\/wp-content\/uploads\/sites\/12\/site\/\/1\/20230711_164414.jpg\" alt=\"\" width=\"300\" height=\"300\" \/> <img loading=\"lazy\" decoding=\"async\" class=\"alignnone size-medium wp-image-45898\" src=\"https:\/\/redeicm.org.br\/imaculadaconceicao\/wp-content\/uploads\/sites\/12\/site\/\/1\/20230711_164451.jpg\" alt=\"\" width=\"300\" height=\"300\" \/>\u00a0\u00a0 <img loading=\"lazy\" decoding=\"async\" class=\"alignnone size-medium wp-image-45901\" src=\"https:\/\/redeicm.org.br\/imaculadaconceicao\/wp-content\/uploads\/sites\/12\/site\/\/1\/20230711_164524.jpg\" alt=\"\" width=\"300\" height=\"300\" \/>\u00a0\u00a0\u00a0\u00a0\u00a0\u00a0 <img loading=\"lazy\" decoding=\"async\" class=\"alignnone size-medium wp-image-45908\" src=\"https:\/\/redeicm.org.br\/imaculadaconceicao\/wp-content\/uploads\/sites\/12\/site\/\/1\/20230711_164559.jpg\" alt=\"\" width=\"300\" height=\"300\" \/>\u00a0 <img loading=\"lazy\" decoding=\"async\" class=\"alignnone size-medium wp-image-45910\" src=\"https:\/\/redeicm.org.br\/imaculadaconceicao\/wp-content\/uploads\/sites\/12\/site\/\/1\/20230711_164654.jpg\" alt=\"\" width=\"300\" height=\"300\" \/> <img loading=\"lazy\" decoding=\"async\" class=\"alignnone size-medium wp-image-45911\" src=\"https:\/\/redeicm.org.br\/imaculadaconceicao\/wp-content\/uploads\/sites\/12\/site\/\/1\/20230711_164740.jpg\" alt=\"\" width=\"300\" height=\"300\" \/> <img loading=\"lazy\" decoding=\"async\" class=\"alignnone size-medium wp-image-45912\" src=\"https:\/\/redeicm.org.br\/imaculadaconceicao\/wp-content\/uploads\/sites\/12\/site\/\/1\/20230711_165008.jpg\" alt=\"\" width=\"300\" height=\"300\" \/>\u00a0\u00a0 <img loading=\"lazy\" decoding=\"async\" class=\"alignnone size-medium wp-image-45915\" src=\"https:\/\/redeicm.org.br\/imaculadaconceicao\/wp-content\/uploads\/sites\/12\/site\/\/1\/20230711_165035.jpg\" alt=\"\" width=\"300\" height=\"300\" \/>\u00a0 <img loading=\"lazy\" decoding=\"async\" class=\"alignnone size-medium wp-image-45917\" src=\"https:\/\/redeicm.org.br\/imaculadaconceicao\/wp-content\/uploads\/sites\/12\/site\/\/1\/20230711_165100.jpg\" alt=\"\" width=\"300\" height=\"300\" \/> <img loading=\"lazy\" decoding=\"async\" class=\"alignnone size-medium wp-image-45918\" src=\"https:\/\/redeicm.org.br\/imaculadaconceicao\/wp-content\/uploads\/sites\/12\/site\/\/1\/20230711_165133.jpg\" alt=\"\" width=\"300\" height=\"300\" \/><\/p>\n<p><strong>Dia 12.07.2023<\/strong><\/p>\n<p><img loading=\"lazy\" decoding=\"async\" class=\"alignnone size-medium wp-image-45920\" src=\"https:\/\/redeicm.org.br\/imaculadaconceicao\/wp-content\/uploads\/sites\/12\/site\/\/1\/20230712_155134.jpg\" alt=\"\" width=\"142\" height=\"300\" \/> <img loading=\"lazy\" decoding=\"async\" class=\"alignnone size-medium wp-image-45921\" src=\"https:\/\/redeicm.org.br\/imaculadaconceicao\/wp-content\/uploads\/sites\/12\/site\/\/1\/20230712_155141.jpg\" alt=\"\" width=\"300\" height=\"300\" \/> <img loading=\"lazy\" decoding=\"async\" class=\"alignnone size-medium wp-image-45922\" src=\"https:\/\/redeicm.org.br\/imaculadaconceicao\/wp-content\/uploads\/sites\/12\/site\/\/1\/20230712_155150.jpg\" alt=\"\" width=\"300\" height=\"300\" \/> <img loading=\"lazy\" decoding=\"async\" class=\"alignnone size-medium wp-image-45923\" src=\"https:\/\/redeicm.org.br\/imaculadaconceicao\/wp-content\/uploads\/sites\/12\/site\/\/1\/20230712_155152.jpg\" alt=\"\" width=\"300\" height=\"300\" \/><\/p>\n<div class=\"ose-youtube ose-uid-b7c6319eb93028f55f40105a705d9d93 ose-embedpress-responsive\" style=\"width:600px; height:550px; max-height:550px; max-width:100%; display:inline-block;\" data-embed-type=\"Youtube\"><iframe allowFullScreen=\"true\" title=\"Ch\u00e1 dos Av\u00f3s - 12.07.2023\" width=\"600\" height=\"550\" src=\"https:\/\/www.youtube.com\/embed\/27ssWGxUYNE?feature=oembed&color=red&rel=0&controls=1&start=&end=&fs=0&iv_load_policy=0&autoplay=0&mute=0&modestbranding=0&cc_load_policy=1&playsinline=1\" frameborder=\"0\" allow=\"accelerometer; encrypted-media;accelerometer;autoplay;clipboard-write;gyroscope;picture-in-picture clipboard-write; encrypted-media; gyroscope; picture-in-picture; web-share\" referrerpolicy=\"strict-origin-when-cross-origin\" allowfullscreen><\/iframe><\/div>\n<p><img loading=\"lazy\" decoding=\"async\" class=\"alignnone size-medium wp-image-45926\" src=\"https:\/\/redeicm.org.br\/imaculadaconceicao\/wp-content\/uploads\/sites\/12\/site\/\/1\/20230712_155230.jpg\" alt=\"\" width=\"300\" height=\"300\" \/> <img loading=\"lazy\" decoding=\"async\" class=\"alignnone size-medium wp-image-45927\" src=\"https:\/\/redeicm.org.br\/imaculadaconceicao\/wp-content\/uploads\/sites\/12\/site\/\/1\/20230712_155650.jpg\" alt=\"\" width=\"300\" height=\"300\" \/> <img loading=\"lazy\" decoding=\"async\" class=\"alignnone size-medium wp-image-45928\" src=\"https:\/\/redeicm.org.br\/imaculadaconceicao\/wp-content\/uploads\/sites\/12\/site\/\/1\/20230712_155718.jpg\" alt=\"\" width=\"300\" height=\"300\" \/> <img loading=\"lazy\" decoding=\"async\" class=\"alignnone size-medium wp-image-45929\" src=\"https:\/\/redeicm.org.br\/imaculadaconceicao\/wp-content\/uploads\/sites\/12\/site\/\/1\/20230712_1558230.jpg\" alt=\"\" width=\"300\" height=\"300\" \/> <img loading=\"lazy\" decoding=\"async\" class=\"alignnone size-medium wp-image-45930\" src=\"https:\/\/redeicm.org.br\/imaculadaconceicao\/wp-content\/uploads\/sites\/12\/site\/\/1\/20230712_155852.jpg\" alt=\"\" width=\"300\" height=\"300\" \/> <img loading=\"lazy\" decoding=\"async\" class=\"alignnone size-medium wp-image-45931\" src=\"https:\/\/redeicm.org.br\/imaculadaconceicao\/wp-content\/uploads\/sites\/12\/site\/\/1\/20230712_155910.jpg\" alt=\"\" width=\"300\" height=\"300\" \/><img loading=\"lazy\" decoding=\"async\" class=\"alignnone size-medium wp-image-45976\" src=\"https:\/\/redeicm.org.br\/imaculadaconceicao\/wp-content\/uploads\/sites\/12\/site\/\/1\/20230712_160240.jpg\" alt=\"\" width=\"300\" height=\"300\" \/> <img loading=\"lazy\" decoding=\"async\" class=\"alignnone size-medium wp-image-45932\" src=\"https:\/\/redeicm.org.br\/imaculadaconceicao\/wp-content\/uploads\/sites\/12\/site\/\/1\/20230712_155932.jpg\" alt=\"\" width=\"300\" height=\"300\" \/> <img loading=\"lazy\" decoding=\"async\" class=\"alignnone size-medium wp-image-45933\" src=\"https:\/\/redeicm.org.br\/imaculadaconceicao\/wp-content\/uploads\/sites\/12\/site\/\/1\/20230712_160001.jpg\" alt=\"\" width=\"300\" height=\"300\" \/> <img loading=\"lazy\" decoding=\"async\" class=\"alignnone size-medium wp-image-45934\" src=\"https:\/\/redeicm.org.br\/imaculadaconceicao\/wp-content\/uploads\/sites\/12\/site\/\/1\/20230712_160034.jpg\" alt=\"\" width=\"300\" height=\"300\" \/> <img loading=\"lazy\" decoding=\"async\" class=\"alignnone size-medium wp-image-45935\" src=\"https:\/\/redeicm.org.br\/imaculadaconceicao\/wp-content\/uploads\/sites\/12\/site\/\/1\/20230712_160150.jpg\" alt=\"\" width=\"300\" height=\"300\" \/> <img loading=\"lazy\" decoding=\"async\" class=\"alignnone size-medium wp-image-45936\" src=\"https:\/\/redeicm.org.br\/imaculadaconceicao\/wp-content\/uploads\/sites\/12\/site\/\/1\/20230712_160311.jpg\" alt=\"\" width=\"300\" height=\"300\" \/> <img loading=\"lazy\" decoding=\"async\" class=\"alignnone size-medium wp-image-45937\" src=\"https:\/\/redeicm.org.br\/imaculadaconceicao\/wp-content\/uploads\/sites\/12\/site\/\/1\/20230712_160335.jpg\" alt=\"\" width=\"300\" height=\"300\" \/> <img loading=\"lazy\" decoding=\"async\" class=\"alignnone size-medium wp-image-45938\" src=\"https:\/\/redeicm.org.br\/imaculadaconceicao\/wp-content\/uploads\/sites\/12\/site\/\/1\/20230712_160940.jpg\" alt=\"\" width=\"300\" height=\"300\" \/> <img loading=\"lazy\" decoding=\"async\" class=\"alignnone size-medium wp-image-45939\" src=\"https:\/\/redeicm.org.br\/imaculadaconceicao\/wp-content\/uploads\/sites\/12\/site\/\/1\/20230712_161000.jpg\" alt=\"\" width=\"300\" height=\"300\" \/> <img loading=\"lazy\" decoding=\"async\" class=\"alignnone size-medium wp-image-45940\" src=\"https:\/\/redeicm.org.br\/imaculadaconceicao\/wp-content\/uploads\/sites\/12\/site\/\/1\/20230712_161014.jpg\" alt=\"\" width=\"300\" height=\"300\" \/> <img loading=\"lazy\" decoding=\"async\" class=\"alignnone size-medium wp-image-45941\" src=\"https:\/\/redeicm.org.br\/imaculadaconceicao\/wp-content\/uploads\/sites\/12\/site\/\/1\/20230712_162017.jpg\" alt=\"\" width=\"300\" height=\"300\" \/> <img loading=\"lazy\" decoding=\"async\" class=\"alignnone size-medium wp-image-45942\" src=\"https:\/\/redeicm.org.br\/imaculadaconceicao\/wp-content\/uploads\/sites\/12\/site\/\/1\/20230712_162036.jpg\" alt=\"\" width=\"300\" height=\"300\" \/> <img loading=\"lazy\" decoding=\"async\" class=\"alignnone size-medium wp-image-45943\" src=\"https:\/\/redeicm.org.br\/imaculadaconceicao\/wp-content\/uploads\/sites\/12\/site\/\/1\/20230712_162124.jpg\" alt=\"\" width=\"300\" height=\"300\" \/> <img loading=\"lazy\" decoding=\"async\" class=\"alignnone size-medium wp-image-45944\" src=\"https:\/\/redeicm.org.br\/imaculadaconceicao\/wp-content\/uploads\/sites\/12\/site\/\/1\/20230712_162126.jpg\" alt=\"\" width=\"300\" height=\"300\" \/> <img loading=\"lazy\" decoding=\"async\" class=\"alignnone size-medium wp-image-45945\" src=\"https:\/\/redeicm.org.br\/imaculadaconceicao\/wp-content\/uploads\/sites\/12\/site\/\/1\/20230712_1621430.jpg\" alt=\"\" width=\"300\" height=\"300\" \/> <img loading=\"lazy\" decoding=\"async\" class=\"alignnone size-medium wp-image-45946\" src=\"https:\/\/redeicm.org.br\/imaculadaconceicao\/wp-content\/uploads\/sites\/12\/site\/\/1\/20230712_162301.jpg\" alt=\"\" width=\"300\" height=\"300\" \/> <img loading=\"lazy\" decoding=\"async\" class=\"alignnone size-medium wp-image-45947\" src=\"https:\/\/redeicm.org.br\/imaculadaconceicao\/wp-content\/uploads\/sites\/12\/site\/\/1\/20230712_162403.jpg\" alt=\"\" width=\"300\" height=\"300\" \/> <img loading=\"lazy\" decoding=\"async\" class=\"alignnone size-medium wp-image-45948\" src=\"https:\/\/redeicm.org.br\/imaculadaconceicao\/wp-content\/uploads\/sites\/12\/site\/\/1\/20230712_162443.jpg\" alt=\"\" width=\"300\" height=\"300\" \/> <img loading=\"lazy\" decoding=\"async\" class=\"alignnone size-medium wp-image-45949\" src=\"https:\/\/redeicm.org.br\/imaculadaconceicao\/wp-content\/uploads\/sites\/12\/site\/\/1\/20230712_162459.jpg\" alt=\"\" width=\"300\" height=\"300\" \/> <img loading=\"lazy\" decoding=\"async\" class=\"alignnone size-medium wp-image-45950\" src=\"https:\/\/redeicm.org.br\/imaculadaconceicao\/wp-content\/uploads\/sites\/12\/site\/\/1\/20230712_162513.jpg\" alt=\"\" width=\"300\" height=\"300\" \/> <img loading=\"lazy\" decoding=\"async\" class=\"alignnone size-medium wp-image-45951\" src=\"https:\/\/redeicm.org.br\/imaculadaconceicao\/wp-content\/uploads\/sites\/12\/site\/\/1\/20230712_162535.jpg\" alt=\"\" width=\"300\" height=\"300\" \/> <img loading=\"lazy\" decoding=\"async\" class=\"alignnone size-medium wp-image-45952\" src=\"https:\/\/redeicm.org.br\/imaculadaconceicao\/wp-content\/uploads\/sites\/12\/site\/\/1\/20230712_162631.jpg\" alt=\"\" width=\"300\" height=\"300\" \/> <img loading=\"lazy\" decoding=\"async\" class=\"alignnone size-medium wp-image-45953\" src=\"https:\/\/redeicm.org.br\/imaculadaconceicao\/wp-content\/uploads\/sites\/12\/site\/\/1\/20230712_162649.jpg\" alt=\"\" width=\"300\" height=\"300\" \/> <img loading=\"lazy\" decoding=\"async\" class=\"alignnone size-medium wp-image-45954\" src=\"https:\/\/redeicm.org.br\/imaculadaconceicao\/wp-content\/uploads\/sites\/12\/site\/\/1\/20230712_162731.jpg\" alt=\"\" width=\"300\" height=\"300\" \/> <img loading=\"lazy\" decoding=\"async\" class=\"alignnone size-medium wp-image-45955\" src=\"https:\/\/redeicm.org.br\/imaculadaconceicao\/wp-content\/uploads\/sites\/12\/site\/\/1\/20230712_162910.jpg\" alt=\"\" width=\"300\" height=\"300\" \/> <img loading=\"lazy\" decoding=\"async\" class=\"alignnone size-medium wp-image-45956\" src=\"https:\/\/redeicm.org.br\/imaculadaconceicao\/wp-content\/uploads\/sites\/12\/site\/\/1\/20230712_162959.jpg\" alt=\"\" width=\"300\" height=\"300\" \/> <img loading=\"lazy\" decoding=\"async\" class=\"alignnone size-medium wp-image-45957\" src=\"https:\/\/redeicm.org.br\/imaculadaconceicao\/wp-content\/uploads\/sites\/12\/site\/\/1\/20230712_163103.jpg\" alt=\"\" width=\"300\" height=\"300\" \/> <img loading=\"lazy\" decoding=\"async\" class=\"alignnone size-medium wp-image-45958\" src=\"https:\/\/redeicm.org.br\/imaculadaconceicao\/wp-content\/uploads\/sites\/12\/site\/\/1\/20230712_163403.jpg\" alt=\"\" width=\"300\" height=\"300\" \/> <img loading=\"lazy\" decoding=\"async\" class=\"alignnone size-medium wp-image-45959\" src=\"https:\/\/redeicm.org.br\/imaculadaconceicao\/wp-content\/uploads\/sites\/12\/site\/\/1\/20230712_163423.jpg\" alt=\"\" width=\"300\" height=\"300\" \/> <img loading=\"lazy\" decoding=\"async\" class=\"alignnone size-medium wp-image-45960\" src=\"https:\/\/redeicm.org.br\/imaculadaconceicao\/wp-content\/uploads\/sites\/12\/site\/\/1\/20230712_163438.jpg\" alt=\"\" width=\"300\" height=\"300\" \/> <img loading=\"lazy\" decoding=\"async\" class=\"alignnone size-medium wp-image-45961\" src=\"https:\/\/redeicm.org.br\/imaculadaconceicao\/wp-content\/uploads\/sites\/12\/site\/\/1\/20230712_163459.jpg\" alt=\"\" width=\"300\" height=\"300\" \/> <img loading=\"lazy\" decoding=\"async\" class=\"alignnone size-medium wp-image-45962\" src=\"https:\/\/redeicm.org.br\/imaculadaconceicao\/wp-content\/uploads\/sites\/12\/site\/\/1\/20230712_163520.jpg\" alt=\"\" width=\"300\" height=\"300\" \/> <img loading=\"lazy\" decoding=\"async\" class=\"alignnone size-medium wp-image-45963\" src=\"https:\/\/redeicm.org.br\/imaculadaconceicao\/wp-content\/uploads\/sites\/12\/site\/\/1\/20230712_163605.jpg\" alt=\"\" width=\"300\" height=\"300\" \/> <img loading=\"lazy\" decoding=\"async\" class=\"alignnone size-medium wp-image-45964\" src=\"https:\/\/redeicm.org.br\/imaculadaconceicao\/wp-content\/uploads\/sites\/12\/site\/\/1\/20230712_163645.jpg\" alt=\"\" width=\"300\" height=\"300\" \/> <img loading=\"lazy\" decoding=\"async\" class=\"alignnone size-medium wp-image-45965\" src=\"https:\/\/redeicm.org.br\/imaculadaconceicao\/wp-content\/uploads\/sites\/12\/site\/\/1\/20230712_163710.jpg\" alt=\"\" width=\"300\" height=\"300\" \/> <img loading=\"lazy\" decoding=\"async\" class=\"alignnone size-medium wp-image-45966\" src=\"https:\/\/redeicm.org.br\/imaculadaconceicao\/wp-content\/uploads\/sites\/12\/site\/\/1\/20230712_163745.jpg\" alt=\"\" width=\"300\" height=\"300\" \/> <img loading=\"lazy\" decoding=\"async\" class=\"alignnone size-medium wp-image-45967\" src=\"https:\/\/redeicm.org.br\/imaculadaconceicao\/wp-content\/uploads\/sites\/12\/site\/\/1\/20230712_163806.jpg\" alt=\"\" width=\"300\" height=\"300\" \/> <img loading=\"lazy\" decoding=\"async\" class=\"alignnone size-medium wp-image-45968\" src=\"https:\/\/redeicm.org.br\/imaculadaconceicao\/wp-content\/uploads\/sites\/12\/site\/\/1\/20230712_163904.jpg\" alt=\"\" width=\"300\" height=\"300\" \/> <img loading=\"lazy\" decoding=\"async\" class=\"alignnone size-medium wp-image-45969\" src=\"https:\/\/redeicm.org.br\/imaculadaconceicao\/wp-content\/uploads\/sites\/12\/site\/\/1\/20230712_163922.jpg\" alt=\"\" width=\"300\" height=\"300\" \/> <img loading=\"lazy\" decoding=\"async\" class=\"alignnone size-medium wp-image-45970\" src=\"https:\/\/redeicm.org.br\/imaculadaconceicao\/wp-content\/uploads\/sites\/12\/site\/\/1\/20230712_163947.jpg\" alt=\"\" width=\"300\" height=\"300\" \/> <img loading=\"lazy\" decoding=\"async\" class=\"alignnone size-medium wp-image-45971\" src=\"https:\/\/redeicm.org.br\/imaculadaconceicao\/wp-content\/uploads\/sites\/12\/site\/\/1\/20230712_164151.jpg\" alt=\"\" width=\"300\" height=\"300\" \/> <img loading=\"lazy\" decoding=\"async\" class=\"alignnone size-medium wp-image-45972\" src=\"https:\/\/redeicm.org.br\/imaculadaconceicao\/wp-content\/uploads\/sites\/12\/site\/\/1\/20230712_164228.jpg\" alt=\"\" width=\"300\" height=\"300\" \/> <img loading=\"lazy\" decoding=\"async\" class=\"alignnone size-medium wp-image-45973\" src=\"https:\/\/redeicm.org.br\/imaculadaconceicao\/wp-content\/uploads\/sites\/12\/site\/\/1\/20230712_164250.jpg\" alt=\"\" width=\"300\" height=\"300\" \/><\/p>\n","protected":false},"excerpt":{"rendered":"<p>Que atividade maravilhosa para os estudantes das turmas da Educa\u00e7\u00e3o Infantil! A iniciativa de receber os av\u00f3s para um ch\u00e1 e realizar apresenta\u00e7\u00f5es baseadas na hist\u00f3ria &#8220;A menina do Cabelo Roxo em&#8230; O ch\u00e1 das Maravilhas&#8221;, da autora L\u00e9ia Cassol, \u00e9 encantadora. Essa atividade n\u00e3o apenas proporcionou momentos especiais entre os av\u00f3s e seus netos, [&hellip;]<\/p>\n","protected":false},"author":1,"featured_media":1449,"comment_status":"closed","ping_status":"closed","sticky":false,"template":"","format":"standard","meta":{"_acf_changed":false,"footnotes":""},"categories":[14],"tags":[],"class_list":["post-1546","post","type-post","status-publish","format-standard","has-post-thumbnail","hentry","category-noticias"],"acf":[],"yoast_head":"<!-- This site is optimized with the Yoast SEO plugin v26.3 - https:\/\/yoast.com\/wordpress\/plugins\/seo\/ -->\n<title>Ch\u00e1 dos Av\u00f3s - 2023 - Col\u00e9gio Imaculada Concei\u00e7\u00e3o | Rede ICM de educa\u00e7\u00e3o<\/title>\n<meta name=\"robots\" content=\"index, follow, max-snippet:-1, max-image-preview:large, max-video-preview:-1\" \/>\n<link rel=\"canonical\" href=\"https:\/\/redeicm.org.br\/imaculadaconceicao\/cha-dos-avos-2023\/\" \/>\n<meta property=\"og:locale\" content=\"pt_BR\" \/>\n<meta property=\"og:type\" content=\"article\" \/>\n<meta property=\"og:title\" content=\"Ch\u00e1 dos Av\u00f3s - 2023 - Col\u00e9gio Imaculada Concei\u00e7\u00e3o | Rede ICM de educa\u00e7\u00e3o\" \/>\n<meta property=\"og:description\" content=\"Que atividade maravilhosa para os estudantes das turmas da Educa\u00e7\u00e3o Infantil! A iniciativa de receber os av\u00f3s para um ch\u00e1 e realizar apresenta\u00e7\u00f5es baseadas na hist\u00f3ria &#8220;A menina do Cabelo Roxo em&#8230; O ch\u00e1 das Maravilhas&#8221;, da autora L\u00e9ia Cassol, \u00e9 encantadora. Essa atividade n\u00e3o apenas proporcionou momentos especiais entre os av\u00f3s e seus netos, [&hellip;]\" \/>\n<meta property=\"og:url\" content=\"https:\/\/redeicm.org.br\/imaculadaconceicao\/cha-dos-avos-2023\/\" \/>\n<meta property=\"og:site_name\" content=\"Col\u00e9gio Imaculada Concei\u00e7\u00e3o | Rede ICM de educa\u00e7\u00e3o\" \/>\n<meta property=\"article:published_time\" content=\"2023-07-13T20:30:01+00:00\" \/>\n<meta property=\"og:image\" content=\"https:\/\/redeicm.org.br\/imaculadaconceicao\/wp-content\/uploads\/sites\/12\/site\/\/1\/20230711_155555.jpg\" \/>\n\t<meta property=\"og:image:width\" content=\"1024\" \/>\n\t<meta property=\"og:image:height\" content=\"1024\" \/>\n\t<meta property=\"og:image:type\" content=\"image\/jpeg\" \/>\n<meta name=\"author\" content=\"ond@web\" \/>\n<meta name=\"twitter:card\" content=\"summary_large_image\" \/>\n<meta name=\"twitter:label1\" content=\"Escrito por\" \/>\n\t<meta name=\"twitter:data1\" content=\"ond@web\" \/>\n\t<meta name=\"twitter:label2\" content=\"Est. tempo de leitura\" \/>\n\t<meta name=\"twitter:data2\" content=\"1 minuto\" \/>\n<script type=\"application\/ld+json\" class=\"yoast-schema-graph\">{\"@context\":\"https:\/\/schema.org\",\"@graph\":[{\"@type\":\"Article\",\"@id\":\"https:\/\/redeicm.org.br\/imaculadaconceicao\/cha-dos-avos-2023\/#article\",\"isPartOf\":{\"@id\":\"https:\/\/redeicm.org.br\/imaculadaconceicao\/cha-dos-avos-2023\/\"},\"author\":{\"name\":\"ond@web\",\"@id\":\"https:\/\/redeicm.org.br\/imaculadaconceicao\/#\/schema\/person\/a38dce2d2e752de68b1a37e503550f9f\"},\"headline\":\"Ch\u00e1 dos Av\u00f3s &#8211; 2023\",\"datePublished\":\"2023-07-13T20:30:01+00:00\",\"mainEntityOfPage\":{\"@id\":\"https:\/\/redeicm.org.br\/imaculadaconceicao\/cha-dos-avos-2023\/\"},\"wordCount\":236,\"publisher\":{\"@id\":\"https:\/\/redeicm.org.br\/imaculadaconceicao\/#organization\"},\"image\":{\"@id\":\"https:\/\/redeicm.org.br\/imaculadaconceicao\/cha-dos-avos-2023\/#primaryimage\"},\"thumbnailUrl\":\"https:\/\/redeicm.org.br\/imaculadaconceicao\/wp-content\/uploads\/sites\/12\/site\/\/1\/20230711_155555.jpg\",\"articleSection\":[\"NOT\u00cdCIAS\"],\"inLanguage\":\"pt-BR\"},{\"@type\":\"WebPage\",\"@id\":\"https:\/\/redeicm.org.br\/imaculadaconceicao\/cha-dos-avos-2023\/\",\"url\":\"https:\/\/redeicm.org.br\/imaculadaconceicao\/cha-dos-avos-2023\/\",\"name\":\"Ch\u00e1 dos Av\u00f3s - 2023 - Col\u00e9gio Imaculada Concei\u00e7\u00e3o | Rede ICM de educa\u00e7\u00e3o\",\"isPartOf\":{\"@id\":\"https:\/\/redeicm.org.br\/imaculadaconceicao\/#website\"},\"primaryImageOfPage\":{\"@id\":\"https:\/\/redeicm.org.br\/imaculadaconceicao\/cha-dos-avos-2023\/#primaryimage\"},\"image\":{\"@id\":\"https:\/\/redeicm.org.br\/imaculadaconceicao\/cha-dos-avos-2023\/#primaryimage\"},\"thumbnailUrl\":\"https:\/\/redeicm.org.br\/imaculadaconceicao\/wp-content\/uploads\/sites\/12\/site\/\/1\/20230711_155555.jpg\",\"datePublished\":\"2023-07-13T20:30:01+00:00\",\"breadcrumb\":{\"@id\":\"https:\/\/redeicm.org.br\/imaculadaconceicao\/cha-dos-avos-2023\/#breadcrumb\"},\"inLanguage\":\"pt-BR\",\"potentialAction\":[{\"@type\":\"ReadAction\",\"target\":[\"https:\/\/redeicm.org.br\/imaculadaconceicao\/cha-dos-avos-2023\/\"]}]},{\"@type\":\"ImageObject\",\"inLanguage\":\"pt-BR\",\"@id\":\"https:\/\/redeicm.org.br\/imaculadaconceicao\/cha-dos-avos-2023\/#primaryimage\",\"url\":\"https:\/\/redeicm.org.br\/imaculadaconceicao\/wp-content\/uploads\/sites\/12\/site\/\/1\/20230711_155555.jpg\",\"contentUrl\":\"https:\/\/redeicm.org.br\/imaculadaconceicao\/wp-content\/uploads\/sites\/12\/site\/\/1\/20230711_155555.jpg\",\"width\":1024,\"height\":1024},{\"@type\":\"BreadcrumbList\",\"@id\":\"https:\/\/redeicm.org.br\/imaculadaconceicao\/cha-dos-avos-2023\/#breadcrumb\",\"itemListElement\":[{\"@type\":\"ListItem\",\"position\":1,\"name\":\"In\u00edcio\",\"item\":\"https:\/\/redeicm.org.br\/imaculadaconceicao\/\"},{\"@type\":\"ListItem\",\"position\":2,\"name\":\"Ch\u00e1 dos Av\u00f3s &#8211; 2023\"}]},{\"@type\":\"WebSite\",\"@id\":\"https:\/\/redeicm.org.br\/imaculadaconceicao\/#website\",\"url\":\"https:\/\/redeicm.org.br\/imaculadaconceicao\/\",\"name\":\"Col\u00e9gio Imaculada Concei\u00e7\u00e3o | Rede ICM de educa\u00e7\u00e3o\",\"description\":\"\",\"publisher\":{\"@id\":\"https:\/\/redeicm.org.br\/imaculadaconceicao\/#organization\"},\"potentialAction\":[{\"@type\":\"SearchAction\",\"target\":{\"@type\":\"EntryPoint\",\"urlTemplate\":\"https:\/\/redeicm.org.br\/imaculadaconceicao\/?s={search_term_string}\"},\"query-input\":{\"@type\":\"PropertyValueSpecification\",\"valueRequired\":true,\"valueName\":\"search_term_string\"}}],\"inLanguage\":\"pt-BR\"},{\"@type\":\"Organization\",\"@id\":\"https:\/\/redeicm.org.br\/imaculadaconceicao\/#organization\",\"name\":\"Col\u00e9gio Imaculada Concei\u00e7\u00e3o | Rede ICM de educa\u00e7\u00e3o\",\"url\":\"https:\/\/redeicm.org.br\/imaculadaconceicao\/\",\"logo\":{\"@type\":\"ImageObject\",\"inLanguage\":\"pt-BR\",\"@id\":\"https:\/\/redeicm.org.br\/imaculadaconceicao\/#\/schema\/logo\/image\/\",\"url\":\"https:\/\/redeicm.org.br\/imaculadaconceicao\/wp-content\/uploads\/sites\/12\/2024\/08\/ICM_Educacao_Imaculada_Conceicao_Preferencial_Cores-1024x263-1.png\",\"contentUrl\":\"https:\/\/redeicm.org.br\/imaculadaconceicao\/wp-content\/uploads\/sites\/12\/2024\/08\/ICM_Educacao_Imaculada_Conceicao_Preferencial_Cores-1024x263-1.png\",\"width\":1024,\"height\":263,\"caption\":\"Col\u00e9gio Imaculada Concei\u00e7\u00e3o | Rede ICM de educa\u00e7\u00e3o\"},\"image\":{\"@id\":\"https:\/\/redeicm.org.br\/imaculadaconceicao\/#\/schema\/logo\/image\/\"}},{\"@type\":\"Person\",\"@id\":\"https:\/\/redeicm.org.br\/imaculadaconceicao\/#\/schema\/person\/a38dce2d2e752de68b1a37e503550f9f\",\"name\":\"ond@web\",\"image\":{\"@type\":\"ImageObject\",\"inLanguage\":\"pt-BR\",\"@id\":\"https:\/\/redeicm.org.br\/imaculadaconceicao\/#\/schema\/person\/image\/\",\"url\":\"https:\/\/secure.gravatar.com\/avatar\/648e68d5f292ea4161a120b2eb1efb8606ed8b74cf3530230d8e9a1421746261?s=96&d=mm&r=g\",\"contentUrl\":\"https:\/\/secure.gravatar.com\/avatar\/648e68d5f292ea4161a120b2eb1efb8606ed8b74cf3530230d8e9a1421746261?s=96&d=mm&r=g\",\"caption\":\"ond@web\"},\"sameAs\":[\"https:\/\/redeicm.org.br\"],\"url\":\"https:\/\/redeicm.org.br\/imaculadaconceicao\/author\/ondweb\/\"}]}<\/script>\n<!-- \/ Yoast SEO plugin. -->","yoast_head_json":{"title":"Ch\u00e1 dos Av\u00f3s - 2023 - Col\u00e9gio Imaculada Concei\u00e7\u00e3o | Rede ICM de educa\u00e7\u00e3o","robots":{"index":"index","follow":"follow","max-snippet":"max-snippet:-1","max-image-preview":"max-image-preview:large","max-video-preview":"max-video-preview:-1"},"canonical":"https:\/\/redeicm.org.br\/imaculadaconceicao\/cha-dos-avos-2023\/","og_locale":"pt_BR","og_type":"article","og_title":"Ch\u00e1 dos Av\u00f3s - 2023 - Col\u00e9gio Imaculada Concei\u00e7\u00e3o | Rede ICM de educa\u00e7\u00e3o","og_description":"Que atividade maravilhosa para os estudantes das turmas da Educa\u00e7\u00e3o Infantil! A iniciativa de receber os av\u00f3s para um ch\u00e1 e realizar apresenta\u00e7\u00f5es baseadas na hist\u00f3ria &#8220;A menina do Cabelo Roxo em&#8230; O ch\u00e1 das Maravilhas&#8221;, da autora L\u00e9ia Cassol, \u00e9 encantadora. Essa atividade n\u00e3o apenas proporcionou momentos especiais entre os av\u00f3s e seus netos, [&hellip;]","og_url":"https:\/\/redeicm.org.br\/imaculadaconceicao\/cha-dos-avos-2023\/","og_site_name":"Col\u00e9gio Imaculada Concei\u00e7\u00e3o | Rede ICM de educa\u00e7\u00e3o","article_published_time":"2023-07-13T20:30:01+00:00","og_image":[{"width":1024,"height":1024,"url":"https:\/\/redeicm.org.br\/imaculadaconceicao\/wp-content\/uploads\/sites\/12\/site\/\/1\/20230711_155555.jpg","type":"image\/jpeg"}],"author":"ond@web","twitter_card":"summary_large_image","twitter_misc":{"Escrito por":"ond@web","Est. tempo de leitura":"1 minuto"},"schema":{"@context":"https:\/\/schema.org","@graph":[{"@type":"Article","@id":"https:\/\/redeicm.org.br\/imaculadaconceicao\/cha-dos-avos-2023\/#article","isPartOf":{"@id":"https:\/\/redeicm.org.br\/imaculadaconceicao\/cha-dos-avos-2023\/"},"author":{"name":"ond@web","@id":"https:\/\/redeicm.org.br\/imaculadaconceicao\/#\/schema\/person\/a38dce2d2e752de68b1a37e503550f9f"},"headline":"Ch\u00e1 dos Av\u00f3s &#8211; 2023","datePublished":"2023-07-13T20:30:01+00:00","mainEntityOfPage":{"@id":"https:\/\/redeicm.org.br\/imaculadaconceicao\/cha-dos-avos-2023\/"},"wordCount":236,"publisher":{"@id":"https:\/\/redeicm.org.br\/imaculadaconceicao\/#organization"},"image":{"@id":"https:\/\/redeicm.org.br\/imaculadaconceicao\/cha-dos-avos-2023\/#primaryimage"},"thumbnailUrl":"https:\/\/redeicm.org.br\/imaculadaconceicao\/wp-content\/uploads\/sites\/12\/site\/\/1\/20230711_155555.jpg","articleSection":["NOT\u00cdCIAS"],"inLanguage":"pt-BR"},{"@type":"WebPage","@id":"https:\/\/redeicm.org.br\/imaculadaconceicao\/cha-dos-avos-2023\/","url":"https:\/\/redeicm.org.br\/imaculadaconceicao\/cha-dos-avos-2023\/","name":"Ch\u00e1 dos Av\u00f3s - 2023 - Col\u00e9gio Imaculada Concei\u00e7\u00e3o | Rede ICM de educa\u00e7\u00e3o","isPartOf":{"@id":"https:\/\/redeicm.org.br\/imaculadaconceicao\/#website"},"primaryImageOfPage":{"@id":"https:\/\/redeicm.org.br\/imaculadaconceicao\/cha-dos-avos-2023\/#primaryimage"},"image":{"@id":"https:\/\/redeicm.org.br\/imaculadaconceicao\/cha-dos-avos-2023\/#primaryimage"},"thumbnailUrl":"https:\/\/redeicm.org.br\/imaculadaconceicao\/wp-content\/uploads\/sites\/12\/site\/\/1\/20230711_155555.jpg","datePublished":"2023-07-13T20:30:01+00:00","breadcrumb":{"@id":"https:\/\/redeicm.org.br\/imaculadaconceicao\/cha-dos-avos-2023\/#breadcrumb"},"inLanguage":"pt-BR","potentialAction":[{"@type":"ReadAction","target":["https:\/\/redeicm.org.br\/imaculadaconceicao\/cha-dos-avos-2023\/"]}]},{"@type":"ImageObject","inLanguage":"pt-BR","@id":"https:\/\/redeicm.org.br\/imaculadaconceicao\/cha-dos-avos-2023\/#primaryimage","url":"https:\/\/redeicm.org.br\/imaculadaconceicao\/wp-content\/uploads\/sites\/12\/site\/\/1\/20230711_155555.jpg","contentUrl":"https:\/\/redeicm.org.br\/imaculadaconceicao\/wp-content\/uploads\/sites\/12\/site\/\/1\/20230711_155555.jpg","width":1024,"height":1024},{"@type":"BreadcrumbList","@id":"https:\/\/redeicm.org.br\/imaculadaconceicao\/cha-dos-avos-2023\/#breadcrumb","itemListElement":[{"@type":"ListItem","position":1,"name":"In\u00edcio","item":"https:\/\/redeicm.org.br\/imaculadaconceicao\/"},{"@type":"ListItem","position":2,"name":"Ch\u00e1 dos Av\u00f3s &#8211; 2023"}]},{"@type":"WebSite","@id":"https:\/\/redeicm.org.br\/imaculadaconceicao\/#website","url":"https:\/\/redeicm.org.br\/imaculadaconceicao\/","name":"Col\u00e9gio Imaculada Concei\u00e7\u00e3o | Rede ICM de educa\u00e7\u00e3o","description":"","publisher":{"@id":"https:\/\/redeicm.org.br\/imaculadaconceicao\/#organization"},"potentialAction":[{"@type":"SearchAction","target":{"@type":"EntryPoint","urlTemplate":"https:\/\/redeicm.org.br\/imaculadaconceicao\/?s={search_term_string}"},"query-input":{"@type":"PropertyValueSpecification","valueRequired":true,"valueName":"search_term_string"}}],"inLanguage":"pt-BR"},{"@type":"Organization","@id":"https:\/\/redeicm.org.br\/imaculadaconceicao\/#organization","name":"Col\u00e9gio Imaculada Concei\u00e7\u00e3o | Rede ICM de educa\u00e7\u00e3o","url":"https:\/\/redeicm.org.br\/imaculadaconceicao\/","logo":{"@type":"ImageObject","inLanguage":"pt-BR","@id":"https:\/\/redeicm.org.br\/imaculadaconceicao\/#\/schema\/logo\/image\/","url":"https:\/\/redeicm.org.br\/imaculadaconceicao\/wp-content\/uploads\/sites\/12\/2024\/08\/ICM_Educacao_Imaculada_Conceicao_Preferencial_Cores-1024x263-1.png","contentUrl":"https:\/\/redeicm.org.br\/imaculadaconceicao\/wp-content\/uploads\/sites\/12\/2024\/08\/ICM_Educacao_Imaculada_Conceicao_Preferencial_Cores-1024x263-1.png","width":1024,"height":263,"caption":"Col\u00e9gio Imaculada Concei\u00e7\u00e3o | Rede ICM de educa\u00e7\u00e3o"},"image":{"@id":"https:\/\/redeicm.org.br\/imaculadaconceicao\/#\/schema\/logo\/image\/"}},{"@type":"Person","@id":"https:\/\/redeicm.org.br\/imaculadaconceicao\/#\/schema\/person\/a38dce2d2e752de68b1a37e503550f9f","name":"ond@web","image":{"@type":"ImageObject","inLanguage":"pt-BR","@id":"https:\/\/redeicm.org.br\/imaculadaconceicao\/#\/schema\/person\/image\/","url":"https:\/\/secure.gravatar.com\/avatar\/648e68d5f292ea4161a120b2eb1efb8606ed8b74cf3530230d8e9a1421746261?s=96&d=mm&r=g","contentUrl":"https:\/\/secure.gravatar.com\/avatar\/648e68d5f292ea4161a120b2eb1efb8606ed8b74cf3530230d8e9a1421746261?s=96&d=mm&r=g","caption":"ond@web"},"sameAs":["https:\/\/redeicm.org.br"],"url":"https:\/\/redeicm.org.br\/imaculadaconceicao\/author\/ondweb\/"}]}},"_links":{"self":[{"href":"https:\/\/redeicm.org.br\/imaculadaconceicao\/wp-json\/wp\/v2\/posts\/1546","targetHints":{"allow":["GET"]}}],"collection":[{"href":"https:\/\/redeicm.org.br\/imaculadaconceicao\/wp-json\/wp\/v2\/posts"}],"about":[{"href":"https:\/\/redeicm.org.br\/imaculadaconceicao\/wp-json\/wp\/v2\/types\/post"}],"author":[{"embeddable":true,"href":"https:\/\/redeicm.org.br\/imaculadaconceicao\/wp-json\/wp\/v2\/users\/1"}],"replies":[{"embeddable":true,"href":"https:\/\/redeicm.org.br\/imaculadaconceicao\/wp-json\/wp\/v2\/comments?post=1546"}],"version-history":[{"count":0,"href":"https:\/\/redeicm.org.br\/imaculadaconceicao\/wp-json\/wp\/v2\/posts\/1546\/revisions"}],"wp:featuredmedia":[{"embeddable":true,"href":"https:\/\/redeicm.org.br\/imaculadaconceicao\/wp-json\/wp\/v2\/media\/1449"}],"wp:attachment":[{"href":"https:\/\/redeicm.org.br\/imaculadaconceicao\/wp-json\/wp\/v2\/media?parent=1546"}],"wp:term":[{"taxonomy":"category","embeddable":true,"href":"https:\/\/redeicm.org.br\/imaculadaconceicao\/wp-json\/wp\/v2\/categories?post=1546"},{"taxonomy":"post_tag","embeddable":true,"href":"https:\/\/redeicm.org.br\/imaculadaconceicao\/wp-json\/wp\/v2\/tags?post=1546"}],"curies":[{"name":"wp","href":"https:\/\/api.w.org\/{rel}","templated":true}]}}