{"id":6535,"date":"2026-08-26T16:22:31","date_gmt":"2026-08-26T19:22:31","guid":{"rendered":"https:\/\/redeicm.org.br\/domfeliciano\/?p=6535"},"modified":"2026-08-29T16:44:48","modified_gmt":"2026-08-29T19:44:48","slug":"vivenciasn3","status":"publish","type":"post","link":"https:\/\/redeicm.org.br\/domfeliciano\/vivenciasn3\/","title":{"rendered":"MEDALHAS QUE O CORA\u00c7\u00c3O GUARDA PARA SEMPRE: VIV\u00caNCIAS DA EDUCA\u00c7\u00c3O INFANTIL"},"content":{"rendered":"<h3 data-path-to-node=\"0\"><strong>Medalhas que o cora\u00e7\u00e3o guarda para sempre: Viv\u00eancias da Educa\u00e7\u00e3o Infantil celebram os v\u00ednculos no ano do Centen\u00e1rio do Col\u00e9gio Dom Feliciano<\/strong><\/h3>\n<p data-path-to-node=\"1\">As turmas do N\u00edvel 3 da Educa\u00e7\u00e3o Infantil do Col\u00e9gio Dom Feliciano (N3A, N3B, N3C e N3D) est\u00e3o realizando, entre os dias 26 de agosto e 2 de setembro, uma s\u00e9rie de viv\u00eancias especiais junto \u00e0s fam\u00edlias. Inspirados pela obra liter\u00e1ria <i data-path-to-node=\"1\" data-index-in-node=\"234\">\u201cClara e as Olimp\u00edadas\u201d<\/i>, os encontros t\u00eam como proposta central refletir sobre o verdadeiro significado de vencer, valorizando os v\u00ednculos, as supera\u00e7\u00f5es cotidianas e as mem\u00f3rias afetivas constru\u00eddas na primeira inf\u00e2ncia.<\/p>\n<p data-path-to-node=\"2\">A programa\u00e7\u00e3o tem in\u00edcio com uma roda de conversa acolhedora, embalada por m\u00fasica suave, onde a coordena\u00e7\u00e3o e as professoras destacam que as maiores conquistas da vida n\u00e3o se medem por p\u00f3dios, mas pela persist\u00eancia, pelo cuidado e pelo afeto di\u00e1rio presentes na jornada das fam\u00edlias.<\/p>\n<p data-path-to-node=\"3\">Na sequ\u00eancia, pais, respons\u00e1veis e crian\u00e7as participam do <b data-path-to-node=\"3\" data-index-in-node=\"58\">Circuito das Conquistas<\/b>. A atividade integra quatro esta\u00e7\u00f5es de desenvolvimento:<\/p>\n<ul data-path-to-node=\"4\">\n<li>\n<p data-path-to-node=\"4,0,0\"><b data-path-to-node=\"4,0,0\" data-index-in-node=\"0\">Leitura:<\/b> focado na media\u00e7\u00e3o e conex\u00e3o atrav\u00e9s de livros.<\/p>\n<\/li>\n<li>\n<p data-path-to-node=\"4,1,0\"><b data-path-to-node=\"4,1,0\" data-index-in-node=\"0\">Coopera\u00e7\u00e3o:<\/b> voltado para a parceria e o acolhimento m\u00fatuo.<\/p>\n<\/li>\n<li>\n<p data-path-to-node=\"4,2,0\"><b data-path-to-node=\"4,2,0\" data-index-in-node=\"0\">Movimento:<\/b> explorando a expressividade corporal e a alegria.<\/p>\n<\/li>\n<li>\n<p data-path-to-node=\"4,3,0\"><b data-path-to-node=\"4,3,0\" data-index-in-node=\"0\">Afeto:<\/b> dedicado ao abra\u00e7o, \u00e0 troca de olhares e \u00e0 proximidade.<\/p>\n<\/li>\n<\/ul>\n<p data-path-to-node=\"5\">O momento pr\u00e1tico \u00e9 marcado pela confec\u00e7\u00e3o conjunta de uma medalha em bolacha de MDF. Os adultos registram por escrito uma conquista significativa no desenvolvimento dos filhos, enquanto as crian\u00e7as utilizam pap\u00e9is, fitas e os elementos simb\u00f3licos conquistados no circuito para montar suas pr\u00f3prias pe\u00e7as.<\/p>\n<p data-path-to-node=\"6\">A programa\u00e7\u00e3o encerra-se com a entrega dos portf\u00f3lios pedag\u00f3gicos referentes ao primeiro semestre de 2026, seguida pela troca das medalhes entre familiares e estudantes, acompanhada de mensagens de carinho. A iniciativa refor\u00e7a a parceria entre a escola e os lares, integrando corpo, emo\u00e7\u00e3o e mem\u00f3ria em conson\u00e2ncia com as comemora\u00e7\u00f5es do centen\u00e1rio da institui\u00e7\u00e3o.<br \/>\nObrigado a cada fam\u00edlia por compartilhar momentos t\u00e3o significativos conosco e por fazerem parte desta hist\u00f3ria centen\u00e1ria!<\/p>\n<p><strong>Confira alguns registros da Turma N3D:<br \/>\n<\/strong><\/p>\n<div id='wpcp-d3bec725afa283195c0d21c3c79c7346' class='wpcp-container'><div id='UseyourDrive' class=' gallery  wpcp-has-scroll-to-top' data-module-id='wpcp-d3bec725afa283195c0d21c3c79c7346' style='display:none'><noscript><div class='UseyourDrive-nojsmessage'>Para visualizar este conte\u00fado, voc\u00ea precisa ter o JavaScript habilitado em seu navegador.<br\/><a href='http:\/\/www.enable-javascript.com\/' target='_blank'>Para fazer isso, siga estas instru\u00e7\u00f5es<\/a>.<\/div><\/noscript><div class='wpcp-module UseyourDrive wpcp-gallery jsdisabled'  id='UseyourDrive-d3bec725afa283195c0d21c3c79c7346' data-token='d3bec725afa283195c0d21c3c79c7346' data-account-id='116350526514652382578' data-id='' data-org-id='' data-path='bnVsbA==' data-org-path='bnVsbA==' data-source='299f091fee9f6321b8e1b1e47f443f07' data-sort='name:asc' data-list='gallery' data-query='' data-lightboxnav='1' data-lightboxthumbs='1' data-lightboxopen='0' data-targetheight='300' data-slideshow='0' data-pausetime='5000' data-showfilenames='0'><div class=\"wpcp-browser-container wpcp-browser-tree--init wpcp-no-tree wpcp-browser--init\" style=\"width:100%;max-width:100%;\">\r\n    <div class=\"wpcp-browser-container-tree\" data-show-tree='0'>\r\n        <div class=\"nav-header\">\r\n            <a class=\"nav-tree-toggle entry-info-button\" tabindex=\"0\" title=\"Exibir \u00e1rvore de pastas\">\r\n                <i class=\"eva eva-arrowhead-left-outline\"><\/i>\r\n            <\/a>\r\n        <\/div>\r\n        <div class=\"wpcp-browser-tree\"><\/div>\r\n    <\/div>\r\n    <div class=\"wpcp-browser-container-content\">\r\n        <div class=\"nav-header nav-header-has-breadcrumb nav-header-onhover\">            <a class=\"nav-home entry-info-button\" title=\"Volte para a pasta inicial\" tabindex=\"0\">\r\n                <i class=\"eva eva-home-outline\"><\/i>\r\n            <\/a>\r\n            <div class=\"nav-title\">Carregando...<\/div>\r\n                        <a class=\"nav-search entry-info-button\" tabindex=\"0\">\r\n                <i class=\"eva eva-search\"><\/i>\r\n            <\/a>\r\n\r\n            <div class=\"tippy-content-holder search-wrapper\">\r\n                <a class=\"search-icon search-submit\" href=\"javascript:;\"><i class=\"eva eva-search\"><\/i><\/a>\r\n                <input class=\"search-input\" name=\"q\" type=\"search\" autocomplete=\"off\" size=\"40\" aria-label=\"Pesquisar\" placeholder=\"Procurar arquivos\" \/>\r\n                <a class=\"search-remove\" href=\"javascript:;\" title=\"Limpar\"><i class=\"eva eva-close\"><\/i><\/a>\r\n            <\/div>\r\n            \r\n            <a class=\"nav-sort entry-info-button\" title=\"Op\u00e7\u00f5es de classifica\u00e7\u00e3o\">\r\n                <i class=\"eva eva-options\"><\/i>\r\n            <\/a>\r\n            <div class=\"tippy-content-holder sort-div\">\r\n                <ul class='nav-sorting-list'>\r\n                    <li><a class=\"nav-sorting-field nav-name sort-selected\" data-field=\"name\" title=\"Nome\">\r\n                            Nome                        <\/a>\r\n                    <\/li>\r\n                    <li><a class=\"nav-sorting-field nav-size \" data-field=\"size\" title=\"Tamanho\">\r\n                            Tamanho                        <\/a>\r\n                    <\/li>\r\n                    <li><a class=\"nav-sorting-field nav-modified \" data-field=\"modified\" title=\"Modificado\">\r\n                            Modificado                        <\/a>\r\n                    <\/li>\r\n                    <li><a class=\"nav-sorting-field nav-created \" data-field=\"created\" title=\"Data de cria\u00e7\u00e3o\">\r\n                            Data de cria\u00e7\u00e3o                        <\/a>\r\n                    <\/li>\r\n                    <li class=\"list-separator\">&nbsp;<\/li>\r\n                    <li><a class=\"nav-sorting-order nav-asc sort-selected\" data-order=\"asc\" title=\"Ascendente\">\r\n                            Ascendente                        <\/a>\r\n                    <\/li>\r\n                    <li><a class=\"nav-sorting-order nav-desc \" data-order=\"desc\" title=\"Descendente\">\r\n                            Descendente                        <\/a>\r\n                    <\/li>\r\n                <\/ul>\r\n            <\/div>\r\n\r\n            <a class=\"nav-gear entry-info-button\" title=\"Mais a\u00e7\u00f5es\">\r\n                <i class=\"eva eva-more-vertical-outline\"><\/i>\r\n            <\/a>\r\n            <div class=\"tippy-content-holder gear-div\" data-token=\"d3bec725afa283195c0d21c3c79c7346\">\r\n                <ul>\r\n                                        <li class='gear-menu-no-options' style=\"display: none\"><a><i class='eva eva-info-outline eva-lg'><\/i>Sem op\u00e7\u00f5es...<\/a><\/li>\r\n                <\/ul>\r\n            <\/div>\r\n                        <a class=\"nav-refresh entry-info-button\" title=\"Atualizar\">\r\n                <i class=\"eva eva-sync\"><\/i>\r\n            <\/a>\r\n                    <\/div>        <div class=\"wpcp-container-content\">\r\n            <div class=\"loading initialize\">                <svg class=\"loader-spinner\" viewBox=\"25 25 50 50\">\r\n                    <circle class=\"path\" cx=\"50\" cy=\"50\" r=\"20\" fill=\"none\" stroke-width=\"3\" stroke-miterlimit=\"10\"><\/circle>\r\n                <\/svg>\r\n                            <\/div>\r\n            <div class=\"ajax-filelist\" style=\"\">\r\n                <div class='images image-collage'>\r\n                    \r\n<div class=\"image-container entry\">\r\n    <a>\r\n        <img fetchpriority=\"high\" decoding=\"async\" class=\"skeleton skeleton-gallery-img\" alt=\"\" src=\"data:image\/png;base64,iVBORw0KGgoAAAANSUhEUgAAAAEAAAABCAYAAAAfFcSJAAAAC0lEQVQYV2NgAAIAAAUAAarVyFEAAAAASUVORK5CYII=\" width=\"399\" height=\"300\" style=\"width:399px !important;height:300px !important; \">\r\n    <\/a>\r\n<\/div>\r\n\r\n<div class=\"image-container entry\">\r\n    <a>\r\n        <img decoding=\"async\" class=\"skeleton skeleton-gallery-img\" alt=\"\" src=\"data:image\/png;base64,iVBORw0KGgoAAAANSUhEUgAAAAEAAAABCAYAAAAfFcSJAAAAC0lEQVQYV2NgAAIAAAUAAarVyFEAAAAASUVORK5CYII=\" width=\"300\" height=\"300\" style=\"width:300px !important;height:300px !important; \">\r\n    <\/a>\r\n<\/div>\r\n\r\n<div class=\"image-container entry\">\r\n    <a>\r\n        <img decoding=\"async\" class=\"skeleton skeleton-gallery-img\" alt=\"\" src=\"data:image\/png;base64,iVBORw0KGgoAAAANSUhEUgAAAAEAAAABCAYAAAAfFcSJAAAAC0lEQVQYV2NgAAIAAAUAAarVyFEAAAAASUVORK5CYII=\" width=\"534\" height=\"300\" style=\"width:534px !important;height:300px !important; \">\r\n    <\/a>\r\n<\/div>\r\n\r\n<div class=\"image-container entry\">\r\n    <a>\r\n        <img loading=\"lazy\" decoding=\"async\" class=\"skeleton skeleton-gallery-img\" alt=\"\" src=\"data:image\/png;base64,iVBORw0KGgoAAAANSUhEUgAAAAEAAAABCAYAAAAfFcSJAAAAC0lEQVQYV2NgAAIAAAUAAarVyFEAAAAASUVORK5CYII=\" width=\"169\" height=\"300\" style=\"width:169px !important;height:300px !important; \">\r\n    <\/a>\r\n<\/div>\r\n\r\n<div class=\"image-container entry\">\r\n    <a>\r\n        <img decoding=\"async\" class=\"skeleton skeleton-gallery-img\" alt=\"\" src=\"data:image\/png;base64,iVBORw0KGgoAAAANSUhEUgAAAAEAAAABCAYAAAAfFcSJAAAAC0lEQVQYV2NgAAIAAAUAAarVyFEAAAAASUVORK5CYII=\" width=\"534\" height=\"300\" style=\"width:534px !important;height:300px !important; \">\r\n    <\/a>\r\n<\/div>\r\n                <\/div>\r\n            <\/div>\r\n\r\n            <div class=\"scroll-to-top\">\r\n                <button class=\"scroll-to-top-action button button-round-icon secondary button-round-icon-lg button-shadow-3\" type=\"button\" title=\"Rolar para o Topo\" aria-expanded=\"false\"><i class=\"eva eva-arrow-upward-outline eva-2x\"><\/i><\/button>\r\n                            <\/div>\r\n        <\/div>\r\n    <\/div>\r\n<\/div>\r\n<style>\r\n<\/style><\/div><\/div><div class='wpcp-module-script'><script type='text\/javascript'>if (typeof(jQuery) !== 'undefined' && typeof(jQuery.cp) !== 'undefined' && typeof(jQuery.cp.UseyourDrive) === 'function') { jQuery('#UseyourDrive-d3bec725afa283195c0d21c3c79c7346').UseyourDrive(UseyourDrive_vars); };<\/script><\/div><\/div>\n<p><strong>Confira alguns registros da Turma N3A:<\/strong><\/p>\n<div id='wpcp-6b098c1a3b9723b43ff726e1db85c7de' class='wpcp-container'><div id='UseyourDrive' class=' gallery  wpcp-has-scroll-to-top' data-module-id='wpcp-6b098c1a3b9723b43ff726e1db85c7de' style='display:none'><noscript><div class='UseyourDrive-nojsmessage'>Para visualizar este conte\u00fado, voc\u00ea precisa ter o JavaScript habilitado em seu navegador.<br\/><a href='http:\/\/www.enable-javascript.com\/' target='_blank'>Para fazer isso, siga estas instru\u00e7\u00f5es<\/a>.<\/div><\/noscript><div class='wpcp-module UseyourDrive wpcp-gallery jsdisabled'  id='UseyourDrive-6b098c1a3b9723b43ff726e1db85c7de' data-token='6b098c1a3b9723b43ff726e1db85c7de' data-account-id='116350526514652382578' data-id='' data-org-id='' data-path='bnVsbA==' data-org-path='bnVsbA==' data-source='1745f4b2e2c621b1232202285c821a25' data-sort='name:asc' data-list='gallery' data-query='' data-lightboxnav='1' data-lightboxthumbs='1' data-lightboxopen='0' data-targetheight='300' data-slideshow='0' data-pausetime='5000' data-showfilenames='0'><div class=\"wpcp-browser-container wpcp-browser-tree--init wpcp-no-tree wpcp-browser--init\" style=\"width:100%;max-width:100%;\">\r\n    <div class=\"wpcp-browser-container-tree\" data-show-tree='0'>\r\n        <div class=\"nav-header\">\r\n            <a class=\"nav-tree-toggle entry-info-button\" tabindex=\"0\" title=\"Exibir \u00e1rvore de pastas\">\r\n                <i class=\"eva eva-arrowhead-left-outline\"><\/i>\r\n            <\/a>\r\n        <\/div>\r\n        <div class=\"wpcp-browser-tree\"><\/div>\r\n    <\/div>\r\n    <div class=\"wpcp-browser-container-content\">\r\n        <div class=\"nav-header nav-header-has-breadcrumb nav-header-onhover\">            <a class=\"nav-home entry-info-button\" title=\"Volte para a pasta inicial\" tabindex=\"0\">\r\n                <i class=\"eva eva-home-outline\"><\/i>\r\n            <\/a>\r\n            <div class=\"nav-title\">Carregando...<\/div>\r\n                        <a class=\"nav-search entry-info-button\" tabindex=\"0\">\r\n                <i class=\"eva eva-search\"><\/i>\r\n            <\/a>\r\n\r\n            <div class=\"tippy-content-holder search-wrapper\">\r\n                <a class=\"search-icon search-submit\" href=\"javascript:;\"><i class=\"eva eva-search\"><\/i><\/a>\r\n                <input class=\"search-input\" name=\"q\" type=\"search\" autocomplete=\"off\" size=\"40\" aria-label=\"Pesquisar\" placeholder=\"Procurar arquivos\" \/>\r\n                <a class=\"search-remove\" href=\"javascript:;\" title=\"Limpar\"><i class=\"eva eva-close\"><\/i><\/a>\r\n            <\/div>\r\n            \r\n            <a class=\"nav-sort entry-info-button\" title=\"Op\u00e7\u00f5es de classifica\u00e7\u00e3o\">\r\n                <i class=\"eva eva-options\"><\/i>\r\n            <\/a>\r\n            <div class=\"tippy-content-holder sort-div\">\r\n                <ul class='nav-sorting-list'>\r\n                    <li><a class=\"nav-sorting-field nav-name sort-selected\" data-field=\"name\" title=\"Nome\">\r\n                            Nome                        <\/a>\r\n                    <\/li>\r\n                    <li><a class=\"nav-sorting-field nav-size \" data-field=\"size\" title=\"Tamanho\">\r\n                            Tamanho                        <\/a>\r\n                    <\/li>\r\n                    <li><a class=\"nav-sorting-field nav-modified \" data-field=\"modified\" title=\"Modificado\">\r\n                            Modificado                        <\/a>\r\n                    <\/li>\r\n                    <li><a class=\"nav-sorting-field nav-created \" data-field=\"created\" title=\"Data de cria\u00e7\u00e3o\">\r\n                            Data de cria\u00e7\u00e3o                        <\/a>\r\n                    <\/li>\r\n                    <li class=\"list-separator\">&nbsp;<\/li>\r\n                    <li><a class=\"nav-sorting-order nav-asc sort-selected\" data-order=\"asc\" title=\"Ascendente\">\r\n                            Ascendente                        <\/a>\r\n                    <\/li>\r\n                    <li><a class=\"nav-sorting-order nav-desc \" data-order=\"desc\" title=\"Descendente\">\r\n                            Descendente                        <\/a>\r\n                    <\/li>\r\n                <\/ul>\r\n            <\/div>\r\n\r\n            <a class=\"nav-gear entry-info-button\" title=\"Mais a\u00e7\u00f5es\">\r\n                <i class=\"eva eva-more-vertical-outline\"><\/i>\r\n            <\/a>\r\n            <div class=\"tippy-content-holder gear-div\" data-token=\"6b098c1a3b9723b43ff726e1db85c7de\">\r\n                <ul>\r\n                                        <li class='gear-menu-no-options' style=\"display: none\"><a><i class='eva eva-info-outline eva-lg'><\/i>Sem op\u00e7\u00f5es...<\/a><\/li>\r\n                <\/ul>\r\n            <\/div>\r\n                        <a class=\"nav-refresh entry-info-button\" title=\"Atualizar\">\r\n                <i class=\"eva eva-sync\"><\/i>\r\n            <\/a>\r\n                    <\/div>        <div class=\"wpcp-container-content\">\r\n            <div class=\"loading initialize\">                <svg class=\"loader-spinner\" viewBox=\"25 25 50 50\">\r\n                    <circle class=\"path\" cx=\"50\" cy=\"50\" r=\"20\" fill=\"none\" stroke-width=\"3\" stroke-miterlimit=\"10\"><\/circle>\r\n                <\/svg>\r\n                            <\/div>\r\n            <div class=\"ajax-filelist\" style=\"\">\r\n                <div class='images image-collage'>\r\n                    \r\n<div class=\"image-container entry\">\r\n    <a>\r\n        <img loading=\"lazy\" decoding=\"async\" class=\"skeleton skeleton-gallery-img\" alt=\"\" src=\"data:image\/png;base64,iVBORw0KGgoAAAANSUhEUgAAAAEAAAABCAYAAAAfFcSJAAAAC0lEQVQYV2NgAAIAAAUAAarVyFEAAAAASUVORK5CYII=\" width=\"169\" height=\"300\" style=\"width:169px !important;height:300px !important; \">\r\n    <\/a>\r\n<\/div>\r\n\r\n<div class=\"image-container entry\">\r\n    <a>\r\n        <img decoding=\"async\" class=\"skeleton skeleton-gallery-img\" alt=\"\" src=\"data:image\/png;base64,iVBORw0KGgoAAAANSUhEUgAAAAEAAAABCAYAAAAfFcSJAAAAC0lEQVQYV2NgAAIAAAUAAarVyFEAAAAASUVORK5CYII=\" width=\"534\" height=\"300\" style=\"width:534px !important;height:300px !important; \">\r\n    <\/a>\r\n<\/div>\r\n\r\n<div class=\"image-container entry\">\r\n    <a>\r\n        <img loading=\"lazy\" decoding=\"async\" class=\"skeleton skeleton-gallery-img\" alt=\"\" src=\"data:image\/png;base64,iVBORw0KGgoAAAANSUhEUgAAAAEAAAABCAYAAAAfFcSJAAAAC0lEQVQYV2NgAAIAAAUAAarVyFEAAAAASUVORK5CYII=\" width=\"169\" height=\"300\" style=\"width:169px !important;height:300px !important; \">\r\n    <\/a>\r\n<\/div>\r\n\r\n<div class=\"image-container entry\">\r\n    <a>\r\n        <img fetchpriority=\"high\" decoding=\"async\" class=\"skeleton skeleton-gallery-img\" alt=\"\" src=\"data:image\/png;base64,iVBORw0KGgoAAAANSUhEUgAAAAEAAAABCAYAAAAfFcSJAAAAC0lEQVQYV2NgAAIAAAUAAarVyFEAAAAASUVORK5CYII=\" width=\"399\" height=\"300\" style=\"width:399px !important;height:300px !important; \">\r\n    <\/a>\r\n<\/div>\r\n\r\n<div class=\"image-container entry\">\r\n    <a>\r\n        <img fetchpriority=\"high\" decoding=\"async\" class=\"skeleton skeleton-gallery-img\" alt=\"\" src=\"data:image\/png;base64,iVBORw0KGgoAAAANSUhEUgAAAAEAAAABCAYAAAAfFcSJAAAAC0lEQVQYV2NgAAIAAAUAAarVyFEAAAAASUVORK5CYII=\" width=\"399\" height=\"300\" style=\"width:399px !important;height:300px !important; \">\r\n    <\/a>\r\n<\/div>\r\n                <\/div>\r\n            <\/div>\r\n\r\n            <div class=\"scroll-to-top\">\r\n                <button class=\"scroll-to-top-action button button-round-icon secondary button-round-icon-lg button-shadow-3\" type=\"button\" title=\"Rolar para o Topo\" aria-expanded=\"false\"><i class=\"eva eva-arrow-upward-outline eva-2x\"><\/i><\/button>\r\n                            <\/div>\r\n        <\/div>\r\n    <\/div>\r\n<\/div>\r\n<style>\r\n<\/style><\/div><\/div><div class='wpcp-module-script'><script type='text\/javascript'>if (typeof(jQuery) !== 'undefined' && typeof(jQuery.cp) !== 'undefined' && typeof(jQuery.cp.UseyourDrive) === 'function') { jQuery('#UseyourDrive-6b098c1a3b9723b43ff726e1db85c7de').UseyourDrive(UseyourDrive_vars); };<\/script><\/div><\/div>\n<p><strong>Confira alguns registros da Turma N3B:<\/strong><\/p>\n<div id='wpcp-c2e0c5a73b2d30827ce41c5f9d50f6b3' class='wpcp-container'><div id='UseyourDrive' class=' gallery  wpcp-has-scroll-to-top' data-module-id='wpcp-c2e0c5a73b2d30827ce41c5f9d50f6b3' style='display:none'><noscript><div class='UseyourDrive-nojsmessage'>Para visualizar este conte\u00fado, voc\u00ea precisa ter o JavaScript habilitado em seu navegador.<br\/><a href='http:\/\/www.enable-javascript.com\/' target='_blank'>Para fazer isso, siga estas instru\u00e7\u00f5es<\/a>.<\/div><\/noscript><div class='wpcp-module UseyourDrive wpcp-gallery jsdisabled'  id='UseyourDrive-c2e0c5a73b2d30827ce41c5f9d50f6b3' data-token='c2e0c5a73b2d30827ce41c5f9d50f6b3' data-account-id='116350526514652382578' data-id='' data-org-id='' data-path='bnVsbA==' data-org-path='bnVsbA==' data-source='932c637150721b01fa064ffb10e66e76' data-sort='name:asc' data-list='gallery' data-query='' data-lightboxnav='1' data-lightboxthumbs='1' data-lightboxopen='0' data-targetheight='300' data-slideshow='0' data-pausetime='5000' data-showfilenames='0'><div class=\"wpcp-browser-container wpcp-browser-tree--init wpcp-no-tree wpcp-browser--init\" style=\"width:100%;max-width:100%;\">\r\n    <div class=\"wpcp-browser-container-tree\" data-show-tree='0'>\r\n        <div class=\"nav-header\">\r\n            <a class=\"nav-tree-toggle entry-info-button\" tabindex=\"0\" title=\"Exibir \u00e1rvore de pastas\">\r\n                <i class=\"eva eva-arrowhead-left-outline\"><\/i>\r\n            <\/a>\r\n        <\/div>\r\n        <div class=\"wpcp-browser-tree\"><\/div>\r\n    <\/div>\r\n    <div class=\"wpcp-browser-container-content\">\r\n        <div class=\"nav-header nav-header-has-breadcrumb nav-header-onhover\">            <a class=\"nav-home entry-info-button\" title=\"Volte para a pasta inicial\" tabindex=\"0\">\r\n                <i class=\"eva eva-home-outline\"><\/i>\r\n            <\/a>\r\n            <div class=\"nav-title\">Carregando...<\/div>\r\n                        <a class=\"nav-search entry-info-button\" tabindex=\"0\">\r\n                <i class=\"eva eva-search\"><\/i>\r\n            <\/a>\r\n\r\n            <div class=\"tippy-content-holder search-wrapper\">\r\n                <a class=\"search-icon search-submit\" href=\"javascript:;\"><i class=\"eva eva-search\"><\/i><\/a>\r\n                <input class=\"search-input\" name=\"q\" type=\"search\" autocomplete=\"off\" size=\"40\" aria-label=\"Pesquisar\" placeholder=\"Procurar arquivos\" \/>\r\n                <a class=\"search-remove\" href=\"javascript:;\" title=\"Limpar\"><i class=\"eva eva-close\"><\/i><\/a>\r\n            <\/div>\r\n            \r\n            <a class=\"nav-sort entry-info-button\" title=\"Op\u00e7\u00f5es de classifica\u00e7\u00e3o\">\r\n                <i class=\"eva eva-options\"><\/i>\r\n            <\/a>\r\n            <div class=\"tippy-content-holder sort-div\">\r\n                <ul class='nav-sorting-list'>\r\n                    <li><a class=\"nav-sorting-field nav-name sort-selected\" data-field=\"name\" title=\"Nome\">\r\n                            Nome                        <\/a>\r\n                    <\/li>\r\n                    <li><a class=\"nav-sorting-field nav-size \" data-field=\"size\" title=\"Tamanho\">\r\n                            Tamanho                        <\/a>\r\n                    <\/li>\r\n                    <li><a class=\"nav-sorting-field nav-modified \" data-field=\"modified\" title=\"Modificado\">\r\n                            Modificado                        <\/a>\r\n                    <\/li>\r\n                    <li><a class=\"nav-sorting-field nav-created \" data-field=\"created\" title=\"Data de cria\u00e7\u00e3o\">\r\n                            Data de cria\u00e7\u00e3o                        <\/a>\r\n                    <\/li>\r\n                    <li class=\"list-separator\">&nbsp;<\/li>\r\n                    <li><a class=\"nav-sorting-order nav-asc sort-selected\" data-order=\"asc\" title=\"Ascendente\">\r\n                            Ascendente                        <\/a>\r\n                    <\/li>\r\n                    <li><a class=\"nav-sorting-order nav-desc \" data-order=\"desc\" title=\"Descendente\">\r\n                            Descendente                        <\/a>\r\n                    <\/li>\r\n                <\/ul>\r\n            <\/div>\r\n\r\n            <a class=\"nav-gear entry-info-button\" title=\"Mais a\u00e7\u00f5es\">\r\n                <i class=\"eva eva-more-vertical-outline\"><\/i>\r\n            <\/a>\r\n            <div class=\"tippy-content-holder gear-div\" data-token=\"c2e0c5a73b2d30827ce41c5f9d50f6b3\">\r\n                <ul>\r\n                                        <li class='gear-menu-no-options' style=\"display: none\"><a><i class='eva eva-info-outline eva-lg'><\/i>Sem op\u00e7\u00f5es...<\/a><\/li>\r\n                <\/ul>\r\n            <\/div>\r\n                        <a class=\"nav-refresh entry-info-button\" title=\"Atualizar\">\r\n                <i class=\"eva eva-sync\"><\/i>\r\n            <\/a>\r\n                    <\/div>        <div class=\"wpcp-container-content\">\r\n            <div class=\"loading initialize\">                <svg class=\"loader-spinner\" viewBox=\"25 25 50 50\">\r\n                    <circle class=\"path\" cx=\"50\" cy=\"50\" r=\"20\" fill=\"none\" stroke-width=\"3\" stroke-miterlimit=\"10\"><\/circle>\r\n                <\/svg>\r\n                            <\/div>\r\n            <div class=\"ajax-filelist\" style=\"\">\r\n                <div class='images image-collage'>\r\n                    \r\n<div class=\"image-container entry\">\r\n    <a>\r\n        <img decoding=\"async\" class=\"skeleton skeleton-gallery-img\" alt=\"\" src=\"data:image\/png;base64,iVBORw0KGgoAAAANSUhEUgAAAAEAAAABCAYAAAAfFcSJAAAAC0lEQVQYV2NgAAIAAAUAAarVyFEAAAAASUVORK5CYII=\" width=\"534\" height=\"300\" style=\"width:534px !important;height:300px !important; \">\r\n    <\/a>\r\n<\/div>\r\n\r\n<div class=\"image-container entry\">\r\n    <a>\r\n        <img decoding=\"async\" class=\"skeleton skeleton-gallery-img\" alt=\"\" src=\"data:image\/png;base64,iVBORw0KGgoAAAANSUhEUgAAAAEAAAABCAYAAAAfFcSJAAAAC0lEQVQYV2NgAAIAAAUAAarVyFEAAAAASUVORK5CYII=\" width=\"534\" height=\"300\" style=\"width:534px !important;height:300px !important; \">\r\n    <\/a>\r\n<\/div>\r\n\r\n<div class=\"image-container entry\">\r\n    <a>\r\n        <img fetchpriority=\"high\" decoding=\"async\" class=\"skeleton skeleton-gallery-img\" alt=\"\" src=\"data:image\/png;base64,iVBORw0KGgoAAAANSUhEUgAAAAEAAAABCAYAAAAfFcSJAAAAC0lEQVQYV2NgAAIAAAUAAarVyFEAAAAASUVORK5CYII=\" width=\"399\" height=\"300\" style=\"width:399px !important;height:300px !important; \">\r\n    <\/a>\r\n<\/div>\r\n\r\n<div class=\"image-container entry\">\r\n    <a>\r\n        <img decoding=\"async\" class=\"skeleton skeleton-gallery-img\" alt=\"\" src=\"data:image\/png;base64,iVBORw0KGgoAAAANSUhEUgAAAAEAAAABCAYAAAAfFcSJAAAAC0lEQVQYV2NgAAIAAAUAAarVyFEAAAAASUVORK5CYII=\" width=\"534\" height=\"300\" style=\"width:534px !important;height:300px !important; \">\r\n    <\/a>\r\n<\/div>\r\n\r\n<div class=\"image-container entry\">\r\n    <a>\r\n        <img decoding=\"async\" class=\"skeleton skeleton-gallery-img\" alt=\"\" src=\"data:image\/png;base64,iVBORw0KGgoAAAANSUhEUgAAAAEAAAABCAYAAAAfFcSJAAAAC0lEQVQYV2NgAAIAAAUAAarVyFEAAAAASUVORK5CYII=\" width=\"300\" height=\"300\" style=\"width:300px !important;height:300px !important; \">\r\n    <\/a>\r\n<\/div>\r\n                <\/div>\r\n            <\/div>\r\n\r\n            <div class=\"scroll-to-top\">\r\n                <button class=\"scroll-to-top-action button button-round-icon secondary button-round-icon-lg button-shadow-3\" type=\"button\" title=\"Rolar para o Topo\" aria-expanded=\"false\"><i class=\"eva eva-arrow-upward-outline eva-2x\"><\/i><\/button>\r\n                            <\/div>\r\n        <\/div>\r\n    <\/div>\r\n<\/div>\r\n<style>\r\n<\/style><\/div><\/div><div class='wpcp-module-script'><script type='text\/javascript'>if (typeof(jQuery) !== 'undefined' && typeof(jQuery.cp) !== 'undefined' && typeof(jQuery.cp.UseyourDrive) === 'function') { jQuery('#UseyourDrive-c2e0c5a73b2d30827ce41c5f9d50f6b3').UseyourDrive(UseyourDrive_vars); };<\/script><\/div><\/div>\n","protected":false},"excerpt":{"rendered":"<p>Medalhas que o cora\u00e7\u00e3o guarda para sempre: Viv\u00eancias da Educa\u00e7\u00e3o Infantil celebram os v\u00ednculos no ano do Centen\u00e1rio do Col\u00e9gio Dom Feliciano As turmas do N\u00edvel 3 da Educa\u00e7\u00e3o Infantil do Col\u00e9gio Dom Feliciano (N3A, N3B, N3C e N3D) est\u00e3o realizando, entre os dias 26 de agosto e 2 de setembro, uma s\u00e9rie de viv\u00eancias [&hellip;]<\/p>\n","protected":false},"author":5,"featured_media":6536,"comment_status":"open","ping_status":"open","sticky":false,"template":"","format":"standard","meta":{"_acf_changed":false,"footnotes":""},"categories":[24,31],"tags":[91,79,92,95,20,71,85,94,21,93,33],"class_list":["post-6535","post","type-post","status-publish","format-standard","has-post-thumbnail","hentry","category-educacao-infantil","category-nivel-3","tag-afeto","tag-colegio-particular","tag-criancas","tag-cuidado","tag-educacao","tag-educacao-infantil","tag-escolinha","tag-familia-e-escola","tag-gravatai","tag-gravatairs","tag-matriculas-abertas"],"acf":[],"yoast_head":"<!-- This site is optimized with the Yoast SEO plugin v27.8 - https:\/\/yoast.com\/product\/yoast-seo-wordpress\/ -->\n<title>MEDALHAS QUE O CORA\u00c7\u00c3O GUARDA PARA SEMPRE: VIV\u00caNCIAS DA EDUCA\u00c7\u00c3O INFANTIL - Col\u00e9gio Dom Feliciano | Rede ICM de educa\u00e7\u00e3o<\/title>\n<meta name=\"robots\" content=\"index, follow, max-snippet:-1, max-image-preview:large, max-video-preview:-1\" \/>\n<link rel=\"canonical\" href=\"https:\/\/redeicm.org.br\/domfeliciano\/vivenciasn3\/\" \/>\n<meta property=\"og:locale\" content=\"pt_BR\" \/>\n<meta property=\"og:type\" content=\"article\" \/>\n<meta property=\"og:title\" content=\"MEDALHAS QUE O CORA\u00c7\u00c3O GUARDA PARA SEMPRE: VIV\u00caNCIAS DA EDUCA\u00c7\u00c3O INFANTIL - Col\u00e9gio Dom Feliciano | Rede ICM de educa\u00e7\u00e3o\" \/>\n<meta property=\"og:description\" content=\"Medalhas que o cora\u00e7\u00e3o guarda para sempre: Viv\u00eancias da Educa\u00e7\u00e3o Infantil celebram os v\u00ednculos no ano do Centen\u00e1rio do Col\u00e9gio Dom Feliciano As turmas do N\u00edvel 3 da Educa\u00e7\u00e3o Infantil do Col\u00e9gio Dom Feliciano (N3A, N3B, N3C e N3D) est\u00e3o realizando, entre os dias 26 de agosto e 2 de setembro, uma s\u00e9rie de viv\u00eancias [&hellip;]\" \/>\n<meta property=\"og:url\" content=\"https:\/\/redeicm.org.br\/domfeliciano\/vivenciasn3\/\" \/>\n<meta property=\"og:site_name\" content=\"Col\u00e9gio Dom Feliciano | Rede ICM de educa\u00e7\u00e3o\" \/>\n<meta property=\"article:published_time\" content=\"2026-08-26T19:22:31+00:00\" \/>\n<meta property=\"article:modified_time\" content=\"2026-08-29T19:44:48+00:00\" \/>\n<meta property=\"og:image\" content=\"https:\/\/redeicm.org.br\/domfeliciano\/wp-content\/uploads\/sites\/10\/2026\/08\/WhatsApp-Image-2026-08-27-at-16.42.12.jpeg\" \/>\n\t<meta property=\"og:image:width\" content=\"1600\" \/>\n\t<meta property=\"og:image:height\" content=\"1200\" \/>\n\t<meta property=\"og:image:type\" content=\"image\/jpeg\" \/>\n<meta name=\"author\" content=\"anacristina\" \/>\n<meta name=\"twitter:card\" content=\"summary_large_image\" \/>\n<meta name=\"twitter:label1\" content=\"Escrito por\" \/>\n\t<meta name=\"twitter:data1\" content=\"anacristina\" \/>\n\t<meta name=\"twitter:label2\" content=\"Est. tempo de leitura\" \/>\n\t<meta name=\"twitter:data2\" content=\"3 minutos\" \/>\n<script type=\"application\/ld+json\" class=\"yoast-schema-graph\">{\"@context\":\"https:\\\/\\\/schema.org\",\"@graph\":[{\"@type\":\"Article\",\"@id\":\"https:\\\/\\\/redeicm.org.br\\\/domfeliciano\\\/vivenciasn3\\\/#article\",\"isPartOf\":{\"@id\":\"https:\\\/\\\/redeicm.org.br\\\/domfeliciano\\\/vivenciasn3\\\/\"},\"author\":{\"name\":\"anacristina\",\"@id\":\"https:\\\/\\\/redeicm.org.br\\\/domfeliciano\\\/#\\\/schema\\\/person\\\/c18a14ffec6622f7b618f4f5b0969286\"},\"headline\":\"MEDALHAS QUE O CORA\u00c7\u00c3O GUARDA PARA SEMPRE: VIV\u00caNCIAS DA EDUCA\u00c7\u00c3O INFANTIL\",\"datePublished\":\"2026-08-26T19:22:31+00:00\",\"dateModified\":\"2026-08-29T19:44:48+00:00\",\"mainEntityOfPage\":{\"@id\":\"https:\\\/\\\/redeicm.org.br\\\/domfeliciano\\\/vivenciasn3\\\/\"},\"wordCount\":410,\"commentCount\":0,\"publisher\":{\"@id\":\"https:\\\/\\\/redeicm.org.br\\\/domfeliciano\\\/#organization\"},\"image\":{\"@id\":\"https:\\\/\\\/redeicm.org.br\\\/domfeliciano\\\/vivenciasn3\\\/#primaryimage\"},\"thumbnailUrl\":\"https:\\\/\\\/redeicm.org.br\\\/domfeliciano\\\/wp-content\\\/uploads\\\/sites\\\/10\\\/2026\\\/08\\\/WhatsApp-Image-2026-08-27-at-16.42.12.jpeg\",\"keywords\":[\"AFETO\",\"Col\u00e9gio Particular\",\"CRIAN\u00c7AS\",\"CUIDADO\",\"Educa\u00e7\u00e3o\",\"Educa\u00e7\u00e3o Infantil\",\"Escolinha\",\"FAM\u00cdLIA E ESCOLA\",\"Gravata\u00ed\",\"GRAVATA\u00cdRS\",\"Matr\u00edculas Abertas\"],\"articleSection\":[\"Educa\u00e7\u00e3o Infantil\",\"N\u00edvel 3\"],\"inLanguage\":\"pt-BR\",\"potentialAction\":[{\"@type\":\"CommentAction\",\"name\":\"Comment\",\"target\":[\"https:\\\/\\\/redeicm.org.br\\\/domfeliciano\\\/vivenciasn3\\\/#respond\"]}]},{\"@type\":\"WebPage\",\"@id\":\"https:\\\/\\\/redeicm.org.br\\\/domfeliciano\\\/vivenciasn3\\\/\",\"url\":\"https:\\\/\\\/redeicm.org.br\\\/domfeliciano\\\/vivenciasn3\\\/\",\"name\":\"MEDALHAS QUE O CORA\u00c7\u00c3O GUARDA PARA SEMPRE: VIV\u00caNCIAS DA EDUCA\u00c7\u00c3O INFANTIL - Col\u00e9gio Dom Feliciano | Rede ICM de educa\u00e7\u00e3o\",\"isPartOf\":{\"@id\":\"https:\\\/\\\/redeicm.org.br\\\/domfeliciano\\\/#website\"},\"primaryImageOfPage\":{\"@id\":\"https:\\\/\\\/redeicm.org.br\\\/domfeliciano\\\/vivenciasn3\\\/#primaryimage\"},\"image\":{\"@id\":\"https:\\\/\\\/redeicm.org.br\\\/domfeliciano\\\/vivenciasn3\\\/#primaryimage\"},\"thumbnailUrl\":\"https:\\\/\\\/redeicm.org.br\\\/domfeliciano\\\/wp-content\\\/uploads\\\/sites\\\/10\\\/2026\\\/08\\\/WhatsApp-Image-2026-08-27-at-16.42.12.jpeg\",\"datePublished\":\"2026-08-26T19:22:31+00:00\",\"dateModified\":\"2026-08-29T19:44:48+00:00\",\"breadcrumb\":{\"@id\":\"https:\\\/\\\/redeicm.org.br\\\/domfeliciano\\\/vivenciasn3\\\/#breadcrumb\"},\"inLanguage\":\"pt-BR\",\"potentialAction\":[{\"@type\":\"ReadAction\",\"target\":[\"https:\\\/\\\/redeicm.org.br\\\/domfeliciano\\\/vivenciasn3\\\/\"]}]},{\"@type\":\"ImageObject\",\"inLanguage\":\"pt-BR\",\"@id\":\"https:\\\/\\\/redeicm.org.br\\\/domfeliciano\\\/vivenciasn3\\\/#primaryimage\",\"url\":\"https:\\\/\\\/redeicm.org.br\\\/domfeliciano\\\/wp-content\\\/uploads\\\/sites\\\/10\\\/2026\\\/08\\\/WhatsApp-Image-2026-08-27-at-16.42.12.jpeg\",\"contentUrl\":\"https:\\\/\\\/redeicm.org.br\\\/domfeliciano\\\/wp-content\\\/uploads\\\/sites\\\/10\\\/2026\\\/08\\\/WhatsApp-Image-2026-08-27-at-16.42.12.jpeg\",\"width\":1600,\"height\":1200},{\"@type\":\"BreadcrumbList\",\"@id\":\"https:\\\/\\\/redeicm.org.br\\\/domfeliciano\\\/vivenciasn3\\\/#breadcrumb\",\"itemListElement\":[{\"@type\":\"ListItem\",\"position\":1,\"name\":\"In\u00edcio\",\"item\":\"https:\\\/\\\/redeicm.org.br\\\/domfeliciano\\\/\"},{\"@type\":\"ListItem\",\"position\":2,\"name\":\"MEDALHAS QUE O CORA\u00c7\u00c3O GUARDA PARA SEMPRE: VIV\u00caNCIAS DA EDUCA\u00c7\u00c3O INFANTIL\"}]},{\"@type\":\"WebSite\",\"@id\":\"https:\\\/\\\/redeicm.org.br\\\/domfeliciano\\\/#website\",\"url\":\"https:\\\/\\\/redeicm.org.br\\\/domfeliciano\\\/\",\"name\":\"Col\u00e9gio Dom Feliciano | Rede ICM de educa\u00e7\u00e3o\",\"description\":\"\",\"publisher\":{\"@id\":\"https:\\\/\\\/redeicm.org.br\\\/domfeliciano\\\/#organization\"},\"alternateName\":\"Col\u00e9gio Dom Feliciano\",\"potentialAction\":[{\"@type\":\"SearchAction\",\"target\":{\"@type\":\"EntryPoint\",\"urlTemplate\":\"https:\\\/\\\/redeicm.org.br\\\/domfeliciano\\\/?s={search_term_string}\"},\"query-input\":{\"@type\":\"PropertyValueSpecification\",\"valueRequired\":true,\"valueName\":\"search_term_string\"}}],\"inLanguage\":\"pt-BR\"},{\"@type\":\"Organization\",\"@id\":\"https:\\\/\\\/redeicm.org.br\\\/domfeliciano\\\/#organization\",\"name\":\"Col\u00e9gio Dom Feliciano | Rede ICM de educa\u00e7\u00e3o\",\"url\":\"https:\\\/\\\/redeicm.org.br\\\/domfeliciano\\\/\",\"logo\":{\"@type\":\"ImageObject\",\"inLanguage\":\"pt-BR\",\"@id\":\"https:\\\/\\\/redeicm.org.br\\\/domfeliciano\\\/#\\\/schema\\\/logo\\\/image\\\/\",\"url\":\"https:\\\/\\\/redeicm.org.br\\\/domfeliciano\\\/wp-content\\\/uploads\\\/sites\\\/10\\\/2024\\\/08\\\/Logo-ColegioDomFeliciano-100Anos.png\",\"contentUrl\":\"https:\\\/\\\/redeicm.org.br\\\/domfeliciano\\\/wp-content\\\/uploads\\\/sites\\\/10\\\/2024\\\/08\\\/Logo-ColegioDomFeliciano-100Anos.png\",\"width\":950,\"height\":228,\"caption\":\"Col\u00e9gio Dom Feliciano | Rede ICM de educa\u00e7\u00e3o\"},\"image\":{\"@id\":\"https:\\\/\\\/redeicm.org.br\\\/domfeliciano\\\/#\\\/schema\\\/logo\\\/image\\\/\"}},{\"@type\":\"Person\",\"@id\":\"https:\\\/\\\/redeicm.org.br\\\/domfeliciano\\\/#\\\/schema\\\/person\\\/c18a14ffec6622f7b618f4f5b0969286\",\"name\":\"anacristina\",\"image\":{\"@type\":\"ImageObject\",\"inLanguage\":\"pt-BR\",\"@id\":\"https:\\\/\\\/secure.gravatar.com\\\/avatar\\\/79da9da3f65740bbde71f2d54ccd4ea132725f3b569ee997ccc37678f8c77fd8?s=96&d=mm&r=g\",\"url\":\"https:\\\/\\\/secure.gravatar.com\\\/avatar\\\/79da9da3f65740bbde71f2d54ccd4ea132725f3b569ee997ccc37678f8c77fd8?s=96&d=mm&r=g\",\"contentUrl\":\"https:\\\/\\\/secure.gravatar.com\\\/avatar\\\/79da9da3f65740bbde71f2d54ccd4ea132725f3b569ee997ccc37678f8c77fd8?s=96&d=mm&r=g\",\"caption\":\"anacristina\"},\"url\":\"https:\\\/\\\/redeicm.org.br\\\/domfeliciano\\\/author\\\/anacristina\\\/\"}]}<\/script>\n<!-- \/ Yoast SEO plugin. -->","yoast_head_json":{"title":"MEDALHAS QUE O CORA\u00c7\u00c3O GUARDA PARA SEMPRE: VIV\u00caNCIAS DA EDUCA\u00c7\u00c3O INFANTIL - Col\u00e9gio Dom Feliciano | Rede ICM de educa\u00e7\u00e3o","robots":{"index":"index","follow":"follow","max-snippet":"max-snippet:-1","max-image-preview":"max-image-preview:large","max-video-preview":"max-video-preview:-1"},"canonical":"https:\/\/redeicm.org.br\/domfeliciano\/vivenciasn3\/","og_locale":"pt_BR","og_type":"article","og_title":"MEDALHAS QUE O CORA\u00c7\u00c3O GUARDA PARA SEMPRE: VIV\u00caNCIAS DA EDUCA\u00c7\u00c3O INFANTIL - Col\u00e9gio Dom Feliciano | Rede ICM de educa\u00e7\u00e3o","og_description":"Medalhas que o cora\u00e7\u00e3o guarda para sempre: Viv\u00eancias da Educa\u00e7\u00e3o Infantil celebram os v\u00ednculos no ano do Centen\u00e1rio do Col\u00e9gio Dom Feliciano As turmas do N\u00edvel 3 da Educa\u00e7\u00e3o Infantil do Col\u00e9gio Dom Feliciano (N3A, N3B, N3C e N3D) est\u00e3o realizando, entre os dias 26 de agosto e 2 de setembro, uma s\u00e9rie de viv\u00eancias [&hellip;]","og_url":"https:\/\/redeicm.org.br\/domfeliciano\/vivenciasn3\/","og_site_name":"Col\u00e9gio Dom Feliciano | Rede ICM de educa\u00e7\u00e3o","article_published_time":"2026-08-26T19:22:31+00:00","article_modified_time":"2026-08-29T19:44:48+00:00","og_image":[{"width":1600,"height":1200,"url":"https:\/\/redeicm.org.br\/domfeliciano\/wp-content\/uploads\/sites\/10\/2026\/08\/WhatsApp-Image-2026-08-27-at-16.42.12.jpeg","type":"image\/jpeg"}],"author":"anacristina","twitter_card":"summary_large_image","twitter_misc":{"Escrito por":"anacristina","Est. tempo de leitura":"3 minutos"},"schema":{"@context":"https:\/\/schema.org","@graph":[{"@type":"Article","@id":"https:\/\/redeicm.org.br\/domfeliciano\/vivenciasn3\/#article","isPartOf":{"@id":"https:\/\/redeicm.org.br\/domfeliciano\/vivenciasn3\/"},"author":{"name":"anacristina","@id":"https:\/\/redeicm.org.br\/domfeliciano\/#\/schema\/person\/c18a14ffec6622f7b618f4f5b0969286"},"headline":"MEDALHAS QUE O CORA\u00c7\u00c3O GUARDA PARA SEMPRE: VIV\u00caNCIAS DA EDUCA\u00c7\u00c3O INFANTIL","datePublished":"2026-08-26T19:22:31+00:00","dateModified":"2026-08-29T19:44:48+00:00","mainEntityOfPage":{"@id":"https:\/\/redeicm.org.br\/domfeliciano\/vivenciasn3\/"},"wordCount":410,"commentCount":0,"publisher":{"@id":"https:\/\/redeicm.org.br\/domfeliciano\/#organization"},"image":{"@id":"https:\/\/redeicm.org.br\/domfeliciano\/vivenciasn3\/#primaryimage"},"thumbnailUrl":"https:\/\/redeicm.org.br\/domfeliciano\/wp-content\/uploads\/sites\/10\/2026\/08\/WhatsApp-Image-2026-08-27-at-16.42.12.jpeg","keywords":["AFETO","Col\u00e9gio Particular","CRIAN\u00c7AS","CUIDADO","Educa\u00e7\u00e3o","Educa\u00e7\u00e3o Infantil","Escolinha","FAM\u00cdLIA E ESCOLA","Gravata\u00ed","GRAVATA\u00cdRS","Matr\u00edculas Abertas"],"articleSection":["Educa\u00e7\u00e3o Infantil","N\u00edvel 3"],"inLanguage":"pt-BR","potentialAction":[{"@type":"CommentAction","name":"Comment","target":["https:\/\/redeicm.org.br\/domfeliciano\/vivenciasn3\/#respond"]}]},{"@type":"WebPage","@id":"https:\/\/redeicm.org.br\/domfeliciano\/vivenciasn3\/","url":"https:\/\/redeicm.org.br\/domfeliciano\/vivenciasn3\/","name":"MEDALHAS QUE O CORA\u00c7\u00c3O GUARDA PARA SEMPRE: VIV\u00caNCIAS DA EDUCA\u00c7\u00c3O INFANTIL - Col\u00e9gio Dom Feliciano | Rede ICM de educa\u00e7\u00e3o","isPartOf":{"@id":"https:\/\/redeicm.org.br\/domfeliciano\/#website"},"primaryImageOfPage":{"@id":"https:\/\/redeicm.org.br\/domfeliciano\/vivenciasn3\/#primaryimage"},"image":{"@id":"https:\/\/redeicm.org.br\/domfeliciano\/vivenciasn3\/#primaryimage"},"thumbnailUrl":"https:\/\/redeicm.org.br\/domfeliciano\/wp-content\/uploads\/sites\/10\/2026\/08\/WhatsApp-Image-2026-08-27-at-16.42.12.jpeg","datePublished":"2026-08-26T19:22:31+00:00","dateModified":"2026-08-29T19:44:48+00:00","breadcrumb":{"@id":"https:\/\/redeicm.org.br\/domfeliciano\/vivenciasn3\/#breadcrumb"},"inLanguage":"pt-BR","potentialAction":[{"@type":"ReadAction","target":["https:\/\/redeicm.org.br\/domfeliciano\/vivenciasn3\/"]}]},{"@type":"ImageObject","inLanguage":"pt-BR","@id":"https:\/\/redeicm.org.br\/domfeliciano\/vivenciasn3\/#primaryimage","url":"https:\/\/redeicm.org.br\/domfeliciano\/wp-content\/uploads\/sites\/10\/2026\/08\/WhatsApp-Image-2026-08-27-at-16.42.12.jpeg","contentUrl":"https:\/\/redeicm.org.br\/domfeliciano\/wp-content\/uploads\/sites\/10\/2026\/08\/WhatsApp-Image-2026-08-27-at-16.42.12.jpeg","width":1600,"height":1200},{"@type":"BreadcrumbList","@id":"https:\/\/redeicm.org.br\/domfeliciano\/vivenciasn3\/#breadcrumb","itemListElement":[{"@type":"ListItem","position":1,"name":"In\u00edcio","item":"https:\/\/redeicm.org.br\/domfeliciano\/"},{"@type":"ListItem","position":2,"name":"MEDALHAS QUE O CORA\u00c7\u00c3O GUARDA PARA SEMPRE: VIV\u00caNCIAS DA EDUCA\u00c7\u00c3O INFANTIL"}]},{"@type":"WebSite","@id":"https:\/\/redeicm.org.br\/domfeliciano\/#website","url":"https:\/\/redeicm.org.br\/domfeliciano\/","name":"Col\u00e9gio Dom Feliciano | Rede ICM de educa\u00e7\u00e3o","description":"","publisher":{"@id":"https:\/\/redeicm.org.br\/domfeliciano\/#organization"},"alternateName":"Col\u00e9gio Dom Feliciano","potentialAction":[{"@type":"SearchAction","target":{"@type":"EntryPoint","urlTemplate":"https:\/\/redeicm.org.br\/domfeliciano\/?s={search_term_string}"},"query-input":{"@type":"PropertyValueSpecification","valueRequired":true,"valueName":"search_term_string"}}],"inLanguage":"pt-BR"},{"@type":"Organization","@id":"https:\/\/redeicm.org.br\/domfeliciano\/#organization","name":"Col\u00e9gio Dom Feliciano | Rede ICM de educa\u00e7\u00e3o","url":"https:\/\/redeicm.org.br\/domfeliciano\/","logo":{"@type":"ImageObject","inLanguage":"pt-BR","@id":"https:\/\/redeicm.org.br\/domfeliciano\/#\/schema\/logo\/image\/","url":"https:\/\/redeicm.org.br\/domfeliciano\/wp-content\/uploads\/sites\/10\/2024\/08\/Logo-ColegioDomFeliciano-100Anos.png","contentUrl":"https:\/\/redeicm.org.br\/domfeliciano\/wp-content\/uploads\/sites\/10\/2024\/08\/Logo-ColegioDomFeliciano-100Anos.png","width":950,"height":228,"caption":"Col\u00e9gio Dom Feliciano | Rede ICM de educa\u00e7\u00e3o"},"image":{"@id":"https:\/\/redeicm.org.br\/domfeliciano\/#\/schema\/logo\/image\/"}},{"@type":"Person","@id":"https:\/\/redeicm.org.br\/domfeliciano\/#\/schema\/person\/c18a14ffec6622f7b618f4f5b0969286","name":"anacristina","image":{"@type":"ImageObject","inLanguage":"pt-BR","@id":"https:\/\/secure.gravatar.com\/avatar\/79da9da3f65740bbde71f2d54ccd4ea132725f3b569ee997ccc37678f8c77fd8?s=96&d=mm&r=g","url":"https:\/\/secure.gravatar.com\/avatar\/79da9da3f65740bbde71f2d54ccd4ea132725f3b569ee997ccc37678f8c77fd8?s=96&d=mm&r=g","contentUrl":"https:\/\/secure.gravatar.com\/avatar\/79da9da3f65740bbde71f2d54ccd4ea132725f3b569ee997ccc37678f8c77fd8?s=96&d=mm&r=g","caption":"anacristina"},"url":"https:\/\/redeicm.org.br\/domfeliciano\/author\/anacristina\/"}]}},"_links":{"self":[{"href":"https:\/\/redeicm.org.br\/domfeliciano\/wp-json\/wp\/v2\/posts\/6535","targetHints":{"allow":["GET"]}}],"collection":[{"href":"https:\/\/redeicm.org.br\/domfeliciano\/wp-json\/wp\/v2\/posts"}],"about":[{"href":"https:\/\/redeicm.org.br\/domfeliciano\/wp-json\/wp\/v2\/types\/post"}],"author":[{"embeddable":true,"href":"https:\/\/redeicm.org.br\/domfeliciano\/wp-json\/wp\/v2\/users\/5"}],"replies":[{"embeddable":true,"href":"https:\/\/redeicm.org.br\/domfeliciano\/wp-json\/wp\/v2\/comments?post=6535"}],"version-history":[{"count":5,"href":"https:\/\/redeicm.org.br\/domfeliciano\/wp-json\/wp\/v2\/posts\/6535\/revisions"}],"predecessor-version":[{"id":6546,"href":"https:\/\/redeicm.org.br\/domfeliciano\/wp-json\/wp\/v2\/posts\/6535\/revisions\/6546"}],"wp:featuredmedia":[{"embeddable":true,"href":"https:\/\/redeicm.org.br\/domfeliciano\/wp-json\/wp\/v2\/media\/6536"}],"wp:attachment":[{"href":"https:\/\/redeicm.org.br\/domfeliciano\/wp-json\/wp\/v2\/media?parent=6535"}],"wp:term":[{"taxonomy":"category","embeddable":true,"href":"https:\/\/redeicm.org.br\/domfeliciano\/wp-json\/wp\/v2\/categories?post=6535"},{"taxonomy":"post_tag","embeddable":true,"href":"https:\/\/redeicm.org.br\/domfeliciano\/wp-json\/wp\/v2\/tags?post=6535"}],"curies":[{"name":"wp","href":"https:\/\/api.w.org\/{rel}","templated":true}]}}