{"id":5706,"date":"2026-04-25T16:29:50","date_gmt":"2026-04-25T19:29:50","guid":{"rendered":"https:\/\/redeicm.org.br\/domfeliciano\/?p=5706"},"modified":"2026-04-25T16:34:07","modified_gmt":"2026-04-25T19:34:07","slug":"100-anos-de-historias-a-magia-da-festa-do-caderno-no-coracao-do-nosso-centenario","status":"publish","type":"post","link":"https:\/\/redeicm.org.br\/domfeliciano\/100-anos-de-historias-a-magia-da-festa-do-caderno-no-coracao-do-nosso-centenario\/","title":{"rendered":"100 ANOS DE HIST\u00d3RIAS: A MAGIA DA FESTA DO CADERNO NO CORA\u00c7\u00c3O DO NOSSO CENTEN\u00c1RIO"},"content":{"rendered":"<article class=\"text-token-text-primary w-full focus:outline-none [--shadow-height:45px] has-data-writing-block:pointer-events-none has-data-writing-block:-mt-(--shadow-height) has-data-writing-block:pt-(--shadow-height) [&amp;:has([data-writing-block])&gt;*]:pointer-events-auto scroll-mt-(--header-height)\" dir=\"auto\" style=\"color: #000000;font-style: normal;font-weight: 400;letter-spacing: normal;text-align: start;text-indent: 0px;text-transform: none;text-decoration: none\" data-turn-id=\"c38e9363-1b7f-47db-8555-e157f05c95cf\" data-testid=\"conversation-turn-5\" data-scroll-anchor=\"false\" data-turn=\"user\">\n<div class=\"text-base my-auto mx-auto pt-12 [--thread-content-margin:--spacing(4)] thread-sm:[--thread-content-margin:--spacing(6)] thread-lg:[--thread-content-margin:--spacing(16)] px-(--thread-content-margin)\">\n<div class=\"[--thread-content-max-width:40rem] thread-lg:[--thread-content-max-width:48rem] mx-auto max-w-(--thread-content-max-width) flex-1 group\/turn-messages focus-visible:outline-hidden relative flex w-full min-w-0 flex-col\">\n<div class=\"flex max-w-full flex-col grow\">\n<div class=\"min-h-8 text-message relative flex w-full flex-col items-end gap-2 text-start break-words whitespace-normal [.text-message+&amp;]:mt-1\" dir=\"auto\" data-message-author-role=\"user\" data-message-id=\"c38e9363-1b7f-47db-8555-e157f05c95cf\">\n<div class=\"flex w-full flex-col gap-1 empty:hidden items-end rtl:items-start\">\n<article class=\"text-token-text-primary w-full focus:outline-none [--shadow-height:45px] has-data-writing-block:pointer-events-none has-data-writing-block:-mt-(--shadow-height) has-data-writing-block:pt-(--shadow-height) [&amp;:has([data-writing-block])&gt;*]:pointer-events-auto scroll-mt-(--header-height)\" dir=\"auto\" style=\"color: #000000;font-style: normal;font-weight: 400;letter-spacing: normal;text-align: start;text-indent: 0px;text-transform: none;text-decoration: none\" data-turn-id=\"c4477b61-2e44-4a74-9bfb-eeceecc3448e\" data-testid=\"conversation-turn-3\" data-scroll-anchor=\"false\" data-turn=\"user\">\n<div class=\"text-base my-auto mx-auto pt-12 [--thread-content-margin:--spacing(4)] @w-sm\/main:[--thread-content-margin:--spacing(6)] @w-lg\/main:[--thread-content-margin:--spacing(16)] px-(--thread-content-margin)\">\n<div class=\"[--thread-content-max-width:40rem] @w-lg\/main:[--thread-content-max-width:48rem] mx-auto max-w-(--thread-content-max-width) flex-1 group\/turn-messages focus-visible:outline-hidden relative flex w-full min-w-0 flex-col\">\n<div class=\"flex max-w-full flex-col grow\">\n<div class=\"min-h-8 text-message relative flex w-full flex-col items-end gap-2 text-start break-words whitespace-normal [.text-message+&amp;]:mt-1\" dir=\"auto\" data-message-author-role=\"user\" data-message-id=\"c4477b61-2e44-4a74-9bfb-eeceecc3448e\">\n<div class=\"flex w-full flex-col gap-1 empty:hidden items-end rtl:items-start\">\n<div class=\"user-message-bubble-color corner-superellipse\/1.1 relative rounded-[18px] px-4 py-1.5 data-[multiline]:py-3 max-w-[var(--user-chat-width,70%)]\" data-multiline=\"\">\n<div class=\"whitespace-pre-wrap\">\n<p data-path-to-node=\"3\">No ano em que o <b data-path-to-node=\"3\" data-index-in-node=\"16\">Col\u00e9gio Dom Feliciano<\/b> celebra seu centen\u00e1rio, cada evento ganha um significado ainda mais profundo. No \u00faltimo dia <b data-path-to-node=\"3\" data-index-in-node=\"130\">24\/04<\/b>, vivemos um desses momentos inesquec\u00edveis: a <b data-path-to-node=\"3\" data-index-in-node=\"181\">Festa do Caderno<\/b> com as turmas do <b data-path-to-node=\"3\" data-index-in-node=\"215\">1\u00ba ano do Ensino Fundamental<\/b>.<\/p>\n<h3 data-path-to-node=\"4\">O Primeiro Passo de uma Jornada com Prop\u00f3sito<\/h3>\n<p id=\"p-rc_ac6d71da3d23f99b-50\" data-path-to-node=\"5\"><span data-path-to-node=\"5,0\">Para uma institui\u00e7\u00e3o que h\u00e1 um s\u00e9culo educa gera\u00e7\u00f5es em Gravata\u00ed, ver o brilho no olhar de uma crian\u00e7a ao receber seu primeiro caderno \u00e9 a reafirma\u00e7\u00e3o da nossa miss\u00e3o. Este objeto \u00e9 o s\u00edmbolo oficial da entrada no mundo da escrita e da autonomia. \u00c9 onde os primeiros tra\u00e7os se transformam em sonhos e o aprendizado ganha forma. <\/span><span data-path-to-node=\"5,2\"><span class=\"citation-45\">Como refor\u00e7ado em nossa proposta pedag\u00f3gica, a dedica\u00e7\u00e3o desde os primeiros anos facilita o aproveitamento das potencialidades no futuro<\/span><\/span><span data-path-to-node=\"5,4\">.<\/span><\/p>\n<div class=\"source-inline-chip-container ng-star-inserted\"><\/div>\n<p>&nbsp;<\/p>\n<h3 data-path-to-node=\"6\">Criatividade e Integra\u00e7\u00e3o em Cena<\/h3>\n<p data-path-to-node=\"7\">A celebra\u00e7\u00e3o foi marcada por muita alegria e ludicidade. Nossas professoras titulares e especialistas prepararam um teatro especial que encantou pequenos e adultos, tornando a entrega dos materiais um momento de pura magia.<\/p>\n<p data-path-to-node=\"8\">A tarde tamb\u00e9m contou com uma participa\u00e7\u00e3o muito especial: os estudantes do <b data-path-to-node=\"8\" data-index-in-node=\"76\">2\u00ba ano<\/b> estiveram presentes para acolher os novos colegas. Eles compartilharam suas experi\u00eancias e deram as boas-vindas aos novos escritores, demonstrando o esp\u00edrito de uni\u00e3o e continuidade que define nossa comunidade escolar.<\/p>\n<h3 data-path-to-node=\"9\">F\u00e9 e Tradi\u00e7\u00e3o: A B\u00ean\u00e7\u00e3o da Irm\u00e3 Jane<\/h3>\n<p data-path-to-node=\"10\">Um dos momentos mais emocionantes da cerim\u00f4nia foi a b\u00ean\u00e7\u00e3o dos cadernos, conduzida pela nossa diretora, <b data-path-to-node=\"10\" data-index-in-node=\"105\">Irm\u00e3 Jane<\/b>. Em um gesto de espiritualidade que honra nossos 100 anos de hist\u00f3ria, cada material foi consagrado, pedindo prote\u00e7\u00e3o e luz para que a caminhada de aprendizado de cada crian\u00e7a seja iluminada e repleta de sabedoria.<\/p>\n<h3 data-path-to-node=\"11\">Fam\u00edlia e Escola: Uma Parceria Secular<\/h3>\n<p data-path-to-node=\"12\">A celebra\u00e7\u00e3o contou com a presen\u00e7a ativa das fam\u00edlias. A entrega do caderno pelos pais e respons\u00e1veis simboliza o apoio necess\u00e1rio para que nossos alunos explorem o mundo. Esse elo entre casa e escola \u00e9 o que nos permite, h\u00e1 dez d\u00e9cadas, oferecer uma educa\u00e7\u00e3o que transforma e prepara para a vida.<\/p>\n<p data-path-to-node=\"13\">Agradecemos a todos os familiares pela presen\u00e7a e confian\u00e7a. Que as p\u00e1ginas destes novos cadernos sejam o registro de lindas hist\u00f3rias de descoberta neste ano t\u00e3o festivo para todos n\u00f3s!<\/p>\n<hr data-path-to-node=\"14\" \/>\n<p data-path-to-node=\"15\"><b data-path-to-node=\"15\" data-index-in-node=\"0\">Col\u00e9gio Dom Feliciano \u2013 100 Anos Educando com Amor e Inova\u00e7\u00e3o.<\/b><\/p>\n<\/div>\n<\/div>\n<\/div>\n<\/div>\n<\/div>\n<\/div>\n<\/div>\n<\/article>\n<div id='wpcp-8181c6d99581dd9607d53c28952ec624' class='wpcp-container'><div id='UseyourDrive' class=' gallery  wpcp-has-scroll-to-top' data-module-id='wpcp-8181c6d99581dd9607d53c28952ec624' style='display:none'><noscript><div class='UseyourDrive-nojsmessage'>Para visualizar este conte\u00fado, voc\u00ea precisa ter o JavaScript habilitado em seu navegador.<br\/><a href='http:\/\/www.enable-javascript.com\/' target='_blank'>Para fazer isso, siga estas instru\u00e7\u00f5es<\/a>.<\/div><\/noscript><div class='wpcp-module UseyourDrive wpcp-gallery jsdisabled'  id='UseyourDrive-8181c6d99581dd9607d53c28952ec624' data-token='8181c6d99581dd9607d53c28952ec624' data-account-id='116350526514652382578' data-id='' data-org-id='' data-path='bnVsbA==' data-org-path='bnVsbA==' data-source='888b16609985437bff6ffae3f4cc9332' data-sort='name:asc' data-list='gallery' data-query='' data-lightboxnav='1' data-lightboxthumbs='1' data-lightboxopen='0' data-targetheight='300' data-slideshow='0' data-pausetime='5000' data-showfilenames='0'><div class=\"wpcp-browser-container wpcp-browser-tree--init wpcp-no-tree wpcp-browser--init\" style=\"width:100%;max-width:100%;\">\r\n    <div class=\"wpcp-browser-container-tree\" data-show-tree='0'>\r\n        <div class=\"nav-header\">\r\n            <a class=\"nav-tree-toggle entry-info-button\" tabindex=\"0\" title=\"Exibir \u00e1rvore de pastas\">\r\n                <i class=\"eva eva-arrowhead-left-outline\"><\/i>\r\n            <\/a>\r\n        <\/div>\r\n        <div class=\"wpcp-browser-tree\"><\/div>\r\n    <\/div>\r\n    <div class=\"wpcp-browser-container-content\">\r\n        <div class=\"nav-header nav-header-has-breadcrumb nav-header-onhover\">            <a class=\"nav-home entry-info-button\" title=\"Volte para a pasta inicial\" tabindex=\"0\">\r\n                <i class=\"eva eva-home-outline\"><\/i>\r\n            <\/a>\r\n            <div class=\"nav-title\">Carregando...<\/div>\r\n                        <a class=\"nav-search entry-info-button\" tabindex=\"0\">\r\n                <i class=\"eva eva-search\"><\/i>\r\n            <\/a>\r\n\r\n            <div class=\"tippy-content-holder search-wrapper\">\r\n                <a class=\"search-icon search-submit\" href=\"javascript:;\"><i class=\"eva eva-search\"><\/i><\/a>\r\n                <input class=\"search-input\" name=\"q\" type=\"search\" autocomplete=\"off\" size=\"40\" aria-label=\"Pesquisar\" placeholder=\"Procurar arquivos\" \/>\r\n                <a class=\"search-remove\" href=\"javascript:;\" title=\"Limpar\"><i class=\"eva eva-close\"><\/i><\/a>\r\n            <\/div>\r\n            \r\n            <a class=\"nav-sort entry-info-button\" title=\"Op\u00e7\u00f5es de classifica\u00e7\u00e3o\">\r\n                <i class=\"eva eva-options\"><\/i>\r\n            <\/a>\r\n            <div class=\"tippy-content-holder sort-div\">\r\n                <ul class='nav-sorting-list'>\r\n                    <li><a class=\"nav-sorting-field nav-name sort-selected\" data-field=\"name\" title=\"Nome\">\r\n                            Nome                        <\/a>\r\n                    <\/li>\r\n                    <li><a class=\"nav-sorting-field nav-size \" data-field=\"size\" title=\"Tamanho\">\r\n                            Tamanho                        <\/a>\r\n                    <\/li>\r\n                    <li><a class=\"nav-sorting-field nav-modified \" data-field=\"modified\" title=\"Modificado\">\r\n                            Modificado                        <\/a>\r\n                    <\/li>\r\n                    <li><a class=\"nav-sorting-field nav-created \" data-field=\"created\" title=\"Data de cria\u00e7\u00e3o\">\r\n                            Data de cria\u00e7\u00e3o                        <\/a>\r\n                    <\/li>\r\n                    <li class=\"list-separator\">&nbsp;<\/li>\r\n                    <li><a class=\"nav-sorting-order nav-asc sort-selected\" data-order=\"asc\" title=\"Ascendente\">\r\n                            Ascendente                        <\/a>\r\n                    <\/li>\r\n                    <li><a class=\"nav-sorting-order nav-desc \" data-order=\"desc\" title=\"Descendente\">\r\n                            Descendente                        <\/a>\r\n                    <\/li>\r\n                <\/ul>\r\n            <\/div>\r\n\r\n            <a class=\"nav-gear entry-info-button\" title=\"Mais a\u00e7\u00f5es\">\r\n                <i class=\"eva eva-more-vertical-outline\"><\/i>\r\n            <\/a>\r\n            <div class=\"tippy-content-holder gear-div\" data-token=\"8181c6d99581dd9607d53c28952ec624\">\r\n                <ul>\r\n                                        <li class='gear-menu-no-options' style=\"display: none\"><a><i class='eva eva-info-outline eva-lg'><\/i>Sem op\u00e7\u00f5es...<\/a><\/li>\r\n                <\/ul>\r\n            <\/div>\r\n                        <a class=\"nav-refresh entry-info-button\" title=\"Atualizar\">\r\n                <i class=\"eva eva-sync\"><\/i>\r\n            <\/a>\r\n                    <\/div>        <div class=\"wpcp-container-content\">\r\n            <div class=\"loading initialize\">                <svg class=\"loader-spinner\" viewBox=\"25 25 50 50\">\r\n                    <circle class=\"path\" cx=\"50\" cy=\"50\" r=\"20\" fill=\"none\" stroke-width=\"3\" stroke-miterlimit=\"10\"><\/circle>\r\n                <\/svg>\r\n                            <\/div>\r\n            <div class=\"ajax-filelist\" style=\"\">\r\n                <div class='images image-collage'>\r\n                    \r\n<div class=\"image-container entry\">\r\n    <a>\r\n        <img fetchpriority=\"high\" decoding=\"async\" class=\"skeleton skeleton-gallery-img\" alt=\"\" src=\"data:image\/png;base64,iVBORw0KGgoAAAANSUhEUgAAAAEAAAABCAYAAAAfFcSJAAAAC0lEQVQYV2NgAAIAAAUAAarVyFEAAAAASUVORK5CYII=\" width=\"169\" height=\"300\" style=\"width:169px !important;height:300px !important; \">\r\n    <\/a>\r\n<\/div>\r\n\r\n<div class=\"image-container entry\">\r\n    <a>\r\n        <img decoding=\"async\" class=\"skeleton skeleton-gallery-img\" alt=\"\" src=\"data:image\/png;base64,iVBORw0KGgoAAAANSUhEUgAAAAEAAAABCAYAAAAfFcSJAAAAC0lEQVQYV2NgAAIAAAUAAarVyFEAAAAASUVORK5CYII=\" width=\"399\" height=\"300\" style=\"width:399px !important;height:300px !important; \">\r\n    <\/a>\r\n<\/div>\r\n\r\n<div class=\"image-container entry\">\r\n    <a>\r\n        <img decoding=\"async\" class=\"skeleton skeleton-gallery-img\" alt=\"\" src=\"data:image\/png;base64,iVBORw0KGgoAAAANSUhEUgAAAAEAAAABCAYAAAAfFcSJAAAAC0lEQVQYV2NgAAIAAAUAAarVyFEAAAAASUVORK5CYII=\" width=\"399\" height=\"300\" style=\"width:399px !important;height:300px !important; \">\r\n    <\/a>\r\n<\/div>\r\n\r\n<div class=\"image-container entry\">\r\n    <a>\r\n        <img decoding=\"async\" class=\"skeleton skeleton-gallery-img\" alt=\"\" src=\"data:image\/png;base64,iVBORw0KGgoAAAANSUhEUgAAAAEAAAABCAYAAAAfFcSJAAAAC0lEQVQYV2NgAAIAAAUAAarVyFEAAAAASUVORK5CYII=\" width=\"300\" height=\"300\" style=\"width:300px !important;height:300px !important; \">\r\n    <\/a>\r\n<\/div>\r\n\r\n<div class=\"image-container entry\">\r\n    <a>\r\n        <img decoding=\"async\" class=\"skeleton skeleton-gallery-img\" alt=\"\" src=\"data:image\/png;base64,iVBORw0KGgoAAAANSUhEUgAAAAEAAAABCAYAAAAfFcSJAAAAC0lEQVQYV2NgAAIAAAUAAarVyFEAAAAASUVORK5CYII=\" width=\"399\" height=\"300\" style=\"width:399px !important;height:300px !important; \">\r\n    <\/a>\r\n<\/div>\r\n                <\/div>\r\n            <\/div>\r\n\r\n            <div class=\"scroll-to-top\">\r\n                <button class=\"scroll-to-top-action button button-round-icon secondary button-round-icon-lg button-shadow-3\" type=\"button\" title=\"Rolar para o Topo\" aria-expanded=\"false\"><i class=\"eva eva-arrow-upward-outline eva-2x\"><\/i><\/button>\r\n                            <\/div>\r\n        <\/div>\r\n    <\/div>\r\n<\/div>\r\n<style>\r\n<\/style><\/div><\/div><div class='wpcp-module-script'><script type='text\/javascript'>if (typeof(jQuery) !== 'undefined' && typeof(jQuery.cp) !== 'undefined' && typeof(jQuery.cp.UseyourDrive) === 'function') { jQuery('#UseyourDrive-8181c6d99581dd9607d53c28952ec624').UseyourDrive(UseyourDrive_vars); };<\/script><\/div><\/div>\n<\/div>\n<\/div>\n<\/div>\n<\/div>\n<\/div>\n<\/article>\n<p>&nbsp;<\/p>\n<p>&nbsp;<\/p>\n","protected":false},"excerpt":{"rendered":"<p>No ano em que o Col\u00e9gio Dom Feliciano celebra seu centen\u00e1rio, cada evento ganha um significado ainda mais profundo. No \u00faltimo dia 24\/04, vivemos um desses momentos inesquec\u00edveis: a Festa do Caderno com as turmas do 1\u00ba ano do Ensino Fundamental. O Primeiro Passo de uma Jornada com Prop\u00f3sito Para uma institui\u00e7\u00e3o que h\u00e1 um [&hellip;]<\/p>\n","protected":false},"author":5,"featured_media":5710,"comment_status":"open","ping_status":"open","sticky":false,"template":"","format":"standard","meta":{"_acf_changed":false,"footnotes":""},"categories":[34,53,15],"tags":[68,59,69,20,21,64,61,70,63],"class_list":["post-5706","post","type-post","status-publish","format-standard","has-post-thumbnail","hentry","category-1o-ano","category-blog","category-dom-feliciano","tag-100-anos","tag-acolhimento","tag-celebracao-eucaristica","tag-educacao","tag-gravatai","tag-melhor-escola","tag-meta","tag-missa","tag-rede-icm"],"acf":[],"yoast_head":"<!-- This site is optimized with the Yoast SEO plugin v26.3 - https:\/\/yoast.com\/wordpress\/plugins\/seo\/ -->\n<title>100 ANOS DE HIST\u00d3RIAS: A MAGIA DA FESTA DO CADERNO NO CORA\u00c7\u00c3O DO NOSSO CENTEN\u00c1RIO - Col\u00e9gio Dom Feliciano | Rede ICM de educa\u00e7\u00e3o<\/title>\n<meta name=\"robots\" content=\"index, follow, max-snippet:-1, max-image-preview:large, max-video-preview:-1\" \/>\n<link rel=\"canonical\" href=\"https:\/\/redeicm.org.br\/domfeliciano\/100-anos-de-historias-a-magia-da-festa-do-caderno-no-coracao-do-nosso-centenario\/\" \/>\n<meta property=\"og:locale\" content=\"pt_BR\" \/>\n<meta property=\"og:type\" content=\"article\" \/>\n<meta property=\"og:title\" content=\"100 ANOS DE HIST\u00d3RIAS: A MAGIA DA FESTA DO CADERNO NO CORA\u00c7\u00c3O DO NOSSO CENTEN\u00c1RIO - Col\u00e9gio Dom Feliciano | Rede ICM de educa\u00e7\u00e3o\" \/>\n<meta property=\"og:description\" content=\"No ano em que o Col\u00e9gio Dom Feliciano celebra seu centen\u00e1rio, cada evento ganha um significado ainda mais profundo. No \u00faltimo dia 24\/04, vivemos um desses momentos inesquec\u00edveis: a Festa do Caderno com as turmas do 1\u00ba ano do Ensino Fundamental. O Primeiro Passo de uma Jornada com Prop\u00f3sito Para uma institui\u00e7\u00e3o que h\u00e1 um [&hellip;]\" \/>\n<meta property=\"og:url\" content=\"https:\/\/redeicm.org.br\/domfeliciano\/100-anos-de-historias-a-magia-da-festa-do-caderno-no-coracao-do-nosso-centenario\/\" \/>\n<meta property=\"og:site_name\" content=\"Col\u00e9gio Dom Feliciano | Rede ICM de educa\u00e7\u00e3o\" \/>\n<meta property=\"article:published_time\" content=\"2026-04-25T19:29:50+00:00\" \/>\n<meta property=\"article:modified_time\" content=\"2026-04-25T19:34:07+00:00\" \/>\n<meta property=\"og:image\" content=\"https:\/\/redeicm.org.br\/domfeliciano\/wp-content\/uploads\/sites\/10\/2026\/04\/festacaauditorio38.jpg\" \/>\n\t<meta property=\"og:image:width\" content=\"1223\" \/>\n\t<meta property=\"og:image:height\" content=\"800\" \/>\n\t<meta property=\"og:image:type\" content=\"image\/jpeg\" \/>\n<meta name=\"author\" content=\"anacristina\" \/>\n<meta name=\"twitter:card\" content=\"summary_large_image\" \/>\n<meta name=\"twitter:label1\" content=\"Escrito por\" \/>\n\t<meta name=\"twitter:data1\" content=\"anacristina\" \/>\n\t<meta name=\"twitter:label2\" content=\"Est. tempo de leitura\" \/>\n\t<meta name=\"twitter:data2\" content=\"3 minutos\" \/>\n<script type=\"application\/ld+json\" class=\"yoast-schema-graph\">{\"@context\":\"https:\/\/schema.org\",\"@graph\":[{\"@type\":\"Article\",\"@id\":\"https:\/\/redeicm.org.br\/domfeliciano\/100-anos-de-historias-a-magia-da-festa-do-caderno-no-coracao-do-nosso-centenario\/#article\",\"isPartOf\":{\"@id\":\"https:\/\/redeicm.org.br\/domfeliciano\/100-anos-de-historias-a-magia-da-festa-do-caderno-no-coracao-do-nosso-centenario\/\"},\"author\":{\"name\":\"anacristina\",\"@id\":\"https:\/\/redeicm.org.br\/domfeliciano\/#\/schema\/person\/c18a14ffec6622f7b618f4f5b0969286\"},\"headline\":\"100 ANOS DE HIST\u00d3RIAS: A MAGIA DA FESTA DO CADERNO NO CORA\u00c7\u00c3O DO NOSSO CENTEN\u00c1RIO\",\"datePublished\":\"2026-04-25T19:29:50+00:00\",\"dateModified\":\"2026-04-25T19:34:07+00:00\",\"mainEntityOfPage\":{\"@id\":\"https:\/\/redeicm.org.br\/domfeliciano\/100-anos-de-historias-a-magia-da-festa-do-caderno-no-coracao-do-nosso-centenario\/\"},\"wordCount\":428,\"commentCount\":0,\"publisher\":{\"@id\":\"https:\/\/redeicm.org.br\/domfeliciano\/#organization\"},\"image\":{\"@id\":\"https:\/\/redeicm.org.br\/domfeliciano\/100-anos-de-historias-a-magia-da-festa-do-caderno-no-coracao-do-nosso-centenario\/#primaryimage\"},\"thumbnailUrl\":\"https:\/\/redeicm.org.br\/domfeliciano\/wp-content\/uploads\/sites\/10\/2026\/04\/festacaauditorio38.jpg\",\"keywords\":[\"100 anos\",\"acolhimento\",\"Celebra\u00e7\u00e3o Eucar\u00edstica\",\"Educa\u00e7\u00e3o\",\"Gravata\u00ed\",\"Melhor Escola\",\"meta\",\"Missa\",\"Rede ICM\"],\"articleSection\":[\"1\u00ba Ano\",\"Blog\",\"Dom Feliciano\"],\"inLanguage\":\"pt-BR\",\"potentialAction\":[{\"@type\":\"CommentAction\",\"name\":\"Comment\",\"target\":[\"https:\/\/redeicm.org.br\/domfeliciano\/100-anos-de-historias-a-magia-da-festa-do-caderno-no-coracao-do-nosso-centenario\/#respond\"]}]},{\"@type\":\"WebPage\",\"@id\":\"https:\/\/redeicm.org.br\/domfeliciano\/100-anos-de-historias-a-magia-da-festa-do-caderno-no-coracao-do-nosso-centenario\/\",\"url\":\"https:\/\/redeicm.org.br\/domfeliciano\/100-anos-de-historias-a-magia-da-festa-do-caderno-no-coracao-do-nosso-centenario\/\",\"name\":\"100 ANOS DE HIST\u00d3RIAS: A MAGIA DA FESTA DO CADERNO NO CORA\u00c7\u00c3O DO NOSSO CENTEN\u00c1RIO - Col\u00e9gio Dom Feliciano | Rede ICM de educa\u00e7\u00e3o\",\"isPartOf\":{\"@id\":\"https:\/\/redeicm.org.br\/domfeliciano\/#website\"},\"primaryImageOfPage\":{\"@id\":\"https:\/\/redeicm.org.br\/domfeliciano\/100-anos-de-historias-a-magia-da-festa-do-caderno-no-coracao-do-nosso-centenario\/#primaryimage\"},\"image\":{\"@id\":\"https:\/\/redeicm.org.br\/domfeliciano\/100-anos-de-historias-a-magia-da-festa-do-caderno-no-coracao-do-nosso-centenario\/#primaryimage\"},\"thumbnailUrl\":\"https:\/\/redeicm.org.br\/domfeliciano\/wp-content\/uploads\/sites\/10\/2026\/04\/festacaauditorio38.jpg\",\"datePublished\":\"2026-04-25T19:29:50+00:00\",\"dateModified\":\"2026-04-25T19:34:07+00:00\",\"breadcrumb\":{\"@id\":\"https:\/\/redeicm.org.br\/domfeliciano\/100-anos-de-historias-a-magia-da-festa-do-caderno-no-coracao-do-nosso-centenario\/#breadcrumb\"},\"inLanguage\":\"pt-BR\",\"potentialAction\":[{\"@type\":\"ReadAction\",\"target\":[\"https:\/\/redeicm.org.br\/domfeliciano\/100-anos-de-historias-a-magia-da-festa-do-caderno-no-coracao-do-nosso-centenario\/\"]}]},{\"@type\":\"ImageObject\",\"inLanguage\":\"pt-BR\",\"@id\":\"https:\/\/redeicm.org.br\/domfeliciano\/100-anos-de-historias-a-magia-da-festa-do-caderno-no-coracao-do-nosso-centenario\/#primaryimage\",\"url\":\"https:\/\/redeicm.org.br\/domfeliciano\/wp-content\/uploads\/sites\/10\/2026\/04\/festacaauditorio38.jpg\",\"contentUrl\":\"https:\/\/redeicm.org.br\/domfeliciano\/wp-content\/uploads\/sites\/10\/2026\/04\/festacaauditorio38.jpg\",\"width\":1223,\"height\":800},{\"@type\":\"BreadcrumbList\",\"@id\":\"https:\/\/redeicm.org.br\/domfeliciano\/100-anos-de-historias-a-magia-da-festa-do-caderno-no-coracao-do-nosso-centenario\/#breadcrumb\",\"itemListElement\":[{\"@type\":\"ListItem\",\"position\":1,\"name\":\"In\u00edcio\",\"item\":\"https:\/\/redeicm.org.br\/domfeliciano\/\"},{\"@type\":\"ListItem\",\"position\":2,\"name\":\"100 ANOS DE HIST\u00d3RIAS: A MAGIA DA FESTA DO CADERNO NO CORA\u00c7\u00c3O DO NOSSO CENTEN\u00c1RIO\"}]},{\"@type\":\"WebSite\",\"@id\":\"https:\/\/redeicm.org.br\/domfeliciano\/#website\",\"url\":\"https:\/\/redeicm.org.br\/domfeliciano\/\",\"name\":\"Col\u00e9gio Dom Feliciano | Rede ICM de educa\u00e7\u00e3o\",\"description\":\"\",\"publisher\":{\"@id\":\"https:\/\/redeicm.org.br\/domfeliciano\/#organization\"},\"potentialAction\":[{\"@type\":\"SearchAction\",\"target\":{\"@type\":\"EntryPoint\",\"urlTemplate\":\"https:\/\/redeicm.org.br\/domfeliciano\/?s={search_term_string}\"},\"query-input\":{\"@type\":\"PropertyValueSpecification\",\"valueRequired\":true,\"valueName\":\"search_term_string\"}}],\"inLanguage\":\"pt-BR\"},{\"@type\":\"Organization\",\"@id\":\"https:\/\/redeicm.org.br\/domfeliciano\/#organization\",\"name\":\"Col\u00e9gio Dom Feliciano | Rede ICM de educa\u00e7\u00e3o\",\"url\":\"https:\/\/redeicm.org.br\/domfeliciano\/\",\"logo\":{\"@type\":\"ImageObject\",\"inLanguage\":\"pt-BR\",\"@id\":\"https:\/\/redeicm.org.br\/domfeliciano\/#\/schema\/logo\/image\/\",\"url\":\"https:\/\/redeicm.org.br\/domfeliciano\/wp-content\/uploads\/sites\/10\/2024\/08\/Logo-ColegioDomFeliciano-100Anos.png\",\"contentUrl\":\"https:\/\/redeicm.org.br\/domfeliciano\/wp-content\/uploads\/sites\/10\/2024\/08\/Logo-ColegioDomFeliciano-100Anos.png\",\"width\":950,\"height\":228,\"caption\":\"Col\u00e9gio Dom Feliciano | Rede ICM de educa\u00e7\u00e3o\"},\"image\":{\"@id\":\"https:\/\/redeicm.org.br\/domfeliciano\/#\/schema\/logo\/image\/\"}},{\"@type\":\"Person\",\"@id\":\"https:\/\/redeicm.org.br\/domfeliciano\/#\/schema\/person\/c18a14ffec6622f7b618f4f5b0969286\",\"name\":\"anacristina\",\"image\":{\"@type\":\"ImageObject\",\"inLanguage\":\"pt-BR\",\"@id\":\"https:\/\/redeicm.org.br\/domfeliciano\/#\/schema\/person\/image\/\",\"url\":\"https:\/\/secure.gravatar.com\/avatar\/79da9da3f65740bbde71f2d54ccd4ea132725f3b569ee997ccc37678f8c77fd8?s=96&d=mm&r=g\",\"contentUrl\":\"https:\/\/secure.gravatar.com\/avatar\/79da9da3f65740bbde71f2d54ccd4ea132725f3b569ee997ccc37678f8c77fd8?s=96&d=mm&r=g\",\"caption\":\"anacristina\"},\"url\":\"https:\/\/redeicm.org.br\/domfeliciano\/author\/anacristina\/\"}]}<\/script>\n<!-- \/ Yoast SEO plugin. -->","yoast_head_json":{"title":"100 ANOS DE HIST\u00d3RIAS: A MAGIA DA FESTA DO CADERNO NO CORA\u00c7\u00c3O DO NOSSO CENTEN\u00c1RIO - Col\u00e9gio Dom Feliciano | Rede ICM de educa\u00e7\u00e3o","robots":{"index":"index","follow":"follow","max-snippet":"max-snippet:-1","max-image-preview":"max-image-preview:large","max-video-preview":"max-video-preview:-1"},"canonical":"https:\/\/redeicm.org.br\/domfeliciano\/100-anos-de-historias-a-magia-da-festa-do-caderno-no-coracao-do-nosso-centenario\/","og_locale":"pt_BR","og_type":"article","og_title":"100 ANOS DE HIST\u00d3RIAS: A MAGIA DA FESTA DO CADERNO NO CORA\u00c7\u00c3O DO NOSSO CENTEN\u00c1RIO - Col\u00e9gio Dom Feliciano | Rede ICM de educa\u00e7\u00e3o","og_description":"No ano em que o Col\u00e9gio Dom Feliciano celebra seu centen\u00e1rio, cada evento ganha um significado ainda mais profundo. No \u00faltimo dia 24\/04, vivemos um desses momentos inesquec\u00edveis: a Festa do Caderno com as turmas do 1\u00ba ano do Ensino Fundamental. O Primeiro Passo de uma Jornada com Prop\u00f3sito Para uma institui\u00e7\u00e3o que h\u00e1 um [&hellip;]","og_url":"https:\/\/redeicm.org.br\/domfeliciano\/100-anos-de-historias-a-magia-da-festa-do-caderno-no-coracao-do-nosso-centenario\/","og_site_name":"Col\u00e9gio Dom Feliciano | Rede ICM de educa\u00e7\u00e3o","article_published_time":"2026-04-25T19:29:50+00:00","article_modified_time":"2026-04-25T19:34:07+00:00","og_image":[{"width":1223,"height":800,"url":"https:\/\/redeicm.org.br\/domfeliciano\/wp-content\/uploads\/sites\/10\/2026\/04\/festacaauditorio38.jpg","type":"image\/jpeg"}],"author":"anacristina","twitter_card":"summary_large_image","twitter_misc":{"Escrito por":"anacristina","Est. tempo de leitura":"3 minutos"},"schema":{"@context":"https:\/\/schema.org","@graph":[{"@type":"Article","@id":"https:\/\/redeicm.org.br\/domfeliciano\/100-anos-de-historias-a-magia-da-festa-do-caderno-no-coracao-do-nosso-centenario\/#article","isPartOf":{"@id":"https:\/\/redeicm.org.br\/domfeliciano\/100-anos-de-historias-a-magia-da-festa-do-caderno-no-coracao-do-nosso-centenario\/"},"author":{"name":"anacristina","@id":"https:\/\/redeicm.org.br\/domfeliciano\/#\/schema\/person\/c18a14ffec6622f7b618f4f5b0969286"},"headline":"100 ANOS DE HIST\u00d3RIAS: A MAGIA DA FESTA DO CADERNO NO CORA\u00c7\u00c3O DO NOSSO CENTEN\u00c1RIO","datePublished":"2026-04-25T19:29:50+00:00","dateModified":"2026-04-25T19:34:07+00:00","mainEntityOfPage":{"@id":"https:\/\/redeicm.org.br\/domfeliciano\/100-anos-de-historias-a-magia-da-festa-do-caderno-no-coracao-do-nosso-centenario\/"},"wordCount":428,"commentCount":0,"publisher":{"@id":"https:\/\/redeicm.org.br\/domfeliciano\/#organization"},"image":{"@id":"https:\/\/redeicm.org.br\/domfeliciano\/100-anos-de-historias-a-magia-da-festa-do-caderno-no-coracao-do-nosso-centenario\/#primaryimage"},"thumbnailUrl":"https:\/\/redeicm.org.br\/domfeliciano\/wp-content\/uploads\/sites\/10\/2026\/04\/festacaauditorio38.jpg","keywords":["100 anos","acolhimento","Celebra\u00e7\u00e3o Eucar\u00edstica","Educa\u00e7\u00e3o","Gravata\u00ed","Melhor Escola","meta","Missa","Rede ICM"],"articleSection":["1\u00ba Ano","Blog","Dom Feliciano"],"inLanguage":"pt-BR","potentialAction":[{"@type":"CommentAction","name":"Comment","target":["https:\/\/redeicm.org.br\/domfeliciano\/100-anos-de-historias-a-magia-da-festa-do-caderno-no-coracao-do-nosso-centenario\/#respond"]}]},{"@type":"WebPage","@id":"https:\/\/redeicm.org.br\/domfeliciano\/100-anos-de-historias-a-magia-da-festa-do-caderno-no-coracao-do-nosso-centenario\/","url":"https:\/\/redeicm.org.br\/domfeliciano\/100-anos-de-historias-a-magia-da-festa-do-caderno-no-coracao-do-nosso-centenario\/","name":"100 ANOS DE HIST\u00d3RIAS: A MAGIA DA FESTA DO CADERNO NO CORA\u00c7\u00c3O DO NOSSO CENTEN\u00c1RIO - Col\u00e9gio Dom Feliciano | Rede ICM de educa\u00e7\u00e3o","isPartOf":{"@id":"https:\/\/redeicm.org.br\/domfeliciano\/#website"},"primaryImageOfPage":{"@id":"https:\/\/redeicm.org.br\/domfeliciano\/100-anos-de-historias-a-magia-da-festa-do-caderno-no-coracao-do-nosso-centenario\/#primaryimage"},"image":{"@id":"https:\/\/redeicm.org.br\/domfeliciano\/100-anos-de-historias-a-magia-da-festa-do-caderno-no-coracao-do-nosso-centenario\/#primaryimage"},"thumbnailUrl":"https:\/\/redeicm.org.br\/domfeliciano\/wp-content\/uploads\/sites\/10\/2026\/04\/festacaauditorio38.jpg","datePublished":"2026-04-25T19:29:50+00:00","dateModified":"2026-04-25T19:34:07+00:00","breadcrumb":{"@id":"https:\/\/redeicm.org.br\/domfeliciano\/100-anos-de-historias-a-magia-da-festa-do-caderno-no-coracao-do-nosso-centenario\/#breadcrumb"},"inLanguage":"pt-BR","potentialAction":[{"@type":"ReadAction","target":["https:\/\/redeicm.org.br\/domfeliciano\/100-anos-de-historias-a-magia-da-festa-do-caderno-no-coracao-do-nosso-centenario\/"]}]},{"@type":"ImageObject","inLanguage":"pt-BR","@id":"https:\/\/redeicm.org.br\/domfeliciano\/100-anos-de-historias-a-magia-da-festa-do-caderno-no-coracao-do-nosso-centenario\/#primaryimage","url":"https:\/\/redeicm.org.br\/domfeliciano\/wp-content\/uploads\/sites\/10\/2026\/04\/festacaauditorio38.jpg","contentUrl":"https:\/\/redeicm.org.br\/domfeliciano\/wp-content\/uploads\/sites\/10\/2026\/04\/festacaauditorio38.jpg","width":1223,"height":800},{"@type":"BreadcrumbList","@id":"https:\/\/redeicm.org.br\/domfeliciano\/100-anos-de-historias-a-magia-da-festa-do-caderno-no-coracao-do-nosso-centenario\/#breadcrumb","itemListElement":[{"@type":"ListItem","position":1,"name":"In\u00edcio","item":"https:\/\/redeicm.org.br\/domfeliciano\/"},{"@type":"ListItem","position":2,"name":"100 ANOS DE HIST\u00d3RIAS: A MAGIA DA FESTA DO CADERNO NO CORA\u00c7\u00c3O DO NOSSO CENTEN\u00c1RIO"}]},{"@type":"WebSite","@id":"https:\/\/redeicm.org.br\/domfeliciano\/#website","url":"https:\/\/redeicm.org.br\/domfeliciano\/","name":"Col\u00e9gio Dom Feliciano | Rede ICM de educa\u00e7\u00e3o","description":"","publisher":{"@id":"https:\/\/redeicm.org.br\/domfeliciano\/#organization"},"potentialAction":[{"@type":"SearchAction","target":{"@type":"EntryPoint","urlTemplate":"https:\/\/redeicm.org.br\/domfeliciano\/?s={search_term_string}"},"query-input":{"@type":"PropertyValueSpecification","valueRequired":true,"valueName":"search_term_string"}}],"inLanguage":"pt-BR"},{"@type":"Organization","@id":"https:\/\/redeicm.org.br\/domfeliciano\/#organization","name":"Col\u00e9gio Dom Feliciano | Rede ICM de educa\u00e7\u00e3o","url":"https:\/\/redeicm.org.br\/domfeliciano\/","logo":{"@type":"ImageObject","inLanguage":"pt-BR","@id":"https:\/\/redeicm.org.br\/domfeliciano\/#\/schema\/logo\/image\/","url":"https:\/\/redeicm.org.br\/domfeliciano\/wp-content\/uploads\/sites\/10\/2024\/08\/Logo-ColegioDomFeliciano-100Anos.png","contentUrl":"https:\/\/redeicm.org.br\/domfeliciano\/wp-content\/uploads\/sites\/10\/2024\/08\/Logo-ColegioDomFeliciano-100Anos.png","width":950,"height":228,"caption":"Col\u00e9gio Dom Feliciano | Rede ICM de educa\u00e7\u00e3o"},"image":{"@id":"https:\/\/redeicm.org.br\/domfeliciano\/#\/schema\/logo\/image\/"}},{"@type":"Person","@id":"https:\/\/redeicm.org.br\/domfeliciano\/#\/schema\/person\/c18a14ffec6622f7b618f4f5b0969286","name":"anacristina","image":{"@type":"ImageObject","inLanguage":"pt-BR","@id":"https:\/\/redeicm.org.br\/domfeliciano\/#\/schema\/person\/image\/","url":"https:\/\/secure.gravatar.com\/avatar\/79da9da3f65740bbde71f2d54ccd4ea132725f3b569ee997ccc37678f8c77fd8?s=96&d=mm&r=g","contentUrl":"https:\/\/secure.gravatar.com\/avatar\/79da9da3f65740bbde71f2d54ccd4ea132725f3b569ee997ccc37678f8c77fd8?s=96&d=mm&r=g","caption":"anacristina"},"url":"https:\/\/redeicm.org.br\/domfeliciano\/author\/anacristina\/"}]}},"_links":{"self":[{"href":"https:\/\/redeicm.org.br\/domfeliciano\/wp-json\/wp\/v2\/posts\/5706","targetHints":{"allow":["GET"]}}],"collection":[{"href":"https:\/\/redeicm.org.br\/domfeliciano\/wp-json\/wp\/v2\/posts"}],"about":[{"href":"https:\/\/redeicm.org.br\/domfeliciano\/wp-json\/wp\/v2\/types\/post"}],"author":[{"embeddable":true,"href":"https:\/\/redeicm.org.br\/domfeliciano\/wp-json\/wp\/v2\/users\/5"}],"replies":[{"embeddable":true,"href":"https:\/\/redeicm.org.br\/domfeliciano\/wp-json\/wp\/v2\/comments?post=5706"}],"version-history":[{"count":1,"href":"https:\/\/redeicm.org.br\/domfeliciano\/wp-json\/wp\/v2\/posts\/5706\/revisions"}],"predecessor-version":[{"id":5708,"href":"https:\/\/redeicm.org.br\/domfeliciano\/wp-json\/wp\/v2\/posts\/5706\/revisions\/5708"}],"wp:featuredmedia":[{"embeddable":true,"href":"https:\/\/redeicm.org.br\/domfeliciano\/wp-json\/wp\/v2\/media\/5710"}],"wp:attachment":[{"href":"https:\/\/redeicm.org.br\/domfeliciano\/wp-json\/wp\/v2\/media?parent=5706"}],"wp:term":[{"taxonomy":"category","embeddable":true,"href":"https:\/\/redeicm.org.br\/domfeliciano\/wp-json\/wp\/v2\/categories?post=5706"},{"taxonomy":"post_tag","embeddable":true,"href":"https:\/\/redeicm.org.br\/domfeliciano\/wp-json\/wp\/v2\/tags?post=5706"}],"curies":[{"name":"wp","href":"https:\/\/api.w.org\/{rel}","templated":true}]}}