{"id":5699,"date":"2026-04-24T11:55:38","date_gmt":"2026-04-24T14:55:38","guid":{"rendered":"https:\/\/redeicm.org.br\/domfeliciano\/?p=5699"},"modified":"2026-04-24T11:58:00","modified_gmt":"2026-04-24T14:58:00","slug":"world-book-day-alunos-do-colegio-dom-feliciano-dao-vida-a-literatura-em-celebracao-bilingue","status":"publish","type":"post","link":"https:\/\/redeicm.org.br\/domfeliciano\/world-book-day-alunos-do-colegio-dom-feliciano-dao-vida-a-literatura-em-celebracao-bilingue\/","title":{"rendered":"WORLD BOOK DAY: ALUNOS DO COL\u00c9GIO DOM FELICIANO D\u00c3O VIDA \u00c0 LITERATURA EM CELEBRA\u00c7\u00c3O BIL\u00cdNGUE"},"content":{"rendered":"<article class=\"text-token-text-primary w-full focus:outline-none [--shadow-height:45px] has-data-writing-block:pointer-events-none has-data-writing-block:-mt-(--shadow-height) has-data-writing-block:pt-(--shadow-height) [&amp;:has([data-writing-block])&gt;*]:pointer-events-auto scroll-mt-(--header-height)\" dir=\"auto\" style=\"color: #000000;font-style: normal;font-weight: 400;letter-spacing: normal;text-align: start;text-indent: 0px;text-transform: none;text-decoration: none\" data-turn-id=\"c38e9363-1b7f-47db-8555-e157f05c95cf\" data-testid=\"conversation-turn-5\" data-scroll-anchor=\"false\" data-turn=\"user\">\n<div class=\"text-base my-auto mx-auto pt-12 [--thread-content-margin:--spacing(4)] thread-sm:[--thread-content-margin:--spacing(6)] thread-lg:[--thread-content-margin:--spacing(16)] px-(--thread-content-margin)\">\n<div class=\"[--thread-content-max-width:40rem] thread-lg:[--thread-content-max-width:48rem] mx-auto max-w-(--thread-content-max-width) flex-1 group\/turn-messages focus-visible:outline-hidden relative flex w-full min-w-0 flex-col\">\n<div class=\"flex max-w-full flex-col grow\">\n<div class=\"min-h-8 text-message relative flex w-full flex-col items-end gap-2 text-start break-words whitespace-normal [.text-message+&amp;]:mt-1\" dir=\"auto\" data-message-author-role=\"user\" data-message-id=\"c38e9363-1b7f-47db-8555-e157f05c95cf\">\n<div class=\"flex w-full flex-col gap-1 empty:hidden items-end rtl:items-start\">\n<article class=\"text-token-text-primary w-full focus:outline-none [--shadow-height:45px] has-data-writing-block:pointer-events-none has-data-writing-block:-mt-(--shadow-height) has-data-writing-block:pt-(--shadow-height) [&amp;:has([data-writing-block])&gt;*]:pointer-events-auto scroll-mt-(--header-height)\" dir=\"auto\" style=\"color: #000000;font-style: normal;font-weight: 400;letter-spacing: normal;text-align: start;text-indent: 0px;text-transform: none;text-decoration: none\" data-turn-id=\"c4477b61-2e44-4a74-9bfb-eeceecc3448e\" data-testid=\"conversation-turn-3\" data-scroll-anchor=\"false\" data-turn=\"user\">\n<div class=\"text-base my-auto mx-auto pt-12 [--thread-content-margin:--spacing(4)] @w-sm\/main:[--thread-content-margin:--spacing(6)] @w-lg\/main:[--thread-content-margin:--spacing(16)] px-(--thread-content-margin)\">\n<div class=\"[--thread-content-max-width:40rem] @w-lg\/main:[--thread-content-max-width:48rem] mx-auto max-w-(--thread-content-max-width) flex-1 group\/turn-messages focus-visible:outline-hidden relative flex w-full min-w-0 flex-col\">\n<div class=\"flex max-w-full flex-col grow\">\n<div class=\"min-h-8 text-message relative flex w-full flex-col items-end gap-2 text-start break-words whitespace-normal [.text-message+&amp;]:mt-1\" dir=\"auto\" data-message-author-role=\"user\" data-message-id=\"c4477b61-2e44-4a74-9bfb-eeceecc3448e\">\n<div class=\"flex w-full flex-col gap-1 empty:hidden items-end rtl:items-start\">\n<div class=\"user-message-bubble-color corner-superellipse\/1.1 relative rounded-[18px] px-4 py-1.5 data-[multiline]:py-3 max-w-[var(--user-chat-width,70%)]\" data-multiline=\"\">\n<div class=\"whitespace-pre-wrap\">\n<p data-path-to-node=\"2\">O p\u00e1tio do Col\u00e9gio Dom Feliciano transformou-se em um verdadeiro cen\u00e1rio liter\u00e1rio nesta \u00faltima quinta-feira, 23 de abril. Em celebra\u00e7\u00e3o ao <b data-path-to-node=\"2\" data-index-in-node=\"140\">World Book Day<\/b> (Dia Internacional do Livro), a equipe do <b data-path-to-node=\"2\" data-index-in-node=\"197\">Dom Bil\u00edngue<\/b> promoveu uma imers\u00e3o cultural que envolveu estudantes do N\u00edvel 4 da Educa\u00e7\u00e3o Infantil ao 5\u00ba ano do Ensino Fundamental.<\/p>\n<p data-path-to-node=\"3\">O projeto teve como objetivo principal incentivar o gosto pela leitura e promover a valoriza\u00e7\u00e3o da literatura internacional. Durante o evento, os alunos aceitaram o desafio de escolher um personagem de seu livro favorito e comparecer \u00e0 escola caracterizados. Mais do que uma brincadeira, o momento foi uma oportunidade para que os estudantes compartilhassem informa\u00e7\u00f5es sobre as obras, exercitassem a oralidade e apresentassem aos colegas os motivos de suas escolhas liter\u00e1rias.<\/p>\n<h3 data-path-to-node=\"4\"><b data-path-to-node=\"4\" data-index-in-node=\"0\">Integra\u00e7\u00e3o e Apoio Liter\u00e1rio<\/b><\/h3>\n<p data-path-to-node=\"5\">A celebra\u00e7\u00e3o n\u00e3o ficou restrita apenas ao dia 23. Antecipando o evento, a equipe da <b data-path-to-node=\"5\" data-index-in-node=\"84\">Biblioteca<\/b> do Col\u00e9gio realizou uma semana repleta de atividades especiais. O objetivo foi estreitar o v\u00ednculo dos pequenos com o acervo institucional e fortalecer o h\u00e1bito da leitura como uma ferramenta fundamental para o desenvolvimento intelectual, emocional e social.<\/p>\n<p data-path-to-node=\"6\">Atrav\u00e9s dessa integra\u00e7\u00e3o entre o programa Bil\u00edngue e a Biblioteca, os alunos puderam ampliar seu repert\u00f3rio cultural de forma l\u00fadica, unindo o aprendizado da l\u00edngua inglesa ao prazer de descobrir novas hist\u00f3rias.<\/p>\n<h3 data-path-to-node=\"7\"><b data-path-to-node=\"7\" data-index-in-node=\"0\">Uma visita especial<\/b><\/h3>\n<p data-path-to-node=\"8\">Para completar o clima de magia, o mascote oficial do col\u00e9gio, o <b data-path-to-node=\"8\" data-index-in-node=\"65\">Donfinha<\/b>, tamb\u00e9m participou da celebra\u00e7\u00e3o. Caracterizado como o <b data-path-to-node=\"8\" data-index-in-node=\"129\">Pequeno Pr\u00edncipe<\/b> \u2014 um dos personagens mais ic\u00f4nicos da literatura mundial \u2014 ele interagiu com as turmas, refor\u00e7ando a mensagem de que a imagina\u00e7\u00e3o \u00e9 o melhor caminho para o conhecimento.<\/p>\n<p data-path-to-node=\"9\">Celebrar o World Book Day no ano do centen\u00e1rio refor\u00e7a o compromisso do Col\u00e9gio Dom Feliciano em formar cidad\u00e3os leitores, criativos e conectados com a cultura global.<\/p>\n<hr data-path-to-node=\"10\" \/>\n<p data-path-to-node=\"11\"><b data-path-to-node=\"11\" data-index-in-node=\"0\">Confira abaixo a galeria de fotos deste dia especial:<\/b><\/p>\n<\/div>\n<\/div>\n<\/div>\n<\/div>\n<\/div>\n<\/div>\n<\/div>\n<\/article>\n<div id='wpcp-1e2ac9ac601841e7f11976f2a4dc0d4a' class='wpcp-container'><div id='UseyourDrive' class=' gallery  wpcp-has-scroll-to-top' data-module-id='wpcp-1e2ac9ac601841e7f11976f2a4dc0d4a' style='display:none'><noscript><div class='UseyourDrive-nojsmessage'>Para visualizar este conte\u00fado, voc\u00ea precisa ter o JavaScript habilitado em seu navegador.<br\/><a href='http:\/\/www.enable-javascript.com\/' target='_blank'>Para fazer isso, siga estas instru\u00e7\u00f5es<\/a>.<\/div><\/noscript><div class='wpcp-module UseyourDrive wpcp-gallery jsdisabled'  id='UseyourDrive-1e2ac9ac601841e7f11976f2a4dc0d4a' data-token='1e2ac9ac601841e7f11976f2a4dc0d4a' data-account-id='116350526514652382578' data-id='' data-org-id='' data-path='bnVsbA==' data-org-path='bnVsbA==' data-source='888b16609985437bff6ffae3f4cc9332' data-sort='name:asc' data-list='gallery' data-query='' data-lightboxnav='1' data-lightboxthumbs='1' data-lightboxopen='0' data-targetheight='300' data-slideshow='0' data-pausetime='5000' data-showfilenames='0'><div class=\"wpcp-browser-container wpcp-browser-tree--init wpcp-no-tree wpcp-browser--init\" style=\"width:100%;max-width:100%;\">\r\n    <div class=\"wpcp-browser-container-tree\" data-show-tree='0'>\r\n        <div class=\"nav-header\">\r\n            <a class=\"nav-tree-toggle entry-info-button\" tabindex=\"0\" title=\"Exibir \u00e1rvore de pastas\">\r\n                <i class=\"eva eva-arrowhead-left-outline\"><\/i>\r\n            <\/a>\r\n        <\/div>\r\n        <div class=\"wpcp-browser-tree\"><\/div>\r\n    <\/div>\r\n    <div class=\"wpcp-browser-container-content\">\r\n        <div class=\"nav-header nav-header-has-breadcrumb nav-header-onhover\">            <a class=\"nav-home entry-info-button\" title=\"Volte para a pasta inicial\" tabindex=\"0\">\r\n                <i class=\"eva eva-home-outline\"><\/i>\r\n            <\/a>\r\n            <div class=\"nav-title\">Carregando...<\/div>\r\n                        <a class=\"nav-search entry-info-button\" tabindex=\"0\">\r\n                <i class=\"eva eva-search\"><\/i>\r\n            <\/a>\r\n\r\n            <div class=\"tippy-content-holder search-wrapper\">\r\n                <a class=\"search-icon search-submit\" href=\"javascript:;\"><i class=\"eva eva-search\"><\/i><\/a>\r\n                <input class=\"search-input\" name=\"q\" type=\"search\" autocomplete=\"off\" size=\"40\" aria-label=\"Pesquisar\" placeholder=\"Procurar arquivos\" \/>\r\n                <a class=\"search-remove\" href=\"javascript:;\" title=\"Limpar\"><i class=\"eva eva-close\"><\/i><\/a>\r\n            <\/div>\r\n            \r\n            <a class=\"nav-sort entry-info-button\" title=\"Op\u00e7\u00f5es de classifica\u00e7\u00e3o\">\r\n                <i class=\"eva eva-options\"><\/i>\r\n            <\/a>\r\n            <div class=\"tippy-content-holder sort-div\">\r\n                <ul class='nav-sorting-list'>\r\n                    <li><a class=\"nav-sorting-field nav-name sort-selected\" data-field=\"name\" title=\"Nome\">\r\n                            Nome                        <\/a>\r\n                    <\/li>\r\n                    <li><a class=\"nav-sorting-field nav-size \" data-field=\"size\" title=\"Tamanho\">\r\n                            Tamanho                        <\/a>\r\n                    <\/li>\r\n                    <li><a class=\"nav-sorting-field nav-modified \" data-field=\"modified\" title=\"Modificado\">\r\n                            Modificado                        <\/a>\r\n                    <\/li>\r\n                    <li><a class=\"nav-sorting-field nav-created \" data-field=\"created\" title=\"Data de cria\u00e7\u00e3o\">\r\n                            Data de cria\u00e7\u00e3o                        <\/a>\r\n                    <\/li>\r\n                    <li class=\"list-separator\">&nbsp;<\/li>\r\n                    <li><a class=\"nav-sorting-order nav-asc sort-selected\" data-order=\"asc\" title=\"Ascendente\">\r\n                            Ascendente                        <\/a>\r\n                    <\/li>\r\n                    <li><a class=\"nav-sorting-order nav-desc \" data-order=\"desc\" title=\"Descendente\">\r\n                            Descendente                        <\/a>\r\n                    <\/li>\r\n                <\/ul>\r\n            <\/div>\r\n\r\n            <a class=\"nav-gear entry-info-button\" title=\"Mais a\u00e7\u00f5es\">\r\n                <i class=\"eva eva-more-vertical-outline\"><\/i>\r\n            <\/a>\r\n            <div class=\"tippy-content-holder gear-div\" data-token=\"1e2ac9ac601841e7f11976f2a4dc0d4a\">\r\n                <ul>\r\n                                        <li class='gear-menu-no-options' style=\"display: none\"><a><i class='eva eva-info-outline eva-lg'><\/i>Sem op\u00e7\u00f5es...<\/a><\/li>\r\n                <\/ul>\r\n            <\/div>\r\n                        <a class=\"nav-refresh entry-info-button\" title=\"Atualizar\">\r\n                <i class=\"eva eva-sync\"><\/i>\r\n            <\/a>\r\n                    <\/div>        <div class=\"wpcp-container-content\">\r\n            <div class=\"loading initialize\">                <svg class=\"loader-spinner\" viewBox=\"25 25 50 50\">\r\n                    <circle class=\"path\" cx=\"50\" cy=\"50\" r=\"20\" fill=\"none\" stroke-width=\"3\" stroke-miterlimit=\"10\"><\/circle>\r\n                <\/svg>\r\n                            <\/div>\r\n            <div class=\"ajax-filelist\" style=\"\">\r\n                <div class='images image-collage'>\r\n                    \r\n<div class=\"image-container entry\">\r\n    <a>\r\n        <img fetchpriority=\"high\" decoding=\"async\" class=\"skeleton skeleton-gallery-img\" alt=\"\" src=\"data:image\/png;base64,iVBORw0KGgoAAAANSUhEUgAAAAEAAAABCAYAAAAfFcSJAAAAC0lEQVQYV2NgAAIAAAUAAarVyFEAAAAASUVORK5CYII=\" width=\"169\" height=\"300\" style=\"width:169px !important;height:300px !important; \">\r\n    <\/a>\r\n<\/div>\r\n\r\n<div class=\"image-container entry\">\r\n    <a>\r\n        <img fetchpriority=\"high\" decoding=\"async\" class=\"skeleton skeleton-gallery-img\" alt=\"\" src=\"data:image\/png;base64,iVBORw0KGgoAAAANSUhEUgAAAAEAAAABCAYAAAAfFcSJAAAAC0lEQVQYV2NgAAIAAAUAAarVyFEAAAAASUVORK5CYII=\" width=\"169\" height=\"300\" style=\"width:169px !important;height:300px !important; \">\r\n    <\/a>\r\n<\/div>\r\n\r\n<div class=\"image-container entry\">\r\n    <a>\r\n        <img decoding=\"async\" class=\"skeleton skeleton-gallery-img\" alt=\"\" src=\"data:image\/png;base64,iVBORw0KGgoAAAANSUhEUgAAAAEAAAABCAYAAAAfFcSJAAAAC0lEQVQYV2NgAAIAAAUAAarVyFEAAAAASUVORK5CYII=\" width=\"534\" height=\"300\" style=\"width:534px !important;height:300px !important; \">\r\n    <\/a>\r\n<\/div>\r\n\r\n<div class=\"image-container entry\">\r\n    <a>\r\n        <img decoding=\"async\" class=\"skeleton skeleton-gallery-img\" alt=\"\" src=\"data:image\/png;base64,iVBORw0KGgoAAAANSUhEUgAAAAEAAAABCAYAAAAfFcSJAAAAC0lEQVQYV2NgAAIAAAUAAarVyFEAAAAASUVORK5CYII=\" width=\"534\" height=\"300\" style=\"width:534px !important;height:300px !important; \">\r\n    <\/a>\r\n<\/div>\r\n\r\n<div class=\"image-container entry\">\r\n    <a>\r\n        <img decoding=\"async\" class=\"skeleton skeleton-gallery-img\" alt=\"\" src=\"data:image\/png;base64,iVBORw0KGgoAAAANSUhEUgAAAAEAAAABCAYAAAAfFcSJAAAAC0lEQVQYV2NgAAIAAAUAAarVyFEAAAAASUVORK5CYII=\" width=\"534\" height=\"300\" style=\"width:534px !important;height:300px !important; \">\r\n    <\/a>\r\n<\/div>\r\n                <\/div>\r\n            <\/div>\r\n\r\n            <div class=\"scroll-to-top\">\r\n                <button class=\"scroll-to-top-action button button-round-icon secondary button-round-icon-lg button-shadow-3\" type=\"button\" title=\"Rolar para o Topo\" aria-expanded=\"false\"><i class=\"eva eva-arrow-upward-outline eva-2x\"><\/i><\/button>\r\n                            <\/div>\r\n        <\/div>\r\n    <\/div>\r\n<\/div>\r\n<style>\r\n<\/style><\/div><\/div><div class='wpcp-module-script'><script type='text\/javascript'>if (typeof(jQuery) !== 'undefined' && typeof(jQuery.cp) !== 'undefined' && typeof(jQuery.cp.UseyourDrive) === 'function') { jQuery('#UseyourDrive-1e2ac9ac601841e7f11976f2a4dc0d4a').UseyourDrive(UseyourDrive_vars); };<\/script><\/div><\/div>\n<\/div>\n<\/div>\n<\/div>\n<\/div>\n<\/div>\n<\/article>\n<p>&nbsp;<\/p>\n<p>&nbsp;<\/p>\n","protected":false},"excerpt":{"rendered":"<p>O p\u00e1tio do Col\u00e9gio Dom Feliciano transformou-se em um verdadeiro cen\u00e1rio liter\u00e1rio nesta \u00faltima quinta-feira, 23 de abril. Em celebra\u00e7\u00e3o ao World Book Day (Dia Internacional do Livro), a equipe do Dom Bil\u00edngue promoveu uma imers\u00e3o cultural que envolveu estudantes do N\u00edvel 4 da Educa\u00e7\u00e3o Infantil ao 5\u00ba ano do Ensino Fundamental. O projeto teve [&hellip;]<\/p>\n","protected":false},"author":5,"featured_media":5702,"comment_status":"open","ping_status":"open","sticky":false,"template":"","format":"standard","meta":{"_acf_changed":false,"footnotes":""},"categories":[34,35,29,36,37,26,53,15,24,32,56,51],"tags":[68,59,69,20,21,64,61,70,63],"class_list":["post-5699","post","type-post","status-publish","format-standard","has-post-thumbnail","hentry","category-1o-ano","category-2o-ano","category-3o-ano","category-4o-ano","category-5o-ano","category-bilingue","category-blog","category-dom-feliciano","category-educacao-infantil","category-nivel-4","category-nivel-5","category-noticias","tag-100-anos","tag-acolhimento","tag-celebracao-eucaristica","tag-educacao","tag-gravatai","tag-melhor-escola","tag-meta","tag-missa","tag-rede-icm"],"acf":[],"yoast_head":"<!-- This site is optimized with the Yoast SEO plugin v26.3 - https:\/\/yoast.com\/wordpress\/plugins\/seo\/ -->\n<title>WORLD BOOK DAY: ALUNOS DO COL\u00c9GIO DOM FELICIANO D\u00c3O VIDA \u00c0 LITERATURA EM CELEBRA\u00c7\u00c3O BIL\u00cdNGUE - Col\u00e9gio Dom Feliciano | Rede ICM de educa\u00e7\u00e3o<\/title>\n<meta name=\"description\" content=\"Confira os destaques da Reuni\u00e3o Geral com os funcion\u00e1rios do Col\u00e9gio Dom Feliciano realizada em 28\/02\/2026. Em celebra\u00e7\u00e3o ao centen\u00e1rio, nossa equipe participou de momentos de alinhamento estrat\u00e9gico, reflex\u00e3o sobre a Campanha da Fraternidade, atualiza\u00e7\u00f5es da NR 1 e homenagens especiais. Saiba mais sobre o planejamento e a integra\u00e7\u00e3o da nossa &quot;morada&quot; educativa.\" \/>\n<meta name=\"robots\" content=\"index, follow, max-snippet:-1, max-image-preview:large, max-video-preview:-1\" \/>\n<link rel=\"canonical\" href=\"https:\/\/redeicm.org.br\/domfeliciano\/world-book-day-alunos-do-colegio-dom-feliciano-dao-vida-a-literatura-em-celebracao-bilingue\/\" \/>\n<meta property=\"og:locale\" content=\"pt_BR\" \/>\n<meta property=\"og:type\" content=\"article\" \/>\n<meta property=\"og:title\" content=\"WORLD BOOK DAY: ALUNOS DO COL\u00c9GIO DOM FELICIANO D\u00c3O VIDA \u00c0 LITERATURA EM CELEBRA\u00c7\u00c3O BIL\u00cdNGUE - Col\u00e9gio Dom Feliciano | Rede ICM de educa\u00e7\u00e3o\" \/>\n<meta property=\"og:description\" content=\"Confira os destaques da Reuni\u00e3o Geral com os funcion\u00e1rios do Col\u00e9gio Dom Feliciano realizada em 28\/02\/2026. Em celebra\u00e7\u00e3o ao centen\u00e1rio, nossa equipe participou de momentos de alinhamento estrat\u00e9gico, reflex\u00e3o sobre a Campanha da Fraternidade, atualiza\u00e7\u00f5es da NR 1 e homenagens especiais. Saiba mais sobre o planejamento e a integra\u00e7\u00e3o da nossa &quot;morada&quot; educativa.\" \/>\n<meta property=\"og:url\" content=\"https:\/\/redeicm.org.br\/domfeliciano\/world-book-day-alunos-do-colegio-dom-feliciano-dao-vida-a-literatura-em-celebracao-bilingue\/\" \/>\n<meta property=\"og:site_name\" content=\"Col\u00e9gio Dom Feliciano | Rede ICM de educa\u00e7\u00e3o\" \/>\n<meta property=\"article:published_time\" content=\"2026-04-24T14:55:38+00:00\" \/>\n<meta property=\"article:modified_time\" content=\"2026-04-24T14:58:00+00:00\" \/>\n<meta property=\"og:image\" content=\"https:\/\/redeicm.org.br\/domfeliciano\/wp-content\/uploads\/sites\/10\/2026\/04\/B02.jpg\" \/>\n\t<meta property=\"og:image:width\" content=\"1718\" \/>\n\t<meta property=\"og:image:height\" content=\"800\" \/>\n\t<meta property=\"og:image:type\" content=\"image\/jpeg\" \/>\n<meta name=\"author\" content=\"anacristina\" \/>\n<meta name=\"twitter:card\" content=\"summary_large_image\" \/>\n<meta name=\"twitter:label1\" content=\"Escrito por\" \/>\n\t<meta name=\"twitter:data1\" content=\"anacristina\" \/>\n\t<meta name=\"twitter:label2\" content=\"Est. tempo de leitura\" \/>\n\t<meta name=\"twitter:data2\" content=\"3 minutos\" \/>\n<script type=\"application\/ld+json\" class=\"yoast-schema-graph\">{\"@context\":\"https:\/\/schema.org\",\"@graph\":[{\"@type\":\"Article\",\"@id\":\"https:\/\/redeicm.org.br\/domfeliciano\/world-book-day-alunos-do-colegio-dom-feliciano-dao-vida-a-literatura-em-celebracao-bilingue\/#article\",\"isPartOf\":{\"@id\":\"https:\/\/redeicm.org.br\/domfeliciano\/world-book-day-alunos-do-colegio-dom-feliciano-dao-vida-a-literatura-em-celebracao-bilingue\/\"},\"author\":{\"name\":\"anacristina\",\"@id\":\"https:\/\/redeicm.org.br\/domfeliciano\/#\/schema\/person\/c18a14ffec6622f7b618f4f5b0969286\"},\"headline\":\"WORLD BOOK DAY: ALUNOS DO COL\u00c9GIO DOM FELICIANO D\u00c3O VIDA \u00c0 LITERATURA EM CELEBRA\u00c7\u00c3O BIL\u00cdNGUE\",\"datePublished\":\"2026-04-24T14:55:38+00:00\",\"dateModified\":\"2026-04-24T14:58:00+00:00\",\"mainEntityOfPage\":{\"@id\":\"https:\/\/redeicm.org.br\/domfeliciano\/world-book-day-alunos-do-colegio-dom-feliciano-dao-vida-a-literatura-em-celebracao-bilingue\/\"},\"wordCount\":354,\"commentCount\":0,\"publisher\":{\"@id\":\"https:\/\/redeicm.org.br\/domfeliciano\/#organization\"},\"image\":{\"@id\":\"https:\/\/redeicm.org.br\/domfeliciano\/world-book-day-alunos-do-colegio-dom-feliciano-dao-vida-a-literatura-em-celebracao-bilingue\/#primaryimage\"},\"thumbnailUrl\":\"https:\/\/redeicm.org.br\/domfeliciano\/wp-content\/uploads\/sites\/10\/2026\/04\/B02.jpg\",\"keywords\":[\"100 anos\",\"acolhimento\",\"Celebra\u00e7\u00e3o Eucar\u00edstica\",\"Educa\u00e7\u00e3o\",\"Gravata\u00ed\",\"Melhor Escola\",\"meta\",\"Missa\",\"Rede ICM\"],\"articleSection\":[\"1\u00ba Ano\",\"2\u00ba Ano\",\"3\u00ba Ano\",\"4\u00ba Ano\",\"5\u00ba Ano\",\"Bil\u00edngue\",\"Blog\",\"Dom Feliciano\",\"Educa\u00e7\u00e3o Infantil\",\"N\u00edvel 4\",\"N\u00edvel 5\",\"Not\u00edcias\"],\"inLanguage\":\"pt-BR\",\"potentialAction\":[{\"@type\":\"CommentAction\",\"name\":\"Comment\",\"target\":[\"https:\/\/redeicm.org.br\/domfeliciano\/world-book-day-alunos-do-colegio-dom-feliciano-dao-vida-a-literatura-em-celebracao-bilingue\/#respond\"]}]},{\"@type\":\"WebPage\",\"@id\":\"https:\/\/redeicm.org.br\/domfeliciano\/world-book-day-alunos-do-colegio-dom-feliciano-dao-vida-a-literatura-em-celebracao-bilingue\/\",\"url\":\"https:\/\/redeicm.org.br\/domfeliciano\/world-book-day-alunos-do-colegio-dom-feliciano-dao-vida-a-literatura-em-celebracao-bilingue\/\",\"name\":\"WORLD BOOK DAY: ALUNOS DO COL\u00c9GIO DOM FELICIANO D\u00c3O VIDA \u00c0 LITERATURA EM CELEBRA\u00c7\u00c3O BIL\u00cdNGUE - Col\u00e9gio Dom Feliciano | Rede ICM de educa\u00e7\u00e3o\",\"isPartOf\":{\"@id\":\"https:\/\/redeicm.org.br\/domfeliciano\/#website\"},\"primaryImageOfPage\":{\"@id\":\"https:\/\/redeicm.org.br\/domfeliciano\/world-book-day-alunos-do-colegio-dom-feliciano-dao-vida-a-literatura-em-celebracao-bilingue\/#primaryimage\"},\"image\":{\"@id\":\"https:\/\/redeicm.org.br\/domfeliciano\/world-book-day-alunos-do-colegio-dom-feliciano-dao-vida-a-literatura-em-celebracao-bilingue\/#primaryimage\"},\"thumbnailUrl\":\"https:\/\/redeicm.org.br\/domfeliciano\/wp-content\/uploads\/sites\/10\/2026\/04\/B02.jpg\",\"datePublished\":\"2026-04-24T14:55:38+00:00\",\"dateModified\":\"2026-04-24T14:58:00+00:00\",\"description\":\"Confira os destaques da Reuni\u00e3o Geral com os funcion\u00e1rios do Col\u00e9gio Dom Feliciano realizada em 28\/02\/2026. Em celebra\u00e7\u00e3o ao centen\u00e1rio, nossa equipe participou de momentos de alinhamento estrat\u00e9gico, reflex\u00e3o sobre a Campanha da Fraternidade, atualiza\u00e7\u00f5es da NR 1 e homenagens especiais. Saiba mais sobre o planejamento e a integra\u00e7\u00e3o da nossa \\\"morada\\\" educativa.\",\"breadcrumb\":{\"@id\":\"https:\/\/redeicm.org.br\/domfeliciano\/world-book-day-alunos-do-colegio-dom-feliciano-dao-vida-a-literatura-em-celebracao-bilingue\/#breadcrumb\"},\"inLanguage\":\"pt-BR\",\"potentialAction\":[{\"@type\":\"ReadAction\",\"target\":[\"https:\/\/redeicm.org.br\/domfeliciano\/world-book-day-alunos-do-colegio-dom-feliciano-dao-vida-a-literatura-em-celebracao-bilingue\/\"]}]},{\"@type\":\"ImageObject\",\"inLanguage\":\"pt-BR\",\"@id\":\"https:\/\/redeicm.org.br\/domfeliciano\/world-book-day-alunos-do-colegio-dom-feliciano-dao-vida-a-literatura-em-celebracao-bilingue\/#primaryimage\",\"url\":\"https:\/\/redeicm.org.br\/domfeliciano\/wp-content\/uploads\/sites\/10\/2026\/04\/B02.jpg\",\"contentUrl\":\"https:\/\/redeicm.org.br\/domfeliciano\/wp-content\/uploads\/sites\/10\/2026\/04\/B02.jpg\",\"width\":1718,\"height\":800},{\"@type\":\"BreadcrumbList\",\"@id\":\"https:\/\/redeicm.org.br\/domfeliciano\/world-book-day-alunos-do-colegio-dom-feliciano-dao-vida-a-literatura-em-celebracao-bilingue\/#breadcrumb\",\"itemListElement\":[{\"@type\":\"ListItem\",\"position\":1,\"name\":\"In\u00edcio\",\"item\":\"https:\/\/redeicm.org.br\/domfeliciano\/\"},{\"@type\":\"ListItem\",\"position\":2,\"name\":\"WORLD BOOK DAY: ALUNOS DO COL\u00c9GIO DOM FELICIANO D\u00c3O VIDA \u00c0 LITERATURA EM CELEBRA\u00c7\u00c3O BIL\u00cdNGUE\"}]},{\"@type\":\"WebSite\",\"@id\":\"https:\/\/redeicm.org.br\/domfeliciano\/#website\",\"url\":\"https:\/\/redeicm.org.br\/domfeliciano\/\",\"name\":\"Col\u00e9gio Dom Feliciano | Rede ICM de educa\u00e7\u00e3o\",\"description\":\"\",\"publisher\":{\"@id\":\"https:\/\/redeicm.org.br\/domfeliciano\/#organization\"},\"potentialAction\":[{\"@type\":\"SearchAction\",\"target\":{\"@type\":\"EntryPoint\",\"urlTemplate\":\"https:\/\/redeicm.org.br\/domfeliciano\/?s={search_term_string}\"},\"query-input\":{\"@type\":\"PropertyValueSpecification\",\"valueRequired\":true,\"valueName\":\"search_term_string\"}}],\"inLanguage\":\"pt-BR\"},{\"@type\":\"Organization\",\"@id\":\"https:\/\/redeicm.org.br\/domfeliciano\/#organization\",\"name\":\"Col\u00e9gio Dom Feliciano | Rede ICM de educa\u00e7\u00e3o\",\"url\":\"https:\/\/redeicm.org.br\/domfeliciano\/\",\"logo\":{\"@type\":\"ImageObject\",\"inLanguage\":\"pt-BR\",\"@id\":\"https:\/\/redeicm.org.br\/domfeliciano\/#\/schema\/logo\/image\/\",\"url\":\"https:\/\/redeicm.org.br\/domfeliciano\/wp-content\/uploads\/sites\/10\/2024\/08\/Logo-ColegioDomFeliciano-100Anos.png\",\"contentUrl\":\"https:\/\/redeicm.org.br\/domfeliciano\/wp-content\/uploads\/sites\/10\/2024\/08\/Logo-ColegioDomFeliciano-100Anos.png\",\"width\":950,\"height\":228,\"caption\":\"Col\u00e9gio Dom Feliciano | Rede ICM de educa\u00e7\u00e3o\"},\"image\":{\"@id\":\"https:\/\/redeicm.org.br\/domfeliciano\/#\/schema\/logo\/image\/\"}},{\"@type\":\"Person\",\"@id\":\"https:\/\/redeicm.org.br\/domfeliciano\/#\/schema\/person\/c18a14ffec6622f7b618f4f5b0969286\",\"name\":\"anacristina\",\"image\":{\"@type\":\"ImageObject\",\"inLanguage\":\"pt-BR\",\"@id\":\"https:\/\/redeicm.org.br\/domfeliciano\/#\/schema\/person\/image\/\",\"url\":\"https:\/\/secure.gravatar.com\/avatar\/79da9da3f65740bbde71f2d54ccd4ea132725f3b569ee997ccc37678f8c77fd8?s=96&d=mm&r=g\",\"contentUrl\":\"https:\/\/secure.gravatar.com\/avatar\/79da9da3f65740bbde71f2d54ccd4ea132725f3b569ee997ccc37678f8c77fd8?s=96&d=mm&r=g\",\"caption\":\"anacristina\"},\"url\":\"https:\/\/redeicm.org.br\/domfeliciano\/author\/anacristina\/\"}]}<\/script>\n<!-- \/ Yoast SEO plugin. -->","yoast_head_json":{"title":"WORLD BOOK DAY: ALUNOS DO COL\u00c9GIO DOM FELICIANO D\u00c3O VIDA \u00c0 LITERATURA EM CELEBRA\u00c7\u00c3O BIL\u00cdNGUE - Col\u00e9gio Dom Feliciano | Rede ICM de educa\u00e7\u00e3o","description":"Confira os destaques da Reuni\u00e3o Geral com os funcion\u00e1rios do Col\u00e9gio Dom Feliciano realizada em 28\/02\/2026. Em celebra\u00e7\u00e3o ao centen\u00e1rio, nossa equipe participou de momentos de alinhamento estrat\u00e9gico, reflex\u00e3o sobre a Campanha da Fraternidade, atualiza\u00e7\u00f5es da NR 1 e homenagens especiais. Saiba mais sobre o planejamento e a integra\u00e7\u00e3o da nossa \"morada\" educativa.","robots":{"index":"index","follow":"follow","max-snippet":"max-snippet:-1","max-image-preview":"max-image-preview:large","max-video-preview":"max-video-preview:-1"},"canonical":"https:\/\/redeicm.org.br\/domfeliciano\/world-book-day-alunos-do-colegio-dom-feliciano-dao-vida-a-literatura-em-celebracao-bilingue\/","og_locale":"pt_BR","og_type":"article","og_title":"WORLD BOOK DAY: ALUNOS DO COL\u00c9GIO DOM FELICIANO D\u00c3O VIDA \u00c0 LITERATURA EM CELEBRA\u00c7\u00c3O BIL\u00cdNGUE - Col\u00e9gio Dom Feliciano | Rede ICM de educa\u00e7\u00e3o","og_description":"Confira os destaques da Reuni\u00e3o Geral com os funcion\u00e1rios do Col\u00e9gio Dom Feliciano realizada em 28\/02\/2026. Em celebra\u00e7\u00e3o ao centen\u00e1rio, nossa equipe participou de momentos de alinhamento estrat\u00e9gico, reflex\u00e3o sobre a Campanha da Fraternidade, atualiza\u00e7\u00f5es da NR 1 e homenagens especiais. Saiba mais sobre o planejamento e a integra\u00e7\u00e3o da nossa \"morada\" educativa.","og_url":"https:\/\/redeicm.org.br\/domfeliciano\/world-book-day-alunos-do-colegio-dom-feliciano-dao-vida-a-literatura-em-celebracao-bilingue\/","og_site_name":"Col\u00e9gio Dom Feliciano | Rede ICM de educa\u00e7\u00e3o","article_published_time":"2026-04-24T14:55:38+00:00","article_modified_time":"2026-04-24T14:58:00+00:00","og_image":[{"width":1718,"height":800,"url":"https:\/\/redeicm.org.br\/domfeliciano\/wp-content\/uploads\/sites\/10\/2026\/04\/B02.jpg","type":"image\/jpeg"}],"author":"anacristina","twitter_card":"summary_large_image","twitter_misc":{"Escrito por":"anacristina","Est. tempo de leitura":"3 minutos"},"schema":{"@context":"https:\/\/schema.org","@graph":[{"@type":"Article","@id":"https:\/\/redeicm.org.br\/domfeliciano\/world-book-day-alunos-do-colegio-dom-feliciano-dao-vida-a-literatura-em-celebracao-bilingue\/#article","isPartOf":{"@id":"https:\/\/redeicm.org.br\/domfeliciano\/world-book-day-alunos-do-colegio-dom-feliciano-dao-vida-a-literatura-em-celebracao-bilingue\/"},"author":{"name":"anacristina","@id":"https:\/\/redeicm.org.br\/domfeliciano\/#\/schema\/person\/c18a14ffec6622f7b618f4f5b0969286"},"headline":"WORLD BOOK DAY: ALUNOS DO COL\u00c9GIO DOM FELICIANO D\u00c3O VIDA \u00c0 LITERATURA EM CELEBRA\u00c7\u00c3O BIL\u00cdNGUE","datePublished":"2026-04-24T14:55:38+00:00","dateModified":"2026-04-24T14:58:00+00:00","mainEntityOfPage":{"@id":"https:\/\/redeicm.org.br\/domfeliciano\/world-book-day-alunos-do-colegio-dom-feliciano-dao-vida-a-literatura-em-celebracao-bilingue\/"},"wordCount":354,"commentCount":0,"publisher":{"@id":"https:\/\/redeicm.org.br\/domfeliciano\/#organization"},"image":{"@id":"https:\/\/redeicm.org.br\/domfeliciano\/world-book-day-alunos-do-colegio-dom-feliciano-dao-vida-a-literatura-em-celebracao-bilingue\/#primaryimage"},"thumbnailUrl":"https:\/\/redeicm.org.br\/domfeliciano\/wp-content\/uploads\/sites\/10\/2026\/04\/B02.jpg","keywords":["100 anos","acolhimento","Celebra\u00e7\u00e3o Eucar\u00edstica","Educa\u00e7\u00e3o","Gravata\u00ed","Melhor Escola","meta","Missa","Rede ICM"],"articleSection":["1\u00ba Ano","2\u00ba Ano","3\u00ba Ano","4\u00ba Ano","5\u00ba Ano","Bil\u00edngue","Blog","Dom Feliciano","Educa\u00e7\u00e3o Infantil","N\u00edvel 4","N\u00edvel 5","Not\u00edcias"],"inLanguage":"pt-BR","potentialAction":[{"@type":"CommentAction","name":"Comment","target":["https:\/\/redeicm.org.br\/domfeliciano\/world-book-day-alunos-do-colegio-dom-feliciano-dao-vida-a-literatura-em-celebracao-bilingue\/#respond"]}]},{"@type":"WebPage","@id":"https:\/\/redeicm.org.br\/domfeliciano\/world-book-day-alunos-do-colegio-dom-feliciano-dao-vida-a-literatura-em-celebracao-bilingue\/","url":"https:\/\/redeicm.org.br\/domfeliciano\/world-book-day-alunos-do-colegio-dom-feliciano-dao-vida-a-literatura-em-celebracao-bilingue\/","name":"WORLD BOOK DAY: ALUNOS DO COL\u00c9GIO DOM FELICIANO D\u00c3O VIDA \u00c0 LITERATURA EM CELEBRA\u00c7\u00c3O BIL\u00cdNGUE - Col\u00e9gio Dom Feliciano | Rede ICM de educa\u00e7\u00e3o","isPartOf":{"@id":"https:\/\/redeicm.org.br\/domfeliciano\/#website"},"primaryImageOfPage":{"@id":"https:\/\/redeicm.org.br\/domfeliciano\/world-book-day-alunos-do-colegio-dom-feliciano-dao-vida-a-literatura-em-celebracao-bilingue\/#primaryimage"},"image":{"@id":"https:\/\/redeicm.org.br\/domfeliciano\/world-book-day-alunos-do-colegio-dom-feliciano-dao-vida-a-literatura-em-celebracao-bilingue\/#primaryimage"},"thumbnailUrl":"https:\/\/redeicm.org.br\/domfeliciano\/wp-content\/uploads\/sites\/10\/2026\/04\/B02.jpg","datePublished":"2026-04-24T14:55:38+00:00","dateModified":"2026-04-24T14:58:00+00:00","description":"Confira os destaques da Reuni\u00e3o Geral com os funcion\u00e1rios do Col\u00e9gio Dom Feliciano realizada em 28\/02\/2026. Em celebra\u00e7\u00e3o ao centen\u00e1rio, nossa equipe participou de momentos de alinhamento estrat\u00e9gico, reflex\u00e3o sobre a Campanha da Fraternidade, atualiza\u00e7\u00f5es da NR 1 e homenagens especiais. Saiba mais sobre o planejamento e a integra\u00e7\u00e3o da nossa \"morada\" educativa.","breadcrumb":{"@id":"https:\/\/redeicm.org.br\/domfeliciano\/world-book-day-alunos-do-colegio-dom-feliciano-dao-vida-a-literatura-em-celebracao-bilingue\/#breadcrumb"},"inLanguage":"pt-BR","potentialAction":[{"@type":"ReadAction","target":["https:\/\/redeicm.org.br\/domfeliciano\/world-book-day-alunos-do-colegio-dom-feliciano-dao-vida-a-literatura-em-celebracao-bilingue\/"]}]},{"@type":"ImageObject","inLanguage":"pt-BR","@id":"https:\/\/redeicm.org.br\/domfeliciano\/world-book-day-alunos-do-colegio-dom-feliciano-dao-vida-a-literatura-em-celebracao-bilingue\/#primaryimage","url":"https:\/\/redeicm.org.br\/domfeliciano\/wp-content\/uploads\/sites\/10\/2026\/04\/B02.jpg","contentUrl":"https:\/\/redeicm.org.br\/domfeliciano\/wp-content\/uploads\/sites\/10\/2026\/04\/B02.jpg","width":1718,"height":800},{"@type":"BreadcrumbList","@id":"https:\/\/redeicm.org.br\/domfeliciano\/world-book-day-alunos-do-colegio-dom-feliciano-dao-vida-a-literatura-em-celebracao-bilingue\/#breadcrumb","itemListElement":[{"@type":"ListItem","position":1,"name":"In\u00edcio","item":"https:\/\/redeicm.org.br\/domfeliciano\/"},{"@type":"ListItem","position":2,"name":"WORLD BOOK DAY: ALUNOS DO COL\u00c9GIO DOM FELICIANO D\u00c3O VIDA \u00c0 LITERATURA EM CELEBRA\u00c7\u00c3O BIL\u00cdNGUE"}]},{"@type":"WebSite","@id":"https:\/\/redeicm.org.br\/domfeliciano\/#website","url":"https:\/\/redeicm.org.br\/domfeliciano\/","name":"Col\u00e9gio Dom Feliciano | Rede ICM de educa\u00e7\u00e3o","description":"","publisher":{"@id":"https:\/\/redeicm.org.br\/domfeliciano\/#organization"},"potentialAction":[{"@type":"SearchAction","target":{"@type":"EntryPoint","urlTemplate":"https:\/\/redeicm.org.br\/domfeliciano\/?s={search_term_string}"},"query-input":{"@type":"PropertyValueSpecification","valueRequired":true,"valueName":"search_term_string"}}],"inLanguage":"pt-BR"},{"@type":"Organization","@id":"https:\/\/redeicm.org.br\/domfeliciano\/#organization","name":"Col\u00e9gio Dom Feliciano | Rede ICM de educa\u00e7\u00e3o","url":"https:\/\/redeicm.org.br\/domfeliciano\/","logo":{"@type":"ImageObject","inLanguage":"pt-BR","@id":"https:\/\/redeicm.org.br\/domfeliciano\/#\/schema\/logo\/image\/","url":"https:\/\/redeicm.org.br\/domfeliciano\/wp-content\/uploads\/sites\/10\/2024\/08\/Logo-ColegioDomFeliciano-100Anos.png","contentUrl":"https:\/\/redeicm.org.br\/domfeliciano\/wp-content\/uploads\/sites\/10\/2024\/08\/Logo-ColegioDomFeliciano-100Anos.png","width":950,"height":228,"caption":"Col\u00e9gio Dom Feliciano | Rede ICM de educa\u00e7\u00e3o"},"image":{"@id":"https:\/\/redeicm.org.br\/domfeliciano\/#\/schema\/logo\/image\/"}},{"@type":"Person","@id":"https:\/\/redeicm.org.br\/domfeliciano\/#\/schema\/person\/c18a14ffec6622f7b618f4f5b0969286","name":"anacristina","image":{"@type":"ImageObject","inLanguage":"pt-BR","@id":"https:\/\/redeicm.org.br\/domfeliciano\/#\/schema\/person\/image\/","url":"https:\/\/secure.gravatar.com\/avatar\/79da9da3f65740bbde71f2d54ccd4ea132725f3b569ee997ccc37678f8c77fd8?s=96&d=mm&r=g","contentUrl":"https:\/\/secure.gravatar.com\/avatar\/79da9da3f65740bbde71f2d54ccd4ea132725f3b569ee997ccc37678f8c77fd8?s=96&d=mm&r=g","caption":"anacristina"},"url":"https:\/\/redeicm.org.br\/domfeliciano\/author\/anacristina\/"}]}},"_links":{"self":[{"href":"https:\/\/redeicm.org.br\/domfeliciano\/wp-json\/wp\/v2\/posts\/5699","targetHints":{"allow":["GET"]}}],"collection":[{"href":"https:\/\/redeicm.org.br\/domfeliciano\/wp-json\/wp\/v2\/posts"}],"about":[{"href":"https:\/\/redeicm.org.br\/domfeliciano\/wp-json\/wp\/v2\/types\/post"}],"author":[{"embeddable":true,"href":"https:\/\/redeicm.org.br\/domfeliciano\/wp-json\/wp\/v2\/users\/5"}],"replies":[{"embeddable":true,"href":"https:\/\/redeicm.org.br\/domfeliciano\/wp-json\/wp\/v2\/comments?post=5699"}],"version-history":[{"count":1,"href":"https:\/\/redeicm.org.br\/domfeliciano\/wp-json\/wp\/v2\/posts\/5699\/revisions"}],"predecessor-version":[{"id":5701,"href":"https:\/\/redeicm.org.br\/domfeliciano\/wp-json\/wp\/v2\/posts\/5699\/revisions\/5701"}],"wp:featuredmedia":[{"embeddable":true,"href":"https:\/\/redeicm.org.br\/domfeliciano\/wp-json\/wp\/v2\/media\/5702"}],"wp:attachment":[{"href":"https:\/\/redeicm.org.br\/domfeliciano\/wp-json\/wp\/v2\/media?parent=5699"}],"wp:term":[{"taxonomy":"category","embeddable":true,"href":"https:\/\/redeicm.org.br\/domfeliciano\/wp-json\/wp\/v2\/categories?post=5699"},{"taxonomy":"post_tag","embeddable":true,"href":"https:\/\/redeicm.org.br\/domfeliciano\/wp-json\/wp\/v2\/tags?post=5699"}],"curies":[{"name":"wp","href":"https:\/\/api.w.org\/{rel}","templated":true}]}}