{"id":5211,"date":"2025-12-03T16:40:54","date_gmt":"2025-12-03T19:40:54","guid":{"rendered":"https:\/\/redeicm.org.br\/domfeliciano\/?p=5211"},"modified":"2025-12-03T17:42:17","modified_gmt":"2025-12-03T20:42:17","slug":"festa-das-cores-marca-a-esquentinha-da-formatura-do-nivel-5","status":"publish","type":"post","link":"https:\/\/redeicm.org.br\/domfeliciano\/festa-das-cores-marca-a-esquentinha-da-formatura-do-nivel-5\/","title":{"rendered":"FESTA DAS CORES MARCA A ESQUENTINHA DA FORMATURA DO N\u00cdVEL 5"},"content":{"rendered":"<article class=\"text-token-text-primary w-full focus:outline-none [--shadow-height:45px] has-data-writing-block:pointer-events-none has-data-writing-block:-mt-(--shadow-height) has-data-writing-block:pt-(--shadow-height) [&amp;:has([data-writing-block])&gt;*]:pointer-events-auto scroll-mt-(--header-height)\" dir=\"auto\" style=\"color: #000000;font-style: normal;font-weight: 400;letter-spacing: normal;text-align: start;text-indent: 0px;text-transform: none;text-decoration: none\" data-turn-id=\"c38e9363-1b7f-47db-8555-e157f05c95cf\" data-testid=\"conversation-turn-5\" data-scroll-anchor=\"false\" data-turn=\"user\">\n<div class=\"text-base my-auto mx-auto pt-12 [--thread-content-margin:--spacing(4)] thread-sm:[--thread-content-margin:--spacing(6)] thread-lg:[--thread-content-margin:--spacing(16)] px-(--thread-content-margin)\">\n<div class=\"[--thread-content-max-width:40rem] thread-lg:[--thread-content-max-width:48rem] mx-auto max-w-(--thread-content-max-width) flex-1 group\/turn-messages focus-visible:outline-hidden relative flex w-full min-w-0 flex-col\">\n<div class=\"flex max-w-full flex-col grow\">\n<div class=\"min-h-8 text-message relative flex w-full flex-col items-end gap-2 text-start break-words whitespace-normal [.text-message+&amp;]:mt-1\" dir=\"auto\" data-message-author-role=\"user\" data-message-id=\"c38e9363-1b7f-47db-8555-e157f05c95cf\">\n<div class=\"flex w-full flex-col gap-1 empty:hidden items-end rtl:items-start\">\n<p data-start=\"241\" data-end=\"549\">No dia <strong data-start=\"248\" data-end=\"266\">26 de novembro<\/strong>, os estudantes do <strong data-start=\"285\" data-end=\"317\">N\u00edvel 5 da Educa\u00e7\u00e3o Infantil<\/strong> participaram da tradicional <strong data-start=\"346\" data-end=\"365\">Festa das Cores<\/strong>, realizada na Vila Lourdes. O momento, cheio de alegria, descobertas e muita divers\u00e3o, marcou mais um passo significativo na caminhada das crian\u00e7as rumo \u00e0 t\u00e3o aguardada <strong data-start=\"535\" data-end=\"548\">formatura<\/strong>.<\/p>\n<p data-start=\"551\" data-end=\"818\">A atividade proporcionou aos pequenos uma experi\u00eancia vibrante e educativa, estimulando a intera\u00e7\u00e3o, a express\u00e3o e a viv\u00eancia coletiva por meio de cores, brincadeiras e movimentos. Cada sorriso e cada gesto de encantamento refor\u00e7aram o quanto essa etapa foi especial.<\/p>\n<p data-start=\"820\" data-end=\"1111\">\u00c0 medida que um ciclo se encerra, observamos o quanto nossos estudantes cresceram, aprenderam e se prepararam para novos desafios. A Festa das Cores simbolizou exatamente isso: o colorido da inf\u00e2ncia, a alegria de aprender e a emo\u00e7\u00e3o de ver nossos pequenos prontos para voar ainda mais alto.<\/p>\n<p data-start=\"1113\" data-end=\"1282\">O Col\u00e9gio Dom Feliciano segue comprometido em oferecer experi\u00eancias significativas que marcam a trajet\u00f3ria escolar e fortalecem v\u00ednculos entre fam\u00edlia, escola e crian\u00e7a.<\/p>\n<\/div>\n<\/div>\n<\/div>\n<\/div>\n<\/div>\n<\/article>\n<div id='wpcp-cc59c451f7825ba22711f81f9dd5ce8a' class='wpcp-container'><div id='UseyourDrive' class=' gallery  wpcp-has-scroll-to-top' data-module-id='wpcp-cc59c451f7825ba22711f81f9dd5ce8a' style='display:none'><noscript><div class='UseyourDrive-nojsmessage'>Para visualizar este conte\u00fado, voc\u00ea precisa ter o JavaScript habilitado em seu navegador.<br\/><a href='http:\/\/www.enable-javascript.com\/' target='_blank'>Para fazer isso, siga estas instru\u00e7\u00f5es<\/a>.<\/div><\/noscript><div class='wpcp-module UseyourDrive wpcp-gallery jsdisabled'  id='UseyourDrive-cc59c451f7825ba22711f81f9dd5ce8a' data-token='cc59c451f7825ba22711f81f9dd5ce8a' data-account-id='116350526514652382578' data-id='' data-org-id='' data-path='bnVsbA==' data-org-path='bnVsbA==' data-source='888b16609985437bff6ffae3f4cc9332' data-sort='name:asc' data-list='gallery' data-query='' data-lightboxnav='1' data-lightboxthumbs='1' data-lightboxopen='0' data-targetheight='300' data-slideshow='0' data-pausetime='5000' data-showfilenames='0'><div class=\"wpcp-browser-container wpcp-browser-tree--init wpcp-no-tree wpcp-browser--init\" style=\"width:100%;max-width:100%;\">\r\n    <div class=\"wpcp-browser-container-tree\" data-show-tree='0'>\r\n        <div class=\"nav-header\">\r\n            <a class=\"nav-tree-toggle entry-info-button\" tabindex=\"0\" title=\"Exibir \u00e1rvore de pastas\">\r\n                <i class=\"eva eva-arrowhead-left-outline\"><\/i>\r\n            <\/a>\r\n        <\/div>\r\n        <div class=\"wpcp-browser-tree\"><\/div>\r\n    <\/div>\r\n    <div class=\"wpcp-browser-container-content\">\r\n        <div class=\"nav-header nav-header-has-breadcrumb nav-header-onhover\">            <a class=\"nav-home entry-info-button\" title=\"Volte para a pasta inicial\" tabindex=\"0\">\r\n                <i class=\"eva eva-home-outline\"><\/i>\r\n            <\/a>\r\n            <div class=\"nav-title\">Carregando...<\/div>\r\n                        <a class=\"nav-search entry-info-button\" tabindex=\"0\">\r\n                <i class=\"eva eva-search\"><\/i>\r\n            <\/a>\r\n\r\n            <div class=\"tippy-content-holder search-wrapper\">\r\n                <a class=\"search-icon search-submit\" href=\"javascript:;\"><i class=\"eva eva-search\"><\/i><\/a>\r\n                <input class=\"search-input\" name=\"q\" type=\"search\" autocomplete=\"off\" size=\"40\" aria-label=\"Pesquisar\" placeholder=\"Procurar arquivos\" \/>\r\n                <a class=\"search-remove\" href=\"javascript:;\" title=\"Limpar\"><i class=\"eva eva-close\"><\/i><\/a>\r\n            <\/div>\r\n            \r\n            <a class=\"nav-sort entry-info-button\" title=\"Op\u00e7\u00f5es de classifica\u00e7\u00e3o\">\r\n                <i class=\"eva eva-options\"><\/i>\r\n            <\/a>\r\n            <div class=\"tippy-content-holder sort-div\">\r\n                <ul class='nav-sorting-list'>\r\n                    <li><a class=\"nav-sorting-field nav-name sort-selected\" data-field=\"name\" title=\"Nome\">\r\n                            Nome                        <\/a>\r\n                    <\/li>\r\n                    <li><a class=\"nav-sorting-field nav-size \" data-field=\"size\" title=\"Tamanho\">\r\n                            Tamanho                        <\/a>\r\n                    <\/li>\r\n                    <li><a class=\"nav-sorting-field nav-modified \" data-field=\"modified\" title=\"Modificado\">\r\n                            Modificado                        <\/a>\r\n                    <\/li>\r\n                    <li><a class=\"nav-sorting-field nav-created \" data-field=\"created\" title=\"Data de cria\u00e7\u00e3o\">\r\n                            Data de cria\u00e7\u00e3o                        <\/a>\r\n                    <\/li>\r\n                    <li class=\"list-separator\">&nbsp;<\/li>\r\n                    <li><a class=\"nav-sorting-order nav-asc sort-selected\" data-order=\"asc\" title=\"Ascendente\">\r\n                            Ascendente                        <\/a>\r\n                    <\/li>\r\n                    <li><a class=\"nav-sorting-order nav-desc \" data-order=\"desc\" title=\"Descendente\">\r\n                            Descendente                        <\/a>\r\n                    <\/li>\r\n                <\/ul>\r\n            <\/div>\r\n\r\n            <a class=\"nav-gear entry-info-button\" title=\"Mais a\u00e7\u00f5es\">\r\n                <i class=\"eva eva-more-vertical-outline\"><\/i>\r\n            <\/a>\r\n            <div class=\"tippy-content-holder gear-div\" data-token=\"cc59c451f7825ba22711f81f9dd5ce8a\">\r\n                <ul>\r\n                                        <li class='gear-menu-no-options' style=\"display: none\"><a><i class='eva eva-info-outline eva-lg'><\/i>Sem op\u00e7\u00f5es...<\/a><\/li>\r\n                <\/ul>\r\n            <\/div>\r\n                        <a class=\"nav-refresh entry-info-button\" title=\"Atualizar\">\r\n                <i class=\"eva eva-sync\"><\/i>\r\n            <\/a>\r\n                    <\/div>        <div class=\"wpcp-container-content\">\r\n            <div class=\"loading initialize\">                <svg class=\"loader-spinner\" viewBox=\"25 25 50 50\">\r\n                    <circle class=\"path\" cx=\"50\" cy=\"50\" r=\"20\" fill=\"none\" stroke-width=\"3\" stroke-miterlimit=\"10\"><\/circle>\r\n                <\/svg>\r\n                            <\/div>\r\n            <div class=\"ajax-filelist\" style=\"\">\r\n                <div class='images image-collage'>\r\n                    \r\n<div class=\"image-container entry\">\r\n    <a>\r\n        <img fetchpriority=\"high\" decoding=\"async\" class=\"skeleton skeleton-gallery-img\" alt=\"\" src=\"data:image\/png;base64,iVBORw0KGgoAAAANSUhEUgAAAAEAAAABCAYAAAAfFcSJAAAAC0lEQVQYV2NgAAIAAAUAAarVyFEAAAAASUVORK5CYII=\" width=\"399\" height=\"300\" style=\"width:399px !important;height:300px !important; \">\r\n    <\/a>\r\n<\/div>\r\n\r\n<div class=\"image-container entry\">\r\n    <a>\r\n        <img decoding=\"async\" class=\"skeleton skeleton-gallery-img\" alt=\"\" src=\"data:image\/png;base64,iVBORw0KGgoAAAANSUhEUgAAAAEAAAABCAYAAAAfFcSJAAAAC0lEQVQYV2NgAAIAAAUAAarVyFEAAAAASUVORK5CYII=\" width=\"300\" height=\"300\" style=\"width:300px !important;height:300px !important; \">\r\n    <\/a>\r\n<\/div>\r\n\r\n<div class=\"image-container entry\">\r\n    <a>\r\n        <img fetchpriority=\"high\" decoding=\"async\" class=\"skeleton skeleton-gallery-img\" alt=\"\" src=\"data:image\/png;base64,iVBORw0KGgoAAAANSUhEUgAAAAEAAAABCAYAAAAfFcSJAAAAC0lEQVQYV2NgAAIAAAUAAarVyFEAAAAASUVORK5CYII=\" width=\"399\" height=\"300\" style=\"width:399px !important;height:300px !important; \">\r\n    <\/a>\r\n<\/div>\r\n\r\n<div class=\"image-container entry\">\r\n    <a>\r\n        <img decoding=\"async\" class=\"skeleton skeleton-gallery-img\" alt=\"\" src=\"data:image\/png;base64,iVBORw0KGgoAAAANSUhEUgAAAAEAAAABCAYAAAAfFcSJAAAAC0lEQVQYV2NgAAIAAAUAAarVyFEAAAAASUVORK5CYII=\" width=\"534\" height=\"300\" style=\"width:534px !important;height:300px !important; \">\r\n    <\/a>\r\n<\/div>\r\n\r\n<div class=\"image-container entry\">\r\n    <a>\r\n        <img loading=\"lazy\" decoding=\"async\" class=\"skeleton skeleton-gallery-img\" alt=\"\" src=\"data:image\/png;base64,iVBORw0KGgoAAAANSUhEUgAAAAEAAAABCAYAAAAfFcSJAAAAC0lEQVQYV2NgAAIAAAUAAarVyFEAAAAASUVORK5CYII=\" width=\"169\" height=\"300\" style=\"width:169px !important;height:300px !important; \">\r\n    <\/a>\r\n<\/div>\r\n                <\/div>\r\n            <\/div>\r\n\r\n            <div class=\"scroll-to-top\">\r\n                <button class=\"scroll-to-top-action button button-round-icon secondary button-round-icon-lg button-shadow-3\" type=\"button\" title=\"Rolar para o Topo\" aria-expanded=\"false\"><i class=\"eva eva-arrow-upward-outline eva-2x\"><\/i><\/button>\r\n                            <\/div>\r\n        <\/div>\r\n    <\/div>\r\n<\/div>\r\n<style>\r\n<\/style><\/div><\/div><div class='wpcp-module-script'><script type='text\/javascript'>if (typeof(jQuery) !== 'undefined' && typeof(jQuery.cp) !== 'undefined' && typeof(jQuery.cp.UseyourDrive) === 'function') { jQuery('#UseyourDrive-cc59c451f7825ba22711f81f9dd5ce8a').UseyourDrive(UseyourDrive_vars); };<\/script><\/div><\/div>\n<p>&nbsp;<\/p>\n<p>&nbsp;<\/p>\n","protected":false},"excerpt":{"rendered":"<p>No dia 26 de novembro, os estudantes do N\u00edvel 5 da Educa\u00e7\u00e3o Infantil participaram da tradicional Festa das Cores, realizada na Vila Lourdes. O momento, cheio de alegria, descobertas e muita divers\u00e3o, marcou mais um passo significativo na caminhada das crian\u00e7as rumo \u00e0 t\u00e3o aguardada formatura. A atividade proporcionou aos pequenos uma experi\u00eancia vibrante e [&hellip;]<\/p>\n","protected":false},"author":5,"featured_media":5212,"comment_status":"open","ping_status":"open","sticky":false,"template":"","format":"standard","meta":{"_acf_changed":false,"footnotes":""},"categories":[24,56,51,47],"tags":[],"class_list":["post-5211","post","type-post","status-publish","format-standard","has-post-thumbnail","hentry","category-educacao-infantil","category-nivel-5","category-noticias","category-psicologia"],"acf":[],"yoast_head":"<!-- This site is optimized with the Yoast SEO plugin v26.3 - https:\/\/yoast.com\/wordpress\/plugins\/seo\/ -->\n<title>FESTA DAS CORES MARCA A ESQUENTINHA DA FORMATURA DO N\u00cdVEL 5 - Col\u00e9gio Dom Feliciano | Rede ICM de educa\u00e7\u00e3o<\/title>\n<meta name=\"robots\" content=\"index, follow, max-snippet:-1, max-image-preview:large, max-video-preview:-1\" \/>\n<link rel=\"canonical\" href=\"https:\/\/redeicm.org.br\/domfeliciano\/festa-das-cores-marca-a-esquentinha-da-formatura-do-nivel-5\/\" \/>\n<meta property=\"og:locale\" content=\"pt_BR\" \/>\n<meta property=\"og:type\" content=\"article\" \/>\n<meta property=\"og:title\" content=\"FESTA DAS CORES MARCA A ESQUENTINHA DA FORMATURA DO N\u00cdVEL 5 - Col\u00e9gio Dom Feliciano | Rede ICM de educa\u00e7\u00e3o\" \/>\n<meta property=\"og:description\" content=\"No dia 26 de novembro, os estudantes do N\u00edvel 5 da Educa\u00e7\u00e3o Infantil participaram da tradicional Festa das Cores, realizada na Vila Lourdes. O momento, cheio de alegria, descobertas e muita divers\u00e3o, marcou mais um passo significativo na caminhada das crian\u00e7as rumo \u00e0 t\u00e3o aguardada formatura. A atividade proporcionou aos pequenos uma experi\u00eancia vibrante e [&hellip;]\" \/>\n<meta property=\"og:url\" content=\"https:\/\/redeicm.org.br\/domfeliciano\/festa-das-cores-marca-a-esquentinha-da-formatura-do-nivel-5\/\" \/>\n<meta property=\"og:site_name\" content=\"Col\u00e9gio Dom Feliciano | Rede ICM de educa\u00e7\u00e3o\" \/>\n<meta property=\"article:published_time\" content=\"2025-12-03T19:40:54+00:00\" \/>\n<meta property=\"article:modified_time\" content=\"2025-12-03T20:42:17+00:00\" \/>\n<meta property=\"og:image\" content=\"https:\/\/redeicm.org.br\/domfeliciano\/wp-content\/uploads\/sites\/10\/2025\/12\/FESTADASCORES126.jpg\" \/>\n\t<meta property=\"og:image:width\" content=\"1080\" \/>\n\t<meta property=\"og:image:height\" content=\"720\" \/>\n\t<meta property=\"og:image:type\" content=\"image\/jpeg\" \/>\n<meta name=\"author\" content=\"anacristina\" \/>\n<meta name=\"twitter:card\" content=\"summary_large_image\" \/>\n<meta name=\"twitter:label1\" content=\"Escrito por\" \/>\n\t<meta name=\"twitter:data1\" content=\"anacristina\" \/>\n\t<meta name=\"twitter:label2\" content=\"Est. tempo de leitura\" \/>\n\t<meta name=\"twitter:data2\" content=\"2 minutos\" \/>\n<script type=\"application\/ld+json\" class=\"yoast-schema-graph\">{\"@context\":\"https:\/\/schema.org\",\"@graph\":[{\"@type\":\"Article\",\"@id\":\"https:\/\/redeicm.org.br\/domfeliciano\/festa-das-cores-marca-a-esquentinha-da-formatura-do-nivel-5\/#article\",\"isPartOf\":{\"@id\":\"https:\/\/redeicm.org.br\/domfeliciano\/festa-das-cores-marca-a-esquentinha-da-formatura-do-nivel-5\/\"},\"author\":{\"name\":\"anacristina\",\"@id\":\"https:\/\/redeicm.org.br\/domfeliciano\/#\/schema\/person\/c18a14ffec6622f7b618f4f5b0969286\"},\"headline\":\"FESTA DAS CORES MARCA A ESQUENTINHA DA FORMATURA DO N\u00cdVEL 5\",\"datePublished\":\"2025-12-03T19:40:54+00:00\",\"dateModified\":\"2025-12-03T20:42:17+00:00\",\"mainEntityOfPage\":{\"@id\":\"https:\/\/redeicm.org.br\/domfeliciano\/festa-das-cores-marca-a-esquentinha-da-formatura-do-nivel-5\/\"},\"wordCount\":186,\"commentCount\":0,\"publisher\":{\"@id\":\"https:\/\/redeicm.org.br\/domfeliciano\/#organization\"},\"image\":{\"@id\":\"https:\/\/redeicm.org.br\/domfeliciano\/festa-das-cores-marca-a-esquentinha-da-formatura-do-nivel-5\/#primaryimage\"},\"thumbnailUrl\":\"https:\/\/redeicm.org.br\/domfeliciano\/wp-content\/uploads\/sites\/10\/2025\/12\/FESTADASCORES126.jpg\",\"articleSection\":[\"Educa\u00e7\u00e3o Infantil\",\"N\u00edvel 5\",\"Not\u00edcias\",\"Psicologia\"],\"inLanguage\":\"pt-BR\",\"potentialAction\":[{\"@type\":\"CommentAction\",\"name\":\"Comment\",\"target\":[\"https:\/\/redeicm.org.br\/domfeliciano\/festa-das-cores-marca-a-esquentinha-da-formatura-do-nivel-5\/#respond\"]}]},{\"@type\":\"WebPage\",\"@id\":\"https:\/\/redeicm.org.br\/domfeliciano\/festa-das-cores-marca-a-esquentinha-da-formatura-do-nivel-5\/\",\"url\":\"https:\/\/redeicm.org.br\/domfeliciano\/festa-das-cores-marca-a-esquentinha-da-formatura-do-nivel-5\/\",\"name\":\"FESTA DAS CORES MARCA A ESQUENTINHA DA FORMATURA DO N\u00cdVEL 5 - Col\u00e9gio Dom Feliciano | Rede ICM de educa\u00e7\u00e3o\",\"isPartOf\":{\"@id\":\"https:\/\/redeicm.org.br\/domfeliciano\/#website\"},\"primaryImageOfPage\":{\"@id\":\"https:\/\/redeicm.org.br\/domfeliciano\/festa-das-cores-marca-a-esquentinha-da-formatura-do-nivel-5\/#primaryimage\"},\"image\":{\"@id\":\"https:\/\/redeicm.org.br\/domfeliciano\/festa-das-cores-marca-a-esquentinha-da-formatura-do-nivel-5\/#primaryimage\"},\"thumbnailUrl\":\"https:\/\/redeicm.org.br\/domfeliciano\/wp-content\/uploads\/sites\/10\/2025\/12\/FESTADASCORES126.jpg\",\"datePublished\":\"2025-12-03T19:40:54+00:00\",\"dateModified\":\"2025-12-03T20:42:17+00:00\",\"breadcrumb\":{\"@id\":\"https:\/\/redeicm.org.br\/domfeliciano\/festa-das-cores-marca-a-esquentinha-da-formatura-do-nivel-5\/#breadcrumb\"},\"inLanguage\":\"pt-BR\",\"potentialAction\":[{\"@type\":\"ReadAction\",\"target\":[\"https:\/\/redeicm.org.br\/domfeliciano\/festa-das-cores-marca-a-esquentinha-da-formatura-do-nivel-5\/\"]}]},{\"@type\":\"ImageObject\",\"inLanguage\":\"pt-BR\",\"@id\":\"https:\/\/redeicm.org.br\/domfeliciano\/festa-das-cores-marca-a-esquentinha-da-formatura-do-nivel-5\/#primaryimage\",\"url\":\"https:\/\/redeicm.org.br\/domfeliciano\/wp-content\/uploads\/sites\/10\/2025\/12\/FESTADASCORES126.jpg\",\"contentUrl\":\"https:\/\/redeicm.org.br\/domfeliciano\/wp-content\/uploads\/sites\/10\/2025\/12\/FESTADASCORES126.jpg\",\"width\":1080,\"height\":720},{\"@type\":\"BreadcrumbList\",\"@id\":\"https:\/\/redeicm.org.br\/domfeliciano\/festa-das-cores-marca-a-esquentinha-da-formatura-do-nivel-5\/#breadcrumb\",\"itemListElement\":[{\"@type\":\"ListItem\",\"position\":1,\"name\":\"In\u00edcio\",\"item\":\"https:\/\/redeicm.org.br\/domfeliciano\/\"},{\"@type\":\"ListItem\",\"position\":2,\"name\":\"FESTA DAS CORES MARCA A ESQUENTINHA DA FORMATURA DO N\u00cdVEL 5\"}]},{\"@type\":\"WebSite\",\"@id\":\"https:\/\/redeicm.org.br\/domfeliciano\/#website\",\"url\":\"https:\/\/redeicm.org.br\/domfeliciano\/\",\"name\":\"Col\u00e9gio Dom Feliciano | Rede ICM de educa\u00e7\u00e3o\",\"description\":\"\",\"publisher\":{\"@id\":\"https:\/\/redeicm.org.br\/domfeliciano\/#organization\"},\"potentialAction\":[{\"@type\":\"SearchAction\",\"target\":{\"@type\":\"EntryPoint\",\"urlTemplate\":\"https:\/\/redeicm.org.br\/domfeliciano\/?s={search_term_string}\"},\"query-input\":{\"@type\":\"PropertyValueSpecification\",\"valueRequired\":true,\"valueName\":\"search_term_string\"}}],\"inLanguage\":\"pt-BR\"},{\"@type\":\"Organization\",\"@id\":\"https:\/\/redeicm.org.br\/domfeliciano\/#organization\",\"name\":\"Col\u00e9gio Dom Feliciano | Rede ICM de educa\u00e7\u00e3o\",\"url\":\"https:\/\/redeicm.org.br\/domfeliciano\/\",\"logo\":{\"@type\":\"ImageObject\",\"inLanguage\":\"pt-BR\",\"@id\":\"https:\/\/redeicm.org.br\/domfeliciano\/#\/schema\/logo\/image\/\",\"url\":\"https:\/\/redeicm.org.br\/domfeliciano\/wp-content\/uploads\/sites\/10\/2024\/08\/Logo-ColegioDomFeliciano-100Anos.png\",\"contentUrl\":\"https:\/\/redeicm.org.br\/domfeliciano\/wp-content\/uploads\/sites\/10\/2024\/08\/Logo-ColegioDomFeliciano-100Anos.png\",\"width\":950,\"height\":228,\"caption\":\"Col\u00e9gio Dom Feliciano | Rede ICM de educa\u00e7\u00e3o\"},\"image\":{\"@id\":\"https:\/\/redeicm.org.br\/domfeliciano\/#\/schema\/logo\/image\/\"}},{\"@type\":\"Person\",\"@id\":\"https:\/\/redeicm.org.br\/domfeliciano\/#\/schema\/person\/c18a14ffec6622f7b618f4f5b0969286\",\"name\":\"anacristina\",\"image\":{\"@type\":\"ImageObject\",\"inLanguage\":\"pt-BR\",\"@id\":\"https:\/\/redeicm.org.br\/domfeliciano\/#\/schema\/person\/image\/\",\"url\":\"https:\/\/secure.gravatar.com\/avatar\/79da9da3f65740bbde71f2d54ccd4ea132725f3b569ee997ccc37678f8c77fd8?s=96&d=mm&r=g\",\"contentUrl\":\"https:\/\/secure.gravatar.com\/avatar\/79da9da3f65740bbde71f2d54ccd4ea132725f3b569ee997ccc37678f8c77fd8?s=96&d=mm&r=g\",\"caption\":\"anacristina\"},\"url\":\"https:\/\/redeicm.org.br\/domfeliciano\/author\/anacristina\/\"}]}<\/script>\n<!-- \/ Yoast SEO plugin. -->","yoast_head_json":{"title":"FESTA DAS CORES MARCA A ESQUENTINHA DA FORMATURA DO N\u00cdVEL 5 - Col\u00e9gio Dom Feliciano | Rede ICM de educa\u00e7\u00e3o","robots":{"index":"index","follow":"follow","max-snippet":"max-snippet:-1","max-image-preview":"max-image-preview:large","max-video-preview":"max-video-preview:-1"},"canonical":"https:\/\/redeicm.org.br\/domfeliciano\/festa-das-cores-marca-a-esquentinha-da-formatura-do-nivel-5\/","og_locale":"pt_BR","og_type":"article","og_title":"FESTA DAS CORES MARCA A ESQUENTINHA DA FORMATURA DO N\u00cdVEL 5 - Col\u00e9gio Dom Feliciano | Rede ICM de educa\u00e7\u00e3o","og_description":"No dia 26 de novembro, os estudantes do N\u00edvel 5 da Educa\u00e7\u00e3o Infantil participaram da tradicional Festa das Cores, realizada na Vila Lourdes. O momento, cheio de alegria, descobertas e muita divers\u00e3o, marcou mais um passo significativo na caminhada das crian\u00e7as rumo \u00e0 t\u00e3o aguardada formatura. A atividade proporcionou aos pequenos uma experi\u00eancia vibrante e [&hellip;]","og_url":"https:\/\/redeicm.org.br\/domfeliciano\/festa-das-cores-marca-a-esquentinha-da-formatura-do-nivel-5\/","og_site_name":"Col\u00e9gio Dom Feliciano | Rede ICM de educa\u00e7\u00e3o","article_published_time":"2025-12-03T19:40:54+00:00","article_modified_time":"2025-12-03T20:42:17+00:00","og_image":[{"width":1080,"height":720,"url":"https:\/\/redeicm.org.br\/domfeliciano\/wp-content\/uploads\/sites\/10\/2025\/12\/FESTADASCORES126.jpg","type":"image\/jpeg"}],"author":"anacristina","twitter_card":"summary_large_image","twitter_misc":{"Escrito por":"anacristina","Est. tempo de leitura":"2 minutos"},"schema":{"@context":"https:\/\/schema.org","@graph":[{"@type":"Article","@id":"https:\/\/redeicm.org.br\/domfeliciano\/festa-das-cores-marca-a-esquentinha-da-formatura-do-nivel-5\/#article","isPartOf":{"@id":"https:\/\/redeicm.org.br\/domfeliciano\/festa-das-cores-marca-a-esquentinha-da-formatura-do-nivel-5\/"},"author":{"name":"anacristina","@id":"https:\/\/redeicm.org.br\/domfeliciano\/#\/schema\/person\/c18a14ffec6622f7b618f4f5b0969286"},"headline":"FESTA DAS CORES MARCA A ESQUENTINHA DA FORMATURA DO N\u00cdVEL 5","datePublished":"2025-12-03T19:40:54+00:00","dateModified":"2025-12-03T20:42:17+00:00","mainEntityOfPage":{"@id":"https:\/\/redeicm.org.br\/domfeliciano\/festa-das-cores-marca-a-esquentinha-da-formatura-do-nivel-5\/"},"wordCount":186,"commentCount":0,"publisher":{"@id":"https:\/\/redeicm.org.br\/domfeliciano\/#organization"},"image":{"@id":"https:\/\/redeicm.org.br\/domfeliciano\/festa-das-cores-marca-a-esquentinha-da-formatura-do-nivel-5\/#primaryimage"},"thumbnailUrl":"https:\/\/redeicm.org.br\/domfeliciano\/wp-content\/uploads\/sites\/10\/2025\/12\/FESTADASCORES126.jpg","articleSection":["Educa\u00e7\u00e3o Infantil","N\u00edvel 5","Not\u00edcias","Psicologia"],"inLanguage":"pt-BR","potentialAction":[{"@type":"CommentAction","name":"Comment","target":["https:\/\/redeicm.org.br\/domfeliciano\/festa-das-cores-marca-a-esquentinha-da-formatura-do-nivel-5\/#respond"]}]},{"@type":"WebPage","@id":"https:\/\/redeicm.org.br\/domfeliciano\/festa-das-cores-marca-a-esquentinha-da-formatura-do-nivel-5\/","url":"https:\/\/redeicm.org.br\/domfeliciano\/festa-das-cores-marca-a-esquentinha-da-formatura-do-nivel-5\/","name":"FESTA DAS CORES MARCA A ESQUENTINHA DA FORMATURA DO N\u00cdVEL 5 - Col\u00e9gio Dom Feliciano | Rede ICM de educa\u00e7\u00e3o","isPartOf":{"@id":"https:\/\/redeicm.org.br\/domfeliciano\/#website"},"primaryImageOfPage":{"@id":"https:\/\/redeicm.org.br\/domfeliciano\/festa-das-cores-marca-a-esquentinha-da-formatura-do-nivel-5\/#primaryimage"},"image":{"@id":"https:\/\/redeicm.org.br\/domfeliciano\/festa-das-cores-marca-a-esquentinha-da-formatura-do-nivel-5\/#primaryimage"},"thumbnailUrl":"https:\/\/redeicm.org.br\/domfeliciano\/wp-content\/uploads\/sites\/10\/2025\/12\/FESTADASCORES126.jpg","datePublished":"2025-12-03T19:40:54+00:00","dateModified":"2025-12-03T20:42:17+00:00","breadcrumb":{"@id":"https:\/\/redeicm.org.br\/domfeliciano\/festa-das-cores-marca-a-esquentinha-da-formatura-do-nivel-5\/#breadcrumb"},"inLanguage":"pt-BR","potentialAction":[{"@type":"ReadAction","target":["https:\/\/redeicm.org.br\/domfeliciano\/festa-das-cores-marca-a-esquentinha-da-formatura-do-nivel-5\/"]}]},{"@type":"ImageObject","inLanguage":"pt-BR","@id":"https:\/\/redeicm.org.br\/domfeliciano\/festa-das-cores-marca-a-esquentinha-da-formatura-do-nivel-5\/#primaryimage","url":"https:\/\/redeicm.org.br\/domfeliciano\/wp-content\/uploads\/sites\/10\/2025\/12\/FESTADASCORES126.jpg","contentUrl":"https:\/\/redeicm.org.br\/domfeliciano\/wp-content\/uploads\/sites\/10\/2025\/12\/FESTADASCORES126.jpg","width":1080,"height":720},{"@type":"BreadcrumbList","@id":"https:\/\/redeicm.org.br\/domfeliciano\/festa-das-cores-marca-a-esquentinha-da-formatura-do-nivel-5\/#breadcrumb","itemListElement":[{"@type":"ListItem","position":1,"name":"In\u00edcio","item":"https:\/\/redeicm.org.br\/domfeliciano\/"},{"@type":"ListItem","position":2,"name":"FESTA DAS CORES MARCA A ESQUENTINHA DA FORMATURA DO N\u00cdVEL 5"}]},{"@type":"WebSite","@id":"https:\/\/redeicm.org.br\/domfeliciano\/#website","url":"https:\/\/redeicm.org.br\/domfeliciano\/","name":"Col\u00e9gio Dom Feliciano | Rede ICM de educa\u00e7\u00e3o","description":"","publisher":{"@id":"https:\/\/redeicm.org.br\/domfeliciano\/#organization"},"potentialAction":[{"@type":"SearchAction","target":{"@type":"EntryPoint","urlTemplate":"https:\/\/redeicm.org.br\/domfeliciano\/?s={search_term_string}"},"query-input":{"@type":"PropertyValueSpecification","valueRequired":true,"valueName":"search_term_string"}}],"inLanguage":"pt-BR"},{"@type":"Organization","@id":"https:\/\/redeicm.org.br\/domfeliciano\/#organization","name":"Col\u00e9gio Dom Feliciano | Rede ICM de educa\u00e7\u00e3o","url":"https:\/\/redeicm.org.br\/domfeliciano\/","logo":{"@type":"ImageObject","inLanguage":"pt-BR","@id":"https:\/\/redeicm.org.br\/domfeliciano\/#\/schema\/logo\/image\/","url":"https:\/\/redeicm.org.br\/domfeliciano\/wp-content\/uploads\/sites\/10\/2024\/08\/Logo-ColegioDomFeliciano-100Anos.png","contentUrl":"https:\/\/redeicm.org.br\/domfeliciano\/wp-content\/uploads\/sites\/10\/2024\/08\/Logo-ColegioDomFeliciano-100Anos.png","width":950,"height":228,"caption":"Col\u00e9gio Dom Feliciano | Rede ICM de educa\u00e7\u00e3o"},"image":{"@id":"https:\/\/redeicm.org.br\/domfeliciano\/#\/schema\/logo\/image\/"}},{"@type":"Person","@id":"https:\/\/redeicm.org.br\/domfeliciano\/#\/schema\/person\/c18a14ffec6622f7b618f4f5b0969286","name":"anacristina","image":{"@type":"ImageObject","inLanguage":"pt-BR","@id":"https:\/\/redeicm.org.br\/domfeliciano\/#\/schema\/person\/image\/","url":"https:\/\/secure.gravatar.com\/avatar\/79da9da3f65740bbde71f2d54ccd4ea132725f3b569ee997ccc37678f8c77fd8?s=96&d=mm&r=g","contentUrl":"https:\/\/secure.gravatar.com\/avatar\/79da9da3f65740bbde71f2d54ccd4ea132725f3b569ee997ccc37678f8c77fd8?s=96&d=mm&r=g","caption":"anacristina"},"url":"https:\/\/redeicm.org.br\/domfeliciano\/author\/anacristina\/"}]}},"_links":{"self":[{"href":"https:\/\/redeicm.org.br\/domfeliciano\/wp-json\/wp\/v2\/posts\/5211","targetHints":{"allow":["GET"]}}],"collection":[{"href":"https:\/\/redeicm.org.br\/domfeliciano\/wp-json\/wp\/v2\/posts"}],"about":[{"href":"https:\/\/redeicm.org.br\/domfeliciano\/wp-json\/wp\/v2\/types\/post"}],"author":[{"embeddable":true,"href":"https:\/\/redeicm.org.br\/domfeliciano\/wp-json\/wp\/v2\/users\/5"}],"replies":[{"embeddable":true,"href":"https:\/\/redeicm.org.br\/domfeliciano\/wp-json\/wp\/v2\/comments?post=5211"}],"version-history":[{"count":1,"href":"https:\/\/redeicm.org.br\/domfeliciano\/wp-json\/wp\/v2\/posts\/5211\/revisions"}],"predecessor-version":[{"id":5213,"href":"https:\/\/redeicm.org.br\/domfeliciano\/wp-json\/wp\/v2\/posts\/5211\/revisions\/5213"}],"wp:featuredmedia":[{"embeddable":true,"href":"https:\/\/redeicm.org.br\/domfeliciano\/wp-json\/wp\/v2\/media\/5212"}],"wp:attachment":[{"href":"https:\/\/redeicm.org.br\/domfeliciano\/wp-json\/wp\/v2\/media?parent=5211"}],"wp:term":[{"taxonomy":"category","embeddable":true,"href":"https:\/\/redeicm.org.br\/domfeliciano\/wp-json\/wp\/v2\/categories?post=5211"},{"taxonomy":"post_tag","embeddable":true,"href":"https:\/\/redeicm.org.br\/domfeliciano\/wp-json\/wp\/v2\/tags?post=5211"}],"curies":[{"name":"wp","href":"https:\/\/api.w.org\/{rel}","templated":true}]}}