{"id":2747,"date":"2026-08-19T08:26:14","date_gmt":"2026-08-19T11:26:14","guid":{"rendered":"https:\/\/redeicm.org.br\/coracaodemaria\/?p=2747"},"modified":"2026-08-19T08:26:14","modified_gmt":"2026-08-19T11:26:14","slug":"dia-do-estudante-2026","status":"publish","type":"post","link":"https:\/\/redeicm.org.br\/coracaodemaria\/dia-do-estudante-2026\/","title":{"rendered":"Dia do Estudante: Col\u00e9gio Cora\u00e7\u00e3o de Maria celebra dedica\u00e7\u00e3o, conquistas e talentos"},"content":{"rendered":"<p>&nbsp;<\/p>\n<p>No dia 11 de agosto de 2026, celebramos o Dia do Estudante com uma programa\u00e7\u00e3o especial no audit\u00f3rio do Col\u00e9gio Cora\u00e7\u00e3o de Maria. A manh\u00e3 reuniu premia\u00e7\u00e3o do Concurso Canguru de Matem\u00e1tica, show de talentos e apresenta\u00e7\u00e3o da Banda Plural, proporcionando aos estudantes momentos de reconhecimento, express\u00e3o e conviv\u00eancia.<\/p>\n<h2>Como foi o Dia do Estudante no Col\u00e9gio Cora\u00e7\u00e3o de Maria<\/h2>\n<p>O Dia do Estudante \u00e9 uma oportunidade para reconhecer a import\u00e2ncia dos estudantes na constru\u00e7\u00e3o cotidiana da vida escolar. Afinal, a experi\u00eancia educativa acontece em diferentes dimens\u00f5es e envolve aprendizagem, conviv\u00eancia, descoberta de interesses, desenvolvimento de habilidades e participa\u00e7\u00e3o na comunidade. Celebrar essa data \u00e9 enaltecer os caminhos percorridos por cada estudante e os diferentes modos pelos quais ele participa da escola.<\/p>\n<p>No Col\u00e9gio Cora\u00e7\u00e3o de Maria, essa celebra\u00e7\u00e3o ganhou um significado especial ao reunir, em uma mesma manh\u00e3, momentos de reconhecimento acad\u00eamico, express\u00e3o art\u00edstica e integra\u00e7\u00e3o. No dia 11 de agosto de 2026, o audit\u00f3rio do CCM, que tem capacidade para 600 pessoas, recebeu uma programa\u00e7\u00e3o preparada para valorizar os estudantes e proporcionar uma experi\u00eancia diferente e especial.<\/p>\n<h3>Reconhecimento \u00e0s conquistas no Concurso Canguru de Matem\u00e1tica<\/h3>\n<p class=\"isSelectedEnd\">A programa\u00e7\u00e3o come\u00e7ou com a premia\u00e7\u00e3o dos estudantes participantes do <a href=\"https:\/\/www.cangurudematematicabrasil.com.br\/\" target=\"_blank\" rel=\"noopener\"><strong>Concurso Canguru de Matem\u00e1tica<\/strong><\/a>, competi\u00e7\u00e3o internacional que re\u00fane, em mais de 100 pa\u00edses, alunos do 3\u00ba ano do Ensino Fundamental ao 3\u00ba ano do Ensino M\u00e9dio.<\/p>\n<p class=\"isSelectedEnd\">Com a entrega de medalhas e certificados, o momento reconheceu a dedica\u00e7\u00e3o e o envolvimento com uma experi\u00eancia que estimula o racioc\u00ednio l\u00f3gico, o pensamento cr\u00edtico, a curiosidade e o interesse pela disciplina.<\/p>\n<h3>Um palco para diferentes talentos<\/h3>\n<p>A programa\u00e7\u00e3o do <strong>Dia do Estudante<\/strong> tamb\u00e9m abriu espa\u00e7o para que os estudantes apresentassem suas habilidades e interesses. O show de talentos deu destaque para diferentes formas de express\u00e3o, com apresenta\u00e7\u00f5es de patina\u00e7\u00e3o, imita\u00e7\u00e3o, canto, instrumentos musicais e dan\u00e7a, por exemplo.<\/p>\n<p>E, para encerrar a manh\u00e3 comemorativa, a programa\u00e7\u00e3o contou com a apresenta\u00e7\u00e3o da <strong>Banda Plural<\/strong>, uma das bandas do Col\u00e9gio Cora\u00e7\u00e3o de Maria.<\/p>\n<p>O audit\u00f3rio se transformou, assim, em um cen\u00e1rio de protagonismo estudantil. Os alunos puderam apresentar o que gostam de fazer fora da sala de aula, compartilhar suas habilidades com os colegas e participar ativamente da celebra\u00e7\u00e3o preparada para a data.<\/p>\n<p>Em resumo, o Dia do Estudante no Col\u00e9gio Cora\u00e7\u00e3o de Maria foi marcado pelo reconhecimento das conquistas, pela express\u00e3o dos talentos e pela parceria. A programa\u00e7\u00e3o refor\u00e7ou o compromisso do CCM em promover experi\u00eancias que valorizam os estudantes de diferentes formas, todos os dias.<\/p>\n<h2>Conhe\u00e7a o Col\u00e9gio Cora\u00e7\u00e3o de Maria<\/h2>\n<p><strong>As matr\u00edculas para 2027 j\u00e1 est\u00e3o abertas!<\/strong> Venha conhecer de perto a metodologia, os espa\u00e7os e as experi\u00eancias que fazem parte da forma\u00e7\u00e3o dos estudantes do Col\u00e9gio Cora\u00e7\u00e3o de Maria. <strong>Clique <a href=\"https:\/\/redeicm.org.br\/coracaodemaria\/\" target=\"_blank\" rel=\"noopener\">aqui<\/a> e agende uma visita.<\/strong><\/p>\n\n    <style>\n        .gd-drive-gallery{\n            display:grid;\n            grid-template-columns:repeat(auto-fit,minmax(220px,1fr));\n            gap:14px;\n            margin-top:35px;\n        }\n        .gd-drive-gallery img{\n            width:100%;height:200px;object-fit:cover;\n            border-radius:6px;cursor:pointer;transition:.3s;\n        }\n        .gd-drive-gallery img:hover{\n            transform:scale(1.05);filter:brightness(1.12);\n        }\n    <\/style>\n\n    <div id=\"gd-drive\" class=\"gd-drive-gallery\"><\/div>\n\n  <script>\nconst FOLDER_ID = \"1cnnPk8tVaYEcTHWBqeZQYJSvP5aGc4hX\"; \/\/ do meta\nconst API_KEY   = \"AIzaSyA_YPLK09Q3owUnsgslROhpNB_w4OxB-YE\";\n\nconst params = new URLSearchParams({\n    q: `'${FOLDER_ID}' in parents`,\n    key: API_KEY,\n    fields: 'files(id,name,mimeType,thumbnailLink)',\n    orderBy: 'name',\n    pageSize: '1000', \/\/ m\u00e1ximo permitido pela API\n    includeItemsFromAllDrives: 'true',\n    supportsAllDrives: 'true'\n});\n\nfetch(`https:\/\/www.googleapis.com\/drive\/v3\/files?${params.toString()}`)\n  .then(r => r.json())\n  .then(data => {\n\n    if (data.error) {\n        console.error('Drive API error:', data.error);\n        return;\n    }\n\n    let box = document.querySelector(\"#gd-drive\");\n\n    data.files.forEach(img => {\n        if (img.mimeType && img.mimeType.includes(\"image\")) {\n\n            \/\/ FULL via CDN Google (funciona para shared drive tamb\u00e9m)\n            let full  = `https:\/\/lh3.googleusercontent.com\/d\/${img.id}=s2000`;\n            let thumb = img.thumbnailLink ? img.thumbnailLink.replace(\"=s220\", \"=s800\") : full;\n\n            box.innerHTML += `\n                <a data-fancybox=\"gdrive\" data-caption=\"${img.name}\" href=\"${full}\">\n                    <img decoding=\"async\" src=\"${thumb}\" loading=\"lazy\">\n                <\/a>\n            `;\n        }\n    });\n\n    Fancybox.bind(\"[data-fancybox='gdrive']\",{\n        Thumbs:{autoStart:true},\n        Toolbar:{display:[\"zoom\",\"slideshow\",\"thumbs\",\"close\"]}\n    });\n\n  })\n  .catch(err => {\n      console.error('Erro de rede na API do Drive:', err);\n  });\n<\/script>\n\n\n    ","protected":false},"excerpt":{"rendered":"<p>&nbsp; No dia 11 de agosto de 2026, celebramos o Dia do Estudante com uma programa\u00e7\u00e3o especial no audit\u00f3rio do Col\u00e9gio Cora\u00e7\u00e3o de Maria. A manh\u00e3 reuniu premia\u00e7\u00e3o do Concurso Canguru de Matem\u00e1tica, show de talentos e apresenta\u00e7\u00e3o da Banda Plural, proporcionando aos estudantes momentos de reconhecimento, express\u00e3o e conviv\u00eancia. Como foi o Dia do [&hellip;]<\/p>\n","protected":false},"author":71,"featured_media":2798,"comment_status":"open","ping_status":"open","sticky":false,"template":"","format":"standard","meta":{"_acf_changed":false,"footnotes":""},"categories":[18],"tags":[37,36,35,38],"class_list":["post-2747","post","type-post","status-publish","format-standard","has-post-thumbnail","hentry","category-noticias","tag-banda-plural","tag-concurso-canguru-de-matematica","tag-dia-do-estudante","tag-show-de-talentos"],"acf":[],"yoast_head":"<!-- This site is optimized with the Yoast SEO plugin v27.8 - https:\/\/yoast.com\/product\/yoast-seo-wordpress\/ -->\n<title>Dia do Estudante 2026: CCM celebra dedica\u00e7\u00e3o, conquistas e talentos<\/title>\n<meta name=\"description\" content=\"Confira como foi o Dia do Estudante no Col\u00e9gio Cora\u00e7\u00e3o de Maria, com registros da premia\u00e7\u00e3o, show de talentos e apresenta\u00e7\u00e3o da Banda Plural.\" \/>\n<meta name=\"robots\" content=\"index, follow, max-snippet:-1, max-image-preview:large, max-video-preview:-1\" \/>\n<link rel=\"canonical\" href=\"https:\/\/redeicm.org.br\/coracaodemaria\/dia-do-estudante-2026\/\" \/>\n<meta property=\"og:locale\" content=\"pt_BR\" \/>\n<meta property=\"og:type\" content=\"article\" \/>\n<meta property=\"og:title\" content=\"Dia do Estudante 2026: CCM celebra dedica\u00e7\u00e3o, conquistas e talentos\" \/>\n<meta property=\"og:description\" content=\"Confira como foi o Dia do Estudante no Col\u00e9gio Cora\u00e7\u00e3o de Maria, com registros da premia\u00e7\u00e3o, show de talentos e apresenta\u00e7\u00e3o da Banda Plural.\" \/>\n<meta property=\"og:url\" content=\"https:\/\/redeicm.org.br\/coracaodemaria\/dia-do-estudante-2026\/\" \/>\n<meta property=\"og:site_name\" content=\"Col\u00e9gio Cora\u00e7\u00e3o de Maria | Rede ICM\" \/>\n<meta property=\"article:published_time\" content=\"2026-08-19T11:26:14+00:00\" \/>\n<meta property=\"og:image\" content=\"https:\/\/redeicm.org.br\/coracaodemaria\/wp-content\/uploads\/sites\/7\/2026\/08\/CAPA-SITE-4.jpg\" \/>\n\t<meta property=\"og:image:width\" content=\"2000\" \/>\n\t<meta property=\"og:image:height\" content=\"1060\" \/>\n\t<meta property=\"og:image:type\" content=\"image\/jpeg\" \/>\n<meta name=\"author\" content=\"sabrina\" \/>\n<meta name=\"twitter:card\" content=\"summary_large_image\" \/>\n<meta name=\"twitter:label1\" content=\"Escrito por\" \/>\n\t<meta name=\"twitter:data1\" content=\"sabrina\" \/>\n\t<meta name=\"twitter:label2\" content=\"Est. tempo de leitura\" \/>\n\t<meta name=\"twitter:data2\" content=\"3 minutos\" \/>\n<script type=\"application\/ld+json\" class=\"yoast-schema-graph\">{\"@context\":\"https:\\\/\\\/schema.org\",\"@graph\":[{\"@type\":\"Article\",\"@id\":\"https:\\\/\\\/redeicm.org.br\\\/coracaodemaria\\\/dia-do-estudante-2026\\\/#article\",\"isPartOf\":{\"@id\":\"https:\\\/\\\/redeicm.org.br\\\/coracaodemaria\\\/dia-do-estudante-2026\\\/\"},\"author\":{\"name\":\"sabrina\",\"@id\":\"https:\\\/\\\/redeicm.org.br\\\/coracaodemaria\\\/#\\\/schema\\\/person\\\/874042255a6257c9be414f3c19f4caab\"},\"headline\":\"Dia do Estudante: Col\u00e9gio Cora\u00e7\u00e3o de Maria celebra dedica\u00e7\u00e3o, conquistas e talentos\",\"datePublished\":\"2026-08-19T11:26:14+00:00\",\"mainEntityOfPage\":{\"@id\":\"https:\\\/\\\/redeicm.org.br\\\/coracaodemaria\\\/dia-do-estudante-2026\\\/\"},\"wordCount\":528,\"commentCount\":0,\"publisher\":{\"@id\":\"https:\\\/\\\/redeicm.org.br\\\/coracaodemaria\\\/#organization\"},\"image\":{\"@id\":\"https:\\\/\\\/redeicm.org.br\\\/coracaodemaria\\\/dia-do-estudante-2026\\\/#primaryimage\"},\"thumbnailUrl\":\"https:\\\/\\\/redeicm.org.br\\\/coracaodemaria\\\/wp-content\\\/uploads\\\/sites\\\/7\\\/2026\\\/08\\\/CAPA-SITE-4.jpg\",\"keywords\":[\"Banda Plural\",\"Concurso Canguru de Matem\u00e1tica\",\"Dia do Estudante\",\"Show de talentos\"],\"articleSection\":[\"Not\u00edcias\"],\"inLanguage\":\"pt-BR\",\"potentialAction\":[{\"@type\":\"CommentAction\",\"name\":\"Comment\",\"target\":[\"https:\\\/\\\/redeicm.org.br\\\/coracaodemaria\\\/dia-do-estudante-2026\\\/#respond\"]}]},{\"@type\":\"WebPage\",\"@id\":\"https:\\\/\\\/redeicm.org.br\\\/coracaodemaria\\\/dia-do-estudante-2026\\\/\",\"url\":\"https:\\\/\\\/redeicm.org.br\\\/coracaodemaria\\\/dia-do-estudante-2026\\\/\",\"name\":\"Dia do Estudante 2026: CCM celebra dedica\u00e7\u00e3o, conquistas e talentos\",\"isPartOf\":{\"@id\":\"https:\\\/\\\/redeicm.org.br\\\/coracaodemaria\\\/#website\"},\"primaryImageOfPage\":{\"@id\":\"https:\\\/\\\/redeicm.org.br\\\/coracaodemaria\\\/dia-do-estudante-2026\\\/#primaryimage\"},\"image\":{\"@id\":\"https:\\\/\\\/redeicm.org.br\\\/coracaodemaria\\\/dia-do-estudante-2026\\\/#primaryimage\"},\"thumbnailUrl\":\"https:\\\/\\\/redeicm.org.br\\\/coracaodemaria\\\/wp-content\\\/uploads\\\/sites\\\/7\\\/2026\\\/08\\\/CAPA-SITE-4.jpg\",\"datePublished\":\"2026-08-19T11:26:14+00:00\",\"description\":\"Confira como foi o Dia do Estudante no Col\u00e9gio Cora\u00e7\u00e3o de Maria, com registros da premia\u00e7\u00e3o, show de talentos e apresenta\u00e7\u00e3o da Banda Plural.\",\"breadcrumb\":{\"@id\":\"https:\\\/\\\/redeicm.org.br\\\/coracaodemaria\\\/dia-do-estudante-2026\\\/#breadcrumb\"},\"inLanguage\":\"pt-BR\",\"potentialAction\":[{\"@type\":\"ReadAction\",\"target\":[\"https:\\\/\\\/redeicm.org.br\\\/coracaodemaria\\\/dia-do-estudante-2026\\\/\"]}]},{\"@type\":\"ImageObject\",\"inLanguage\":\"pt-BR\",\"@id\":\"https:\\\/\\\/redeicm.org.br\\\/coracaodemaria\\\/dia-do-estudante-2026\\\/#primaryimage\",\"url\":\"https:\\\/\\\/redeicm.org.br\\\/coracaodemaria\\\/wp-content\\\/uploads\\\/sites\\\/7\\\/2026\\\/08\\\/CAPA-SITE-4.jpg\",\"contentUrl\":\"https:\\\/\\\/redeicm.org.br\\\/coracaodemaria\\\/wp-content\\\/uploads\\\/sites\\\/7\\\/2026\\\/08\\\/CAPA-SITE-4.jpg\",\"width\":2000,\"height\":1060},{\"@type\":\"BreadcrumbList\",\"@id\":\"https:\\\/\\\/redeicm.org.br\\\/coracaodemaria\\\/dia-do-estudante-2026\\\/#breadcrumb\",\"itemListElement\":[{\"@type\":\"ListItem\",\"position\":1,\"name\":\"In\u00edcio\",\"item\":\"https:\\\/\\\/redeicm.org.br\\\/coracaodemaria\\\/\"},{\"@type\":\"ListItem\",\"position\":2,\"name\":\"Dia do Estudante: Col\u00e9gio Cora\u00e7\u00e3o de Maria celebra dedica\u00e7\u00e3o, conquistas e talentos\"}]},{\"@type\":\"WebSite\",\"@id\":\"https:\\\/\\\/redeicm.org.br\\\/coracaodemaria\\\/#website\",\"url\":\"https:\\\/\\\/redeicm.org.br\\\/coracaodemaria\\\/\",\"name\":\"Col\u00e9gio Cora\u00e7\u00e3o de Maria | Rede ICM\",\"description\":\"\",\"publisher\":{\"@id\":\"https:\\\/\\\/redeicm.org.br\\\/coracaodemaria\\\/#organization\"},\"potentialAction\":[{\"@type\":\"SearchAction\",\"target\":{\"@type\":\"EntryPoint\",\"urlTemplate\":\"https:\\\/\\\/redeicm.org.br\\\/coracaodemaria\\\/?s={search_term_string}\"},\"query-input\":{\"@type\":\"PropertyValueSpecification\",\"valueRequired\":true,\"valueName\":\"search_term_string\"}}],\"inLanguage\":\"pt-BR\"},{\"@type\":\"Organization\",\"@id\":\"https:\\\/\\\/redeicm.org.br\\\/coracaodemaria\\\/#organization\",\"name\":\"Col\u00e9gio Cora\u00e7\u00e3o de Maria | Rede ICM\",\"url\":\"https:\\\/\\\/redeicm.org.br\\\/coracaodemaria\\\/\",\"logo\":{\"@type\":\"ImageObject\",\"inLanguage\":\"pt-BR\",\"@id\":\"https:\\\/\\\/redeicm.org.br\\\/coracaodemaria\\\/#\\\/schema\\\/logo\\\/image\\\/\",\"url\":\"https:\\\/\\\/redeicm.org.br\\\/coracaodemaria\\\/wp-content\\\/uploads\\\/sites\\\/7\\\/2024\\\/08\\\/icm-educacao-coracao-de-maria-rs.webp\",\"contentUrl\":\"https:\\\/\\\/redeicm.org.br\\\/coracaodemaria\\\/wp-content\\\/uploads\\\/sites\\\/7\\\/2024\\\/08\\\/icm-educacao-coracao-de-maria-rs.webp\",\"width\":1024,\"height\":297,\"caption\":\"Col\u00e9gio Cora\u00e7\u00e3o de Maria | Rede ICM\"},\"image\":{\"@id\":\"https:\\\/\\\/redeicm.org.br\\\/coracaodemaria\\\/#\\\/schema\\\/logo\\\/image\\\/\"}},{\"@type\":\"Person\",\"@id\":\"https:\\\/\\\/redeicm.org.br\\\/coracaodemaria\\\/#\\\/schema\\\/person\\\/874042255a6257c9be414f3c19f4caab\",\"name\":\"sabrina\",\"image\":{\"@type\":\"ImageObject\",\"inLanguage\":\"pt-BR\",\"@id\":\"https:\\\/\\\/secure.gravatar.com\\\/avatar\\\/29889f6bbfc859c3f2a37b51442fb5216ed4c6a5ccfa9745859259d329be46f7?s=96&d=mm&r=g\",\"url\":\"https:\\\/\\\/secure.gravatar.com\\\/avatar\\\/29889f6bbfc859c3f2a37b51442fb5216ed4c6a5ccfa9745859259d329be46f7?s=96&d=mm&r=g\",\"contentUrl\":\"https:\\\/\\\/secure.gravatar.com\\\/avatar\\\/29889f6bbfc859c3f2a37b51442fb5216ed4c6a5ccfa9745859259d329be46f7?s=96&d=mm&r=g\",\"caption\":\"sabrina\"},\"url\":\"https:\\\/\\\/redeicm.org.br\\\/coracaodemaria\\\/author\\\/sabrina\\\/\"}]}<\/script>\n<!-- \/ Yoast SEO plugin. -->","yoast_head_json":{"title":"Dia do Estudante 2026: CCM celebra dedica\u00e7\u00e3o, conquistas e talentos","description":"Confira como foi o Dia do Estudante no Col\u00e9gio Cora\u00e7\u00e3o de Maria, com registros da premia\u00e7\u00e3o, show de talentos e apresenta\u00e7\u00e3o da Banda Plural.","robots":{"index":"index","follow":"follow","max-snippet":"max-snippet:-1","max-image-preview":"max-image-preview:large","max-video-preview":"max-video-preview:-1"},"canonical":"https:\/\/redeicm.org.br\/coracaodemaria\/dia-do-estudante-2026\/","og_locale":"pt_BR","og_type":"article","og_title":"Dia do Estudante 2026: CCM celebra dedica\u00e7\u00e3o, conquistas e talentos","og_description":"Confira como foi o Dia do Estudante no Col\u00e9gio Cora\u00e7\u00e3o de Maria, com registros da premia\u00e7\u00e3o, show de talentos e apresenta\u00e7\u00e3o da Banda Plural.","og_url":"https:\/\/redeicm.org.br\/coracaodemaria\/dia-do-estudante-2026\/","og_site_name":"Col\u00e9gio Cora\u00e7\u00e3o de Maria | Rede ICM","article_published_time":"2026-08-19T11:26:14+00:00","og_image":[{"width":2000,"height":1060,"url":"https:\/\/redeicm.org.br\/coracaodemaria\/wp-content\/uploads\/sites\/7\/2026\/08\/CAPA-SITE-4.jpg","type":"image\/jpeg"}],"author":"sabrina","twitter_card":"summary_large_image","twitter_misc":{"Escrito por":"sabrina","Est. tempo de leitura":"3 minutos"},"schema":{"@context":"https:\/\/schema.org","@graph":[{"@type":"Article","@id":"https:\/\/redeicm.org.br\/coracaodemaria\/dia-do-estudante-2026\/#article","isPartOf":{"@id":"https:\/\/redeicm.org.br\/coracaodemaria\/dia-do-estudante-2026\/"},"author":{"name":"sabrina","@id":"https:\/\/redeicm.org.br\/coracaodemaria\/#\/schema\/person\/874042255a6257c9be414f3c19f4caab"},"headline":"Dia do Estudante: Col\u00e9gio Cora\u00e7\u00e3o de Maria celebra dedica\u00e7\u00e3o, conquistas e talentos","datePublished":"2026-08-19T11:26:14+00:00","mainEntityOfPage":{"@id":"https:\/\/redeicm.org.br\/coracaodemaria\/dia-do-estudante-2026\/"},"wordCount":528,"commentCount":0,"publisher":{"@id":"https:\/\/redeicm.org.br\/coracaodemaria\/#organization"},"image":{"@id":"https:\/\/redeicm.org.br\/coracaodemaria\/dia-do-estudante-2026\/#primaryimage"},"thumbnailUrl":"https:\/\/redeicm.org.br\/coracaodemaria\/wp-content\/uploads\/sites\/7\/2026\/08\/CAPA-SITE-4.jpg","keywords":["Banda Plural","Concurso Canguru de Matem\u00e1tica","Dia do Estudante","Show de talentos"],"articleSection":["Not\u00edcias"],"inLanguage":"pt-BR","potentialAction":[{"@type":"CommentAction","name":"Comment","target":["https:\/\/redeicm.org.br\/coracaodemaria\/dia-do-estudante-2026\/#respond"]}]},{"@type":"WebPage","@id":"https:\/\/redeicm.org.br\/coracaodemaria\/dia-do-estudante-2026\/","url":"https:\/\/redeicm.org.br\/coracaodemaria\/dia-do-estudante-2026\/","name":"Dia do Estudante 2026: CCM celebra dedica\u00e7\u00e3o, conquistas e talentos","isPartOf":{"@id":"https:\/\/redeicm.org.br\/coracaodemaria\/#website"},"primaryImageOfPage":{"@id":"https:\/\/redeicm.org.br\/coracaodemaria\/dia-do-estudante-2026\/#primaryimage"},"image":{"@id":"https:\/\/redeicm.org.br\/coracaodemaria\/dia-do-estudante-2026\/#primaryimage"},"thumbnailUrl":"https:\/\/redeicm.org.br\/coracaodemaria\/wp-content\/uploads\/sites\/7\/2026\/08\/CAPA-SITE-4.jpg","datePublished":"2026-08-19T11:26:14+00:00","description":"Confira como foi o Dia do Estudante no Col\u00e9gio Cora\u00e7\u00e3o de Maria, com registros da premia\u00e7\u00e3o, show de talentos e apresenta\u00e7\u00e3o da Banda Plural.","breadcrumb":{"@id":"https:\/\/redeicm.org.br\/coracaodemaria\/dia-do-estudante-2026\/#breadcrumb"},"inLanguage":"pt-BR","potentialAction":[{"@type":"ReadAction","target":["https:\/\/redeicm.org.br\/coracaodemaria\/dia-do-estudante-2026\/"]}]},{"@type":"ImageObject","inLanguage":"pt-BR","@id":"https:\/\/redeicm.org.br\/coracaodemaria\/dia-do-estudante-2026\/#primaryimage","url":"https:\/\/redeicm.org.br\/coracaodemaria\/wp-content\/uploads\/sites\/7\/2026\/08\/CAPA-SITE-4.jpg","contentUrl":"https:\/\/redeicm.org.br\/coracaodemaria\/wp-content\/uploads\/sites\/7\/2026\/08\/CAPA-SITE-4.jpg","width":2000,"height":1060},{"@type":"BreadcrumbList","@id":"https:\/\/redeicm.org.br\/coracaodemaria\/dia-do-estudante-2026\/#breadcrumb","itemListElement":[{"@type":"ListItem","position":1,"name":"In\u00edcio","item":"https:\/\/redeicm.org.br\/coracaodemaria\/"},{"@type":"ListItem","position":2,"name":"Dia do Estudante: Col\u00e9gio Cora\u00e7\u00e3o de Maria celebra dedica\u00e7\u00e3o, conquistas e talentos"}]},{"@type":"WebSite","@id":"https:\/\/redeicm.org.br\/coracaodemaria\/#website","url":"https:\/\/redeicm.org.br\/coracaodemaria\/","name":"Col\u00e9gio Cora\u00e7\u00e3o de Maria | Rede ICM","description":"","publisher":{"@id":"https:\/\/redeicm.org.br\/coracaodemaria\/#organization"},"potentialAction":[{"@type":"SearchAction","target":{"@type":"EntryPoint","urlTemplate":"https:\/\/redeicm.org.br\/coracaodemaria\/?s={search_term_string}"},"query-input":{"@type":"PropertyValueSpecification","valueRequired":true,"valueName":"search_term_string"}}],"inLanguage":"pt-BR"},{"@type":"Organization","@id":"https:\/\/redeicm.org.br\/coracaodemaria\/#organization","name":"Col\u00e9gio Cora\u00e7\u00e3o de Maria | Rede ICM","url":"https:\/\/redeicm.org.br\/coracaodemaria\/","logo":{"@type":"ImageObject","inLanguage":"pt-BR","@id":"https:\/\/redeicm.org.br\/coracaodemaria\/#\/schema\/logo\/image\/","url":"https:\/\/redeicm.org.br\/coracaodemaria\/wp-content\/uploads\/sites\/7\/2024\/08\/icm-educacao-coracao-de-maria-rs.webp","contentUrl":"https:\/\/redeicm.org.br\/coracaodemaria\/wp-content\/uploads\/sites\/7\/2024\/08\/icm-educacao-coracao-de-maria-rs.webp","width":1024,"height":297,"caption":"Col\u00e9gio Cora\u00e7\u00e3o de Maria | Rede ICM"},"image":{"@id":"https:\/\/redeicm.org.br\/coracaodemaria\/#\/schema\/logo\/image\/"}},{"@type":"Person","@id":"https:\/\/redeicm.org.br\/coracaodemaria\/#\/schema\/person\/874042255a6257c9be414f3c19f4caab","name":"sabrina","image":{"@type":"ImageObject","inLanguage":"pt-BR","@id":"https:\/\/secure.gravatar.com\/avatar\/29889f6bbfc859c3f2a37b51442fb5216ed4c6a5ccfa9745859259d329be46f7?s=96&d=mm&r=g","url":"https:\/\/secure.gravatar.com\/avatar\/29889f6bbfc859c3f2a37b51442fb5216ed4c6a5ccfa9745859259d329be46f7?s=96&d=mm&r=g","contentUrl":"https:\/\/secure.gravatar.com\/avatar\/29889f6bbfc859c3f2a37b51442fb5216ed4c6a5ccfa9745859259d329be46f7?s=96&d=mm&r=g","caption":"sabrina"},"url":"https:\/\/redeicm.org.br\/coracaodemaria\/author\/sabrina\/"}]}},"_links":{"self":[{"href":"https:\/\/redeicm.org.br\/coracaodemaria\/wp-json\/wp\/v2\/posts\/2747","targetHints":{"allow":["GET"]}}],"collection":[{"href":"https:\/\/redeicm.org.br\/coracaodemaria\/wp-json\/wp\/v2\/posts"}],"about":[{"href":"https:\/\/redeicm.org.br\/coracaodemaria\/wp-json\/wp\/v2\/types\/post"}],"author":[{"embeddable":true,"href":"https:\/\/redeicm.org.br\/coracaodemaria\/wp-json\/wp\/v2\/users\/71"}],"replies":[{"embeddable":true,"href":"https:\/\/redeicm.org.br\/coracaodemaria\/wp-json\/wp\/v2\/comments?post=2747"}],"version-history":[{"count":19,"href":"https:\/\/redeicm.org.br\/coracaodemaria\/wp-json\/wp\/v2\/posts\/2747\/revisions"}],"predecessor-version":[{"id":2800,"href":"https:\/\/redeicm.org.br\/coracaodemaria\/wp-json\/wp\/v2\/posts\/2747\/revisions\/2800"}],"wp:featuredmedia":[{"embeddable":true,"href":"https:\/\/redeicm.org.br\/coracaodemaria\/wp-json\/wp\/v2\/media\/2798"}],"wp:attachment":[{"href":"https:\/\/redeicm.org.br\/coracaodemaria\/wp-json\/wp\/v2\/media?parent=2747"}],"wp:term":[{"taxonomy":"category","embeddable":true,"href":"https:\/\/redeicm.org.br\/coracaodemaria\/wp-json\/wp\/v2\/categories?post=2747"},{"taxonomy":"post_tag","embeddable":true,"href":"https:\/\/redeicm.org.br\/coracaodemaria\/wp-json\/wp\/v2\/tags?post=2747"}],"curies":[{"name":"wp","href":"https:\/\/api.w.org\/{rel}","templated":true}]}}