{"id":1229,"date":"2026-08-25T14:11:13","date_gmt":"2026-08-25T17:11:13","guid":{"rendered":"https:\/\/redeicm.org.br\/casadacrianca\/?p=1229"},"modified":"2026-08-25T14:11:13","modified_gmt":"2026-08-25T17:11:13","slug":"%f0%9f%93%9a%f0%9f%8e%89-gincana-do-eca-aprender-brincar-e-conhecer-nossos-direitos-%f0%9f%92%99","status":"publish","type":"post","link":"https:\/\/redeicm.org.br\/casadacrianca\/%f0%9f%93%9a%f0%9f%8e%89-gincana-do-eca-aprender-brincar-e-conhecer-nossos-direitos-%f0%9f%92%99\/","title":{"rendered":"\ud83d\udcda\ud83c\udf89 Gincana do ECA: aprender, brincar e conhecer nossos direitos! \ud83d\udc99"},"content":{"rendered":"<p>A gincana teve como objetivo proporcionar \u00e0s crian\u00e7as e aos adolescentes um momento educativo, participativo e l\u00fadico para conhecer e refletir sobre o Estatuto da Crian\u00e7a e do Adolescente (ECA), fortalecendo o conhecimento acerca de seus direitos e deveres.<\/p>\n<p>Por meio de atividades recreativas, desafios e din\u00e2micas em grupo, buscou-se estimular a participa\u00e7\u00e3o, a coopera\u00e7\u00e3o, o respeito m\u00fatuo e a conviv\u00eancia, contribuindo para que os participantes compreendessem, de forma acess\u00edvel e significativa, a import\u00e2ncia da garantia dos direitos de crian\u00e7as e adolescentes e do exerc\u00edcio da cidadania.<\/p>\n<p>A atividade tamb\u00e9m teve como prop\u00f3sito fortalecer v\u00ednculos entre os participantes e incentivar a constru\u00e7\u00e3o de um ambiente de respeito, prote\u00e7\u00e3o, di\u00e1logo e valoriza\u00e7\u00e3o da inf\u00e2ncia e da adolesc\u00eancia. \ud83d\udc99<\/p>\n<p>A gincana foi realizada pela Assistente Social e pela Psic\u00f3loga, com a colabora\u00e7\u00e3o dos demais educadores, instrutores e da coordena\u00e7\u00e3o pedag\u00f3gica.<\/p>\n<p><img fetchpriority=\"high\" decoding=\"async\" class=\"alignnone size-medium wp-image-1230\" src=\"https:\/\/redeicm.org.br\/casadacrianca\/wp-content\/uploads\/sites\/6\/2026\/08\/WhatsApp-Image-2026-08-25-at-09.11.21-6-240x300.jpeg\" alt=\"\" width=\"240\" height=\"300\" srcset=\"https:\/\/redeicm.org.br\/casadacrianca\/wp-content\/uploads\/sites\/6\/2026\/08\/WhatsApp-Image-2026-08-25-at-09.11.21-6-240x300.jpeg 240w, https:\/\/redeicm.org.br\/casadacrianca\/wp-content\/uploads\/sites\/6\/2026\/08\/WhatsApp-Image-2026-08-25-at-09.11.21-6-819x1024.jpeg 819w, https:\/\/redeicm.org.br\/casadacrianca\/wp-content\/uploads\/sites\/6\/2026\/08\/WhatsApp-Image-2026-08-25-at-09.11.21-6-768x960.jpeg 768w, https:\/\/redeicm.org.br\/casadacrianca\/wp-content\/uploads\/sites\/6\/2026\/08\/WhatsApp-Image-2026-08-25-at-09.11.21-6-1229x1536.jpeg 1229w, https:\/\/redeicm.org.br\/casadacrianca\/wp-content\/uploads\/sites\/6\/2026\/08\/WhatsApp-Image-2026-08-25-at-09.11.21-6.jpeg 1280w\" sizes=\"(max-width: 240px) 100vw, 240px\" \/> <img decoding=\"async\" class=\"alignnone size-medium wp-image-1231\" src=\"https:\/\/redeicm.org.br\/casadacrianca\/wp-content\/uploads\/sites\/6\/2026\/08\/WhatsApp-Image-2026-08-25-at-09.11.21-5-240x300.jpeg\" alt=\"\" width=\"240\" height=\"300\" srcset=\"https:\/\/redeicm.org.br\/casadacrianca\/wp-content\/uploads\/sites\/6\/2026\/08\/WhatsApp-Image-2026-08-25-at-09.11.21-5-240x300.jpeg 240w, https:\/\/redeicm.org.br\/casadacrianca\/wp-content\/uploads\/sites\/6\/2026\/08\/WhatsApp-Image-2026-08-25-at-09.11.21-5-819x1024.jpeg 819w, https:\/\/redeicm.org.br\/casadacrianca\/wp-content\/uploads\/sites\/6\/2026\/08\/WhatsApp-Image-2026-08-25-at-09.11.21-5-768x960.jpeg 768w, https:\/\/redeicm.org.br\/casadacrianca\/wp-content\/uploads\/sites\/6\/2026\/08\/WhatsApp-Image-2026-08-25-at-09.11.21-5-1229x1536.jpeg 1229w, https:\/\/redeicm.org.br\/casadacrianca\/wp-content\/uploads\/sites\/6\/2026\/08\/WhatsApp-Image-2026-08-25-at-09.11.21-5.jpeg 1280w\" sizes=\"(max-width: 240px) 100vw, 240px\" \/> <img decoding=\"async\" class=\"alignnone size-medium wp-image-1232\" src=\"https:\/\/redeicm.org.br\/casadacrianca\/wp-content\/uploads\/sites\/6\/2026\/08\/WhatsApp-Image-2026-08-25-at-09.11.21-4-240x300.jpeg\" alt=\"\" width=\"240\" height=\"300\" srcset=\"https:\/\/redeicm.org.br\/casadacrianca\/wp-content\/uploads\/sites\/6\/2026\/08\/WhatsApp-Image-2026-08-25-at-09.11.21-4-240x300.jpeg 240w, https:\/\/redeicm.org.br\/casadacrianca\/wp-content\/uploads\/sites\/6\/2026\/08\/WhatsApp-Image-2026-08-25-at-09.11.21-4-819x1024.jpeg 819w, https:\/\/redeicm.org.br\/casadacrianca\/wp-content\/uploads\/sites\/6\/2026\/08\/WhatsApp-Image-2026-08-25-at-09.11.21-4-768x960.jpeg 768w, https:\/\/redeicm.org.br\/casadacrianca\/wp-content\/uploads\/sites\/6\/2026\/08\/WhatsApp-Image-2026-08-25-at-09.11.21-4-1229x1536.jpeg 1229w, https:\/\/redeicm.org.br\/casadacrianca\/wp-content\/uploads\/sites\/6\/2026\/08\/WhatsApp-Image-2026-08-25-at-09.11.21-4.jpeg 1280w\" sizes=\"(max-width: 240px) 100vw, 240px\" \/> <img loading=\"lazy\" decoding=\"async\" class=\"alignnone size-medium wp-image-1233\" src=\"https:\/\/redeicm.org.br\/casadacrianca\/wp-content\/uploads\/sites\/6\/2026\/08\/WhatsApp-Image-2026-08-25-at-09.11.21-3-240x300.jpeg\" alt=\"\" width=\"240\" height=\"300\" srcset=\"https:\/\/redeicm.org.br\/casadacrianca\/wp-content\/uploads\/sites\/6\/2026\/08\/WhatsApp-Image-2026-08-25-at-09.11.21-3-240x300.jpeg 240w, https:\/\/redeicm.org.br\/casadacrianca\/wp-content\/uploads\/sites\/6\/2026\/08\/WhatsApp-Image-2026-08-25-at-09.11.21-3-819x1024.jpeg 819w, https:\/\/redeicm.org.br\/casadacrianca\/wp-content\/uploads\/sites\/6\/2026\/08\/WhatsApp-Image-2026-08-25-at-09.11.21-3-768x960.jpeg 768w, https:\/\/redeicm.org.br\/casadacrianca\/wp-content\/uploads\/sites\/6\/2026\/08\/WhatsApp-Image-2026-08-25-at-09.11.21-3-1229x1536.jpeg 1229w, https:\/\/redeicm.org.br\/casadacrianca\/wp-content\/uploads\/sites\/6\/2026\/08\/WhatsApp-Image-2026-08-25-at-09.11.21-3.jpeg 1280w\" sizes=\"(max-width: 240px) 100vw, 240px\" \/> <img loading=\"lazy\" decoding=\"async\" class=\"alignnone size-medium wp-image-1234\" src=\"https:\/\/redeicm.org.br\/casadacrianca\/wp-content\/uploads\/sites\/6\/2026\/08\/WhatsApp-Image-2026-08-25-at-09.11.21-2-240x300.jpeg\" alt=\"\" width=\"240\" height=\"300\" srcset=\"https:\/\/redeicm.org.br\/casadacrianca\/wp-content\/uploads\/sites\/6\/2026\/08\/WhatsApp-Image-2026-08-25-at-09.11.21-2-240x300.jpeg 240w, https:\/\/redeicm.org.br\/casadacrianca\/wp-content\/uploads\/sites\/6\/2026\/08\/WhatsApp-Image-2026-08-25-at-09.11.21-2-819x1024.jpeg 819w, https:\/\/redeicm.org.br\/casadacrianca\/wp-content\/uploads\/sites\/6\/2026\/08\/WhatsApp-Image-2026-08-25-at-09.11.21-2-768x960.jpeg 768w, https:\/\/redeicm.org.br\/casadacrianca\/wp-content\/uploads\/sites\/6\/2026\/08\/WhatsApp-Image-2026-08-25-at-09.11.21-2-1229x1536.jpeg 1229w, https:\/\/redeicm.org.br\/casadacrianca\/wp-content\/uploads\/sites\/6\/2026\/08\/WhatsApp-Image-2026-08-25-at-09.11.21-2.jpeg 1280w\" sizes=\"(max-width: 240px) 100vw, 240px\" \/> <img loading=\"lazy\" decoding=\"async\" class=\"alignnone size-medium wp-image-1235\" src=\"https:\/\/redeicm.org.br\/casadacrianca\/wp-content\/uploads\/sites\/6\/2026\/08\/WhatsApp-Image-2026-08-25-at-09.11.21-1-240x300.jpeg\" alt=\"\" width=\"240\" height=\"300\" srcset=\"https:\/\/redeicm.org.br\/casadacrianca\/wp-content\/uploads\/sites\/6\/2026\/08\/WhatsApp-Image-2026-08-25-at-09.11.21-1-240x300.jpeg 240w, https:\/\/redeicm.org.br\/casadacrianca\/wp-content\/uploads\/sites\/6\/2026\/08\/WhatsApp-Image-2026-08-25-at-09.11.21-1-819x1024.jpeg 819w, https:\/\/redeicm.org.br\/casadacrianca\/wp-content\/uploads\/sites\/6\/2026\/08\/WhatsApp-Image-2026-08-25-at-09.11.21-1-768x960.jpeg 768w, https:\/\/redeicm.org.br\/casadacrianca\/wp-content\/uploads\/sites\/6\/2026\/08\/WhatsApp-Image-2026-08-25-at-09.11.21-1-1229x1536.jpeg 1229w, https:\/\/redeicm.org.br\/casadacrianca\/wp-content\/uploads\/sites\/6\/2026\/08\/WhatsApp-Image-2026-08-25-at-09.11.21-1.jpeg 1280w\" sizes=\"(max-width: 240px) 100vw, 240px\" \/> <img loading=\"lazy\" decoding=\"async\" class=\"alignnone size-medium wp-image-1236\" src=\"https:\/\/redeicm.org.br\/casadacrianca\/wp-content\/uploads\/sites\/6\/2026\/08\/WhatsApp-Image-2026-08-25-at-09.11.21-240x300.jpeg\" alt=\"\" width=\"240\" height=\"300\" srcset=\"https:\/\/redeicm.org.br\/casadacrianca\/wp-content\/uploads\/sites\/6\/2026\/08\/WhatsApp-Image-2026-08-25-at-09.11.21-240x300.jpeg 240w, https:\/\/redeicm.org.br\/casadacrianca\/wp-content\/uploads\/sites\/6\/2026\/08\/WhatsApp-Image-2026-08-25-at-09.11.21-819x1024.jpeg 819w, https:\/\/redeicm.org.br\/casadacrianca\/wp-content\/uploads\/sites\/6\/2026\/08\/WhatsApp-Image-2026-08-25-at-09.11.21-768x960.jpeg 768w, https:\/\/redeicm.org.br\/casadacrianca\/wp-content\/uploads\/sites\/6\/2026\/08\/WhatsApp-Image-2026-08-25-at-09.11.21-1229x1536.jpeg 1229w, https:\/\/redeicm.org.br\/casadacrianca\/wp-content\/uploads\/sites\/6\/2026\/08\/WhatsApp-Image-2026-08-25-at-09.11.21.jpeg 1280w\" sizes=\"(max-width: 240px) 100vw, 240px\" \/> <img loading=\"lazy\" decoding=\"async\" class=\"alignnone size-medium wp-image-1237\" src=\"https:\/\/redeicm.org.br\/casadacrianca\/wp-content\/uploads\/sites\/6\/2026\/08\/WhatsApp-Image-2026-08-25-at-09.16.57-3-240x300.jpeg\" alt=\"\" width=\"240\" height=\"300\" srcset=\"https:\/\/redeicm.org.br\/casadacrianca\/wp-content\/uploads\/sites\/6\/2026\/08\/WhatsApp-Image-2026-08-25-at-09.16.57-3-240x300.jpeg 240w, https:\/\/redeicm.org.br\/casadacrianca\/wp-content\/uploads\/sites\/6\/2026\/08\/WhatsApp-Image-2026-08-25-at-09.16.57-3-819x1024.jpeg 819w, https:\/\/redeicm.org.br\/casadacrianca\/wp-content\/uploads\/sites\/6\/2026\/08\/WhatsApp-Image-2026-08-25-at-09.16.57-3-768x960.jpeg 768w, https:\/\/redeicm.org.br\/casadacrianca\/wp-content\/uploads\/sites\/6\/2026\/08\/WhatsApp-Image-2026-08-25-at-09.16.57-3.jpeg 1080w\" sizes=\"(max-width: 240px) 100vw, 240px\" \/> <img loading=\"lazy\" decoding=\"async\" class=\"alignnone size-medium wp-image-1238\" src=\"https:\/\/redeicm.org.br\/casadacrianca\/wp-content\/uploads\/sites\/6\/2026\/08\/WhatsApp-Image-2026-08-25-at-09.16.57-2-240x300.jpeg\" alt=\"\" width=\"240\" height=\"300\" srcset=\"https:\/\/redeicm.org.br\/casadacrianca\/wp-content\/uploads\/sites\/6\/2026\/08\/WhatsApp-Image-2026-08-25-at-09.16.57-2-240x300.jpeg 240w, https:\/\/redeicm.org.br\/casadacrianca\/wp-content\/uploads\/sites\/6\/2026\/08\/WhatsApp-Image-2026-08-25-at-09.16.57-2-819x1024.jpeg 819w, https:\/\/redeicm.org.br\/casadacrianca\/wp-content\/uploads\/sites\/6\/2026\/08\/WhatsApp-Image-2026-08-25-at-09.16.57-2-768x960.jpeg 768w, https:\/\/redeicm.org.br\/casadacrianca\/wp-content\/uploads\/sites\/6\/2026\/08\/WhatsApp-Image-2026-08-25-at-09.16.57-2.jpeg 1080w\" sizes=\"(max-width: 240px) 100vw, 240px\" \/> <img loading=\"lazy\" decoding=\"async\" class=\"alignnone size-medium wp-image-1239\" src=\"https:\/\/redeicm.org.br\/casadacrianca\/wp-content\/uploads\/sites\/6\/2026\/08\/WhatsApp-Image-2026-08-25-at-09.16.57-1-240x300.jpeg\" alt=\"\" width=\"240\" height=\"300\" srcset=\"https:\/\/redeicm.org.br\/casadacrianca\/wp-content\/uploads\/sites\/6\/2026\/08\/WhatsApp-Image-2026-08-25-at-09.16.57-1-240x300.jpeg 240w, https:\/\/redeicm.org.br\/casadacrianca\/wp-content\/uploads\/sites\/6\/2026\/08\/WhatsApp-Image-2026-08-25-at-09.16.57-1-819x1024.jpeg 819w, https:\/\/redeicm.org.br\/casadacrianca\/wp-content\/uploads\/sites\/6\/2026\/08\/WhatsApp-Image-2026-08-25-at-09.16.57-1-768x960.jpeg 768w, https:\/\/redeicm.org.br\/casadacrianca\/wp-content\/uploads\/sites\/6\/2026\/08\/WhatsApp-Image-2026-08-25-at-09.16.57-1.jpeg 1080w\" sizes=\"(max-width: 240px) 100vw, 240px\" \/> <img loading=\"lazy\" decoding=\"async\" class=\"alignnone size-medium wp-image-1240\" src=\"https:\/\/redeicm.org.br\/casadacrianca\/wp-content\/uploads\/sites\/6\/2026\/08\/WhatsApp-Image-2026-08-25-at-09.16.57-240x300.jpeg\" alt=\"\" width=\"240\" height=\"300\" srcset=\"https:\/\/redeicm.org.br\/casadacrianca\/wp-content\/uploads\/sites\/6\/2026\/08\/WhatsApp-Image-2026-08-25-at-09.16.57-240x300.jpeg 240w, https:\/\/redeicm.org.br\/casadacrianca\/wp-content\/uploads\/sites\/6\/2026\/08\/WhatsApp-Image-2026-08-25-at-09.16.57-819x1024.jpeg 819w, https:\/\/redeicm.org.br\/casadacrianca\/wp-content\/uploads\/sites\/6\/2026\/08\/WhatsApp-Image-2026-08-25-at-09.16.57-768x960.jpeg 768w, https:\/\/redeicm.org.br\/casadacrianca\/wp-content\/uploads\/sites\/6\/2026\/08\/WhatsApp-Image-2026-08-25-at-09.16.57.jpeg 1080w\" sizes=\"(max-width: 240px) 100vw, 240px\" \/><\/p>\n","protected":false},"excerpt":{"rendered":"<p>A gincana teve como objetivo proporcionar \u00e0s crian\u00e7as e aos adolescentes um momento educativo, participativo e l\u00fadico para conhecer e refletir sobre o Estatuto da Crian\u00e7a e do Adolescente (ECA), fortalecendo o conhecimento acerca de seus direitos e deveres. Por meio de atividades recreativas, desafios e din\u00e2micas em grupo, buscou-se estimular a participa\u00e7\u00e3o, a coopera\u00e7\u00e3o, [&hellip;]<\/p>\n","protected":false},"author":40,"featured_media":1234,"comment_status":"open","ping_status":"open","sticky":false,"template":"","format":"standard","meta":{"_acf_changed":false,"footnotes":""},"categories":[1],"tags":[],"class_list":["post-1229","post","type-post","status-publish","format-standard","has-post-thumbnail","hentry","category-sem-categoria"],"acf":[],"yoast_head":"<!-- This site is optimized with the Yoast SEO plugin v27.8 - https:\/\/yoast.com\/product\/yoast-seo-wordpress\/ -->\n<title>\ud83d\udcda\ud83c\udf89 Gincana do ECA: aprender, brincar e conhecer nossos direitos! \ud83d\udc99 - Casa da Crian\u00e7a Sagrado Cora\u00e7\u00e3o de Jesus | Rede ICM de Educa\u00e7\u00e3o e Assist\u00eancia Social<\/title>\n<meta name=\"robots\" content=\"index, follow, max-snippet:-1, max-image-preview:large, max-video-preview:-1\" \/>\n<link rel=\"canonical\" href=\"https:\/\/redeicm.org.br\/casadacrianca\/\ud83d\udcda\ud83c\udf89-gincana-do-eca-aprender-brincar-e-conhecer-nossos-direitos-\ud83d\udc99\/\" \/>\n<meta property=\"og:locale\" content=\"pt_BR\" \/>\n<meta property=\"og:type\" content=\"article\" \/>\n<meta property=\"og:title\" content=\"\ud83d\udcda\ud83c\udf89 Gincana do ECA: aprender, brincar e conhecer nossos direitos! \ud83d\udc99 - Casa da Crian\u00e7a Sagrado Cora\u00e7\u00e3o de Jesus | Rede ICM de Educa\u00e7\u00e3o e Assist\u00eancia Social\" \/>\n<meta property=\"og:description\" content=\"A gincana teve como objetivo proporcionar \u00e0s crian\u00e7as e aos adolescentes um momento educativo, participativo e l\u00fadico para conhecer e refletir sobre o Estatuto da Crian\u00e7a e do Adolescente (ECA), fortalecendo o conhecimento acerca de seus direitos e deveres. Por meio de atividades recreativas, desafios e din\u00e2micas em grupo, buscou-se estimular a participa\u00e7\u00e3o, a coopera\u00e7\u00e3o, [&hellip;]\" \/>\n<meta property=\"og:url\" content=\"https:\/\/redeicm.org.br\/casadacrianca\/\ud83d\udcda\ud83c\udf89-gincana-do-eca-aprender-brincar-e-conhecer-nossos-direitos-\ud83d\udc99\/\" \/>\n<meta property=\"og:site_name\" content=\"Casa da Crian\u00e7a Sagrado Cora\u00e7\u00e3o de Jesus | Rede ICM de Educa\u00e7\u00e3o e Assist\u00eancia Social\" \/>\n<meta property=\"article:published_time\" content=\"2026-08-25T17:11:13+00:00\" \/>\n<meta property=\"og:image\" content=\"https:\/\/redeicm.org.br\/casadacrianca\/wp-content\/uploads\/sites\/6\/2026\/08\/WhatsApp-Image-2026-08-25-at-09.11.21-2.jpeg\" \/>\n\t<meta property=\"og:image:width\" content=\"1280\" \/>\n\t<meta property=\"og:image:height\" content=\"1600\" \/>\n\t<meta property=\"og:image:type\" content=\"image\/jpeg\" \/>\n<meta name=\"author\" content=\"isabelefontoura\" \/>\n<meta name=\"twitter:card\" content=\"summary_large_image\" \/>\n<meta name=\"twitter:label1\" content=\"Escrito por\" \/>\n\t<meta name=\"twitter:data1\" content=\"isabelefontoura\" \/>\n\t<meta name=\"twitter:label2\" content=\"Est. tempo de leitura\" \/>\n\t<meta name=\"twitter:data2\" content=\"4 minutos\" \/>\n<script type=\"application\/ld+json\" class=\"yoast-schema-graph\">{\"@context\":\"https:\\\/\\\/schema.org\",\"@graph\":[{\"@type\":\"Article\",\"@id\":\"https:\\\/\\\/redeicm.org.br\\\/casadacrianca\\\/%f0%9f%93%9a%f0%9f%8e%89-gincana-do-eca-aprender-brincar-e-conhecer-nossos-direitos-%f0%9f%92%99\\\/#article\",\"isPartOf\":{\"@id\":\"https:\\\/\\\/redeicm.org.br\\\/casadacrianca\\\/%f0%9f%93%9a%f0%9f%8e%89-gincana-do-eca-aprender-brincar-e-conhecer-nossos-direitos-%f0%9f%92%99\\\/\"},\"author\":{\"name\":\"isabelefontoura\",\"@id\":\"https:\\\/\\\/redeicm.org.br\\\/casadacrianca\\\/#\\\/schema\\\/person\\\/c287387b996479259fcf019073489b94\"},\"headline\":\"\ud83d\udcda\ud83c\udf89 Gincana do ECA: aprender, brincar e conhecer nossos direitos! \ud83d\udc99\",\"datePublished\":\"2026-08-25T17:11:13+00:00\",\"mainEntityOfPage\":{\"@id\":\"https:\\\/\\\/redeicm.org.br\\\/casadacrianca\\\/%f0%9f%93%9a%f0%9f%8e%89-gincana-do-eca-aprender-brincar-e-conhecer-nossos-direitos-%f0%9f%92%99\\\/\"},\"wordCount\":171,\"commentCount\":0,\"publisher\":{\"@id\":\"https:\\\/\\\/redeicm.org.br\\\/casadacrianca\\\/#organization\"},\"image\":{\"@id\":\"https:\\\/\\\/redeicm.org.br\\\/casadacrianca\\\/%f0%9f%93%9a%f0%9f%8e%89-gincana-do-eca-aprender-brincar-e-conhecer-nossos-direitos-%f0%9f%92%99\\\/#primaryimage\"},\"thumbnailUrl\":\"https:\\\/\\\/redeicm.org.br\\\/casadacrianca\\\/wp-content\\\/uploads\\\/sites\\\/6\\\/2026\\\/08\\\/WhatsApp-Image-2026-08-25-at-09.11.21-2.jpeg\",\"inLanguage\":\"pt-BR\",\"potentialAction\":[{\"@type\":\"CommentAction\",\"name\":\"Comment\",\"target\":[\"https:\\\/\\\/redeicm.org.br\\\/casadacrianca\\\/%f0%9f%93%9a%f0%9f%8e%89-gincana-do-eca-aprender-brincar-e-conhecer-nossos-direitos-%f0%9f%92%99\\\/#respond\"]}]},{\"@type\":\"WebPage\",\"@id\":\"https:\\\/\\\/redeicm.org.br\\\/casadacrianca\\\/%f0%9f%93%9a%f0%9f%8e%89-gincana-do-eca-aprender-brincar-e-conhecer-nossos-direitos-%f0%9f%92%99\\\/\",\"url\":\"https:\\\/\\\/redeicm.org.br\\\/casadacrianca\\\/%f0%9f%93%9a%f0%9f%8e%89-gincana-do-eca-aprender-brincar-e-conhecer-nossos-direitos-%f0%9f%92%99\\\/\",\"name\":\"\ud83d\udcda\ud83c\udf89 Gincana do ECA: aprender, brincar e conhecer nossos direitos! \ud83d\udc99 - Casa da Crian\u00e7a Sagrado Cora\u00e7\u00e3o de Jesus | Rede ICM de Educa\u00e7\u00e3o e Assist\u00eancia Social\",\"isPartOf\":{\"@id\":\"https:\\\/\\\/redeicm.org.br\\\/casadacrianca\\\/#website\"},\"primaryImageOfPage\":{\"@id\":\"https:\\\/\\\/redeicm.org.br\\\/casadacrianca\\\/%f0%9f%93%9a%f0%9f%8e%89-gincana-do-eca-aprender-brincar-e-conhecer-nossos-direitos-%f0%9f%92%99\\\/#primaryimage\"},\"image\":{\"@id\":\"https:\\\/\\\/redeicm.org.br\\\/casadacrianca\\\/%f0%9f%93%9a%f0%9f%8e%89-gincana-do-eca-aprender-brincar-e-conhecer-nossos-direitos-%f0%9f%92%99\\\/#primaryimage\"},\"thumbnailUrl\":\"https:\\\/\\\/redeicm.org.br\\\/casadacrianca\\\/wp-content\\\/uploads\\\/sites\\\/6\\\/2026\\\/08\\\/WhatsApp-Image-2026-08-25-at-09.11.21-2.jpeg\",\"datePublished\":\"2026-08-25T17:11:13+00:00\",\"breadcrumb\":{\"@id\":\"https:\\\/\\\/redeicm.org.br\\\/casadacrianca\\\/%f0%9f%93%9a%f0%9f%8e%89-gincana-do-eca-aprender-brincar-e-conhecer-nossos-direitos-%f0%9f%92%99\\\/#breadcrumb\"},\"inLanguage\":\"pt-BR\",\"potentialAction\":[{\"@type\":\"ReadAction\",\"target\":[\"https:\\\/\\\/redeicm.org.br\\\/casadacrianca\\\/%f0%9f%93%9a%f0%9f%8e%89-gincana-do-eca-aprender-brincar-e-conhecer-nossos-direitos-%f0%9f%92%99\\\/\"]}]},{\"@type\":\"ImageObject\",\"inLanguage\":\"pt-BR\",\"@id\":\"https:\\\/\\\/redeicm.org.br\\\/casadacrianca\\\/%f0%9f%93%9a%f0%9f%8e%89-gincana-do-eca-aprender-brincar-e-conhecer-nossos-direitos-%f0%9f%92%99\\\/#primaryimage\",\"url\":\"https:\\\/\\\/redeicm.org.br\\\/casadacrianca\\\/wp-content\\\/uploads\\\/sites\\\/6\\\/2026\\\/08\\\/WhatsApp-Image-2026-08-25-at-09.11.21-2.jpeg\",\"contentUrl\":\"https:\\\/\\\/redeicm.org.br\\\/casadacrianca\\\/wp-content\\\/uploads\\\/sites\\\/6\\\/2026\\\/08\\\/WhatsApp-Image-2026-08-25-at-09.11.21-2.jpeg\",\"width\":1280,\"height\":1600},{\"@type\":\"BreadcrumbList\",\"@id\":\"https:\\\/\\\/redeicm.org.br\\\/casadacrianca\\\/%f0%9f%93%9a%f0%9f%8e%89-gincana-do-eca-aprender-brincar-e-conhecer-nossos-direitos-%f0%9f%92%99\\\/#breadcrumb\",\"itemListElement\":[{\"@type\":\"ListItem\",\"position\":1,\"name\":\"In\u00edcio\",\"item\":\"https:\\\/\\\/redeicm.org.br\\\/casadacrianca\\\/\"},{\"@type\":\"ListItem\",\"position\":2,\"name\":\"\ud83d\udcda\ud83c\udf89 Gincana do ECA: aprender, brincar e conhecer nossos direitos! \ud83d\udc99\"}]},{\"@type\":\"WebSite\",\"@id\":\"https:\\\/\\\/redeicm.org.br\\\/casadacrianca\\\/#website\",\"url\":\"https:\\\/\\\/redeicm.org.br\\\/casadacrianca\\\/\",\"name\":\"Casa da Crian\u00e7a Sagrado Cora\u00e7\u00e3o de Jesus | Rede ICM de Educa\u00e7\u00e3o e Assist\u00eancia Social\",\"description\":\"\",\"publisher\":{\"@id\":\"https:\\\/\\\/redeicm.org.br\\\/casadacrianca\\\/#organization\"},\"potentialAction\":[{\"@type\":\"SearchAction\",\"target\":{\"@type\":\"EntryPoint\",\"urlTemplate\":\"https:\\\/\\\/redeicm.org.br\\\/casadacrianca\\\/?s={search_term_string}\"},\"query-input\":{\"@type\":\"PropertyValueSpecification\",\"valueRequired\":true,\"valueName\":\"search_term_string\"}}],\"inLanguage\":\"pt-BR\"},{\"@type\":\"Organization\",\"@id\":\"https:\\\/\\\/redeicm.org.br\\\/casadacrianca\\\/#organization\",\"name\":\"Casa da Crian\u00e7a Sagrado Cora\u00e7\u00e3o de Jesus | Rede ICM de Educa\u00e7\u00e3o e Assist\u00eancia Social\",\"url\":\"https:\\\/\\\/redeicm.org.br\\\/casadacrianca\\\/\",\"logo\":{\"@type\":\"ImageObject\",\"inLanguage\":\"pt-BR\",\"@id\":\"https:\\\/\\\/redeicm.org.br\\\/casadacrianca\\\/#\\\/schema\\\/logo\\\/image\\\/\",\"url\":\"https:\\\/\\\/redeicm.org.br\\\/casadacrianca\\\/wp-content\\\/uploads\\\/sites\\\/6\\\/2024\\\/08\\\/ICM_Socio_Casadacrianca_preferencial-1024x338-1.png\",\"contentUrl\":\"https:\\\/\\\/redeicm.org.br\\\/casadacrianca\\\/wp-content\\\/uploads\\\/sites\\\/6\\\/2024\\\/08\\\/ICM_Socio_Casadacrianca_preferencial-1024x338-1.png\",\"width\":1024,\"height\":338,\"caption\":\"Casa da Crian\u00e7a Sagrado Cora\u00e7\u00e3o de Jesus | Rede ICM de Educa\u00e7\u00e3o e Assist\u00eancia Social\"},\"image\":{\"@id\":\"https:\\\/\\\/redeicm.org.br\\\/casadacrianca\\\/#\\\/schema\\\/logo\\\/image\\\/\"}},{\"@type\":\"Person\",\"@id\":\"https:\\\/\\\/redeicm.org.br\\\/casadacrianca\\\/#\\\/schema\\\/person\\\/c287387b996479259fcf019073489b94\",\"name\":\"isabelefontoura\",\"image\":{\"@type\":\"ImageObject\",\"inLanguage\":\"pt-BR\",\"@id\":\"https:\\\/\\\/secure.gravatar.com\\\/avatar\\\/923fdc7d33a310a21e88020cf45b1567467cc5acdd9eaf9202e5f586945b2d01?s=96&d=mm&r=g\",\"url\":\"https:\\\/\\\/secure.gravatar.com\\\/avatar\\\/923fdc7d33a310a21e88020cf45b1567467cc5acdd9eaf9202e5f586945b2d01?s=96&d=mm&r=g\",\"contentUrl\":\"https:\\\/\\\/secure.gravatar.com\\\/avatar\\\/923fdc7d33a310a21e88020cf45b1567467cc5acdd9eaf9202e5f586945b2d01?s=96&d=mm&r=g\",\"caption\":\"isabelefontoura\"},\"url\":\"https:\\\/\\\/redeicm.org.br\\\/casadacrianca\\\/author\\\/isabelefontoura\\\/\"}]}<\/script>\n<!-- \/ Yoast SEO plugin. -->","yoast_head_json":{"title":"\ud83d\udcda\ud83c\udf89 Gincana do ECA: aprender, brincar e conhecer nossos direitos! \ud83d\udc99 - Casa da Crian\u00e7a Sagrado Cora\u00e7\u00e3o de Jesus | Rede ICM de Educa\u00e7\u00e3o e Assist\u00eancia Social","robots":{"index":"index","follow":"follow","max-snippet":"max-snippet:-1","max-image-preview":"max-image-preview:large","max-video-preview":"max-video-preview:-1"},"canonical":"https:\/\/redeicm.org.br\/casadacrianca\/\ud83d\udcda\ud83c\udf89-gincana-do-eca-aprender-brincar-e-conhecer-nossos-direitos-\ud83d\udc99\/","og_locale":"pt_BR","og_type":"article","og_title":"\ud83d\udcda\ud83c\udf89 Gincana do ECA: aprender, brincar e conhecer nossos direitos! \ud83d\udc99 - Casa da Crian\u00e7a Sagrado Cora\u00e7\u00e3o de Jesus | Rede ICM de Educa\u00e7\u00e3o e Assist\u00eancia Social","og_description":"A gincana teve como objetivo proporcionar \u00e0s crian\u00e7as e aos adolescentes um momento educativo, participativo e l\u00fadico para conhecer e refletir sobre o Estatuto da Crian\u00e7a e do Adolescente (ECA), fortalecendo o conhecimento acerca de seus direitos e deveres. Por meio de atividades recreativas, desafios e din\u00e2micas em grupo, buscou-se estimular a participa\u00e7\u00e3o, a coopera\u00e7\u00e3o, [&hellip;]","og_url":"https:\/\/redeicm.org.br\/casadacrianca\/\ud83d\udcda\ud83c\udf89-gincana-do-eca-aprender-brincar-e-conhecer-nossos-direitos-\ud83d\udc99\/","og_site_name":"Casa da Crian\u00e7a Sagrado Cora\u00e7\u00e3o de Jesus | Rede ICM de Educa\u00e7\u00e3o e Assist\u00eancia Social","article_published_time":"2026-08-25T17:11:13+00:00","og_image":[{"width":1280,"height":1600,"url":"https:\/\/redeicm.org.br\/casadacrianca\/wp-content\/uploads\/sites\/6\/2026\/08\/WhatsApp-Image-2026-08-25-at-09.11.21-2.jpeg","type":"image\/jpeg"}],"author":"isabelefontoura","twitter_card":"summary_large_image","twitter_misc":{"Escrito por":"isabelefontoura","Est. tempo de leitura":"4 minutos"},"schema":{"@context":"https:\/\/schema.org","@graph":[{"@type":"Article","@id":"https:\/\/redeicm.org.br\/casadacrianca\/%f0%9f%93%9a%f0%9f%8e%89-gincana-do-eca-aprender-brincar-e-conhecer-nossos-direitos-%f0%9f%92%99\/#article","isPartOf":{"@id":"https:\/\/redeicm.org.br\/casadacrianca\/%f0%9f%93%9a%f0%9f%8e%89-gincana-do-eca-aprender-brincar-e-conhecer-nossos-direitos-%f0%9f%92%99\/"},"author":{"name":"isabelefontoura","@id":"https:\/\/redeicm.org.br\/casadacrianca\/#\/schema\/person\/c287387b996479259fcf019073489b94"},"headline":"\ud83d\udcda\ud83c\udf89 Gincana do ECA: aprender, brincar e conhecer nossos direitos! \ud83d\udc99","datePublished":"2026-08-25T17:11:13+00:00","mainEntityOfPage":{"@id":"https:\/\/redeicm.org.br\/casadacrianca\/%f0%9f%93%9a%f0%9f%8e%89-gincana-do-eca-aprender-brincar-e-conhecer-nossos-direitos-%f0%9f%92%99\/"},"wordCount":171,"commentCount":0,"publisher":{"@id":"https:\/\/redeicm.org.br\/casadacrianca\/#organization"},"image":{"@id":"https:\/\/redeicm.org.br\/casadacrianca\/%f0%9f%93%9a%f0%9f%8e%89-gincana-do-eca-aprender-brincar-e-conhecer-nossos-direitos-%f0%9f%92%99\/#primaryimage"},"thumbnailUrl":"https:\/\/redeicm.org.br\/casadacrianca\/wp-content\/uploads\/sites\/6\/2026\/08\/WhatsApp-Image-2026-08-25-at-09.11.21-2.jpeg","inLanguage":"pt-BR","potentialAction":[{"@type":"CommentAction","name":"Comment","target":["https:\/\/redeicm.org.br\/casadacrianca\/%f0%9f%93%9a%f0%9f%8e%89-gincana-do-eca-aprender-brincar-e-conhecer-nossos-direitos-%f0%9f%92%99\/#respond"]}]},{"@type":"WebPage","@id":"https:\/\/redeicm.org.br\/casadacrianca\/%f0%9f%93%9a%f0%9f%8e%89-gincana-do-eca-aprender-brincar-e-conhecer-nossos-direitos-%f0%9f%92%99\/","url":"https:\/\/redeicm.org.br\/casadacrianca\/%f0%9f%93%9a%f0%9f%8e%89-gincana-do-eca-aprender-brincar-e-conhecer-nossos-direitos-%f0%9f%92%99\/","name":"\ud83d\udcda\ud83c\udf89 Gincana do ECA: aprender, brincar e conhecer nossos direitos! \ud83d\udc99 - Casa da Crian\u00e7a Sagrado Cora\u00e7\u00e3o de Jesus | Rede ICM de Educa\u00e7\u00e3o e Assist\u00eancia Social","isPartOf":{"@id":"https:\/\/redeicm.org.br\/casadacrianca\/#website"},"primaryImageOfPage":{"@id":"https:\/\/redeicm.org.br\/casadacrianca\/%f0%9f%93%9a%f0%9f%8e%89-gincana-do-eca-aprender-brincar-e-conhecer-nossos-direitos-%f0%9f%92%99\/#primaryimage"},"image":{"@id":"https:\/\/redeicm.org.br\/casadacrianca\/%f0%9f%93%9a%f0%9f%8e%89-gincana-do-eca-aprender-brincar-e-conhecer-nossos-direitos-%f0%9f%92%99\/#primaryimage"},"thumbnailUrl":"https:\/\/redeicm.org.br\/casadacrianca\/wp-content\/uploads\/sites\/6\/2026\/08\/WhatsApp-Image-2026-08-25-at-09.11.21-2.jpeg","datePublished":"2026-08-25T17:11:13+00:00","breadcrumb":{"@id":"https:\/\/redeicm.org.br\/casadacrianca\/%f0%9f%93%9a%f0%9f%8e%89-gincana-do-eca-aprender-brincar-e-conhecer-nossos-direitos-%f0%9f%92%99\/#breadcrumb"},"inLanguage":"pt-BR","potentialAction":[{"@type":"ReadAction","target":["https:\/\/redeicm.org.br\/casadacrianca\/%f0%9f%93%9a%f0%9f%8e%89-gincana-do-eca-aprender-brincar-e-conhecer-nossos-direitos-%f0%9f%92%99\/"]}]},{"@type":"ImageObject","inLanguage":"pt-BR","@id":"https:\/\/redeicm.org.br\/casadacrianca\/%f0%9f%93%9a%f0%9f%8e%89-gincana-do-eca-aprender-brincar-e-conhecer-nossos-direitos-%f0%9f%92%99\/#primaryimage","url":"https:\/\/redeicm.org.br\/casadacrianca\/wp-content\/uploads\/sites\/6\/2026\/08\/WhatsApp-Image-2026-08-25-at-09.11.21-2.jpeg","contentUrl":"https:\/\/redeicm.org.br\/casadacrianca\/wp-content\/uploads\/sites\/6\/2026\/08\/WhatsApp-Image-2026-08-25-at-09.11.21-2.jpeg","width":1280,"height":1600},{"@type":"BreadcrumbList","@id":"https:\/\/redeicm.org.br\/casadacrianca\/%f0%9f%93%9a%f0%9f%8e%89-gincana-do-eca-aprender-brincar-e-conhecer-nossos-direitos-%f0%9f%92%99\/#breadcrumb","itemListElement":[{"@type":"ListItem","position":1,"name":"In\u00edcio","item":"https:\/\/redeicm.org.br\/casadacrianca\/"},{"@type":"ListItem","position":2,"name":"\ud83d\udcda\ud83c\udf89 Gincana do ECA: aprender, brincar e conhecer nossos direitos! \ud83d\udc99"}]},{"@type":"WebSite","@id":"https:\/\/redeicm.org.br\/casadacrianca\/#website","url":"https:\/\/redeicm.org.br\/casadacrianca\/","name":"Casa da Crian\u00e7a Sagrado Cora\u00e7\u00e3o de Jesus | Rede ICM de Educa\u00e7\u00e3o e Assist\u00eancia Social","description":"","publisher":{"@id":"https:\/\/redeicm.org.br\/casadacrianca\/#organization"},"potentialAction":[{"@type":"SearchAction","target":{"@type":"EntryPoint","urlTemplate":"https:\/\/redeicm.org.br\/casadacrianca\/?s={search_term_string}"},"query-input":{"@type":"PropertyValueSpecification","valueRequired":true,"valueName":"search_term_string"}}],"inLanguage":"pt-BR"},{"@type":"Organization","@id":"https:\/\/redeicm.org.br\/casadacrianca\/#organization","name":"Casa da Crian\u00e7a Sagrado Cora\u00e7\u00e3o de Jesus | Rede ICM de Educa\u00e7\u00e3o e Assist\u00eancia Social","url":"https:\/\/redeicm.org.br\/casadacrianca\/","logo":{"@type":"ImageObject","inLanguage":"pt-BR","@id":"https:\/\/redeicm.org.br\/casadacrianca\/#\/schema\/logo\/image\/","url":"https:\/\/redeicm.org.br\/casadacrianca\/wp-content\/uploads\/sites\/6\/2024\/08\/ICM_Socio_Casadacrianca_preferencial-1024x338-1.png","contentUrl":"https:\/\/redeicm.org.br\/casadacrianca\/wp-content\/uploads\/sites\/6\/2024\/08\/ICM_Socio_Casadacrianca_preferencial-1024x338-1.png","width":1024,"height":338,"caption":"Casa da Crian\u00e7a Sagrado Cora\u00e7\u00e3o de Jesus | Rede ICM de Educa\u00e7\u00e3o e Assist\u00eancia Social"},"image":{"@id":"https:\/\/redeicm.org.br\/casadacrianca\/#\/schema\/logo\/image\/"}},{"@type":"Person","@id":"https:\/\/redeicm.org.br\/casadacrianca\/#\/schema\/person\/c287387b996479259fcf019073489b94","name":"isabelefontoura","image":{"@type":"ImageObject","inLanguage":"pt-BR","@id":"https:\/\/secure.gravatar.com\/avatar\/923fdc7d33a310a21e88020cf45b1567467cc5acdd9eaf9202e5f586945b2d01?s=96&d=mm&r=g","url":"https:\/\/secure.gravatar.com\/avatar\/923fdc7d33a310a21e88020cf45b1567467cc5acdd9eaf9202e5f586945b2d01?s=96&d=mm&r=g","contentUrl":"https:\/\/secure.gravatar.com\/avatar\/923fdc7d33a310a21e88020cf45b1567467cc5acdd9eaf9202e5f586945b2d01?s=96&d=mm&r=g","caption":"isabelefontoura"},"url":"https:\/\/redeicm.org.br\/casadacrianca\/author\/isabelefontoura\/"}]}},"_links":{"self":[{"href":"https:\/\/redeicm.org.br\/casadacrianca\/wp-json\/wp\/v2\/posts\/1229","targetHints":{"allow":["GET"]}}],"collection":[{"href":"https:\/\/redeicm.org.br\/casadacrianca\/wp-json\/wp\/v2\/posts"}],"about":[{"href":"https:\/\/redeicm.org.br\/casadacrianca\/wp-json\/wp\/v2\/types\/post"}],"author":[{"embeddable":true,"href":"https:\/\/redeicm.org.br\/casadacrianca\/wp-json\/wp\/v2\/users\/40"}],"replies":[{"embeddable":true,"href":"https:\/\/redeicm.org.br\/casadacrianca\/wp-json\/wp\/v2\/comments?post=1229"}],"version-history":[{"count":1,"href":"https:\/\/redeicm.org.br\/casadacrianca\/wp-json\/wp\/v2\/posts\/1229\/revisions"}],"predecessor-version":[{"id":1241,"href":"https:\/\/redeicm.org.br\/casadacrianca\/wp-json\/wp\/v2\/posts\/1229\/revisions\/1241"}],"wp:featuredmedia":[{"embeddable":true,"href":"https:\/\/redeicm.org.br\/casadacrianca\/wp-json\/wp\/v2\/media\/1234"}],"wp:attachment":[{"href":"https:\/\/redeicm.org.br\/casadacrianca\/wp-json\/wp\/v2\/media?parent=1229"}],"wp:term":[{"taxonomy":"category","embeddable":true,"href":"https:\/\/redeicm.org.br\/casadacrianca\/wp-json\/wp\/v2\/categories?post=1229"},{"taxonomy":"post_tag","embeddable":true,"href":"https:\/\/redeicm.org.br\/casadacrianca\/wp-json\/wp\/v2\/tags?post=1229"}],"curies":[{"name":"wp","href":"https:\/\/api.w.org\/{rel}","templated":true}]}}