{"id":4553,"date":"2026-08-17T15:03:01","date_gmt":"2026-08-17T18:03:01","guid":{"rendered":"https:\/\/redeicm.org.br\/aparecida\/?p=4553"},"modified":"2026-08-17T15:03:01","modified_gmt":"2026-08-17T18:03:01","slug":"1a-caminhada-do-cabelo-maluco-da-ensa","status":"publish","type":"post","link":"https:\/\/redeicm.org.br\/aparecida\/1a-caminhada-do-cabelo-maluco-da-ensa\/","title":{"rendered":"1\u00aa Caminhada do Cabelo Maluco da Ensa"},"content":{"rendered":"<p class=\"isSelectedEnd\">No dia 08 de agosto, a Escola Nossa Senhora Aparecida promoveu a 1\u00aa Caminhada do Cabelo Maluco, em celebra\u00e7\u00e3o ao Dia dos Pais. A iniciativa proporcionou um momento de conviv\u00eancia, integra\u00e7\u00e3o e alegria, reunindo estudantes e seus pais em uma atividade especial no ambiente escolar.<\/p>\n<p class=\"isSelectedEnd\">A proposta valorizou a participa\u00e7\u00e3o das fam\u00edlias e proporcionou \u00e0s crian\u00e7as a oportunidade de vivenciar uma experi\u00eancia diferente, marcada pela descontra\u00e7\u00e3o, criatividade e intera\u00e7\u00e3o. Os diferentes penteados apresentados deram um toque especial \u00e0 celebra\u00e7\u00e3o e tornaram o momento ainda mais significativo.<\/p>\n<p class=\"isSelectedEnd\">A a\u00e7\u00e3o tamb\u00e9m refor\u00e7ou a import\u00e2ncia da presen\u00e7a e da participa\u00e7\u00e3o das fam\u00edlias na vida escolar de seus filhos, fortalecendo v\u00ednculos e proporcionando momentos que contribuem para a constru\u00e7\u00e3o de mem\u00f3rias afetivas.<\/p>\n<p class=\"isSelectedEnd\">A Ensa agradece a todos os pais e estudantes que participaram da atividade e a todos que contribu\u00edram para a realiza\u00e7\u00e3o desse momento t\u00e3o especial.<\/p>\n<p>Confira, abaixo, alguns registros da 1\u00aa Caminhada do Cabelo Maluco da Ensa.<\/p>\n<p>&nbsp;<\/p>\n<p><img fetchpriority=\"high\" decoding=\"async\" class=\"alignnone size-medium wp-image-4554\" src=\"https:\/\/redeicm.org.br\/aparecida\/wp-content\/uploads\/sites\/4\/2026\/08\/0c2ee313-4cfd-4cb4-a7f7-a05775a15dd0-300x213.jpg\" alt=\"\" width=\"300\" height=\"213\" srcset=\"https:\/\/redeicm.org.br\/aparecida\/wp-content\/uploads\/sites\/4\/2026\/08\/0c2ee313-4cfd-4cb4-a7f7-a05775a15dd0-300x213.jpg 300w, https:\/\/redeicm.org.br\/aparecida\/wp-content\/uploads\/sites\/4\/2026\/08\/0c2ee313-4cfd-4cb4-a7f7-a05775a15dd0-1024x728.jpg 1024w, https:\/\/redeicm.org.br\/aparecida\/wp-content\/uploads\/sites\/4\/2026\/08\/0c2ee313-4cfd-4cb4-a7f7-a05775a15dd0-768x546.jpg 768w, https:\/\/redeicm.org.br\/aparecida\/wp-content\/uploads\/sites\/4\/2026\/08\/0c2ee313-4cfd-4cb4-a7f7-a05775a15dd0-1536x1093.jpg 1536w, https:\/\/redeicm.org.br\/aparecida\/wp-content\/uploads\/sites\/4\/2026\/08\/0c2ee313-4cfd-4cb4-a7f7-a05775a15dd0-2048x1457.jpg 2048w\" sizes=\"(max-width: 300px) 100vw, 300px\" \/> <img decoding=\"async\" class=\"alignnone size-medium wp-image-4555\" src=\"https:\/\/redeicm.org.br\/aparecida\/wp-content\/uploads\/sites\/4\/2026\/08\/0dc70d5c-b45d-4819-804f-2f2a41c7fa20-300x246.jpg\" alt=\"\" width=\"300\" height=\"246\" srcset=\"https:\/\/redeicm.org.br\/aparecida\/wp-content\/uploads\/sites\/4\/2026\/08\/0dc70d5c-b45d-4819-804f-2f2a41c7fa20-300x246.jpg 300w, https:\/\/redeicm.org.br\/aparecida\/wp-content\/uploads\/sites\/4\/2026\/08\/0dc70d5c-b45d-4819-804f-2f2a41c7fa20-1024x839.jpg 1024w, https:\/\/redeicm.org.br\/aparecida\/wp-content\/uploads\/sites\/4\/2026\/08\/0dc70d5c-b45d-4819-804f-2f2a41c7fa20-768x630.jpg 768w, https:\/\/redeicm.org.br\/aparecida\/wp-content\/uploads\/sites\/4\/2026\/08\/0dc70d5c-b45d-4819-804f-2f2a41c7fa20-1536x1259.jpg 1536w, https:\/\/redeicm.org.br\/aparecida\/wp-content\/uploads\/sites\/4\/2026\/08\/0dc70d5c-b45d-4819-804f-2f2a41c7fa20-2048x1679.jpg 2048w\" sizes=\"(max-width: 300px) 100vw, 300px\" \/> <img decoding=\"async\" class=\"alignnone size-medium wp-image-4556\" src=\"https:\/\/redeicm.org.br\/aparecida\/wp-content\/uploads\/sites\/4\/2026\/08\/2c734dc1-266e-4909-a298-c22a2d5158e8-300x200.jpg\" alt=\"\" width=\"300\" height=\"200\" srcset=\"https:\/\/redeicm.org.br\/aparecida\/wp-content\/uploads\/sites\/4\/2026\/08\/2c734dc1-266e-4909-a298-c22a2d5158e8-300x200.jpg 300w, https:\/\/redeicm.org.br\/aparecida\/wp-content\/uploads\/sites\/4\/2026\/08\/2c734dc1-266e-4909-a298-c22a2d5158e8-1024x683.jpg 1024w, https:\/\/redeicm.org.br\/aparecida\/wp-content\/uploads\/sites\/4\/2026\/08\/2c734dc1-266e-4909-a298-c22a2d5158e8-768x512.jpg 768w, https:\/\/redeicm.org.br\/aparecida\/wp-content\/uploads\/sites\/4\/2026\/08\/2c734dc1-266e-4909-a298-c22a2d5158e8-1536x1024.jpg 1536w, https:\/\/redeicm.org.br\/aparecida\/wp-content\/uploads\/sites\/4\/2026\/08\/2c734dc1-266e-4909-a298-c22a2d5158e8-2048x1366.jpg 2048w\" sizes=\"(max-width: 300px) 100vw, 300px\" \/> <img loading=\"lazy\" decoding=\"async\" class=\"alignnone size-medium wp-image-4557\" src=\"https:\/\/redeicm.org.br\/aparecida\/wp-content\/uploads\/sites\/4\/2026\/08\/2ce049af-1eb7-43e6-b849-cc66f4e610a6-300x200.jpg\" alt=\"\" width=\"300\" height=\"200\" srcset=\"https:\/\/redeicm.org.br\/aparecida\/wp-content\/uploads\/sites\/4\/2026\/08\/2ce049af-1eb7-43e6-b849-cc66f4e610a6-300x200.jpg 300w, https:\/\/redeicm.org.br\/aparecida\/wp-content\/uploads\/sites\/4\/2026\/08\/2ce049af-1eb7-43e6-b849-cc66f4e610a6-1024x683.jpg 1024w, https:\/\/redeicm.org.br\/aparecida\/wp-content\/uploads\/sites\/4\/2026\/08\/2ce049af-1eb7-43e6-b849-cc66f4e610a6-768x512.jpg 768w, https:\/\/redeicm.org.br\/aparecida\/wp-content\/uploads\/sites\/4\/2026\/08\/2ce049af-1eb7-43e6-b849-cc66f4e610a6-1536x1024.jpg 1536w, https:\/\/redeicm.org.br\/aparecida\/wp-content\/uploads\/sites\/4\/2026\/08\/2ce049af-1eb7-43e6-b849-cc66f4e610a6-2048x1366.jpg 2048w\" sizes=\"(max-width: 300px) 100vw, 300px\" \/> <img loading=\"lazy\" decoding=\"async\" class=\"alignnone size-medium wp-image-4558\" src=\"https:\/\/redeicm.org.br\/aparecida\/wp-content\/uploads\/sites\/4\/2026\/08\/2d82a482-ddcd-4641-98eb-f388c9192adb-300x200.jpg\" alt=\"\" width=\"300\" height=\"200\" srcset=\"https:\/\/redeicm.org.br\/aparecida\/wp-content\/uploads\/sites\/4\/2026\/08\/2d82a482-ddcd-4641-98eb-f388c9192adb-300x200.jpg 300w, https:\/\/redeicm.org.br\/aparecida\/wp-content\/uploads\/sites\/4\/2026\/08\/2d82a482-ddcd-4641-98eb-f388c9192adb-1024x683.jpg 1024w, https:\/\/redeicm.org.br\/aparecida\/wp-content\/uploads\/sites\/4\/2026\/08\/2d82a482-ddcd-4641-98eb-f388c9192adb-768x512.jpg 768w, https:\/\/redeicm.org.br\/aparecida\/wp-content\/uploads\/sites\/4\/2026\/08\/2d82a482-ddcd-4641-98eb-f388c9192adb-1536x1024.jpg 1536w, https:\/\/redeicm.org.br\/aparecida\/wp-content\/uploads\/sites\/4\/2026\/08\/2d82a482-ddcd-4641-98eb-f388c9192adb-2048x1366.jpg 2048w\" sizes=\"(max-width: 300px) 100vw, 300px\" \/> <img loading=\"lazy\" decoding=\"async\" class=\"alignnone size-medium wp-image-4559\" src=\"https:\/\/redeicm.org.br\/aparecida\/wp-content\/uploads\/sites\/4\/2026\/08\/3b73d0d1-3557-4cd8-ae67-6245e3985808-300x217.jpg\" alt=\"\" width=\"300\" height=\"217\" srcset=\"https:\/\/redeicm.org.br\/aparecida\/wp-content\/uploads\/sites\/4\/2026\/08\/3b73d0d1-3557-4cd8-ae67-6245e3985808-300x217.jpg 300w, https:\/\/redeicm.org.br\/aparecida\/wp-content\/uploads\/sites\/4\/2026\/08\/3b73d0d1-3557-4cd8-ae67-6245e3985808-1024x740.jpg 1024w, https:\/\/redeicm.org.br\/aparecida\/wp-content\/uploads\/sites\/4\/2026\/08\/3b73d0d1-3557-4cd8-ae67-6245e3985808-768x555.jpg 768w, https:\/\/redeicm.org.br\/aparecida\/wp-content\/uploads\/sites\/4\/2026\/08\/3b73d0d1-3557-4cd8-ae67-6245e3985808-1536x1110.jpg 1536w, https:\/\/redeicm.org.br\/aparecida\/wp-content\/uploads\/sites\/4\/2026\/08\/3b73d0d1-3557-4cd8-ae67-6245e3985808-2048x1480.jpg 2048w\" sizes=\"(max-width: 300px) 100vw, 300px\" \/> <img loading=\"lazy\" decoding=\"async\" class=\"alignnone size-medium wp-image-4560\" src=\"https:\/\/redeicm.org.br\/aparecida\/wp-content\/uploads\/sites\/4\/2026\/08\/4a73ff4e-ddce-428b-8727-57ee843cebc3-300x223.jpg\" alt=\"\" width=\"300\" height=\"223\" srcset=\"https:\/\/redeicm.org.br\/aparecida\/wp-content\/uploads\/sites\/4\/2026\/08\/4a73ff4e-ddce-428b-8727-57ee843cebc3-300x223.jpg 300w, https:\/\/redeicm.org.br\/aparecida\/wp-content\/uploads\/sites\/4\/2026\/08\/4a73ff4e-ddce-428b-8727-57ee843cebc3-1024x761.jpg 1024w, https:\/\/redeicm.org.br\/aparecida\/wp-content\/uploads\/sites\/4\/2026\/08\/4a73ff4e-ddce-428b-8727-57ee843cebc3-768x571.jpg 768w, https:\/\/redeicm.org.br\/aparecida\/wp-content\/uploads\/sites\/4\/2026\/08\/4a73ff4e-ddce-428b-8727-57ee843cebc3-1536x1142.jpg 1536w, https:\/\/redeicm.org.br\/aparecida\/wp-content\/uploads\/sites\/4\/2026\/08\/4a73ff4e-ddce-428b-8727-57ee843cebc3-2048x1523.jpg 2048w\" sizes=\"(max-width: 300px) 100vw, 300px\" \/> <img loading=\"lazy\" decoding=\"async\" class=\"alignnone size-medium wp-image-4561\" src=\"https:\/\/redeicm.org.br\/aparecida\/wp-content\/uploads\/sites\/4\/2026\/08\/4b5a7361-e03c-4f71-a19a-e6bbeff75ff8-300x265.jpg\" alt=\"\" width=\"300\" height=\"265\" srcset=\"https:\/\/redeicm.org.br\/aparecida\/wp-content\/uploads\/sites\/4\/2026\/08\/4b5a7361-e03c-4f71-a19a-e6bbeff75ff8-300x265.jpg 300w, https:\/\/redeicm.org.br\/aparecida\/wp-content\/uploads\/sites\/4\/2026\/08\/4b5a7361-e03c-4f71-a19a-e6bbeff75ff8-1024x906.jpg 1024w, https:\/\/redeicm.org.br\/aparecida\/wp-content\/uploads\/sites\/4\/2026\/08\/4b5a7361-e03c-4f71-a19a-e6bbeff75ff8-768x680.jpg 768w, https:\/\/redeicm.org.br\/aparecida\/wp-content\/uploads\/sites\/4\/2026\/08\/4b5a7361-e03c-4f71-a19a-e6bbeff75ff8-1536x1359.jpg 1536w, https:\/\/redeicm.org.br\/aparecida\/wp-content\/uploads\/sites\/4\/2026\/08\/4b5a7361-e03c-4f71-a19a-e6bbeff75ff8.jpg 1921w\" sizes=\"(max-width: 300px) 100vw, 300px\" \/> <img loading=\"lazy\" decoding=\"async\" class=\"alignnone size-medium wp-image-4562\" src=\"https:\/\/redeicm.org.br\/aparecida\/wp-content\/uploads\/sites\/4\/2026\/08\/5a43e099-fb20-4d6c-b199-8aa8dcf08fd8-300x250.jpg\" alt=\"\" width=\"300\" height=\"250\" srcset=\"https:\/\/redeicm.org.br\/aparecida\/wp-content\/uploads\/sites\/4\/2026\/08\/5a43e099-fb20-4d6c-b199-8aa8dcf08fd8-300x250.jpg 300w, https:\/\/redeicm.org.br\/aparecida\/wp-content\/uploads\/sites\/4\/2026\/08\/5a43e099-fb20-4d6c-b199-8aa8dcf08fd8-1024x855.jpg 1024w, https:\/\/redeicm.org.br\/aparecida\/wp-content\/uploads\/sites\/4\/2026\/08\/5a43e099-fb20-4d6c-b199-8aa8dcf08fd8-768x641.jpg 768w, https:\/\/redeicm.org.br\/aparecida\/wp-content\/uploads\/sites\/4\/2026\/08\/5a43e099-fb20-4d6c-b199-8aa8dcf08fd8-1536x1282.jpg 1536w, https:\/\/redeicm.org.br\/aparecida\/wp-content\/uploads\/sites\/4\/2026\/08\/5a43e099-fb20-4d6c-b199-8aa8dcf08fd8.jpg 2037w\" sizes=\"(max-width: 300px) 100vw, 300px\" \/> <img loading=\"lazy\" decoding=\"async\" class=\"alignnone size-medium wp-image-4563\" src=\"https:\/\/redeicm.org.br\/aparecida\/wp-content\/uploads\/sites\/4\/2026\/08\/5c80d523-2aa4-4d9f-bfdf-40c6d29c9524-300x200.jpg\" alt=\"\" width=\"300\" height=\"200\" srcset=\"https:\/\/redeicm.org.br\/aparecida\/wp-content\/uploads\/sites\/4\/2026\/08\/5c80d523-2aa4-4d9f-bfdf-40c6d29c9524-300x200.jpg 300w, https:\/\/redeicm.org.br\/aparecida\/wp-content\/uploads\/sites\/4\/2026\/08\/5c80d523-2aa4-4d9f-bfdf-40c6d29c9524-1024x683.jpg 1024w, https:\/\/redeicm.org.br\/aparecida\/wp-content\/uploads\/sites\/4\/2026\/08\/5c80d523-2aa4-4d9f-bfdf-40c6d29c9524-768x512.jpg 768w, https:\/\/redeicm.org.br\/aparecida\/wp-content\/uploads\/sites\/4\/2026\/08\/5c80d523-2aa4-4d9f-bfdf-40c6d29c9524-1536x1024.jpg 1536w, https:\/\/redeicm.org.br\/aparecida\/wp-content\/uploads\/sites\/4\/2026\/08\/5c80d523-2aa4-4d9f-bfdf-40c6d29c9524-2048x1366.jpg 2048w\" sizes=\"(max-width: 300px) 100vw, 300px\" \/> <img loading=\"lazy\" decoding=\"async\" class=\"alignnone size-medium wp-image-4564\" src=\"https:\/\/redeicm.org.br\/aparecida\/wp-content\/uploads\/sites\/4\/2026\/08\/06a8090e-0e17-4ff6-b6df-5dc91d8e071d-300x262.jpg\" alt=\"\" width=\"300\" height=\"262\" srcset=\"https:\/\/redeicm.org.br\/aparecida\/wp-content\/uploads\/sites\/4\/2026\/08\/06a8090e-0e17-4ff6-b6df-5dc91d8e071d-300x262.jpg 300w, https:\/\/redeicm.org.br\/aparecida\/wp-content\/uploads\/sites\/4\/2026\/08\/06a8090e-0e17-4ff6-b6df-5dc91d8e071d-1024x895.jpg 1024w, https:\/\/redeicm.org.br\/aparecida\/wp-content\/uploads\/sites\/4\/2026\/08\/06a8090e-0e17-4ff6-b6df-5dc91d8e071d-768x672.jpg 768w, https:\/\/redeicm.org.br\/aparecida\/wp-content\/uploads\/sites\/4\/2026\/08\/06a8090e-0e17-4ff6-b6df-5dc91d8e071d-1536x1343.jpg 1536w, https:\/\/redeicm.org.br\/aparecida\/wp-content\/uploads\/sites\/4\/2026\/08\/06a8090e-0e17-4ff6-b6df-5dc91d8e071d.jpg 1944w\" sizes=\"(max-width: 300px) 100vw, 300px\" \/> <img loading=\"lazy\" decoding=\"async\" class=\"alignnone size-medium wp-image-4565\" src=\"https:\/\/redeicm.org.br\/aparecida\/wp-content\/uploads\/sites\/4\/2026\/08\/6d7d83c0-e576-4159-a699-848a6b13d568-300x246.jpg\" alt=\"\" width=\"300\" height=\"246\" srcset=\"https:\/\/redeicm.org.br\/aparecida\/wp-content\/uploads\/sites\/4\/2026\/08\/6d7d83c0-e576-4159-a699-848a6b13d568-300x246.jpg 300w, https:\/\/redeicm.org.br\/aparecida\/wp-content\/uploads\/sites\/4\/2026\/08\/6d7d83c0-e576-4159-a699-848a6b13d568-1024x841.jpg 1024w, https:\/\/redeicm.org.br\/aparecida\/wp-content\/uploads\/sites\/4\/2026\/08\/6d7d83c0-e576-4159-a699-848a6b13d568-768x631.jpg 768w, https:\/\/redeicm.org.br\/aparecida\/wp-content\/uploads\/sites\/4\/2026\/08\/6d7d83c0-e576-4159-a699-848a6b13d568-1536x1261.jpg 1536w, https:\/\/redeicm.org.br\/aparecida\/wp-content\/uploads\/sites\/4\/2026\/08\/6d7d83c0-e576-4159-a699-848a6b13d568-2048x1682.jpg 2048w\" sizes=\"(max-width: 300px) 100vw, 300px\" \/> <img loading=\"lazy\" decoding=\"async\" class=\"alignnone size-medium wp-image-4566\" src=\"https:\/\/redeicm.org.br\/aparecida\/wp-content\/uploads\/sites\/4\/2026\/08\/6e2d61a4-63b2-4287-83b0-bbc9ebcd0421-300x239.jpg\" alt=\"\" width=\"300\" height=\"239\" srcset=\"https:\/\/redeicm.org.br\/aparecida\/wp-content\/uploads\/sites\/4\/2026\/08\/6e2d61a4-63b2-4287-83b0-bbc9ebcd0421-300x239.jpg 300w, https:\/\/redeicm.org.br\/aparecida\/wp-content\/uploads\/sites\/4\/2026\/08\/6e2d61a4-63b2-4287-83b0-bbc9ebcd0421-1024x817.jpg 1024w, https:\/\/redeicm.org.br\/aparecida\/wp-content\/uploads\/sites\/4\/2026\/08\/6e2d61a4-63b2-4287-83b0-bbc9ebcd0421-768x613.jpg 768w, https:\/\/redeicm.org.br\/aparecida\/wp-content\/uploads\/sites\/4\/2026\/08\/6e2d61a4-63b2-4287-83b0-bbc9ebcd0421-1536x1226.jpg 1536w, https:\/\/redeicm.org.br\/aparecida\/wp-content\/uploads\/sites\/4\/2026\/08\/6e2d61a4-63b2-4287-83b0-bbc9ebcd0421-2048x1635.jpg 2048w\" sizes=\"(max-width: 300px) 100vw, 300px\" \/> <img loading=\"lazy\" decoding=\"async\" class=\"alignnone size-medium wp-image-4567\" src=\"https:\/\/redeicm.org.br\/aparecida\/wp-content\/uploads\/sites\/4\/2026\/08\/7d98c30d-f9e0-4e11-a78a-384cc4938c45-300x200.jpg\" alt=\"\" width=\"300\" height=\"200\" srcset=\"https:\/\/redeicm.org.br\/aparecida\/wp-content\/uploads\/sites\/4\/2026\/08\/7d98c30d-f9e0-4e11-a78a-384cc4938c45-300x200.jpg 300w, https:\/\/redeicm.org.br\/aparecida\/wp-content\/uploads\/sites\/4\/2026\/08\/7d98c30d-f9e0-4e11-a78a-384cc4938c45-1024x683.jpg 1024w, https:\/\/redeicm.org.br\/aparecida\/wp-content\/uploads\/sites\/4\/2026\/08\/7d98c30d-f9e0-4e11-a78a-384cc4938c45-768x512.jpg 768w, https:\/\/redeicm.org.br\/aparecida\/wp-content\/uploads\/sites\/4\/2026\/08\/7d98c30d-f9e0-4e11-a78a-384cc4938c45-1536x1024.jpg 1536w, https:\/\/redeicm.org.br\/aparecida\/wp-content\/uploads\/sites\/4\/2026\/08\/7d98c30d-f9e0-4e11-a78a-384cc4938c45-2048x1366.jpg 2048w\" sizes=\"(max-width: 300px) 100vw, 300px\" \/> <img loading=\"lazy\" decoding=\"async\" class=\"alignnone size-medium wp-image-4568\" src=\"https:\/\/redeicm.org.br\/aparecida\/wp-content\/uploads\/sites\/4\/2026\/08\/7d136ef5-2c10-461a-8890-2ed1aaa880b3-300x226.jpg\" alt=\"\" width=\"300\" height=\"226\" srcset=\"https:\/\/redeicm.org.br\/aparecida\/wp-content\/uploads\/sites\/4\/2026\/08\/7d136ef5-2c10-461a-8890-2ed1aaa880b3-300x226.jpg 300w, https:\/\/redeicm.org.br\/aparecida\/wp-content\/uploads\/sites\/4\/2026\/08\/7d136ef5-2c10-461a-8890-2ed1aaa880b3-1024x773.jpg 1024w, https:\/\/redeicm.org.br\/aparecida\/wp-content\/uploads\/sites\/4\/2026\/08\/7d136ef5-2c10-461a-8890-2ed1aaa880b3-768x579.jpg 768w, https:\/\/redeicm.org.br\/aparecida\/wp-content\/uploads\/sites\/4\/2026\/08\/7d136ef5-2c10-461a-8890-2ed1aaa880b3-1536x1159.jpg 1536w, https:\/\/redeicm.org.br\/aparecida\/wp-content\/uploads\/sites\/4\/2026\/08\/7d136ef5-2c10-461a-8890-2ed1aaa880b3-2048x1545.jpg 2048w\" sizes=\"(max-width: 300px) 100vw, 300px\" \/> <img loading=\"lazy\" decoding=\"async\" class=\"alignnone size-medium wp-image-4569\" src=\"https:\/\/redeicm.org.br\/aparecida\/wp-content\/uploads\/sites\/4\/2026\/08\/7f8a1b8d-e7cc-4722-8786-930e654ceb6a-300x210.jpg\" alt=\"\" width=\"300\" height=\"210\" srcset=\"https:\/\/redeicm.org.br\/aparecida\/wp-content\/uploads\/sites\/4\/2026\/08\/7f8a1b8d-e7cc-4722-8786-930e654ceb6a-300x210.jpg 300w, https:\/\/redeicm.org.br\/aparecida\/wp-content\/uploads\/sites\/4\/2026\/08\/7f8a1b8d-e7cc-4722-8786-930e654ceb6a-1024x717.jpg 1024w, https:\/\/redeicm.org.br\/aparecida\/wp-content\/uploads\/sites\/4\/2026\/08\/7f8a1b8d-e7cc-4722-8786-930e654ceb6a-768x538.jpg 768w, https:\/\/redeicm.org.br\/aparecida\/wp-content\/uploads\/sites\/4\/2026\/08\/7f8a1b8d-e7cc-4722-8786-930e654ceb6a-1536x1076.jpg 1536w, https:\/\/redeicm.org.br\/aparecida\/wp-content\/uploads\/sites\/4\/2026\/08\/7f8a1b8d-e7cc-4722-8786-930e654ceb6a-2048x1435.jpg 2048w\" sizes=\"(max-width: 300px) 100vw, 300px\" \/> <img loading=\"lazy\" decoding=\"async\" class=\"alignnone size-medium wp-image-4570\" src=\"https:\/\/redeicm.org.br\/aparecida\/wp-content\/uploads\/sites\/4\/2026\/08\/7f57df7b-159d-4171-b949-eac7d8550285-300x229.jpg\" alt=\"\" width=\"300\" height=\"229\" srcset=\"https:\/\/redeicm.org.br\/aparecida\/wp-content\/uploads\/sites\/4\/2026\/08\/7f57df7b-159d-4171-b949-eac7d8550285-300x229.jpg 300w, https:\/\/redeicm.org.br\/aparecida\/wp-content\/uploads\/sites\/4\/2026\/08\/7f57df7b-159d-4171-b949-eac7d8550285-1024x781.jpg 1024w, https:\/\/redeicm.org.br\/aparecida\/wp-content\/uploads\/sites\/4\/2026\/08\/7f57df7b-159d-4171-b949-eac7d8550285-768x585.jpg 768w, https:\/\/redeicm.org.br\/aparecida\/wp-content\/uploads\/sites\/4\/2026\/08\/7f57df7b-159d-4171-b949-eac7d8550285-1536x1171.jpg 1536w, https:\/\/redeicm.org.br\/aparecida\/wp-content\/uploads\/sites\/4\/2026\/08\/7f57df7b-159d-4171-b949-eac7d8550285-2048x1561.jpg 2048w\" sizes=\"(max-width: 300px) 100vw, 300px\" \/> <img loading=\"lazy\" decoding=\"async\" class=\"alignnone size-medium wp-image-4571\" src=\"https:\/\/redeicm.org.br\/aparecida\/wp-content\/uploads\/sites\/4\/2026\/08\/08c2641f-feb6-49ed-aa25-9a9a2ac9d8bf-300x275.jpg\" alt=\"\" width=\"300\" height=\"275\" srcset=\"https:\/\/redeicm.org.br\/aparecida\/wp-content\/uploads\/sites\/4\/2026\/08\/08c2641f-feb6-49ed-aa25-9a9a2ac9d8bf-300x275.jpg 300w, https:\/\/redeicm.org.br\/aparecida\/wp-content\/uploads\/sites\/4\/2026\/08\/08c2641f-feb6-49ed-aa25-9a9a2ac9d8bf-1024x938.jpg 1024w, https:\/\/redeicm.org.br\/aparecida\/wp-content\/uploads\/sites\/4\/2026\/08\/08c2641f-feb6-49ed-aa25-9a9a2ac9d8bf-768x704.jpg 768w, https:\/\/redeicm.org.br\/aparecida\/wp-content\/uploads\/sites\/4\/2026\/08\/08c2641f-feb6-49ed-aa25-9a9a2ac9d8bf-1536x1408.jpg 1536w, https:\/\/redeicm.org.br\/aparecida\/wp-content\/uploads\/sites\/4\/2026\/08\/08c2641f-feb6-49ed-aa25-9a9a2ac9d8bf.jpg 1855w\" sizes=\"(max-width: 300px) 100vw, 300px\" \/> <img loading=\"lazy\" decoding=\"async\" class=\"alignnone size-medium wp-image-4572\" src=\"https:\/\/redeicm.org.br\/aparecida\/wp-content\/uploads\/sites\/4\/2026\/08\/8b5d0aab-9f1c-48d2-837c-dd5d6d01189a-300x287.jpg\" alt=\"\" width=\"300\" height=\"287\" srcset=\"https:\/\/redeicm.org.br\/aparecida\/wp-content\/uploads\/sites\/4\/2026\/08\/8b5d0aab-9f1c-48d2-837c-dd5d6d01189a-300x287.jpg 300w, https:\/\/redeicm.org.br\/aparecida\/wp-content\/uploads\/sites\/4\/2026\/08\/8b5d0aab-9f1c-48d2-837c-dd5d6d01189a-1024x980.jpg 1024w, https:\/\/redeicm.org.br\/aparecida\/wp-content\/uploads\/sites\/4\/2026\/08\/8b5d0aab-9f1c-48d2-837c-dd5d6d01189a-768x735.jpg 768w, https:\/\/redeicm.org.br\/aparecida\/wp-content\/uploads\/sites\/4\/2026\/08\/8b5d0aab-9f1c-48d2-837c-dd5d6d01189a-1536x1470.jpg 1536w, https:\/\/redeicm.org.br\/aparecida\/wp-content\/uploads\/sites\/4\/2026\/08\/8b5d0aab-9f1c-48d2-837c-dd5d6d01189a.jpg 1776w\" sizes=\"(max-width: 300px) 100vw, 300px\" \/> <img loading=\"lazy\" decoding=\"async\" class=\"alignnone size-medium wp-image-4573\" src=\"https:\/\/redeicm.org.br\/aparecida\/wp-content\/uploads\/sites\/4\/2026\/08\/8f2e6949-6260-4952-8f56-62ec8dbfeed9-300x200.jpg\" alt=\"\" width=\"300\" height=\"200\" srcset=\"https:\/\/redeicm.org.br\/aparecida\/wp-content\/uploads\/sites\/4\/2026\/08\/8f2e6949-6260-4952-8f56-62ec8dbfeed9-300x200.jpg 300w, https:\/\/redeicm.org.br\/aparecida\/wp-content\/uploads\/sites\/4\/2026\/08\/8f2e6949-6260-4952-8f56-62ec8dbfeed9-1024x683.jpg 1024w, https:\/\/redeicm.org.br\/aparecida\/wp-content\/uploads\/sites\/4\/2026\/08\/8f2e6949-6260-4952-8f56-62ec8dbfeed9-768x512.jpg 768w, https:\/\/redeicm.org.br\/aparecida\/wp-content\/uploads\/sites\/4\/2026\/08\/8f2e6949-6260-4952-8f56-62ec8dbfeed9-1536x1024.jpg 1536w, https:\/\/redeicm.org.br\/aparecida\/wp-content\/uploads\/sites\/4\/2026\/08\/8f2e6949-6260-4952-8f56-62ec8dbfeed9-2048x1366.jpg 2048w\" sizes=\"(max-width: 300px) 100vw, 300px\" \/> <img loading=\"lazy\" decoding=\"async\" class=\"alignnone size-medium wp-image-4574\" src=\"https:\/\/redeicm.org.br\/aparecida\/wp-content\/uploads\/sites\/4\/2026\/08\/12f78df7-51e2-4c71-aa5e-a9d8b952db39-300x200.jpg\" alt=\"\" width=\"300\" height=\"200\" srcset=\"https:\/\/redeicm.org.br\/aparecida\/wp-content\/uploads\/sites\/4\/2026\/08\/12f78df7-51e2-4c71-aa5e-a9d8b952db39-300x200.jpg 300w, https:\/\/redeicm.org.br\/aparecida\/wp-content\/uploads\/sites\/4\/2026\/08\/12f78df7-51e2-4c71-aa5e-a9d8b952db39-1024x683.jpg 1024w, https:\/\/redeicm.org.br\/aparecida\/wp-content\/uploads\/sites\/4\/2026\/08\/12f78df7-51e2-4c71-aa5e-a9d8b952db39-768x512.jpg 768w, https:\/\/redeicm.org.br\/aparecida\/wp-content\/uploads\/sites\/4\/2026\/08\/12f78df7-51e2-4c71-aa5e-a9d8b952db39-1536x1024.jpg 1536w, https:\/\/redeicm.org.br\/aparecida\/wp-content\/uploads\/sites\/4\/2026\/08\/12f78df7-51e2-4c71-aa5e-a9d8b952db39-2048x1366.jpg 2048w\" sizes=\"(max-width: 300px) 100vw, 300px\" \/> <img loading=\"lazy\" decoding=\"async\" class=\"alignnone size-medium wp-image-4575\" src=\"https:\/\/redeicm.org.br\/aparecida\/wp-content\/uploads\/sites\/4\/2026\/08\/14d69827-0c2c-436a-98ef-444476bf1b9f-300x200.jpg\" alt=\"\" width=\"300\" height=\"200\" srcset=\"https:\/\/redeicm.org.br\/aparecida\/wp-content\/uploads\/sites\/4\/2026\/08\/14d69827-0c2c-436a-98ef-444476bf1b9f-300x200.jpg 300w, https:\/\/redeicm.org.br\/aparecida\/wp-content\/uploads\/sites\/4\/2026\/08\/14d69827-0c2c-436a-98ef-444476bf1b9f-1024x683.jpg 1024w, https:\/\/redeicm.org.br\/aparecida\/wp-content\/uploads\/sites\/4\/2026\/08\/14d69827-0c2c-436a-98ef-444476bf1b9f-768x512.jpg 768w, https:\/\/redeicm.org.br\/aparecida\/wp-content\/uploads\/sites\/4\/2026\/08\/14d69827-0c2c-436a-98ef-444476bf1b9f-1536x1024.jpg 1536w, https:\/\/redeicm.org.br\/aparecida\/wp-content\/uploads\/sites\/4\/2026\/08\/14d69827-0c2c-436a-98ef-444476bf1b9f-2048x1366.jpg 2048w\" sizes=\"(max-width: 300px) 100vw, 300px\" \/> <img loading=\"lazy\" decoding=\"async\" class=\"alignnone size-medium wp-image-4576\" src=\"https:\/\/redeicm.org.br\/aparecida\/wp-content\/uploads\/sites\/4\/2026\/08\/18ca51d1-15d8-4d2d-8683-d02fe21eda30-300x200.jpg\" alt=\"\" width=\"300\" height=\"200\" srcset=\"https:\/\/redeicm.org.br\/aparecida\/wp-content\/uploads\/sites\/4\/2026\/08\/18ca51d1-15d8-4d2d-8683-d02fe21eda30-300x200.jpg 300w, https:\/\/redeicm.org.br\/aparecida\/wp-content\/uploads\/sites\/4\/2026\/08\/18ca51d1-15d8-4d2d-8683-d02fe21eda30-1024x683.jpg 1024w, https:\/\/redeicm.org.br\/aparecida\/wp-content\/uploads\/sites\/4\/2026\/08\/18ca51d1-15d8-4d2d-8683-d02fe21eda30-768x512.jpg 768w, https:\/\/redeicm.org.br\/aparecida\/wp-content\/uploads\/sites\/4\/2026\/08\/18ca51d1-15d8-4d2d-8683-d02fe21eda30-1536x1024.jpg 1536w, https:\/\/redeicm.org.br\/aparecida\/wp-content\/uploads\/sites\/4\/2026\/08\/18ca51d1-15d8-4d2d-8683-d02fe21eda30-2048x1366.jpg 2048w\" sizes=\"(max-width: 300px) 100vw, 300px\" \/> <img loading=\"lazy\" decoding=\"async\" class=\"alignnone size-medium wp-image-4577\" src=\"https:\/\/redeicm.org.br\/aparecida\/wp-content\/uploads\/sites\/4\/2026\/08\/50fa6f48-fcde-4c53-a401-86bd7815c82e-300x261.jpg\" alt=\"\" width=\"300\" height=\"261\" srcset=\"https:\/\/redeicm.org.br\/aparecida\/wp-content\/uploads\/sites\/4\/2026\/08\/50fa6f48-fcde-4c53-a401-86bd7815c82e-300x261.jpg 300w, https:\/\/redeicm.org.br\/aparecida\/wp-content\/uploads\/sites\/4\/2026\/08\/50fa6f48-fcde-4c53-a401-86bd7815c82e-1024x890.jpg 1024w, https:\/\/redeicm.org.br\/aparecida\/wp-content\/uploads\/sites\/4\/2026\/08\/50fa6f48-fcde-4c53-a401-86bd7815c82e-768x668.jpg 768w, https:\/\/redeicm.org.br\/aparecida\/wp-content\/uploads\/sites\/4\/2026\/08\/50fa6f48-fcde-4c53-a401-86bd7815c82e-1536x1336.jpg 1536w, https:\/\/redeicm.org.br\/aparecida\/wp-content\/uploads\/sites\/4\/2026\/08\/50fa6f48-fcde-4c53-a401-86bd7815c82e.jpg 1955w\" sizes=\"(max-width: 300px) 100vw, 300px\" \/> <img loading=\"lazy\" decoding=\"async\" class=\"alignnone size-medium wp-image-4578\" src=\"https:\/\/redeicm.org.br\/aparecida\/wp-content\/uploads\/sites\/4\/2026\/08\/52d2902d-d2c0-4696-ac16-6f5130c175c2-300x200.jpg\" alt=\"\" width=\"300\" height=\"200\" srcset=\"https:\/\/redeicm.org.br\/aparecida\/wp-content\/uploads\/sites\/4\/2026\/08\/52d2902d-d2c0-4696-ac16-6f5130c175c2-300x200.jpg 300w, https:\/\/redeicm.org.br\/aparecida\/wp-content\/uploads\/sites\/4\/2026\/08\/52d2902d-d2c0-4696-ac16-6f5130c175c2-1024x683.jpg 1024w, https:\/\/redeicm.org.br\/aparecida\/wp-content\/uploads\/sites\/4\/2026\/08\/52d2902d-d2c0-4696-ac16-6f5130c175c2-768x512.jpg 768w, https:\/\/redeicm.org.br\/aparecida\/wp-content\/uploads\/sites\/4\/2026\/08\/52d2902d-d2c0-4696-ac16-6f5130c175c2-1536x1024.jpg 1536w, https:\/\/redeicm.org.br\/aparecida\/wp-content\/uploads\/sites\/4\/2026\/08\/52d2902d-d2c0-4696-ac16-6f5130c175c2-2048x1366.jpg 2048w\" sizes=\"(max-width: 300px) 100vw, 300px\" \/> <img loading=\"lazy\" decoding=\"async\" class=\"alignnone size-medium wp-image-4579\" src=\"https:\/\/redeicm.org.br\/aparecida\/wp-content\/uploads\/sites\/4\/2026\/08\/59cfe56c-c56e-430a-ba0f-2e8180df7f79-300x211.jpg\" alt=\"\" width=\"300\" height=\"211\" srcset=\"https:\/\/redeicm.org.br\/aparecida\/wp-content\/uploads\/sites\/4\/2026\/08\/59cfe56c-c56e-430a-ba0f-2e8180df7f79-300x211.jpg 300w, https:\/\/redeicm.org.br\/aparecida\/wp-content\/uploads\/sites\/4\/2026\/08\/59cfe56c-c56e-430a-ba0f-2e8180df7f79-1024x721.jpg 1024w, https:\/\/redeicm.org.br\/aparecida\/wp-content\/uploads\/sites\/4\/2026\/08\/59cfe56c-c56e-430a-ba0f-2e8180df7f79-768x541.jpg 768w, https:\/\/redeicm.org.br\/aparecida\/wp-content\/uploads\/sites\/4\/2026\/08\/59cfe56c-c56e-430a-ba0f-2e8180df7f79-1536x1082.jpg 1536w, https:\/\/redeicm.org.br\/aparecida\/wp-content\/uploads\/sites\/4\/2026\/08\/59cfe56c-c56e-430a-ba0f-2e8180df7f79-2048x1443.jpg 2048w\" sizes=\"(max-width: 300px) 100vw, 300px\" \/> <img loading=\"lazy\" decoding=\"async\" class=\"alignnone size-medium wp-image-4580\" src=\"https:\/\/redeicm.org.br\/aparecida\/wp-content\/uploads\/sites\/4\/2026\/08\/77f4f144-1b30-4635-a314-e9d6ec8b4d40-300x273.jpg\" alt=\"\" width=\"300\" height=\"273\" srcset=\"https:\/\/redeicm.org.br\/aparecida\/wp-content\/uploads\/sites\/4\/2026\/08\/77f4f144-1b30-4635-a314-e9d6ec8b4d40-300x273.jpg 300w, https:\/\/redeicm.org.br\/aparecida\/wp-content\/uploads\/sites\/4\/2026\/08\/77f4f144-1b30-4635-a314-e9d6ec8b4d40-1024x933.jpg 1024w, https:\/\/redeicm.org.br\/aparecida\/wp-content\/uploads\/sites\/4\/2026\/08\/77f4f144-1b30-4635-a314-e9d6ec8b4d40-768x700.jpg 768w, https:\/\/redeicm.org.br\/aparecida\/wp-content\/uploads\/sites\/4\/2026\/08\/77f4f144-1b30-4635-a314-e9d6ec8b4d40-1536x1399.jpg 1536w, https:\/\/redeicm.org.br\/aparecida\/wp-content\/uploads\/sites\/4\/2026\/08\/77f4f144-1b30-4635-a314-e9d6ec8b4d40.jpg 1866w\" sizes=\"(max-width: 300px) 100vw, 300px\" \/> <img loading=\"lazy\" decoding=\"async\" class=\"alignnone size-medium wp-image-4581\" src=\"https:\/\/redeicm.org.br\/aparecida\/wp-content\/uploads\/sites\/4\/2026\/08\/79a1d836-81e6-4a7c-a954-1816403a44e7-300x242.jpg\" alt=\"\" width=\"300\" height=\"242\" srcset=\"https:\/\/redeicm.org.br\/aparecida\/wp-content\/uploads\/sites\/4\/2026\/08\/79a1d836-81e6-4a7c-a954-1816403a44e7-300x242.jpg 300w, https:\/\/redeicm.org.br\/aparecida\/wp-content\/uploads\/sites\/4\/2026\/08\/79a1d836-81e6-4a7c-a954-1816403a44e7-1024x827.jpg 1024w, https:\/\/redeicm.org.br\/aparecida\/wp-content\/uploads\/sites\/4\/2026\/08\/79a1d836-81e6-4a7c-a954-1816403a44e7-768x621.jpg 768w, https:\/\/redeicm.org.br\/aparecida\/wp-content\/uploads\/sites\/4\/2026\/08\/79a1d836-81e6-4a7c-a954-1816403a44e7-1536x1241.jpg 1536w, https:\/\/redeicm.org.br\/aparecida\/wp-content\/uploads\/sites\/4\/2026\/08\/79a1d836-81e6-4a7c-a954-1816403a44e7-2048x1655.jpg 2048w\" sizes=\"(max-width: 300px) 100vw, 300px\" \/> <img loading=\"lazy\" decoding=\"async\" class=\"alignnone size-medium wp-image-4582\" src=\"https:\/\/redeicm.org.br\/aparecida\/wp-content\/uploads\/sites\/4\/2026\/08\/85c89c8b-9fbe-40e7-9350-ff6b05621b7b-300x200.jpg\" alt=\"\" width=\"300\" height=\"200\" srcset=\"https:\/\/redeicm.org.br\/aparecida\/wp-content\/uploads\/sites\/4\/2026\/08\/85c89c8b-9fbe-40e7-9350-ff6b05621b7b-300x200.jpg 300w, https:\/\/redeicm.org.br\/aparecida\/wp-content\/uploads\/sites\/4\/2026\/08\/85c89c8b-9fbe-40e7-9350-ff6b05621b7b-1024x683.jpg 1024w, https:\/\/redeicm.org.br\/aparecida\/wp-content\/uploads\/sites\/4\/2026\/08\/85c89c8b-9fbe-40e7-9350-ff6b05621b7b-768x512.jpg 768w, https:\/\/redeicm.org.br\/aparecida\/wp-content\/uploads\/sites\/4\/2026\/08\/85c89c8b-9fbe-40e7-9350-ff6b05621b7b-1536x1024.jpg 1536w, https:\/\/redeicm.org.br\/aparecida\/wp-content\/uploads\/sites\/4\/2026\/08\/85c89c8b-9fbe-40e7-9350-ff6b05621b7b-2048x1366.jpg 2048w\" sizes=\"(max-width: 300px) 100vw, 300px\" \/> <img loading=\"lazy\" decoding=\"async\" class=\"alignnone size-medium wp-image-4583\" src=\"https:\/\/redeicm.org.br\/aparecida\/wp-content\/uploads\/sites\/4\/2026\/08\/092f5576-7970-4391-a4ba-db6203e110a4-300x200.jpg\" alt=\"\" width=\"300\" height=\"200\" srcset=\"https:\/\/redeicm.org.br\/aparecida\/wp-content\/uploads\/sites\/4\/2026\/08\/092f5576-7970-4391-a4ba-db6203e110a4-300x200.jpg 300w, https:\/\/redeicm.org.br\/aparecida\/wp-content\/uploads\/sites\/4\/2026\/08\/092f5576-7970-4391-a4ba-db6203e110a4-1024x683.jpg 1024w, https:\/\/redeicm.org.br\/aparecida\/wp-content\/uploads\/sites\/4\/2026\/08\/092f5576-7970-4391-a4ba-db6203e110a4-768x512.jpg 768w, https:\/\/redeicm.org.br\/aparecida\/wp-content\/uploads\/sites\/4\/2026\/08\/092f5576-7970-4391-a4ba-db6203e110a4-1536x1024.jpg 1536w, https:\/\/redeicm.org.br\/aparecida\/wp-content\/uploads\/sites\/4\/2026\/08\/092f5576-7970-4391-a4ba-db6203e110a4-2048x1366.jpg 2048w\" sizes=\"(max-width: 300px) 100vw, 300px\" \/> <img loading=\"lazy\" decoding=\"async\" class=\"alignnone size-medium wp-image-4584\" src=\"https:\/\/redeicm.org.br\/aparecida\/wp-content\/uploads\/sites\/4\/2026\/08\/109f89b0-6a05-4bde-bad0-ebb47ce566b6-300x200.jpg\" alt=\"\" width=\"300\" height=\"200\" srcset=\"https:\/\/redeicm.org.br\/aparecida\/wp-content\/uploads\/sites\/4\/2026\/08\/109f89b0-6a05-4bde-bad0-ebb47ce566b6-300x200.jpg 300w, https:\/\/redeicm.org.br\/aparecida\/wp-content\/uploads\/sites\/4\/2026\/08\/109f89b0-6a05-4bde-bad0-ebb47ce566b6-1024x683.jpg 1024w, https:\/\/redeicm.org.br\/aparecida\/wp-content\/uploads\/sites\/4\/2026\/08\/109f89b0-6a05-4bde-bad0-ebb47ce566b6-768x512.jpg 768w, https:\/\/redeicm.org.br\/aparecida\/wp-content\/uploads\/sites\/4\/2026\/08\/109f89b0-6a05-4bde-bad0-ebb47ce566b6-1536x1024.jpg 1536w, https:\/\/redeicm.org.br\/aparecida\/wp-content\/uploads\/sites\/4\/2026\/08\/109f89b0-6a05-4bde-bad0-ebb47ce566b6-2048x1366.jpg 2048w\" sizes=\"(max-width: 300px) 100vw, 300px\" \/> <img loading=\"lazy\" decoding=\"async\" class=\"alignnone size-medium wp-image-4585\" src=\"https:\/\/redeicm.org.br\/aparecida\/wp-content\/uploads\/sites\/4\/2026\/08\/250d0317-5ec2-4135-9487-701c9c2d7517-297x300.jpg\" alt=\"\" width=\"297\" height=\"300\" srcset=\"https:\/\/redeicm.org.br\/aparecida\/wp-content\/uploads\/sites\/4\/2026\/08\/250d0317-5ec2-4135-9487-701c9c2d7517-297x300.jpg 297w, https:\/\/redeicm.org.br\/aparecida\/wp-content\/uploads\/sites\/4\/2026\/08\/250d0317-5ec2-4135-9487-701c9c2d7517-1014x1024.jpg 1014w, https:\/\/redeicm.org.br\/aparecida\/wp-content\/uploads\/sites\/4\/2026\/08\/250d0317-5ec2-4135-9487-701c9c2d7517-768x776.jpg 768w, https:\/\/redeicm.org.br\/aparecida\/wp-content\/uploads\/sites\/4\/2026\/08\/250d0317-5ec2-4135-9487-701c9c2d7517-1521x1536.jpg 1521w, https:\/\/redeicm.org.br\/aparecida\/wp-content\/uploads\/sites\/4\/2026\/08\/250d0317-5ec2-4135-9487-701c9c2d7517.jpg 1683w\" sizes=\"(max-width: 297px) 100vw, 297px\" \/> <img loading=\"lazy\" decoding=\"async\" class=\"alignnone size-medium wp-image-4586\" src=\"https:\/\/redeicm.org.br\/aparecida\/wp-content\/uploads\/sites\/4\/2026\/08\/402ee67c-6dbf-4b57-8d7b-3fea3346ea95-300x228.jpg\" alt=\"\" width=\"300\" height=\"228\" srcset=\"https:\/\/redeicm.org.br\/aparecida\/wp-content\/uploads\/sites\/4\/2026\/08\/402ee67c-6dbf-4b57-8d7b-3fea3346ea95-300x228.jpg 300w, https:\/\/redeicm.org.br\/aparecida\/wp-content\/uploads\/sites\/4\/2026\/08\/402ee67c-6dbf-4b57-8d7b-3fea3346ea95-1024x777.jpg 1024w, https:\/\/redeicm.org.br\/aparecida\/wp-content\/uploads\/sites\/4\/2026\/08\/402ee67c-6dbf-4b57-8d7b-3fea3346ea95-768x583.jpg 768w, https:\/\/redeicm.org.br\/aparecida\/wp-content\/uploads\/sites\/4\/2026\/08\/402ee67c-6dbf-4b57-8d7b-3fea3346ea95-1536x1165.jpg 1536w, https:\/\/redeicm.org.br\/aparecida\/wp-content\/uploads\/sites\/4\/2026\/08\/402ee67c-6dbf-4b57-8d7b-3fea3346ea95-2048x1554.jpg 2048w\" sizes=\"(max-width: 300px) 100vw, 300px\" \/> <img loading=\"lazy\" decoding=\"async\" class=\"alignnone size-medium wp-image-4587\" src=\"https:\/\/redeicm.org.br\/aparecida\/wp-content\/uploads\/sites\/4\/2026\/08\/413fbd9e-6f93-4a98-a7f4-f487169d3adf-300x200.jpg\" alt=\"\" width=\"300\" height=\"200\" srcset=\"https:\/\/redeicm.org.br\/aparecida\/wp-content\/uploads\/sites\/4\/2026\/08\/413fbd9e-6f93-4a98-a7f4-f487169d3adf-300x200.jpg 300w, https:\/\/redeicm.org.br\/aparecida\/wp-content\/uploads\/sites\/4\/2026\/08\/413fbd9e-6f93-4a98-a7f4-f487169d3adf-1024x683.jpg 1024w, https:\/\/redeicm.org.br\/aparecida\/wp-content\/uploads\/sites\/4\/2026\/08\/413fbd9e-6f93-4a98-a7f4-f487169d3adf-768x512.jpg 768w, https:\/\/redeicm.org.br\/aparecida\/wp-content\/uploads\/sites\/4\/2026\/08\/413fbd9e-6f93-4a98-a7f4-f487169d3adf-1536x1024.jpg 1536w, https:\/\/redeicm.org.br\/aparecida\/wp-content\/uploads\/sites\/4\/2026\/08\/413fbd9e-6f93-4a98-a7f4-f487169d3adf-2048x1366.jpg 2048w\" sizes=\"(max-width: 300px) 100vw, 300px\" \/> <img loading=\"lazy\" decoding=\"async\" class=\"alignnone size-medium wp-image-4588\" src=\"https:\/\/redeicm.org.br\/aparecida\/wp-content\/uploads\/sites\/4\/2026\/08\/663e97e8-752e-4f90-8654-a6a9ba531265-300x200.jpg\" alt=\"\" width=\"300\" height=\"200\" srcset=\"https:\/\/redeicm.org.br\/aparecida\/wp-content\/uploads\/sites\/4\/2026\/08\/663e97e8-752e-4f90-8654-a6a9ba531265-300x200.jpg 300w, https:\/\/redeicm.org.br\/aparecida\/wp-content\/uploads\/sites\/4\/2026\/08\/663e97e8-752e-4f90-8654-a6a9ba531265-1024x683.jpg 1024w, https:\/\/redeicm.org.br\/aparecida\/wp-content\/uploads\/sites\/4\/2026\/08\/663e97e8-752e-4f90-8654-a6a9ba531265-768x512.jpg 768w, https:\/\/redeicm.org.br\/aparecida\/wp-content\/uploads\/sites\/4\/2026\/08\/663e97e8-752e-4f90-8654-a6a9ba531265-1536x1024.jpg 1536w, https:\/\/redeicm.org.br\/aparecida\/wp-content\/uploads\/sites\/4\/2026\/08\/663e97e8-752e-4f90-8654-a6a9ba531265-2048x1366.jpg 2048w\" sizes=\"(max-width: 300px) 100vw, 300px\" \/> <img loading=\"lazy\" decoding=\"async\" class=\"alignnone size-medium wp-image-4589\" src=\"https:\/\/redeicm.org.br\/aparecida\/wp-content\/uploads\/sites\/4\/2026\/08\/736dbc19-f32c-49cc-8904-6afb8c11d8a1-300x200.jpg\" alt=\"\" width=\"300\" height=\"200\" srcset=\"https:\/\/redeicm.org.br\/aparecida\/wp-content\/uploads\/sites\/4\/2026\/08\/736dbc19-f32c-49cc-8904-6afb8c11d8a1-300x200.jpg 300w, https:\/\/redeicm.org.br\/aparecida\/wp-content\/uploads\/sites\/4\/2026\/08\/736dbc19-f32c-49cc-8904-6afb8c11d8a1-1024x683.jpg 1024w, https:\/\/redeicm.org.br\/aparecida\/wp-content\/uploads\/sites\/4\/2026\/08\/736dbc19-f32c-49cc-8904-6afb8c11d8a1-768x512.jpg 768w, https:\/\/redeicm.org.br\/aparecida\/wp-content\/uploads\/sites\/4\/2026\/08\/736dbc19-f32c-49cc-8904-6afb8c11d8a1-1536x1024.jpg 1536w, https:\/\/redeicm.org.br\/aparecida\/wp-content\/uploads\/sites\/4\/2026\/08\/736dbc19-f32c-49cc-8904-6afb8c11d8a1-2048x1366.jpg 2048w\" sizes=\"(max-width: 300px) 100vw, 300px\" \/> <img loading=\"lazy\" decoding=\"async\" class=\"alignnone size-medium wp-image-4590\" src=\"https:\/\/redeicm.org.br\/aparecida\/wp-content\/uploads\/sites\/4\/2026\/08\/906ad503-88ef-49f9-85b6-bd7330a19251-300x300.jpg\" alt=\"\" width=\"300\" height=\"300\" srcset=\"https:\/\/redeicm.org.br\/aparecida\/wp-content\/uploads\/sites\/4\/2026\/08\/906ad503-88ef-49f9-85b6-bd7330a19251-300x300.jpg 300w, https:\/\/redeicm.org.br\/aparecida\/wp-content\/uploads\/sites\/4\/2026\/08\/906ad503-88ef-49f9-85b6-bd7330a19251-1021x1024.jpg 1021w, https:\/\/redeicm.org.br\/aparecida\/wp-content\/uploads\/sites\/4\/2026\/08\/906ad503-88ef-49f9-85b6-bd7330a19251-150x150.jpg 150w, https:\/\/redeicm.org.br\/aparecida\/wp-content\/uploads\/sites\/4\/2026\/08\/906ad503-88ef-49f9-85b6-bd7330a19251-768x770.jpg 768w, https:\/\/redeicm.org.br\/aparecida\/wp-content\/uploads\/sites\/4\/2026\/08\/906ad503-88ef-49f9-85b6-bd7330a19251-1531x1536.jpg 1531w, https:\/\/redeicm.org.br\/aparecida\/wp-content\/uploads\/sites\/4\/2026\/08\/906ad503-88ef-49f9-85b6-bd7330a19251.jpg 1695w\" sizes=\"(max-width: 300px) 100vw, 300px\" \/> <img loading=\"lazy\" decoding=\"async\" class=\"alignnone size-medium wp-image-4591\" src=\"https:\/\/redeicm.org.br\/aparecida\/wp-content\/uploads\/sites\/4\/2026\/08\/7244b36b-886e-4bd1-8b2d-c64d205a7d18-300x200.jpg\" alt=\"\" width=\"300\" height=\"200\" srcset=\"https:\/\/redeicm.org.br\/aparecida\/wp-content\/uploads\/sites\/4\/2026\/08\/7244b36b-886e-4bd1-8b2d-c64d205a7d18-300x200.jpg 300w, https:\/\/redeicm.org.br\/aparecida\/wp-content\/uploads\/sites\/4\/2026\/08\/7244b36b-886e-4bd1-8b2d-c64d205a7d18-1024x683.jpg 1024w, https:\/\/redeicm.org.br\/aparecida\/wp-content\/uploads\/sites\/4\/2026\/08\/7244b36b-886e-4bd1-8b2d-c64d205a7d18-768x512.jpg 768w, https:\/\/redeicm.org.br\/aparecida\/wp-content\/uploads\/sites\/4\/2026\/08\/7244b36b-886e-4bd1-8b2d-c64d205a7d18-1536x1024.jpg 1536w, https:\/\/redeicm.org.br\/aparecida\/wp-content\/uploads\/sites\/4\/2026\/08\/7244b36b-886e-4bd1-8b2d-c64d205a7d18-2048x1366.jpg 2048w\" sizes=\"(max-width: 300px) 100vw, 300px\" \/> <img loading=\"lazy\" decoding=\"async\" class=\"alignnone size-medium wp-image-4592\" src=\"https:\/\/redeicm.org.br\/aparecida\/wp-content\/uploads\/sites\/4\/2026\/08\/8759b3f0-da55-4a2d-8026-71087187656b-296x300.jpg\" alt=\"\" width=\"296\" height=\"300\" srcset=\"https:\/\/redeicm.org.br\/aparecida\/wp-content\/uploads\/sites\/4\/2026\/08\/8759b3f0-da55-4a2d-8026-71087187656b-296x300.jpg 296w, https:\/\/redeicm.org.br\/aparecida\/wp-content\/uploads\/sites\/4\/2026\/08\/8759b3f0-da55-4a2d-8026-71087187656b-1011x1024.jpg 1011w, https:\/\/redeicm.org.br\/aparecida\/wp-content\/uploads\/sites\/4\/2026\/08\/8759b3f0-da55-4a2d-8026-71087187656b-768x778.jpg 768w, https:\/\/redeicm.org.br\/aparecida\/wp-content\/uploads\/sites\/4\/2026\/08\/8759b3f0-da55-4a2d-8026-71087187656b-1516x1536.jpg 1516w, https:\/\/redeicm.org.br\/aparecida\/wp-content\/uploads\/sites\/4\/2026\/08\/8759b3f0-da55-4a2d-8026-71087187656b.jpg 1678w\" sizes=\"(max-width: 296px) 100vw, 296px\" \/> <img loading=\"lazy\" decoding=\"async\" class=\"alignnone size-medium wp-image-4593\" src=\"https:\/\/redeicm.org.br\/aparecida\/wp-content\/uploads\/sites\/4\/2026\/08\/09386f96-35f4-460b-bff3-8434926a7516-300x245.jpg\" alt=\"\" width=\"300\" height=\"245\" srcset=\"https:\/\/redeicm.org.br\/aparecida\/wp-content\/uploads\/sites\/4\/2026\/08\/09386f96-35f4-460b-bff3-8434926a7516-300x245.jpg 300w, https:\/\/redeicm.org.br\/aparecida\/wp-content\/uploads\/sites\/4\/2026\/08\/09386f96-35f4-460b-bff3-8434926a7516-1024x835.jpg 1024w, https:\/\/redeicm.org.br\/aparecida\/wp-content\/uploads\/sites\/4\/2026\/08\/09386f96-35f4-460b-bff3-8434926a7516-768x626.jpg 768w, https:\/\/redeicm.org.br\/aparecida\/wp-content\/uploads\/sites\/4\/2026\/08\/09386f96-35f4-460b-bff3-8434926a7516-1536x1252.jpg 1536w, https:\/\/redeicm.org.br\/aparecida\/wp-content\/uploads\/sites\/4\/2026\/08\/09386f96-35f4-460b-bff3-8434926a7516-2048x1670.jpg 2048w\" sizes=\"(max-width: 300px) 100vw, 300px\" \/> <img loading=\"lazy\" decoding=\"async\" class=\"alignnone size-medium wp-image-4594\" src=\"https:\/\/redeicm.org.br\/aparecida\/wp-content\/uploads\/sites\/4\/2026\/08\/64322e08-6229-46d2-9fcf-ec5ccfa1d31a-300x200.jpg\" alt=\"\" width=\"300\" height=\"200\" srcset=\"https:\/\/redeicm.org.br\/aparecida\/wp-content\/uploads\/sites\/4\/2026\/08\/64322e08-6229-46d2-9fcf-ec5ccfa1d31a-300x200.jpg 300w, https:\/\/redeicm.org.br\/aparecida\/wp-content\/uploads\/sites\/4\/2026\/08\/64322e08-6229-46d2-9fcf-ec5ccfa1d31a-1024x683.jpg 1024w, https:\/\/redeicm.org.br\/aparecida\/wp-content\/uploads\/sites\/4\/2026\/08\/64322e08-6229-46d2-9fcf-ec5ccfa1d31a-768x512.jpg 768w, https:\/\/redeicm.org.br\/aparecida\/wp-content\/uploads\/sites\/4\/2026\/08\/64322e08-6229-46d2-9fcf-ec5ccfa1d31a-1536x1024.jpg 1536w, https:\/\/redeicm.org.br\/aparecida\/wp-content\/uploads\/sites\/4\/2026\/08\/64322e08-6229-46d2-9fcf-ec5ccfa1d31a-2048x1366.jpg 2048w\" sizes=\"(max-width: 300px) 100vw, 300px\" \/> <img loading=\"lazy\" decoding=\"async\" class=\"alignnone size-medium wp-image-4595\" src=\"https:\/\/redeicm.org.br\/aparecida\/wp-content\/uploads\/sites\/4\/2026\/08\/96086cb8-a2b3-43f5-a387-d80fbd5110a8-300x200.jpg\" alt=\"\" width=\"300\" height=\"200\" srcset=\"https:\/\/redeicm.org.br\/aparecida\/wp-content\/uploads\/sites\/4\/2026\/08\/96086cb8-a2b3-43f5-a387-d80fbd5110a8-300x200.jpg 300w, https:\/\/redeicm.org.br\/aparecida\/wp-content\/uploads\/sites\/4\/2026\/08\/96086cb8-a2b3-43f5-a387-d80fbd5110a8-1024x683.jpg 1024w, https:\/\/redeicm.org.br\/aparecida\/wp-content\/uploads\/sites\/4\/2026\/08\/96086cb8-a2b3-43f5-a387-d80fbd5110a8-768x512.jpg 768w, https:\/\/redeicm.org.br\/aparecida\/wp-content\/uploads\/sites\/4\/2026\/08\/96086cb8-a2b3-43f5-a387-d80fbd5110a8-1536x1024.jpg 1536w, https:\/\/redeicm.org.br\/aparecida\/wp-content\/uploads\/sites\/4\/2026\/08\/96086cb8-a2b3-43f5-a387-d80fbd5110a8-2048x1366.jpg 2048w\" sizes=\"(max-width: 300px) 100vw, 300px\" \/> <img loading=\"lazy\" decoding=\"async\" class=\"alignnone size-medium wp-image-4596\" src=\"https:\/\/redeicm.org.br\/aparecida\/wp-content\/uploads\/sites\/4\/2026\/08\/98103c5a-fe63-4837-8a99-3f1f4b5d3761-300x200.jpg\" alt=\"\" width=\"300\" height=\"200\" srcset=\"https:\/\/redeicm.org.br\/aparecida\/wp-content\/uploads\/sites\/4\/2026\/08\/98103c5a-fe63-4837-8a99-3f1f4b5d3761-300x200.jpg 300w, https:\/\/redeicm.org.br\/aparecida\/wp-content\/uploads\/sites\/4\/2026\/08\/98103c5a-fe63-4837-8a99-3f1f4b5d3761-1024x683.jpg 1024w, https:\/\/redeicm.org.br\/aparecida\/wp-content\/uploads\/sites\/4\/2026\/08\/98103c5a-fe63-4837-8a99-3f1f4b5d3761-768x512.jpg 768w, https:\/\/redeicm.org.br\/aparecida\/wp-content\/uploads\/sites\/4\/2026\/08\/98103c5a-fe63-4837-8a99-3f1f4b5d3761-1536x1024.jpg 1536w, https:\/\/redeicm.org.br\/aparecida\/wp-content\/uploads\/sites\/4\/2026\/08\/98103c5a-fe63-4837-8a99-3f1f4b5d3761-2048x1366.jpg 2048w\" sizes=\"(max-width: 300px) 100vw, 300px\" \/> <img loading=\"lazy\" decoding=\"async\" class=\"alignnone size-medium wp-image-4597\" src=\"https:\/\/redeicm.org.br\/aparecida\/wp-content\/uploads\/sites\/4\/2026\/08\/300093d8-d272-4868-b26e-17899dc2ed0b-300x200.jpg\" alt=\"\" width=\"300\" height=\"200\" srcset=\"https:\/\/redeicm.org.br\/aparecida\/wp-content\/uploads\/sites\/4\/2026\/08\/300093d8-d272-4868-b26e-17899dc2ed0b-300x200.jpg 300w, https:\/\/redeicm.org.br\/aparecida\/wp-content\/uploads\/sites\/4\/2026\/08\/300093d8-d272-4868-b26e-17899dc2ed0b-1024x683.jpg 1024w, https:\/\/redeicm.org.br\/aparecida\/wp-content\/uploads\/sites\/4\/2026\/08\/300093d8-d272-4868-b26e-17899dc2ed0b-768x512.jpg 768w, https:\/\/redeicm.org.br\/aparecida\/wp-content\/uploads\/sites\/4\/2026\/08\/300093d8-d272-4868-b26e-17899dc2ed0b-1536x1024.jpg 1536w, https:\/\/redeicm.org.br\/aparecida\/wp-content\/uploads\/sites\/4\/2026\/08\/300093d8-d272-4868-b26e-17899dc2ed0b-2048x1366.jpg 2048w\" sizes=\"(max-width: 300px) 100vw, 300px\" \/> <img loading=\"lazy\" decoding=\"async\" class=\"alignnone size-medium wp-image-4598\" src=\"https:\/\/redeicm.org.br\/aparecida\/wp-content\/uploads\/sites\/4\/2026\/08\/689929be-311d-4b90-bcdf-254335e3af13-300x213.jpg\" alt=\"\" width=\"300\" height=\"213\" srcset=\"https:\/\/redeicm.org.br\/aparecida\/wp-content\/uploads\/sites\/4\/2026\/08\/689929be-311d-4b90-bcdf-254335e3af13-300x213.jpg 300w, https:\/\/redeicm.org.br\/aparecida\/wp-content\/uploads\/sites\/4\/2026\/08\/689929be-311d-4b90-bcdf-254335e3af13-1024x728.jpg 1024w, https:\/\/redeicm.org.br\/aparecida\/wp-content\/uploads\/sites\/4\/2026\/08\/689929be-311d-4b90-bcdf-254335e3af13-768x546.jpg 768w, https:\/\/redeicm.org.br\/aparecida\/wp-content\/uploads\/sites\/4\/2026\/08\/689929be-311d-4b90-bcdf-254335e3af13-1536x1093.jpg 1536w, https:\/\/redeicm.org.br\/aparecida\/wp-content\/uploads\/sites\/4\/2026\/08\/689929be-311d-4b90-bcdf-254335e3af13-2048x1457.jpg 2048w\" sizes=\"(max-width: 300px) 100vw, 300px\" \/> <img loading=\"lazy\" decoding=\"async\" class=\"alignnone size-medium wp-image-4599\" src=\"https:\/\/redeicm.org.br\/aparecida\/wp-content\/uploads\/sites\/4\/2026\/08\/5348399b-90b8-4c14-8a7d-a57366396123-300x226.jpg\" alt=\"\" width=\"300\" height=\"226\" srcset=\"https:\/\/redeicm.org.br\/aparecida\/wp-content\/uploads\/sites\/4\/2026\/08\/5348399b-90b8-4c14-8a7d-a57366396123-300x226.jpg 300w, https:\/\/redeicm.org.br\/aparecida\/wp-content\/uploads\/sites\/4\/2026\/08\/5348399b-90b8-4c14-8a7d-a57366396123-1024x770.jpg 1024w, https:\/\/redeicm.org.br\/aparecida\/wp-content\/uploads\/sites\/4\/2026\/08\/5348399b-90b8-4c14-8a7d-a57366396123-768x578.jpg 768w, https:\/\/redeicm.org.br\/aparecida\/wp-content\/uploads\/sites\/4\/2026\/08\/5348399b-90b8-4c14-8a7d-a57366396123-1536x1155.jpg 1536w, https:\/\/redeicm.org.br\/aparecida\/wp-content\/uploads\/sites\/4\/2026\/08\/5348399b-90b8-4c14-8a7d-a57366396123-2048x1541.jpg 2048w\" sizes=\"(max-width: 300px) 100vw, 300px\" \/> <img loading=\"lazy\" decoding=\"async\" class=\"alignnone size-medium wp-image-4600\" src=\"https:\/\/redeicm.org.br\/aparecida\/wp-content\/uploads\/sites\/4\/2026\/08\/7140698e-4eea-4840-8b60-33f850f08ed4-300x200.jpg\" alt=\"\" width=\"300\" height=\"200\" srcset=\"https:\/\/redeicm.org.br\/aparecida\/wp-content\/uploads\/sites\/4\/2026\/08\/7140698e-4eea-4840-8b60-33f850f08ed4-300x200.jpg 300w, https:\/\/redeicm.org.br\/aparecida\/wp-content\/uploads\/sites\/4\/2026\/08\/7140698e-4eea-4840-8b60-33f850f08ed4-1024x683.jpg 1024w, https:\/\/redeicm.org.br\/aparecida\/wp-content\/uploads\/sites\/4\/2026\/08\/7140698e-4eea-4840-8b60-33f850f08ed4-768x512.jpg 768w, https:\/\/redeicm.org.br\/aparecida\/wp-content\/uploads\/sites\/4\/2026\/08\/7140698e-4eea-4840-8b60-33f850f08ed4-1536x1024.jpg 1536w, https:\/\/redeicm.org.br\/aparecida\/wp-content\/uploads\/sites\/4\/2026\/08\/7140698e-4eea-4840-8b60-33f850f08ed4-2048x1366.jpg 2048w\" sizes=\"(max-width: 300px) 100vw, 300px\" \/> <img loading=\"lazy\" decoding=\"async\" class=\"alignnone size-medium wp-image-4601\" src=\"https:\/\/redeicm.org.br\/aparecida\/wp-content\/uploads\/sites\/4\/2026\/08\/8977629b-d1b2-49aa-9358-bf85980d1b9d-300x275.jpg\" alt=\"\" width=\"300\" height=\"275\" srcset=\"https:\/\/redeicm.org.br\/aparecida\/wp-content\/uploads\/sites\/4\/2026\/08\/8977629b-d1b2-49aa-9358-bf85980d1b9d-300x275.jpg 300w, https:\/\/redeicm.org.br\/aparecida\/wp-content\/uploads\/sites\/4\/2026\/08\/8977629b-d1b2-49aa-9358-bf85980d1b9d-1024x938.jpg 1024w, https:\/\/redeicm.org.br\/aparecida\/wp-content\/uploads\/sites\/4\/2026\/08\/8977629b-d1b2-49aa-9358-bf85980d1b9d-768x704.jpg 768w, https:\/\/redeicm.org.br\/aparecida\/wp-content\/uploads\/sites\/4\/2026\/08\/8977629b-d1b2-49aa-9358-bf85980d1b9d-1536x1408.jpg 1536w, https:\/\/redeicm.org.br\/aparecida\/wp-content\/uploads\/sites\/4\/2026\/08\/8977629b-d1b2-49aa-9358-bf85980d1b9d.jpg 1855w\" sizes=\"(max-width: 300px) 100vw, 300px\" \/> <img loading=\"lazy\" decoding=\"async\" class=\"alignnone size-medium wp-image-4602\" src=\"https:\/\/redeicm.org.br\/aparecida\/wp-content\/uploads\/sites\/4\/2026\/08\/19409399-cdd7-4b66-a7bc-d133f0a4e3bc-300x200.jpg\" alt=\"\" width=\"300\" height=\"200\" srcset=\"https:\/\/redeicm.org.br\/aparecida\/wp-content\/uploads\/sites\/4\/2026\/08\/19409399-cdd7-4b66-a7bc-d133f0a4e3bc-300x200.jpg 300w, https:\/\/redeicm.org.br\/aparecida\/wp-content\/uploads\/sites\/4\/2026\/08\/19409399-cdd7-4b66-a7bc-d133f0a4e3bc-1024x683.jpg 1024w, https:\/\/redeicm.org.br\/aparecida\/wp-content\/uploads\/sites\/4\/2026\/08\/19409399-cdd7-4b66-a7bc-d133f0a4e3bc-768x512.jpg 768w, https:\/\/redeicm.org.br\/aparecida\/wp-content\/uploads\/sites\/4\/2026\/08\/19409399-cdd7-4b66-a7bc-d133f0a4e3bc-1536x1024.jpg 1536w, https:\/\/redeicm.org.br\/aparecida\/wp-content\/uploads\/sites\/4\/2026\/08\/19409399-cdd7-4b66-a7bc-d133f0a4e3bc-2048x1366.jpg 2048w\" sizes=\"(max-width: 300px) 100vw, 300px\" \/> <img loading=\"lazy\" decoding=\"async\" class=\"alignnone size-medium wp-image-4603\" src=\"https:\/\/redeicm.org.br\/aparecida\/wp-content\/uploads\/sites\/4\/2026\/08\/48273766-8d35-4697-9e0e-fda14cec204f-300x200.jpg\" alt=\"\" width=\"300\" height=\"200\" srcset=\"https:\/\/redeicm.org.br\/aparecida\/wp-content\/uploads\/sites\/4\/2026\/08\/48273766-8d35-4697-9e0e-fda14cec204f-300x200.jpg 300w, https:\/\/redeicm.org.br\/aparecida\/wp-content\/uploads\/sites\/4\/2026\/08\/48273766-8d35-4697-9e0e-fda14cec204f-1024x683.jpg 1024w, https:\/\/redeicm.org.br\/aparecida\/wp-content\/uploads\/sites\/4\/2026\/08\/48273766-8d35-4697-9e0e-fda14cec204f-768x512.jpg 768w, https:\/\/redeicm.org.br\/aparecida\/wp-content\/uploads\/sites\/4\/2026\/08\/48273766-8d35-4697-9e0e-fda14cec204f-1536x1024.jpg 1536w, https:\/\/redeicm.org.br\/aparecida\/wp-content\/uploads\/sites\/4\/2026\/08\/48273766-8d35-4697-9e0e-fda14cec204f-2048x1366.jpg 2048w\" sizes=\"(max-width: 300px) 100vw, 300px\" \/> <img loading=\"lazy\" decoding=\"async\" class=\"alignnone size-medium wp-image-4604\" src=\"https:\/\/redeicm.org.br\/aparecida\/wp-content\/uploads\/sites\/4\/2026\/08\/73393576-d18c-4969-8f62-e21d34280308-300x225.jpg\" alt=\"\" width=\"300\" height=\"225\" srcset=\"https:\/\/redeicm.org.br\/aparecida\/wp-content\/uploads\/sites\/4\/2026\/08\/73393576-d18c-4969-8f62-e21d34280308-300x225.jpg 300w, https:\/\/redeicm.org.br\/aparecida\/wp-content\/uploads\/sites\/4\/2026\/08\/73393576-d18c-4969-8f62-e21d34280308-1024x767.jpg 1024w, https:\/\/redeicm.org.br\/aparecida\/wp-content\/uploads\/sites\/4\/2026\/08\/73393576-d18c-4969-8f62-e21d34280308-768x575.jpg 768w, https:\/\/redeicm.org.br\/aparecida\/wp-content\/uploads\/sites\/4\/2026\/08\/73393576-d18c-4969-8f62-e21d34280308-1536x1150.jpg 1536w, https:\/\/redeicm.org.br\/aparecida\/wp-content\/uploads\/sites\/4\/2026\/08\/73393576-d18c-4969-8f62-e21d34280308-2048x1533.jpg 2048w\" sizes=\"(max-width: 300px) 100vw, 300px\" \/> <img loading=\"lazy\" decoding=\"async\" class=\"alignnone size-medium wp-image-4605\" src=\"https:\/\/redeicm.org.br\/aparecida\/wp-content\/uploads\/sites\/4\/2026\/08\/91663065-13f1-4453-93d7-e57969d118e5-300x200.jpg\" alt=\"\" width=\"300\" height=\"200\" srcset=\"https:\/\/redeicm.org.br\/aparecida\/wp-content\/uploads\/sites\/4\/2026\/08\/91663065-13f1-4453-93d7-e57969d118e5-300x200.jpg 300w, https:\/\/redeicm.org.br\/aparecida\/wp-content\/uploads\/sites\/4\/2026\/08\/91663065-13f1-4453-93d7-e57969d118e5-1024x683.jpg 1024w, https:\/\/redeicm.org.br\/aparecida\/wp-content\/uploads\/sites\/4\/2026\/08\/91663065-13f1-4453-93d7-e57969d118e5-768x512.jpg 768w, https:\/\/redeicm.org.br\/aparecida\/wp-content\/uploads\/sites\/4\/2026\/08\/91663065-13f1-4453-93d7-e57969d118e5-1536x1024.jpg 1536w, https:\/\/redeicm.org.br\/aparecida\/wp-content\/uploads\/sites\/4\/2026\/08\/91663065-13f1-4453-93d7-e57969d118e5-2048x1366.jpg 2048w\" sizes=\"(max-width: 300px) 100vw, 300px\" \/> <img loading=\"lazy\" decoding=\"async\" class=\"alignnone size-medium wp-image-4606\" src=\"https:\/\/redeicm.org.br\/aparecida\/wp-content\/uploads\/sites\/4\/2026\/08\/a004a4ea-3253-40c3-be1d-cb9189f8a0c2-300x200.jpg\" alt=\"\" width=\"300\" height=\"200\" srcset=\"https:\/\/redeicm.org.br\/aparecida\/wp-content\/uploads\/sites\/4\/2026\/08\/a004a4ea-3253-40c3-be1d-cb9189f8a0c2-300x200.jpg 300w, https:\/\/redeicm.org.br\/aparecida\/wp-content\/uploads\/sites\/4\/2026\/08\/a004a4ea-3253-40c3-be1d-cb9189f8a0c2-1024x683.jpg 1024w, https:\/\/redeicm.org.br\/aparecida\/wp-content\/uploads\/sites\/4\/2026\/08\/a004a4ea-3253-40c3-be1d-cb9189f8a0c2-768x512.jpg 768w, https:\/\/redeicm.org.br\/aparecida\/wp-content\/uploads\/sites\/4\/2026\/08\/a004a4ea-3253-40c3-be1d-cb9189f8a0c2-1536x1024.jpg 1536w, https:\/\/redeicm.org.br\/aparecida\/wp-content\/uploads\/sites\/4\/2026\/08\/a004a4ea-3253-40c3-be1d-cb9189f8a0c2-2048x1366.jpg 2048w\" sizes=\"(max-width: 300px) 100vw, 300px\" \/> <img loading=\"lazy\" decoding=\"async\" class=\"alignnone size-medium wp-image-4607\" src=\"https:\/\/redeicm.org.br\/aparecida\/wp-content\/uploads\/sites\/4\/2026\/08\/a18c169e-d3a0-45e7-9f68-a6467396ebf9-300x200.jpg\" alt=\"\" width=\"300\" height=\"200\" srcset=\"https:\/\/redeicm.org.br\/aparecida\/wp-content\/uploads\/sites\/4\/2026\/08\/a18c169e-d3a0-45e7-9f68-a6467396ebf9-300x200.jpg 300w, https:\/\/redeicm.org.br\/aparecida\/wp-content\/uploads\/sites\/4\/2026\/08\/a18c169e-d3a0-45e7-9f68-a6467396ebf9-1024x683.jpg 1024w, https:\/\/redeicm.org.br\/aparecida\/wp-content\/uploads\/sites\/4\/2026\/08\/a18c169e-d3a0-45e7-9f68-a6467396ebf9-768x512.jpg 768w, https:\/\/redeicm.org.br\/aparecida\/wp-content\/uploads\/sites\/4\/2026\/08\/a18c169e-d3a0-45e7-9f68-a6467396ebf9-1536x1024.jpg 1536w, https:\/\/redeicm.org.br\/aparecida\/wp-content\/uploads\/sites\/4\/2026\/08\/a18c169e-d3a0-45e7-9f68-a6467396ebf9-2048x1366.jpg 2048w\" sizes=\"(max-width: 300px) 100vw, 300px\" \/> <img loading=\"lazy\" decoding=\"async\" class=\"alignnone size-medium wp-image-4608\" src=\"https:\/\/redeicm.org.br\/aparecida\/wp-content\/uploads\/sites\/4\/2026\/08\/a59fa6af-1299-4fa0-87a8-e1bd54677927-1-300x200.jpg\" alt=\"\" width=\"300\" height=\"200\" srcset=\"https:\/\/redeicm.org.br\/aparecida\/wp-content\/uploads\/sites\/4\/2026\/08\/a59fa6af-1299-4fa0-87a8-e1bd54677927-1-300x200.jpg 300w, https:\/\/redeicm.org.br\/aparecida\/wp-content\/uploads\/sites\/4\/2026\/08\/a59fa6af-1299-4fa0-87a8-e1bd54677927-1-1024x683.jpg 1024w, https:\/\/redeicm.org.br\/aparecida\/wp-content\/uploads\/sites\/4\/2026\/08\/a59fa6af-1299-4fa0-87a8-e1bd54677927-1-768x512.jpg 768w, https:\/\/redeicm.org.br\/aparecida\/wp-content\/uploads\/sites\/4\/2026\/08\/a59fa6af-1299-4fa0-87a8-e1bd54677927-1-1536x1024.jpg 1536w, https:\/\/redeicm.org.br\/aparecida\/wp-content\/uploads\/sites\/4\/2026\/08\/a59fa6af-1299-4fa0-87a8-e1bd54677927-1-2048x1366.jpg 2048w\" sizes=\"(max-width: 300px) 100vw, 300px\" \/> <img loading=\"lazy\" decoding=\"async\" class=\"alignnone size-medium wp-image-4609\" src=\"https:\/\/redeicm.org.br\/aparecida\/wp-content\/uploads\/sites\/4\/2026\/08\/a1846d67-efc4-4ae9-9e1f-fa5a3fa29a57-300x232.jpg\" alt=\"\" width=\"300\" height=\"232\" srcset=\"https:\/\/redeicm.org.br\/aparecida\/wp-content\/uploads\/sites\/4\/2026\/08\/a1846d67-efc4-4ae9-9e1f-fa5a3fa29a57-300x232.jpg 300w, https:\/\/redeicm.org.br\/aparecida\/wp-content\/uploads\/sites\/4\/2026\/08\/a1846d67-efc4-4ae9-9e1f-fa5a3fa29a57-1024x792.jpg 1024w, https:\/\/redeicm.org.br\/aparecida\/wp-content\/uploads\/sites\/4\/2026\/08\/a1846d67-efc4-4ae9-9e1f-fa5a3fa29a57-768x594.jpg 768w, https:\/\/redeicm.org.br\/aparecida\/wp-content\/uploads\/sites\/4\/2026\/08\/a1846d67-efc4-4ae9-9e1f-fa5a3fa29a57-1536x1189.jpg 1536w, https:\/\/redeicm.org.br\/aparecida\/wp-content\/uploads\/sites\/4\/2026\/08\/a1846d67-efc4-4ae9-9e1f-fa5a3fa29a57-2048x1585.jpg 2048w\" sizes=\"(max-width: 300px) 100vw, 300px\" \/> <img loading=\"lazy\" decoding=\"async\" class=\"alignnone size-medium wp-image-4610\" src=\"https:\/\/redeicm.org.br\/aparecida\/wp-content\/uploads\/sites\/4\/2026\/08\/a2099047-b11d-4fe8-ba60-1a32fd85f688-300x295.jpg\" alt=\"\" width=\"300\" height=\"295\" srcset=\"https:\/\/redeicm.org.br\/aparecida\/wp-content\/uploads\/sites\/4\/2026\/08\/a2099047-b11d-4fe8-ba60-1a32fd85f688-300x295.jpg 300w, https:\/\/redeicm.org.br\/aparecida\/wp-content\/uploads\/sites\/4\/2026\/08\/a2099047-b11d-4fe8-ba60-1a32fd85f688-1024x1007.jpg 1024w, https:\/\/redeicm.org.br\/aparecida\/wp-content\/uploads\/sites\/4\/2026\/08\/a2099047-b11d-4fe8-ba60-1a32fd85f688-768x756.jpg 768w, https:\/\/redeicm.org.br\/aparecida\/wp-content\/uploads\/sites\/4\/2026\/08\/a2099047-b11d-4fe8-ba60-1a32fd85f688-1536x1511.jpg 1536w, https:\/\/redeicm.org.br\/aparecida\/wp-content\/uploads\/sites\/4\/2026\/08\/a2099047-b11d-4fe8-ba60-1a32fd85f688.jpg 1728w\" sizes=\"(max-width: 300px) 100vw, 300px\" \/> <img loading=\"lazy\" decoding=\"async\" class=\"alignnone size-medium wp-image-4611\" src=\"https:\/\/redeicm.org.br\/aparecida\/wp-content\/uploads\/sites\/4\/2026\/08\/af831012-48bf-4d0d-9d59-88a664482cc6-300x200.jpg\" alt=\"\" width=\"300\" height=\"200\" srcset=\"https:\/\/redeicm.org.br\/aparecida\/wp-content\/uploads\/sites\/4\/2026\/08\/af831012-48bf-4d0d-9d59-88a664482cc6-300x200.jpg 300w, https:\/\/redeicm.org.br\/aparecida\/wp-content\/uploads\/sites\/4\/2026\/08\/af831012-48bf-4d0d-9d59-88a664482cc6-1024x683.jpg 1024w, https:\/\/redeicm.org.br\/aparecida\/wp-content\/uploads\/sites\/4\/2026\/08\/af831012-48bf-4d0d-9d59-88a664482cc6-768x512.jpg 768w, https:\/\/redeicm.org.br\/aparecida\/wp-content\/uploads\/sites\/4\/2026\/08\/af831012-48bf-4d0d-9d59-88a664482cc6-1536x1024.jpg 1536w, https:\/\/redeicm.org.br\/aparecida\/wp-content\/uploads\/sites\/4\/2026\/08\/af831012-48bf-4d0d-9d59-88a664482cc6-2048x1366.jpg 2048w\" sizes=\"(max-width: 300px) 100vw, 300px\" \/> <img loading=\"lazy\" decoding=\"async\" class=\"alignnone size-medium wp-image-4612\" src=\"https:\/\/redeicm.org.br\/aparecida\/wp-content\/uploads\/sites\/4\/2026\/08\/afa99da7-7f70-4dfc-aa74-7f35dbc77608-300x200.jpg\" alt=\"\" width=\"300\" height=\"200\" srcset=\"https:\/\/redeicm.org.br\/aparecida\/wp-content\/uploads\/sites\/4\/2026\/08\/afa99da7-7f70-4dfc-aa74-7f35dbc77608-300x200.jpg 300w, https:\/\/redeicm.org.br\/aparecida\/wp-content\/uploads\/sites\/4\/2026\/08\/afa99da7-7f70-4dfc-aa74-7f35dbc77608-1024x683.jpg 1024w, https:\/\/redeicm.org.br\/aparecida\/wp-content\/uploads\/sites\/4\/2026\/08\/afa99da7-7f70-4dfc-aa74-7f35dbc77608-768x512.jpg 768w, https:\/\/redeicm.org.br\/aparecida\/wp-content\/uploads\/sites\/4\/2026\/08\/afa99da7-7f70-4dfc-aa74-7f35dbc77608-1536x1024.jpg 1536w, https:\/\/redeicm.org.br\/aparecida\/wp-content\/uploads\/sites\/4\/2026\/08\/afa99da7-7f70-4dfc-aa74-7f35dbc77608-2048x1366.jpg 2048w\" sizes=\"(max-width: 300px) 100vw, 300px\" \/><\/p>\n","protected":false},"excerpt":{"rendered":"<p>No dia 08 de agosto, a Escola Nossa Senhora Aparecida promoveu a 1\u00aa Caminhada do Cabelo Maluco, em celebra\u00e7\u00e3o ao Dia dos Pais. A iniciativa proporcionou um momento de conviv\u00eancia, integra\u00e7\u00e3o e alegria, reunindo estudantes e seus pais em uma atividade especial no ambiente escolar. A proposta valorizou a participa\u00e7\u00e3o das fam\u00edlias e proporcionou \u00e0s [&hellip;]<\/p>\n","protected":false},"author":65,"featured_media":4585,"comment_status":"open","ping_status":"open","sticky":false,"template":"","format":"standard","meta":{"_acf_changed":false,"footnotes":""},"categories":[1],"tags":[],"class_list":["post-4553","post","type-post","status-publish","format-standard","has-post-thumbnail","hentry","category-sem-categoria"],"acf":[],"yoast_head":"<!-- This site is optimized with the Yoast SEO plugin v27.8 - https:\/\/yoast.com\/product\/yoast-seo-wordpress\/ -->\n<title>1\u00aa Caminhada do Cabelo Maluco da Ensa - Escola Nossa Senhora Aparecida | Rede ICM de Educa\u00e7\u00e3o<\/title>\n<meta name=\"robots\" content=\"index, follow, max-snippet:-1, max-image-preview:large, max-video-preview:-1\" \/>\n<link rel=\"canonical\" href=\"https:\/\/redeicm.org.br\/aparecida\/1a-caminhada-do-cabelo-maluco-da-ensa\/\" \/>\n<meta property=\"og:locale\" content=\"pt_BR\" \/>\n<meta property=\"og:type\" content=\"article\" \/>\n<meta property=\"og:title\" content=\"1\u00aa Caminhada do Cabelo Maluco da Ensa - Escola Nossa Senhora Aparecida | Rede ICM de Educa\u00e7\u00e3o\" \/>\n<meta property=\"og:description\" content=\"No dia 08 de agosto, a Escola Nossa Senhora Aparecida promoveu a 1\u00aa Caminhada do Cabelo Maluco, em celebra\u00e7\u00e3o ao Dia dos Pais. A iniciativa proporcionou um momento de conviv\u00eancia, integra\u00e7\u00e3o e alegria, reunindo estudantes e seus pais em uma atividade especial no ambiente escolar. A proposta valorizou a participa\u00e7\u00e3o das fam\u00edlias e proporcionou \u00e0s [&hellip;]\" \/>\n<meta property=\"og:url\" content=\"https:\/\/redeicm.org.br\/aparecida\/1a-caminhada-do-cabelo-maluco-da-ensa\/\" \/>\n<meta property=\"og:site_name\" content=\"Escola Nossa Senhora Aparecida | Rede ICM de Educa\u00e7\u00e3o\" \/>\n<meta property=\"article:published_time\" content=\"2026-08-17T18:03:01+00:00\" \/>\n<meta property=\"og:image\" content=\"https:\/\/redeicm.org.br\/aparecida\/wp-content\/uploads\/sites\/4\/2026\/08\/250d0317-5ec2-4135-9487-701c9c2d7517.jpg\" \/>\n\t<meta property=\"og:image:width\" content=\"1683\" \/>\n\t<meta property=\"og:image:height\" content=\"1700\" \/>\n\t<meta property=\"og:image:type\" content=\"image\/jpeg\" \/>\n<meta name=\"author\" content=\"nicolyribeiro\" \/>\n<meta name=\"twitter:card\" content=\"summary_large_image\" \/>\n<meta name=\"twitter:label1\" content=\"Escrito por\" \/>\n\t<meta name=\"twitter:data1\" content=\"nicolyribeiro\" \/>\n\t<meta name=\"twitter:label2\" content=\"Est. tempo de leitura\" \/>\n\t<meta name=\"twitter:data2\" content=\"13 minutos\" \/>\n<script type=\"application\/ld+json\" class=\"yoast-schema-graph\">{\"@context\":\"https:\\\/\\\/schema.org\",\"@graph\":[{\"@type\":\"Article\",\"@id\":\"https:\\\/\\\/redeicm.org.br\\\/aparecida\\\/1a-caminhada-do-cabelo-maluco-da-ensa\\\/#article\",\"isPartOf\":{\"@id\":\"https:\\\/\\\/redeicm.org.br\\\/aparecida\\\/1a-caminhada-do-cabelo-maluco-da-ensa\\\/\"},\"author\":{\"name\":\"nicolyribeiro\",\"@id\":\"https:\\\/\\\/redeicm.org.br\\\/aparecida\\\/#\\\/schema\\\/person\\\/a33de4cf61a51c9db6f8c98a694abf59\"},\"headline\":\"1\u00aa Caminhada do Cabelo Maluco da Ensa\",\"datePublished\":\"2026-08-17T18:03:01+00:00\",\"mainEntityOfPage\":{\"@id\":\"https:\\\/\\\/redeicm.org.br\\\/aparecida\\\/1a-caminhada-do-cabelo-maluco-da-ensa\\\/\"},\"wordCount\":181,\"commentCount\":0,\"publisher\":{\"@id\":\"https:\\\/\\\/redeicm.org.br\\\/aparecida\\\/#organization\"},\"image\":{\"@id\":\"https:\\\/\\\/redeicm.org.br\\\/aparecida\\\/1a-caminhada-do-cabelo-maluco-da-ensa\\\/#primaryimage\"},\"thumbnailUrl\":\"https:\\\/\\\/redeicm.org.br\\\/aparecida\\\/wp-content\\\/uploads\\\/sites\\\/4\\\/2026\\\/08\\\/250d0317-5ec2-4135-9487-701c9c2d7517.jpg\",\"inLanguage\":\"pt-BR\",\"potentialAction\":[{\"@type\":\"CommentAction\",\"name\":\"Comment\",\"target\":[\"https:\\\/\\\/redeicm.org.br\\\/aparecida\\\/1a-caminhada-do-cabelo-maluco-da-ensa\\\/#respond\"]}]},{\"@type\":\"WebPage\",\"@id\":\"https:\\\/\\\/redeicm.org.br\\\/aparecida\\\/1a-caminhada-do-cabelo-maluco-da-ensa\\\/\",\"url\":\"https:\\\/\\\/redeicm.org.br\\\/aparecida\\\/1a-caminhada-do-cabelo-maluco-da-ensa\\\/\",\"name\":\"1\u00aa Caminhada do Cabelo Maluco da Ensa - Escola Nossa Senhora Aparecida | Rede ICM de Educa\u00e7\u00e3o\",\"isPartOf\":{\"@id\":\"https:\\\/\\\/redeicm.org.br\\\/aparecida\\\/#website\"},\"primaryImageOfPage\":{\"@id\":\"https:\\\/\\\/redeicm.org.br\\\/aparecida\\\/1a-caminhada-do-cabelo-maluco-da-ensa\\\/#primaryimage\"},\"image\":{\"@id\":\"https:\\\/\\\/redeicm.org.br\\\/aparecida\\\/1a-caminhada-do-cabelo-maluco-da-ensa\\\/#primaryimage\"},\"thumbnailUrl\":\"https:\\\/\\\/redeicm.org.br\\\/aparecida\\\/wp-content\\\/uploads\\\/sites\\\/4\\\/2026\\\/08\\\/250d0317-5ec2-4135-9487-701c9c2d7517.jpg\",\"datePublished\":\"2026-08-17T18:03:01+00:00\",\"breadcrumb\":{\"@id\":\"https:\\\/\\\/redeicm.org.br\\\/aparecida\\\/1a-caminhada-do-cabelo-maluco-da-ensa\\\/#breadcrumb\"},\"inLanguage\":\"pt-BR\",\"potentialAction\":[{\"@type\":\"ReadAction\",\"target\":[\"https:\\\/\\\/redeicm.org.br\\\/aparecida\\\/1a-caminhada-do-cabelo-maluco-da-ensa\\\/\"]}]},{\"@type\":\"ImageObject\",\"inLanguage\":\"pt-BR\",\"@id\":\"https:\\\/\\\/redeicm.org.br\\\/aparecida\\\/1a-caminhada-do-cabelo-maluco-da-ensa\\\/#primaryimage\",\"url\":\"https:\\\/\\\/redeicm.org.br\\\/aparecida\\\/wp-content\\\/uploads\\\/sites\\\/4\\\/2026\\\/08\\\/250d0317-5ec2-4135-9487-701c9c2d7517.jpg\",\"contentUrl\":\"https:\\\/\\\/redeicm.org.br\\\/aparecida\\\/wp-content\\\/uploads\\\/sites\\\/4\\\/2026\\\/08\\\/250d0317-5ec2-4135-9487-701c9c2d7517.jpg\",\"width\":1683,\"height\":1700},{\"@type\":\"BreadcrumbList\",\"@id\":\"https:\\\/\\\/redeicm.org.br\\\/aparecida\\\/1a-caminhada-do-cabelo-maluco-da-ensa\\\/#breadcrumb\",\"itemListElement\":[{\"@type\":\"ListItem\",\"position\":1,\"name\":\"In\u00edcio\",\"item\":\"https:\\\/\\\/redeicm.org.br\\\/aparecida\\\/\"},{\"@type\":\"ListItem\",\"position\":2,\"name\":\"1\u00aa Caminhada do Cabelo Maluco da Ensa\"}]},{\"@type\":\"WebSite\",\"@id\":\"https:\\\/\\\/redeicm.org.br\\\/aparecida\\\/#website\",\"url\":\"https:\\\/\\\/redeicm.org.br\\\/aparecida\\\/\",\"name\":\"Escola Nossa Senhora Aparecida | Rede ICM de Educa\u00e7\u00e3o\",\"description\":\"\",\"publisher\":{\"@id\":\"https:\\\/\\\/redeicm.org.br\\\/aparecida\\\/#organization\"},\"potentialAction\":[{\"@type\":\"SearchAction\",\"target\":{\"@type\":\"EntryPoint\",\"urlTemplate\":\"https:\\\/\\\/redeicm.org.br\\\/aparecida\\\/?s={search_term_string}\"},\"query-input\":{\"@type\":\"PropertyValueSpecification\",\"valueRequired\":true,\"valueName\":\"search_term_string\"}}],\"inLanguage\":\"pt-BR\"},{\"@type\":\"Organization\",\"@id\":\"https:\\\/\\\/redeicm.org.br\\\/aparecida\\\/#organization\",\"name\":\"Escola Nossa Senhora Aparecida | Rede ICM de Educa\u00e7\u00e3o\",\"url\":\"https:\\\/\\\/redeicm.org.br\\\/aparecida\\\/\",\"logo\":{\"@type\":\"ImageObject\",\"inLanguage\":\"pt-BR\",\"@id\":\"https:\\\/\\\/redeicm.org.br\\\/aparecida\\\/#\\\/schema\\\/logo\\\/image\\\/\",\"url\":\"https:\\\/\\\/redeicm.org.br\\\/aparecida\\\/wp-content\\\/uploads\\\/sites\\\/4\\\/2024\\\/08\\\/logo-aparecida-header4.png\",\"contentUrl\":\"https:\\\/\\\/redeicm.org.br\\\/aparecida\\\/wp-content\\\/uploads\\\/sites\\\/4\\\/2024\\\/08\\\/logo-aparecida-header4.png\",\"width\":2735,\"height\":772,\"caption\":\"Escola Nossa Senhora Aparecida | Rede ICM de Educa\u00e7\u00e3o\"},\"image\":{\"@id\":\"https:\\\/\\\/redeicm.org.br\\\/aparecida\\\/#\\\/schema\\\/logo\\\/image\\\/\"}},{\"@type\":\"Person\",\"@id\":\"https:\\\/\\\/redeicm.org.br\\\/aparecida\\\/#\\\/schema\\\/person\\\/a33de4cf61a51c9db6f8c98a694abf59\",\"name\":\"nicolyribeiro\",\"image\":{\"@type\":\"ImageObject\",\"inLanguage\":\"pt-BR\",\"@id\":\"https:\\\/\\\/secure.gravatar.com\\\/avatar\\\/b7b6901ce005e60d4d7fe659a0d54a94431cb0194dea470513b8fd331d74ab51?s=96&d=mm&r=g\",\"url\":\"https:\\\/\\\/secure.gravatar.com\\\/avatar\\\/b7b6901ce005e60d4d7fe659a0d54a94431cb0194dea470513b8fd331d74ab51?s=96&d=mm&r=g\",\"contentUrl\":\"https:\\\/\\\/secure.gravatar.com\\\/avatar\\\/b7b6901ce005e60d4d7fe659a0d54a94431cb0194dea470513b8fd331d74ab51?s=96&d=mm&r=g\",\"caption\":\"nicolyribeiro\"},\"url\":\"https:\\\/\\\/redeicm.org.br\\\/aparecida\\\/author\\\/nicolyribeiro\\\/\"}]}<\/script>\n<!-- \/ Yoast SEO plugin. -->","yoast_head_json":{"title":"1\u00aa Caminhada do Cabelo Maluco da Ensa - Escola Nossa Senhora Aparecida | Rede ICM de Educa\u00e7\u00e3o","robots":{"index":"index","follow":"follow","max-snippet":"max-snippet:-1","max-image-preview":"max-image-preview:large","max-video-preview":"max-video-preview:-1"},"canonical":"https:\/\/redeicm.org.br\/aparecida\/1a-caminhada-do-cabelo-maluco-da-ensa\/","og_locale":"pt_BR","og_type":"article","og_title":"1\u00aa Caminhada do Cabelo Maluco da Ensa - Escola Nossa Senhora Aparecida | Rede ICM de Educa\u00e7\u00e3o","og_description":"No dia 08 de agosto, a Escola Nossa Senhora Aparecida promoveu a 1\u00aa Caminhada do Cabelo Maluco, em celebra\u00e7\u00e3o ao Dia dos Pais. A iniciativa proporcionou um momento de conviv\u00eancia, integra\u00e7\u00e3o e alegria, reunindo estudantes e seus pais em uma atividade especial no ambiente escolar. A proposta valorizou a participa\u00e7\u00e3o das fam\u00edlias e proporcionou \u00e0s [&hellip;]","og_url":"https:\/\/redeicm.org.br\/aparecida\/1a-caminhada-do-cabelo-maluco-da-ensa\/","og_site_name":"Escola Nossa Senhora Aparecida | Rede ICM de Educa\u00e7\u00e3o","article_published_time":"2026-08-17T18:03:01+00:00","og_image":[{"width":1683,"height":1700,"url":"https:\/\/redeicm.org.br\/aparecida\/wp-content\/uploads\/sites\/4\/2026\/08\/250d0317-5ec2-4135-9487-701c9c2d7517.jpg","type":"image\/jpeg"}],"author":"nicolyribeiro","twitter_card":"summary_large_image","twitter_misc":{"Escrito por":"nicolyribeiro","Est. tempo de leitura":"13 minutos"},"schema":{"@context":"https:\/\/schema.org","@graph":[{"@type":"Article","@id":"https:\/\/redeicm.org.br\/aparecida\/1a-caminhada-do-cabelo-maluco-da-ensa\/#article","isPartOf":{"@id":"https:\/\/redeicm.org.br\/aparecida\/1a-caminhada-do-cabelo-maluco-da-ensa\/"},"author":{"name":"nicolyribeiro","@id":"https:\/\/redeicm.org.br\/aparecida\/#\/schema\/person\/a33de4cf61a51c9db6f8c98a694abf59"},"headline":"1\u00aa Caminhada do Cabelo Maluco da Ensa","datePublished":"2026-08-17T18:03:01+00:00","mainEntityOfPage":{"@id":"https:\/\/redeicm.org.br\/aparecida\/1a-caminhada-do-cabelo-maluco-da-ensa\/"},"wordCount":181,"commentCount":0,"publisher":{"@id":"https:\/\/redeicm.org.br\/aparecida\/#organization"},"image":{"@id":"https:\/\/redeicm.org.br\/aparecida\/1a-caminhada-do-cabelo-maluco-da-ensa\/#primaryimage"},"thumbnailUrl":"https:\/\/redeicm.org.br\/aparecida\/wp-content\/uploads\/sites\/4\/2026\/08\/250d0317-5ec2-4135-9487-701c9c2d7517.jpg","inLanguage":"pt-BR","potentialAction":[{"@type":"CommentAction","name":"Comment","target":["https:\/\/redeicm.org.br\/aparecida\/1a-caminhada-do-cabelo-maluco-da-ensa\/#respond"]}]},{"@type":"WebPage","@id":"https:\/\/redeicm.org.br\/aparecida\/1a-caminhada-do-cabelo-maluco-da-ensa\/","url":"https:\/\/redeicm.org.br\/aparecida\/1a-caminhada-do-cabelo-maluco-da-ensa\/","name":"1\u00aa Caminhada do Cabelo Maluco da Ensa - Escola Nossa Senhora Aparecida | Rede ICM de Educa\u00e7\u00e3o","isPartOf":{"@id":"https:\/\/redeicm.org.br\/aparecida\/#website"},"primaryImageOfPage":{"@id":"https:\/\/redeicm.org.br\/aparecida\/1a-caminhada-do-cabelo-maluco-da-ensa\/#primaryimage"},"image":{"@id":"https:\/\/redeicm.org.br\/aparecida\/1a-caminhada-do-cabelo-maluco-da-ensa\/#primaryimage"},"thumbnailUrl":"https:\/\/redeicm.org.br\/aparecida\/wp-content\/uploads\/sites\/4\/2026\/08\/250d0317-5ec2-4135-9487-701c9c2d7517.jpg","datePublished":"2026-08-17T18:03:01+00:00","breadcrumb":{"@id":"https:\/\/redeicm.org.br\/aparecida\/1a-caminhada-do-cabelo-maluco-da-ensa\/#breadcrumb"},"inLanguage":"pt-BR","potentialAction":[{"@type":"ReadAction","target":["https:\/\/redeicm.org.br\/aparecida\/1a-caminhada-do-cabelo-maluco-da-ensa\/"]}]},{"@type":"ImageObject","inLanguage":"pt-BR","@id":"https:\/\/redeicm.org.br\/aparecida\/1a-caminhada-do-cabelo-maluco-da-ensa\/#primaryimage","url":"https:\/\/redeicm.org.br\/aparecida\/wp-content\/uploads\/sites\/4\/2026\/08\/250d0317-5ec2-4135-9487-701c9c2d7517.jpg","contentUrl":"https:\/\/redeicm.org.br\/aparecida\/wp-content\/uploads\/sites\/4\/2026\/08\/250d0317-5ec2-4135-9487-701c9c2d7517.jpg","width":1683,"height":1700},{"@type":"BreadcrumbList","@id":"https:\/\/redeicm.org.br\/aparecida\/1a-caminhada-do-cabelo-maluco-da-ensa\/#breadcrumb","itemListElement":[{"@type":"ListItem","position":1,"name":"In\u00edcio","item":"https:\/\/redeicm.org.br\/aparecida\/"},{"@type":"ListItem","position":2,"name":"1\u00aa Caminhada do Cabelo Maluco da Ensa"}]},{"@type":"WebSite","@id":"https:\/\/redeicm.org.br\/aparecida\/#website","url":"https:\/\/redeicm.org.br\/aparecida\/","name":"Escola Nossa Senhora Aparecida | Rede ICM de Educa\u00e7\u00e3o","description":"","publisher":{"@id":"https:\/\/redeicm.org.br\/aparecida\/#organization"},"potentialAction":[{"@type":"SearchAction","target":{"@type":"EntryPoint","urlTemplate":"https:\/\/redeicm.org.br\/aparecida\/?s={search_term_string}"},"query-input":{"@type":"PropertyValueSpecification","valueRequired":true,"valueName":"search_term_string"}}],"inLanguage":"pt-BR"},{"@type":"Organization","@id":"https:\/\/redeicm.org.br\/aparecida\/#organization","name":"Escola Nossa Senhora Aparecida | Rede ICM de Educa\u00e7\u00e3o","url":"https:\/\/redeicm.org.br\/aparecida\/","logo":{"@type":"ImageObject","inLanguage":"pt-BR","@id":"https:\/\/redeicm.org.br\/aparecida\/#\/schema\/logo\/image\/","url":"https:\/\/redeicm.org.br\/aparecida\/wp-content\/uploads\/sites\/4\/2024\/08\/logo-aparecida-header4.png","contentUrl":"https:\/\/redeicm.org.br\/aparecida\/wp-content\/uploads\/sites\/4\/2024\/08\/logo-aparecida-header4.png","width":2735,"height":772,"caption":"Escola Nossa Senhora Aparecida | Rede ICM de Educa\u00e7\u00e3o"},"image":{"@id":"https:\/\/redeicm.org.br\/aparecida\/#\/schema\/logo\/image\/"}},{"@type":"Person","@id":"https:\/\/redeicm.org.br\/aparecida\/#\/schema\/person\/a33de4cf61a51c9db6f8c98a694abf59","name":"nicolyribeiro","image":{"@type":"ImageObject","inLanguage":"pt-BR","@id":"https:\/\/secure.gravatar.com\/avatar\/b7b6901ce005e60d4d7fe659a0d54a94431cb0194dea470513b8fd331d74ab51?s=96&d=mm&r=g","url":"https:\/\/secure.gravatar.com\/avatar\/b7b6901ce005e60d4d7fe659a0d54a94431cb0194dea470513b8fd331d74ab51?s=96&d=mm&r=g","contentUrl":"https:\/\/secure.gravatar.com\/avatar\/b7b6901ce005e60d4d7fe659a0d54a94431cb0194dea470513b8fd331d74ab51?s=96&d=mm&r=g","caption":"nicolyribeiro"},"url":"https:\/\/redeicm.org.br\/aparecida\/author\/nicolyribeiro\/"}]}},"_links":{"self":[{"href":"https:\/\/redeicm.org.br\/aparecida\/wp-json\/wp\/v2\/posts\/4553","targetHints":{"allow":["GET"]}}],"collection":[{"href":"https:\/\/redeicm.org.br\/aparecida\/wp-json\/wp\/v2\/posts"}],"about":[{"href":"https:\/\/redeicm.org.br\/aparecida\/wp-json\/wp\/v2\/types\/post"}],"author":[{"embeddable":true,"href":"https:\/\/redeicm.org.br\/aparecida\/wp-json\/wp\/v2\/users\/65"}],"replies":[{"embeddable":true,"href":"https:\/\/redeicm.org.br\/aparecida\/wp-json\/wp\/v2\/comments?post=4553"}],"version-history":[{"count":1,"href":"https:\/\/redeicm.org.br\/aparecida\/wp-json\/wp\/v2\/posts\/4553\/revisions"}],"predecessor-version":[{"id":4613,"href":"https:\/\/redeicm.org.br\/aparecida\/wp-json\/wp\/v2\/posts\/4553\/revisions\/4613"}],"wp:featuredmedia":[{"embeddable":true,"href":"https:\/\/redeicm.org.br\/aparecida\/wp-json\/wp\/v2\/media\/4585"}],"wp:attachment":[{"href":"https:\/\/redeicm.org.br\/aparecida\/wp-json\/wp\/v2\/media?parent=4553"}],"wp:term":[{"taxonomy":"category","embeddable":true,"href":"https:\/\/redeicm.org.br\/aparecida\/wp-json\/wp\/v2\/categories?post=4553"},{"taxonomy":"post_tag","embeddable":true,"href":"https:\/\/redeicm.org.br\/aparecida\/wp-json\/wp\/v2\/tags?post=4553"}],"curies":[{"name":"wp","href":"https:\/\/api.w.org\/{rel}","templated":true}]}}