{"id":1875,"date":"2023-09-01T20:03:59","date_gmt":"2023-09-01T23:03:59","guid":{"rendered":"https:\/\/redeicm.org.br\/aparecida\/2023\/09\/01\/talento-sucesso-e-carater-nao-tem-cor-ensa-promove-palestra-de-conscientizacao-contra-o-racismo\/"},"modified":"2023-09-01T20:03:59","modified_gmt":"2023-09-01T23:03:59","slug":"talento-sucesso-e-carater-nao-tem-cor-ensa-promove-palestra-de-conscientizacao-contra-o-racismo","status":"publish","type":"post","link":"https:\/\/redeicm.org.br\/aparecida\/talento-sucesso-e-carater-nao-tem-cor-ensa-promove-palestra-de-conscientizacao-contra-o-racismo\/","title":{"rendered":"Talento, sucesso e car\u00e1ter n\u00e3o t\u00eam cor: ENSA promove palestras de conscientiza\u00e7\u00e3o contra o racismo"},"content":{"rendered":"<p style=\"text-align: justify\"><img fetchpriority=\"high\" decoding=\"async\" class=\"wp-image-44073 alignleft\" src=\"https:\/\/redeicm.org.br\/aparecida\/wp-content\/uploads\/sites\/4\/site\/\/3\/IMG_0358.jpg\" alt=\"\" width=\"268\" height=\"358\" \/>No m\u00eas de agosto, a Escola Nossa Senhora Aparecida promoveu palestras de conscientiza\u00e7\u00e3o contra o racismo para toda a comunidade escolar. Nos dias 02 e 04 de agosto, os estudantes dos quartos e quintos anos foram contemplados com a palestra sobre o tema &#8220;Talento, sucesso e car\u00e1ter n\u00e3o t\u00eam cor&#8221;.<\/p>\n<p style=\"text-align: justify\">A professora convidada para esta palestra \u00e9 Alessandra Beltramim, professora de L\u00edngua Portuguesa e Professora Formadora na Rede Estadual de Educa\u00e7\u00e3o, que veio acompanhada de seus alunos do Col\u00e9gio Estadual Dr. Antenor P\u00e2mphilo dos Santos, Alan Alves, Emily dos Santos e Lauane Naiele, que compartilharam as experi\u00eancias de discrimina\u00e7\u00e3o que j\u00e1 vivenciaram sobretudo pela especificidade do cabelo encaracolado. Al\u00e9m de incentivar o respeito, a empatia e a valoriza\u00e7\u00e3o das pessoas pelo que elas s\u00e3o al\u00e9m das apar\u00eancias, a palestra destacou a import\u00e2ncia de se valorizar a heran\u00e7a cultural dos povos africanos e de se reconhecer a beleza negra como parte importante da identidade e da riqueza cultural do povo brasileiro. Para sensibiliz\u00e1-los sobre o tema, os palestrantes ainda cantaram com os alunos a m\u00fasica &#8220;Menina do cabelo crespo&#8221;.<\/p>\n<p><img decoding=\"async\" class=\"alignnone size-medium wp-image-43913\" src=\"https:\/\/redeicm.org.br\/aparecida\/wp-content\/uploads\/sites\/4\/site\/\/3\/IMG_8577.jpg\" alt=\"\" width=\"300\" height=\"200\" \/> <img decoding=\"async\" class=\"alignnone size-medium wp-image-43914\" src=\"https:\/\/redeicm.org.br\/aparecida\/wp-content\/uploads\/sites\/4\/site\/\/3\/IMG_8578.jpg\" alt=\"\" width=\"300\" height=\"200\" \/> <img loading=\"lazy\" decoding=\"async\" class=\"alignnone size-medium wp-image-43915\" src=\"https:\/\/redeicm.org.br\/aparecida\/wp-content\/uploads\/sites\/4\/site\/\/3\/IMG_8580.jpg\" alt=\"\" width=\"300\" height=\"200\" \/>\u00a0 <img loading=\"lazy\" decoding=\"async\" class=\"alignnone size-medium wp-image-43917\" src=\"https:\/\/redeicm.org.br\/aparecida\/wp-content\/uploads\/sites\/4\/site\/\/3\/IMG_8582.jpg\" alt=\"\" width=\"300\" height=\"200\" \/> <img loading=\"lazy\" decoding=\"async\" class=\"alignnone size-medium wp-image-43918\" src=\"https:\/\/redeicm.org.br\/aparecida\/wp-content\/uploads\/sites\/4\/site\/\/3\/IMG_8583.jpg\" alt=\"\" width=\"300\" height=\"200\" \/>\u00a0 <img loading=\"lazy\" decoding=\"async\" class=\"alignnone size-medium wp-image-43920\" src=\"https:\/\/redeicm.org.br\/aparecida\/wp-content\/uploads\/sites\/4\/site\/\/3\/IMG_8586.jpg\" alt=\"\" width=\"300\" height=\"200\" \/> <img loading=\"lazy\" decoding=\"async\" class=\"alignnone size-medium wp-image-43921\" src=\"https:\/\/redeicm.org.br\/aparecida\/wp-content\/uploads\/sites\/4\/site\/\/3\/IMG_8587.jpg\" alt=\"\" width=\"300\" height=\"200\" \/>\u00a0 <img loading=\"lazy\" decoding=\"async\" class=\"alignnone size-medium wp-image-43923\" src=\"https:\/\/redeicm.org.br\/aparecida\/wp-content\/uploads\/sites\/4\/site\/\/3\/IMG_8590.jpg\" alt=\"\" width=\"300\" height=\"200\" \/> <img loading=\"lazy\" decoding=\"async\" class=\"alignnone size-medium wp-image-43924\" src=\"https:\/\/redeicm.org.br\/aparecida\/wp-content\/uploads\/sites\/4\/site\/\/3\/IMG_8591.jpg\" alt=\"\" width=\"300\" height=\"200\" \/> <img loading=\"lazy\" decoding=\"async\" class=\"alignnone size-medium wp-image-43925\" src=\"https:\/\/redeicm.org.br\/aparecida\/wp-content\/uploads\/sites\/4\/site\/\/3\/IMG_8592.jpg\" alt=\"\" width=\"300\" height=\"200\" \/>\u00a0 <img loading=\"lazy\" decoding=\"async\" class=\"alignnone size-medium wp-image-43927\" src=\"https:\/\/redeicm.org.br\/aparecida\/wp-content\/uploads\/sites\/4\/site\/\/3\/IMG_8596.jpg\" alt=\"\" width=\"300\" height=\"200\" \/>\u00a0 <img loading=\"lazy\" decoding=\"async\" class=\"alignnone size-medium wp-image-43929\" src=\"https:\/\/redeicm.org.br\/aparecida\/wp-content\/uploads\/sites\/4\/site\/\/3\/IMG_8599.jpg\" alt=\"\" width=\"300\" height=\"200\" \/>\u00a0\u00a0 <img loading=\"lazy\" decoding=\"async\" class=\"alignnone size-medium wp-image-43932\" src=\"https:\/\/redeicm.org.br\/aparecida\/wp-content\/uploads\/sites\/4\/site\/\/3\/IMG_8603.jpg\" alt=\"\" width=\"300\" height=\"200\" \/>\u00a0 <img loading=\"lazy\" decoding=\"async\" class=\"alignnone size-medium wp-image-43934\" src=\"https:\/\/redeicm.org.br\/aparecida\/wp-content\/uploads\/sites\/4\/site\/\/3\/IMG_8605.jpg\" alt=\"\" width=\"300\" height=\"200\" \/> <img loading=\"lazy\" decoding=\"async\" class=\"alignnone size-medium wp-image-43935\" src=\"https:\/\/redeicm.org.br\/aparecida\/wp-content\/uploads\/sites\/4\/site\/\/3\/IMG_8606.jpg\" alt=\"\" width=\"300\" height=\"200\" \/> <img loading=\"lazy\" decoding=\"async\" class=\"alignnone size-medium wp-image-43936\" src=\"https:\/\/redeicm.org.br\/aparecida\/wp-content\/uploads\/sites\/4\/site\/\/3\/IMG_8607.jpg\" alt=\"\" width=\"300\" height=\"200\" \/>\u00a0 <img loading=\"lazy\" decoding=\"async\" class=\"alignnone size-medium wp-image-43938\" src=\"https:\/\/redeicm.org.br\/aparecida\/wp-content\/uploads\/sites\/4\/site\/\/3\/IMG_8609.jpg\" alt=\"\" width=\"300\" height=\"200\" \/> \u00a0\u00a0<img loading=\"lazy\" decoding=\"async\" class=\"alignnone size-medium wp-image-43941\" src=\"https:\/\/redeicm.org.br\/aparecida\/wp-content\/uploads\/sites\/4\/site\/\/3\/IMG_8612.jpg\" alt=\"\" width=\"300\" height=\"200\" \/> \u00a0\u00a0 <img loading=\"lazy\" decoding=\"async\" class=\"alignnone size-medium wp-image-43945\" src=\"https:\/\/redeicm.org.br\/aparecida\/wp-content\/uploads\/sites\/4\/site\/\/3\/IMG_8616.jpg\" alt=\"\" width=\"300\" height=\"200\" \/>\u00a0\u00a0\u00a0 <img loading=\"lazy\" decoding=\"async\" class=\"alignnone size-medium wp-image-43949\" src=\"https:\/\/redeicm.org.br\/aparecida\/wp-content\/uploads\/sites\/4\/site\/\/3\/IMG_8620.jpg\" alt=\"\" width=\"300\" height=\"200\" \/>\u00a0\u00a0\u00a0\u00a0 <img loading=\"lazy\" decoding=\"async\" class=\"alignnone size-medium wp-image-43954\" src=\"https:\/\/redeicm.org.br\/aparecida\/wp-content\/uploads\/sites\/4\/site\/\/3\/IMG_8625.jpg\" alt=\"\" width=\"300\" height=\"200\" \/>\u00a0\u00a0\u00a0\u00a0 <img loading=\"lazy\" decoding=\"async\" class=\"alignnone size-medium wp-image-43959\" src=\"https:\/\/redeicm.org.br\/aparecida\/wp-content\/uploads\/sites\/4\/site\/\/3\/IMG_8630.jpg\" alt=\"\" width=\"300\" height=\"200\" \/>\u00a0\u00a0 <img loading=\"lazy\" decoding=\"async\" class=\"alignnone size-medium wp-image-43962\" src=\"https:\/\/redeicm.org.br\/aparecida\/wp-content\/uploads\/sites\/4\/site\/\/3\/IMG_8633.jpg\" alt=\"\" width=\"300\" height=\"200\" \/> \u00a0\u00a0\u00a0\u00a0\u00a0 <img loading=\"lazy\" decoding=\"async\" class=\"alignnone size-medium wp-image-43969\" src=\"https:\/\/redeicm.org.br\/aparecida\/wp-content\/uploads\/sites\/4\/site\/\/3\/IMG_8640.jpg\" alt=\"\" width=\"300\" height=\"200\" \/> <img loading=\"lazy\" decoding=\"async\" class=\"alignnone size-medium wp-image-43970\" src=\"https:\/\/redeicm.org.br\/aparecida\/wp-content\/uploads\/sites\/4\/site\/\/3\/IMG_8641.jpg\" alt=\"\" width=\"300\" height=\"200\" \/><\/p>\n<p><img loading=\"lazy\" decoding=\"async\" class=\"alignnone size-medium wp-image-44002\" src=\"https:\/\/redeicm.org.br\/aparecida\/wp-content\/uploads\/sites\/4\/site\/\/3\/IMG_0119-scaled.jpg\" alt=\"\" width=\"225\" height=\"300\" \/>\u00a0\u00a0 <img loading=\"lazy\" decoding=\"async\" class=\"alignnone size-medium wp-image-44006\" src=\"https:\/\/redeicm.org.br\/aparecida\/wp-content\/uploads\/sites\/4\/site\/\/3\/IMG_0121-scaled.jpg\" alt=\"\" width=\"225\" height=\"300\" \/>\u00a0\u00a0 <img loading=\"lazy\" decoding=\"async\" class=\"alignnone size-medium wp-image-44010\" src=\"https:\/\/redeicm.org.br\/aparecida\/wp-content\/uploads\/sites\/4\/site\/\/3\/IMG_0123-scaled.jpg\" alt=\"\" width=\"225\" height=\"300\" \/>\u00a0\u00a0\u00a0\u00a0\u00a0\u00a0 <img loading=\"lazy\" decoding=\"async\" class=\"alignnone size-medium wp-image-44022\" src=\"https:\/\/redeicm.org.br\/aparecida\/wp-content\/uploads\/sites\/4\/site\/\/3\/IMG_0131-scaled.jpg\" alt=\"\" width=\"225\" height=\"300\" \/>\u00a0 <img loading=\"lazy\" decoding=\"async\" class=\"alignnone size-medium wp-image-44024\" src=\"https:\/\/redeicm.org.br\/aparecida\/wp-content\/uploads\/sites\/4\/site\/\/3\/IMG_0133-scaled.jpg\" alt=\"\" width=\"225\" height=\"300\" \/>\u00a0 <img loading=\"lazy\" decoding=\"async\" class=\"alignnone size-medium wp-image-44026\" src=\"https:\/\/redeicm.org.br\/aparecida\/wp-content\/uploads\/sites\/4\/site\/\/3\/IMG_01342-scaled.jpg\" alt=\"\" width=\"225\" height=\"300\" \/> <img loading=\"lazy\" decoding=\"async\" class=\"alignnone size-medium wp-image-44027\" src=\"https:\/\/redeicm.org.br\/aparecida\/wp-content\/uploads\/sites\/4\/site\/\/3\/IMG_0134-scaled.jpg\" alt=\"\" width=\"225\" height=\"300\" \/> <img loading=\"lazy\" decoding=\"async\" class=\"alignnone size-medium wp-image-44033\" src=\"https:\/\/redeicm.org.br\/aparecida\/wp-content\/uploads\/sites\/4\/site\/\/3\/IMG_01381-scaled.jpg\" alt=\"\" width=\"225\" height=\"300\" \/>\u00a0 <img loading=\"lazy\" decoding=\"async\" class=\"alignnone size-medium wp-image-44035\" src=\"https:\/\/redeicm.org.br\/aparecida\/wp-content\/uploads\/sites\/4\/site\/\/3\/IMG_0138-scaled.jpg\" alt=\"\" width=\"225\" height=\"300\" \/> <img loading=\"lazy\" decoding=\"async\" class=\"alignnone size-medium wp-image-44028\" src=\"https:\/\/redeicm.org.br\/aparecida\/wp-content\/uploads\/sites\/4\/site\/\/3\/IMG_0135-scaled.jpg\" alt=\"\" width=\"300\" height=\"225\" \/> <img loading=\"lazy\" decoding=\"async\" class=\"alignnone size-medium wp-image-44029\" src=\"https:\/\/redeicm.org.br\/aparecida\/wp-content\/uploads\/sites\/4\/site\/\/3\/IMG_0136-scaled.jpg\" alt=\"\" width=\"300\" height=\"225\" \/>\u00a0 <img loading=\"lazy\" decoding=\"async\" class=\"alignnone size-medium wp-image-44031\" src=\"https:\/\/redeicm.org.br\/aparecida\/wp-content\/uploads\/sites\/4\/site\/\/3\/IMG_01372-scaled.jpg\" alt=\"\" width=\"300\" height=\"225\" \/> <img loading=\"lazy\" decoding=\"async\" class=\"alignnone size-medium wp-image-44032\" src=\"https:\/\/redeicm.org.br\/aparecida\/wp-content\/uploads\/sites\/4\/site\/\/3\/IMG_0137-scaled.jpg\" alt=\"\" width=\"300\" height=\"225\" \/> <img loading=\"lazy\" decoding=\"async\" class=\"alignnone size-medium wp-image-44036\" src=\"https:\/\/redeicm.org.br\/aparecida\/wp-content\/uploads\/sites\/4\/site\/\/3\/IMG_01391-scaled.jpg\" alt=\"\" width=\"225\" height=\"300\" \/>\u00a0\u00a0 <img loading=\"lazy\" decoding=\"async\" class=\"alignnone size-medium wp-image-44039\" src=\"https:\/\/redeicm.org.br\/aparecida\/wp-content\/uploads\/sites\/4\/site\/\/3\/IMG_01401-scaled.jpg\" alt=\"\" width=\"225\" height=\"300\" \/>\u00a0\u00a0 <img loading=\"lazy\" decoding=\"async\" class=\"alignnone size-medium wp-image-44042\" src=\"https:\/\/redeicm.org.br\/aparecida\/wp-content\/uploads\/sites\/4\/site\/\/3\/IMG_0142-scaled.jpg\" alt=\"\" width=\"225\" height=\"300\" \/>\u00a0 <img loading=\"lazy\" decoding=\"async\" class=\"alignnone size-medium wp-image-44044\" src=\"https:\/\/redeicm.org.br\/aparecida\/wp-content\/uploads\/sites\/4\/site\/\/3\/IMG_01432-scaled.jpg\" alt=\"\" width=\"225\" height=\"300\" \/>\u00a0 <img loading=\"lazy\" decoding=\"async\" class=\"alignnone size-medium wp-image-44046\" src=\"https:\/\/redeicm.org.br\/aparecida\/wp-content\/uploads\/sites\/4\/site\/\/3\/IMG_01441-scaled.jpg\" alt=\"\" width=\"225\" height=\"300\" \/>\u00a0\u00a0\u00a0\u00a0\u00a0\u00a0\u00a0\u00a0 <img loading=\"lazy\" decoding=\"async\" class=\"alignnone size-medium wp-image-44055\" src=\"https:\/\/redeicm.org.br\/aparecida\/wp-content\/uploads\/sites\/4\/site\/\/3\/IMG_0148-scaled.jpg\" alt=\"\" width=\"225\" height=\"300\" \/> <img loading=\"lazy\" decoding=\"async\" class=\"alignnone size-medium wp-image-44056\" src=\"https:\/\/redeicm.org.br\/aparecida\/wp-content\/uploads\/sites\/4\/site\/\/3\/IMG_01491-scaled.jpg\" alt=\"\" width=\"225\" height=\"300\" \/>\u00a0 <img loading=\"lazy\" decoding=\"async\" class=\"alignnone size-medium wp-image-44060\" src=\"https:\/\/redeicm.org.br\/aparecida\/wp-content\/uploads\/sites\/4\/site\/\/3\/IMG_01731.jpg\" alt=\"\" width=\"225\" height=\"300\" \/> <img loading=\"lazy\" decoding=\"async\" class=\"alignnone size-medium wp-image-44061\" src=\"https:\/\/redeicm.org.br\/aparecida\/wp-content\/uploads\/sites\/4\/site\/\/3\/IMG_0196.jpg\" alt=\"\" width=\"225\" height=\"300\" \/>\u00a0 <img loading=\"lazy\" decoding=\"async\" class=\"alignnone size-medium wp-image-44063\" src=\"https:\/\/redeicm.org.br\/aparecida\/wp-content\/uploads\/sites\/4\/site\/\/3\/IMG_0347.jpg\" alt=\"\" width=\"225\" height=\"300\" \/> <img loading=\"lazy\" decoding=\"async\" class=\"alignnone size-medium wp-image-44064\" src=\"https:\/\/redeicm.org.br\/aparecida\/wp-content\/uploads\/sites\/4\/site\/\/3\/IMG_0348.jpg\" alt=\"\" width=\"225\" height=\"300\" \/>\u00a0\u00a0 <img loading=\"lazy\" decoding=\"async\" class=\"alignnone size-medium wp-image-44067\" src=\"https:\/\/redeicm.org.br\/aparecida\/wp-content\/uploads\/sites\/4\/site\/\/3\/IMG_0352.jpg\" alt=\"\" width=\"225\" height=\"300\" \/> <img loading=\"lazy\" decoding=\"async\" class=\"alignnone size-medium wp-image-44068\" src=\"https:\/\/redeicm.org.br\/aparecida\/wp-content\/uploads\/sites\/4\/site\/\/3\/IMG_0353.jpg\" alt=\"\" width=\"225\" height=\"300\" \/> <img loading=\"lazy\" decoding=\"async\" class=\"alignnone size-medium wp-image-44069\" src=\"https:\/\/redeicm.org.br\/aparecida\/wp-content\/uploads\/sites\/4\/site\/\/3\/IMG_0354.jpg\" alt=\"\" width=\"225\" height=\"300\" \/> <img loading=\"lazy\" decoding=\"async\" class=\"alignnone size-medium wp-image-44070\" src=\"https:\/\/redeicm.org.br\/aparecida\/wp-content\/uploads\/sites\/4\/site\/\/3\/IMG_0355.jpg\" alt=\"\" width=\"225\" height=\"300\" \/><\/p>\n<p><img loading=\"lazy\" decoding=\"async\" class=\"alignnone size-medium wp-image-44078\" src=\"https:\/\/redeicm.org.br\/aparecida\/wp-content\/uploads\/sites\/4\/site\/\/3\/IMG_0337.jpg\" alt=\"\" width=\"225\" height=\"300\" \/> <img loading=\"lazy\" decoding=\"async\" class=\"alignnone size-medium wp-image-44079\" src=\"https:\/\/redeicm.org.br\/aparecida\/wp-content\/uploads\/sites\/4\/site\/\/3\/IMG_0338.jpg\" alt=\"\" width=\"225\" height=\"300\" \/> <img loading=\"lazy\" decoding=\"async\" class=\"alignnone size-medium wp-image-44080\" src=\"https:\/\/redeicm.org.br\/aparecida\/wp-content\/uploads\/sites\/4\/site\/\/3\/IMG_0339.jpg\" alt=\"\" width=\"300\" height=\"225\" \/> <img loading=\"lazy\" decoding=\"async\" class=\"alignnone size-medium wp-image-44081\" src=\"https:\/\/redeicm.org.br\/aparecida\/wp-content\/uploads\/sites\/4\/site\/\/3\/IMG_0340.jpg\" alt=\"\" width=\"300\" height=\"225\" \/> <img loading=\"lazy\" decoding=\"async\" class=\"alignnone size-medium wp-image-44082\" src=\"https:\/\/redeicm.org.br\/aparecida\/wp-content\/uploads\/sites\/4\/site\/\/3\/IMG_0341.jpg\" alt=\"\" width=\"300\" height=\"225\" \/> <img loading=\"lazy\" decoding=\"async\" class=\"alignnone size-medium wp-image-44083\" src=\"https:\/\/redeicm.org.br\/aparecida\/wp-content\/uploads\/sites\/4\/site\/\/3\/IMG_0342.jpg\" alt=\"\" width=\"300\" height=\"225\" \/> <img loading=\"lazy\" decoding=\"async\" class=\"alignnone size-medium wp-image-44084\" src=\"https:\/\/redeicm.org.br\/aparecida\/wp-content\/uploads\/sites\/4\/site\/\/3\/IMG_0343.jpg\" alt=\"\" width=\"300\" height=\"225\" \/> <img loading=\"lazy\" decoding=\"async\" class=\"alignnone size-medium wp-image-44085\" src=\"https:\/\/redeicm.org.br\/aparecida\/wp-content\/uploads\/sites\/4\/site\/\/3\/IMG_0344.jpg\" alt=\"\" width=\"225\" height=\"300\" \/>\u00a0 <img loading=\"lazy\" decoding=\"async\" class=\"alignnone size-medium wp-image-44087\" src=\"https:\/\/redeicm.org.br\/aparecida\/wp-content\/uploads\/sites\/4\/site\/\/3\/IMG_0346-1.jpg\" alt=\"\" width=\"225\" height=\"300\" \/> <img loading=\"lazy\" decoding=\"async\" class=\"alignnone size-medium wp-image-44088\" src=\"https:\/\/redeicm.org.br\/aparecida\/wp-content\/uploads\/sites\/4\/site\/\/3\/IMG_0347-1.jpg\" alt=\"\" width=\"225\" height=\"300\" \/> <img loading=\"lazy\" decoding=\"async\" class=\"alignnone size-medium wp-image-44089\" src=\"https:\/\/redeicm.org.br\/aparecida\/wp-content\/uploads\/sites\/4\/site\/\/3\/IMG_0348-1.jpg\" alt=\"\" width=\"225\" height=\"300\" \/>\u00a0 <img loading=\"lazy\" decoding=\"async\" class=\"alignnone size-medium wp-image-44091\" src=\"https:\/\/redeicm.org.br\/aparecida\/wp-content\/uploads\/sites\/4\/site\/\/3\/IMG_0350.jpg\" alt=\"\" width=\"225\" height=\"300\" \/> <img loading=\"lazy\" decoding=\"async\" class=\"alignnone size-medium wp-image-44092\" src=\"https:\/\/redeicm.org.br\/aparecida\/wp-content\/uploads\/sites\/4\/site\/\/3\/IMG_0351-1.jpg\" alt=\"\" width=\"225\" height=\"300\" \/>\u00a0 <img loading=\"lazy\" decoding=\"async\" class=\"alignnone size-medium wp-image-44094\" src=\"https:\/\/redeicm.org.br\/aparecida\/wp-content\/uploads\/sites\/4\/site\/\/3\/IMG_0353-1.jpg\" alt=\"\" width=\"225\" height=\"300\" \/> <img loading=\"lazy\" decoding=\"async\" class=\"alignnone size-medium wp-image-44095\" src=\"https:\/\/redeicm.org.br\/aparecida\/wp-content\/uploads\/sites\/4\/site\/\/3\/IMG_0354-1.jpg\" alt=\"\" width=\"225\" height=\"300\" \/> <img loading=\"lazy\" decoding=\"async\" class=\"alignnone size-medium wp-image-44096\" src=\"https:\/\/redeicm.org.br\/aparecida\/wp-content\/uploads\/sites\/4\/site\/\/3\/IMG_0355-1.jpg\" alt=\"\" width=\"225\" height=\"300\" \/><\/p>\n<p><img loading=\"lazy\" decoding=\"async\" class=\"alignnone size-medium wp-image-44079\" src=\"https:\/\/redeicm.org.br\/aparecida\/wp-content\/uploads\/sites\/4\/site\/\/3\/IMG_0338.jpg\" alt=\"\" width=\"225\" height=\"300\" \/><\/p>\n<p style=\"text-align: justify\">No dia 30 de agosto, o p\u00fablico-alvo da reflex\u00e3o sobre a tem\u00e1tica do racismo foram os pais e os profissionais da ENSA. Por meio de uma palestra online transmitida pela plataforma Youtube, no canal da Rede ICM\u00a0 mediada pela Diretora Irm\u00e3 Hilda Stefani e a pedagoga S\u00edlvia Helena de Ara\u00fajo, a Professora Daniela Pedra Mattos, assessora pedag\u00f3gica da Editora SM Educa\u00e7\u00e3o, sensibilizou os pais e educadores para a import\u00e2ncia de estarem atentos \u00e0s situa\u00e7\u00f5es de preconceito racial e de qualquer tipo de discrimina\u00e7\u00e3o no cotidiano das crian\u00e7as.<\/p>\n<p><img loading=\"lazy\" decoding=\"async\" class=\"alignnone size-medium wp-image-43998\" src=\"https:\/\/redeicm.org.br\/aparecida\/wp-content\/uploads\/sites\/4\/site\/\/3\/1693598521161-scaled.jpg\" alt=\"\" width=\"300\" height=\"226\" \/> <img loading=\"lazy\" decoding=\"async\" class=\"alignnone size-medium wp-image-43996\" src=\"https:\/\/redeicm.org.br\/aparecida\/wp-content\/uploads\/sites\/4\/site\/\/3\/1693598521144-scaled.jpg\" alt=\"\" width=\"300\" height=\"226\" \/> <img loading=\"lazy\" decoding=\"async\" class=\"alignnone size-medium wp-image-43997\" src=\"https:\/\/redeicm.org.br\/aparecida\/wp-content\/uploads\/sites\/4\/site\/\/3\/1693598521125-scaled.jpg\" alt=\"\" width=\"300\" height=\"226\" \/><\/p>\n<p style=\"text-align: justify\">Segundo a palestrante, o direito a ser respeitado independentemente da cor da pele ou do tipo de cabelo ou da classe social \u00e9 inegoci\u00e1vel e, portanto, n\u00e3o se pode tolerar atitudes que violem tais direitos. Para uma educa\u00e7\u00e3o humanizadora, toda a sociedade precisa contribuir para a supera\u00e7\u00e3o do preconceito e se posicionar de forma efetiva contra qualquer atitude que coloque em risco a igualdade de direitos. Para quem n\u00e3o pode acompanhar a palestra ao vivo, o conte\u00fado continua dispon\u00edvel no canal do Youtube da <a href=\"https:\/\/www.youtube.com\/watch?v=agmz7BxGM10\">Rede ICM<\/a>.<\/p>\n<p style=\"text-align: justify\">A abordagem desta tem\u00e1tica, al\u00e9m de muito importante, \u00e9 obrigat\u00f3ria para todas as escolas\u00a0 de ensino fundamental e m\u00e9dio e est\u00e1 prevista na <b>Lei n\u00ba 11.645, de 10 mar\u00e7o de 2008<\/b>, que torna obrigat\u00f3rio o estudo da hist\u00f3ria e cultura ind\u00edgena e afro-brasileira nos estabelecimentos de ensino de todo o pa\u00eds. No munic\u00edpio de Ipor\u00e3, a implementa\u00e7\u00e3o da lei tem sido amplamente incentivada e acompanhada pelo Minist\u00e9rio P\u00fablico, na pessoa do Promotor de Justi\u00e7a do Paran\u00e1, por meio de recomenda\u00e7\u00e3o administrativa.<\/p>\n","protected":false},"excerpt":{"rendered":"<p>No m\u00eas de agosto, a Escola Nossa Senhora Aparecida promoveu palestras de conscientiza\u00e7\u00e3o contra o racismo para toda a comunidade escolar. Nos dias 02 e 04 de agosto, os estudantes dos quartos e quintos anos foram contemplados com a palestra sobre o tema &#8220;Talento, sucesso e car\u00e1ter n\u00e3o t\u00eam cor&#8221;. A professora convidada para esta [&hellip;]<\/p>\n","protected":false},"author":22,"featured_media":1858,"comment_status":"closed","ping_status":"closed","sticky":false,"template":"","format":"standard","meta":{"_acf_changed":false,"footnotes":""},"categories":[15,16,14,17],"tags":[],"class_list":["post-1875","post","type-post","status-publish","format-standard","has-post-thumbnail","hentry","category-destaques","category-escola-nossa-senhora-aparecida","category-noticias","category-todas-as-noticias"],"acf":[],"yoast_head":"<!-- This site is optimized with the Yoast SEO plugin v26.3 - https:\/\/yoast.com\/wordpress\/plugins\/seo\/ -->\n<title>Talento, sucesso e car\u00e1ter n\u00e3o t\u00eam cor: ENSA promove palestras de conscientiza\u00e7\u00e3o contra o racismo - Escola Nossa Senhora Aparecida | Rede ICM de Educa\u00e7\u00e3o<\/title>\n<meta name=\"robots\" content=\"index, follow, max-snippet:-1, max-image-preview:large, max-video-preview:-1\" \/>\n<link rel=\"canonical\" href=\"https:\/\/redeicm.org.br\/aparecida\/talento-sucesso-e-carater-nao-tem-cor-ensa-promove-palestra-de-conscientizacao-contra-o-racismo\/\" \/>\n<meta property=\"og:locale\" content=\"pt_BR\" \/>\n<meta property=\"og:type\" content=\"article\" \/>\n<meta property=\"og:title\" content=\"Talento, sucesso e car\u00e1ter n\u00e3o t\u00eam cor: ENSA promove palestras de conscientiza\u00e7\u00e3o contra o racismo - Escola Nossa Senhora Aparecida | Rede ICM de Educa\u00e7\u00e3o\" \/>\n<meta property=\"og:description\" content=\"No m\u00eas de agosto, a Escola Nossa Senhora Aparecida promoveu palestras de conscientiza\u00e7\u00e3o contra o racismo para toda a comunidade escolar. Nos dias 02 e 04 de agosto, os estudantes dos quartos e quintos anos foram contemplados com a palestra sobre o tema &#8220;Talento, sucesso e car\u00e1ter n\u00e3o t\u00eam cor&#8221;. A professora convidada para esta [&hellip;]\" \/>\n<meta property=\"og:url\" content=\"https:\/\/redeicm.org.br\/aparecida\/talento-sucesso-e-carater-nao-tem-cor-ensa-promove-palestra-de-conscientizacao-contra-o-racismo\/\" \/>\n<meta property=\"og:site_name\" content=\"Escola Nossa Senhora Aparecida | Rede ICM de Educa\u00e7\u00e3o\" \/>\n<meta property=\"article:published_time\" content=\"2023-09-01T23:03:59+00:00\" \/>\n<meta property=\"og:image\" content=\"https:\/\/redeicm.org.br\/aparecida\/wp-content\/uploads\/sites\/4\/site\/\/3\/IMG_0339.jpg\" \/>\n\t<meta property=\"og:image:width\" content=\"1280\" \/>\n\t<meta property=\"og:image:height\" content=\"960\" \/>\n\t<meta property=\"og:image:type\" content=\"image\/jpeg\" \/>\n<meta name=\"author\" content=\"alessandrabeltramim\" \/>\n<meta name=\"twitter:card\" content=\"summary_large_image\" \/>\n<meta name=\"twitter:label1\" content=\"Escrito por\" \/>\n\t<meta name=\"twitter:data1\" content=\"alessandrabeltramim\" \/>\n\t<meta name=\"twitter:label2\" content=\"Est. tempo de leitura\" \/>\n\t<meta name=\"twitter:data2\" content=\"2 minutos\" \/>\n<script type=\"application\/ld+json\" class=\"yoast-schema-graph\">{\"@context\":\"https:\/\/schema.org\",\"@graph\":[{\"@type\":\"Article\",\"@id\":\"https:\/\/redeicm.org.br\/aparecida\/talento-sucesso-e-carater-nao-tem-cor-ensa-promove-palestra-de-conscientizacao-contra-o-racismo\/#article\",\"isPartOf\":{\"@id\":\"https:\/\/redeicm.org.br\/aparecida\/talento-sucesso-e-carater-nao-tem-cor-ensa-promove-palestra-de-conscientizacao-contra-o-racismo\/\"},\"author\":{\"name\":\"alessandrabeltramim\",\"@id\":\"https:\/\/redeicm.org.br\/aparecida\/#\/schema\/person\/22828a2efb22fdfa707fa6b8ad03583b\"},\"headline\":\"Talento, sucesso e car\u00e1ter n\u00e3o t\u00eam cor: ENSA promove palestras de conscientiza\u00e7\u00e3o contra o racismo\",\"datePublished\":\"2023-09-01T23:03:59+00:00\",\"mainEntityOfPage\":{\"@id\":\"https:\/\/redeicm.org.br\/aparecida\/talento-sucesso-e-carater-nao-tem-cor-ensa-promove-palestra-de-conscientizacao-contra-o-racismo\/\"},\"wordCount\":495,\"publisher\":{\"@id\":\"https:\/\/redeicm.org.br\/aparecida\/#organization\"},\"image\":{\"@id\":\"https:\/\/redeicm.org.br\/aparecida\/talento-sucesso-e-carater-nao-tem-cor-ensa-promove-palestra-de-conscientizacao-contra-o-racismo\/#primaryimage\"},\"thumbnailUrl\":\"https:\/\/redeicm.org.br\/aparecida\/wp-content\/uploads\/sites\/4\/site\/\/3\/IMG_0339.jpg\",\"articleSection\":[\"DESTAQUES\",\"Escola Nossa Senhora Aparecida\",\"NOT\u00cdCIAS\",\"TODAS AS NOT\u00cdCIAS\"],\"inLanguage\":\"pt-BR\"},{\"@type\":\"WebPage\",\"@id\":\"https:\/\/redeicm.org.br\/aparecida\/talento-sucesso-e-carater-nao-tem-cor-ensa-promove-palestra-de-conscientizacao-contra-o-racismo\/\",\"url\":\"https:\/\/redeicm.org.br\/aparecida\/talento-sucesso-e-carater-nao-tem-cor-ensa-promove-palestra-de-conscientizacao-contra-o-racismo\/\",\"name\":\"Talento, sucesso e car\u00e1ter n\u00e3o t\u00eam cor: ENSA promove palestras de conscientiza\u00e7\u00e3o contra o racismo - Escola Nossa Senhora Aparecida | Rede ICM de Educa\u00e7\u00e3o\",\"isPartOf\":{\"@id\":\"https:\/\/redeicm.org.br\/aparecida\/#website\"},\"primaryImageOfPage\":{\"@id\":\"https:\/\/redeicm.org.br\/aparecida\/talento-sucesso-e-carater-nao-tem-cor-ensa-promove-palestra-de-conscientizacao-contra-o-racismo\/#primaryimage\"},\"image\":{\"@id\":\"https:\/\/redeicm.org.br\/aparecida\/talento-sucesso-e-carater-nao-tem-cor-ensa-promove-palestra-de-conscientizacao-contra-o-racismo\/#primaryimage\"},\"thumbnailUrl\":\"https:\/\/redeicm.org.br\/aparecida\/wp-content\/uploads\/sites\/4\/site\/\/3\/IMG_0339.jpg\",\"datePublished\":\"2023-09-01T23:03:59+00:00\",\"breadcrumb\":{\"@id\":\"https:\/\/redeicm.org.br\/aparecida\/talento-sucesso-e-carater-nao-tem-cor-ensa-promove-palestra-de-conscientizacao-contra-o-racismo\/#breadcrumb\"},\"inLanguage\":\"pt-BR\",\"potentialAction\":[{\"@type\":\"ReadAction\",\"target\":[\"https:\/\/redeicm.org.br\/aparecida\/talento-sucesso-e-carater-nao-tem-cor-ensa-promove-palestra-de-conscientizacao-contra-o-racismo\/\"]}]},{\"@type\":\"ImageObject\",\"inLanguage\":\"pt-BR\",\"@id\":\"https:\/\/redeicm.org.br\/aparecida\/talento-sucesso-e-carater-nao-tem-cor-ensa-promove-palestra-de-conscientizacao-contra-o-racismo\/#primaryimage\",\"url\":\"https:\/\/redeicm.org.br\/aparecida\/wp-content\/uploads\/sites\/4\/site\/\/3\/IMG_0339.jpg\",\"contentUrl\":\"https:\/\/redeicm.org.br\/aparecida\/wp-content\/uploads\/sites\/4\/site\/\/3\/IMG_0339.jpg\",\"width\":1280,\"height\":960},{\"@type\":\"BreadcrumbList\",\"@id\":\"https:\/\/redeicm.org.br\/aparecida\/talento-sucesso-e-carater-nao-tem-cor-ensa-promove-palestra-de-conscientizacao-contra-o-racismo\/#breadcrumb\",\"itemListElement\":[{\"@type\":\"ListItem\",\"position\":1,\"name\":\"In\u00edcio\",\"item\":\"https:\/\/redeicm.org.br\/aparecida\/\"},{\"@type\":\"ListItem\",\"position\":2,\"name\":\"Talento, sucesso e car\u00e1ter n\u00e3o t\u00eam cor: ENSA promove palestras de conscientiza\u00e7\u00e3o contra o racismo\"}]},{\"@type\":\"WebSite\",\"@id\":\"https:\/\/redeicm.org.br\/aparecida\/#website\",\"url\":\"https:\/\/redeicm.org.br\/aparecida\/\",\"name\":\"Escola Nossa Senhora Aparecida | Rede ICM de Educa\u00e7\u00e3o\",\"description\":\"\",\"publisher\":{\"@id\":\"https:\/\/redeicm.org.br\/aparecida\/#organization\"},\"potentialAction\":[{\"@type\":\"SearchAction\",\"target\":{\"@type\":\"EntryPoint\",\"urlTemplate\":\"https:\/\/redeicm.org.br\/aparecida\/?s={search_term_string}\"},\"query-input\":{\"@type\":\"PropertyValueSpecification\",\"valueRequired\":true,\"valueName\":\"search_term_string\"}}],\"inLanguage\":\"pt-BR\"},{\"@type\":\"Organization\",\"@id\":\"https:\/\/redeicm.org.br\/aparecida\/#organization\",\"name\":\"Escola Nossa Senhora Aparecida | Rede ICM de Educa\u00e7\u00e3o\",\"url\":\"https:\/\/redeicm.org.br\/aparecida\/\",\"logo\":{\"@type\":\"ImageObject\",\"inLanguage\":\"pt-BR\",\"@id\":\"https:\/\/redeicm.org.br\/aparecida\/#\/schema\/logo\/image\/\",\"url\":\"https:\/\/redeicm.org.br\/aparecida\/wp-content\/uploads\/sites\/4\/2024\/08\/logo-aparecida-header4.png\",\"contentUrl\":\"https:\/\/redeicm.org.br\/aparecida\/wp-content\/uploads\/sites\/4\/2024\/08\/logo-aparecida-header4.png\",\"width\":2735,\"height\":772,\"caption\":\"Escola Nossa Senhora Aparecida | Rede ICM de Educa\u00e7\u00e3o\"},\"image\":{\"@id\":\"https:\/\/redeicm.org.br\/aparecida\/#\/schema\/logo\/image\/\"}},{\"@type\":\"Person\",\"@id\":\"https:\/\/redeicm.org.br\/aparecida\/#\/schema\/person\/22828a2efb22fdfa707fa6b8ad03583b\",\"name\":\"alessandrabeltramim\",\"image\":{\"@type\":\"ImageObject\",\"inLanguage\":\"pt-BR\",\"@id\":\"https:\/\/redeicm.org.br\/aparecida\/#\/schema\/person\/image\/\",\"url\":\"https:\/\/secure.gravatar.com\/avatar\/394b8ffd725f081838b9291f5de0cf15f721eee58917d1b50e2f0e984c83f7a5?s=96&d=mm&r=g\",\"contentUrl\":\"https:\/\/secure.gravatar.com\/avatar\/394b8ffd725f081838b9291f5de0cf15f721eee58917d1b50e2f0e984c83f7a5?s=96&d=mm&r=g\",\"caption\":\"alessandrabeltramim\"},\"url\":\"https:\/\/redeicm.org.br\/aparecida\/author\/alessandrabeltramim\/\"}]}<\/script>\n<!-- \/ Yoast SEO plugin. -->","yoast_head_json":{"title":"Talento, sucesso e car\u00e1ter n\u00e3o t\u00eam cor: ENSA promove palestras de conscientiza\u00e7\u00e3o contra o racismo - Escola Nossa Senhora Aparecida | Rede ICM de Educa\u00e7\u00e3o","robots":{"index":"index","follow":"follow","max-snippet":"max-snippet:-1","max-image-preview":"max-image-preview:large","max-video-preview":"max-video-preview:-1"},"canonical":"https:\/\/redeicm.org.br\/aparecida\/talento-sucesso-e-carater-nao-tem-cor-ensa-promove-palestra-de-conscientizacao-contra-o-racismo\/","og_locale":"pt_BR","og_type":"article","og_title":"Talento, sucesso e car\u00e1ter n\u00e3o t\u00eam cor: ENSA promove palestras de conscientiza\u00e7\u00e3o contra o racismo - Escola Nossa Senhora Aparecida | Rede ICM de Educa\u00e7\u00e3o","og_description":"No m\u00eas de agosto, a Escola Nossa Senhora Aparecida promoveu palestras de conscientiza\u00e7\u00e3o contra o racismo para toda a comunidade escolar. Nos dias 02 e 04 de agosto, os estudantes dos quartos e quintos anos foram contemplados com a palestra sobre o tema &#8220;Talento, sucesso e car\u00e1ter n\u00e3o t\u00eam cor&#8221;. A professora convidada para esta [&hellip;]","og_url":"https:\/\/redeicm.org.br\/aparecida\/talento-sucesso-e-carater-nao-tem-cor-ensa-promove-palestra-de-conscientizacao-contra-o-racismo\/","og_site_name":"Escola Nossa Senhora Aparecida | Rede ICM de Educa\u00e7\u00e3o","article_published_time":"2023-09-01T23:03:59+00:00","og_image":[{"width":1280,"height":960,"url":"https:\/\/redeicm.org.br\/aparecida\/wp-content\/uploads\/sites\/4\/site\/\/3\/IMG_0339.jpg","type":"image\/jpeg"}],"author":"alessandrabeltramim","twitter_card":"summary_large_image","twitter_misc":{"Escrito por":"alessandrabeltramim","Est. tempo de leitura":"2 minutos"},"schema":{"@context":"https:\/\/schema.org","@graph":[{"@type":"Article","@id":"https:\/\/redeicm.org.br\/aparecida\/talento-sucesso-e-carater-nao-tem-cor-ensa-promove-palestra-de-conscientizacao-contra-o-racismo\/#article","isPartOf":{"@id":"https:\/\/redeicm.org.br\/aparecida\/talento-sucesso-e-carater-nao-tem-cor-ensa-promove-palestra-de-conscientizacao-contra-o-racismo\/"},"author":{"name":"alessandrabeltramim","@id":"https:\/\/redeicm.org.br\/aparecida\/#\/schema\/person\/22828a2efb22fdfa707fa6b8ad03583b"},"headline":"Talento, sucesso e car\u00e1ter n\u00e3o t\u00eam cor: ENSA promove palestras de conscientiza\u00e7\u00e3o contra o racismo","datePublished":"2023-09-01T23:03:59+00:00","mainEntityOfPage":{"@id":"https:\/\/redeicm.org.br\/aparecida\/talento-sucesso-e-carater-nao-tem-cor-ensa-promove-palestra-de-conscientizacao-contra-o-racismo\/"},"wordCount":495,"publisher":{"@id":"https:\/\/redeicm.org.br\/aparecida\/#organization"},"image":{"@id":"https:\/\/redeicm.org.br\/aparecida\/talento-sucesso-e-carater-nao-tem-cor-ensa-promove-palestra-de-conscientizacao-contra-o-racismo\/#primaryimage"},"thumbnailUrl":"https:\/\/redeicm.org.br\/aparecida\/wp-content\/uploads\/sites\/4\/site\/\/3\/IMG_0339.jpg","articleSection":["DESTAQUES","Escola Nossa Senhora Aparecida","NOT\u00cdCIAS","TODAS AS NOT\u00cdCIAS"],"inLanguage":"pt-BR"},{"@type":"WebPage","@id":"https:\/\/redeicm.org.br\/aparecida\/talento-sucesso-e-carater-nao-tem-cor-ensa-promove-palestra-de-conscientizacao-contra-o-racismo\/","url":"https:\/\/redeicm.org.br\/aparecida\/talento-sucesso-e-carater-nao-tem-cor-ensa-promove-palestra-de-conscientizacao-contra-o-racismo\/","name":"Talento, sucesso e car\u00e1ter n\u00e3o t\u00eam cor: ENSA promove palestras de conscientiza\u00e7\u00e3o contra o racismo - Escola Nossa Senhora Aparecida | Rede ICM de Educa\u00e7\u00e3o","isPartOf":{"@id":"https:\/\/redeicm.org.br\/aparecida\/#website"},"primaryImageOfPage":{"@id":"https:\/\/redeicm.org.br\/aparecida\/talento-sucesso-e-carater-nao-tem-cor-ensa-promove-palestra-de-conscientizacao-contra-o-racismo\/#primaryimage"},"image":{"@id":"https:\/\/redeicm.org.br\/aparecida\/talento-sucesso-e-carater-nao-tem-cor-ensa-promove-palestra-de-conscientizacao-contra-o-racismo\/#primaryimage"},"thumbnailUrl":"https:\/\/redeicm.org.br\/aparecida\/wp-content\/uploads\/sites\/4\/site\/\/3\/IMG_0339.jpg","datePublished":"2023-09-01T23:03:59+00:00","breadcrumb":{"@id":"https:\/\/redeicm.org.br\/aparecida\/talento-sucesso-e-carater-nao-tem-cor-ensa-promove-palestra-de-conscientizacao-contra-o-racismo\/#breadcrumb"},"inLanguage":"pt-BR","potentialAction":[{"@type":"ReadAction","target":["https:\/\/redeicm.org.br\/aparecida\/talento-sucesso-e-carater-nao-tem-cor-ensa-promove-palestra-de-conscientizacao-contra-o-racismo\/"]}]},{"@type":"ImageObject","inLanguage":"pt-BR","@id":"https:\/\/redeicm.org.br\/aparecida\/talento-sucesso-e-carater-nao-tem-cor-ensa-promove-palestra-de-conscientizacao-contra-o-racismo\/#primaryimage","url":"https:\/\/redeicm.org.br\/aparecida\/wp-content\/uploads\/sites\/4\/site\/\/3\/IMG_0339.jpg","contentUrl":"https:\/\/redeicm.org.br\/aparecida\/wp-content\/uploads\/sites\/4\/site\/\/3\/IMG_0339.jpg","width":1280,"height":960},{"@type":"BreadcrumbList","@id":"https:\/\/redeicm.org.br\/aparecida\/talento-sucesso-e-carater-nao-tem-cor-ensa-promove-palestra-de-conscientizacao-contra-o-racismo\/#breadcrumb","itemListElement":[{"@type":"ListItem","position":1,"name":"In\u00edcio","item":"https:\/\/redeicm.org.br\/aparecida\/"},{"@type":"ListItem","position":2,"name":"Talento, sucesso e car\u00e1ter n\u00e3o t\u00eam cor: ENSA promove palestras de conscientiza\u00e7\u00e3o contra o racismo"}]},{"@type":"WebSite","@id":"https:\/\/redeicm.org.br\/aparecida\/#website","url":"https:\/\/redeicm.org.br\/aparecida\/","name":"Escola Nossa Senhora Aparecida | Rede ICM de Educa\u00e7\u00e3o","description":"","publisher":{"@id":"https:\/\/redeicm.org.br\/aparecida\/#organization"},"potentialAction":[{"@type":"SearchAction","target":{"@type":"EntryPoint","urlTemplate":"https:\/\/redeicm.org.br\/aparecida\/?s={search_term_string}"},"query-input":{"@type":"PropertyValueSpecification","valueRequired":true,"valueName":"search_term_string"}}],"inLanguage":"pt-BR"},{"@type":"Organization","@id":"https:\/\/redeicm.org.br\/aparecida\/#organization","name":"Escola Nossa Senhora Aparecida | Rede ICM de Educa\u00e7\u00e3o","url":"https:\/\/redeicm.org.br\/aparecida\/","logo":{"@type":"ImageObject","inLanguage":"pt-BR","@id":"https:\/\/redeicm.org.br\/aparecida\/#\/schema\/logo\/image\/","url":"https:\/\/redeicm.org.br\/aparecida\/wp-content\/uploads\/sites\/4\/2024\/08\/logo-aparecida-header4.png","contentUrl":"https:\/\/redeicm.org.br\/aparecida\/wp-content\/uploads\/sites\/4\/2024\/08\/logo-aparecida-header4.png","width":2735,"height":772,"caption":"Escola Nossa Senhora Aparecida | Rede ICM de Educa\u00e7\u00e3o"},"image":{"@id":"https:\/\/redeicm.org.br\/aparecida\/#\/schema\/logo\/image\/"}},{"@type":"Person","@id":"https:\/\/redeicm.org.br\/aparecida\/#\/schema\/person\/22828a2efb22fdfa707fa6b8ad03583b","name":"alessandrabeltramim","image":{"@type":"ImageObject","inLanguage":"pt-BR","@id":"https:\/\/redeicm.org.br\/aparecida\/#\/schema\/person\/image\/","url":"https:\/\/secure.gravatar.com\/avatar\/394b8ffd725f081838b9291f5de0cf15f721eee58917d1b50e2f0e984c83f7a5?s=96&d=mm&r=g","contentUrl":"https:\/\/secure.gravatar.com\/avatar\/394b8ffd725f081838b9291f5de0cf15f721eee58917d1b50e2f0e984c83f7a5?s=96&d=mm&r=g","caption":"alessandrabeltramim"},"url":"https:\/\/redeicm.org.br\/aparecida\/author\/alessandrabeltramim\/"}]}},"_links":{"self":[{"href":"https:\/\/redeicm.org.br\/aparecida\/wp-json\/wp\/v2\/posts\/1875","targetHints":{"allow":["GET"]}}],"collection":[{"href":"https:\/\/redeicm.org.br\/aparecida\/wp-json\/wp\/v2\/posts"}],"about":[{"href":"https:\/\/redeicm.org.br\/aparecida\/wp-json\/wp\/v2\/types\/post"}],"author":[{"embeddable":true,"href":"https:\/\/redeicm.org.br\/aparecida\/wp-json\/wp\/v2\/users\/22"}],"replies":[{"embeddable":true,"href":"https:\/\/redeicm.org.br\/aparecida\/wp-json\/wp\/v2\/comments?post=1875"}],"version-history":[{"count":0,"href":"https:\/\/redeicm.org.br\/aparecida\/wp-json\/wp\/v2\/posts\/1875\/revisions"}],"wp:featuredmedia":[{"embeddable":true,"href":"https:\/\/redeicm.org.br\/aparecida\/wp-json\/wp\/v2\/media\/1858"}],"wp:attachment":[{"href":"https:\/\/redeicm.org.br\/aparecida\/wp-json\/wp\/v2\/media?parent=1875"}],"wp:term":[{"taxonomy":"category","embeddable":true,"href":"https:\/\/redeicm.org.br\/aparecida\/wp-json\/wp\/v2\/categories?post=1875"},{"taxonomy":"post_tag","embeddable":true,"href":"https:\/\/redeicm.org.br\/aparecida\/wp-json\/wp\/v2\/tags?post=1875"}],"curies":[{"name":"wp","href":"https:\/\/api.w.org\/{rel}","templated":true}]}}